{"id":65725,"date":"2023-05-03T17:56:02","date_gmt":"2023-05-03T22:56:02","guid":{"rendered":"https:\/\/pagina10.com\/web\/?p=65725"},"modified":"2023-05-03T17:56:02","modified_gmt":"2023-05-03T22:56:02","slug":"mujeres-jovenes-de-ricaurte-narino-promueven-la-paz-desde-la-igualdad-en-su-territorio","status":"publish","type":"post","link":"https:\/\/pagina10.com\/web\/mujeres-jovenes-de-ricaurte-narino-promueven-la-paz-desde-la-igualdad-en-su-territorio\/","title":{"rendered":"Mujeres j\u00f3venes de Ricaurte (Nari\u00f1o) promueven la paz desde la igualdad en su territorio"},"content":{"rendered":"<p style=\"text-align: justify;\">\u201cNosotras somos la fuerza para la paz territorial\u201d es un proyecto impulsado por la Fundaci\u00f3n Fuerza Eva en alianza con la organizaci\u00f3n Anturios, La Flor de la Paz, enfocado a fortalecer las capacidades de mujeres j\u00f3venes entre los 14 y 35 a\u00f1os de diversos sectores poblacionales y \u00e9tnicos del municipio de Ricaurte en Nari\u00f1o, para que desde el activismo social y la participaci\u00f3n ciudadana incidan en los espacios c\u00edvicos del territorio, con miras a transformar realidades que afecten la vida e integridad de las mujeres por causa del conflicto o violencia con enfoque de g\u00e9nero.<\/p>\n<p style=\"text-align: justify;\">La iniciativa \u201cNosotras somos la fuerza para la paz territorial\u201d se da en el marco del proyecto \u201cCo-creando la paz: participaci\u00f3n de mujeres j\u00f3venes diversas en el espacio c\u00edvico urbano-rural e ind\u00edgena en Nari\u00f1o y Cauca\u201d liderado por ONU Mujeres, la Organizaci\u00f3n Internacional para las Migraciones- OIM y la Defensor\u00eda del Pueblo, con apoyo del Fondo para la Consolidaci\u00f3n de la Paz del Secretario General de las Naciones Unidas.<\/p>\n<p style=\"text-align: justify;\">Las organizaciones impulsoras del proyecto han puesto la mirada en el Pie de Monte Costero porque es un territorio profundamente golpeado por la violencia social y armada, y donde las brechas de pobreza y desigualdad impiden que las mujeres campesinas, ind\u00edgenas, afrocolombianas, raizales y palenqueras accedan a oportunidades formativas para la autoprotecci\u00f3n, el autocuidado y la garant\u00eda plena de sus derechos sociales, econ\u00f3micos, pol\u00edticos y culturales.<\/p>\n<p style=\"text-align: justify;\">La Fundaci\u00f3n Fuerza Eva a trav\u00e9s de su equipo interdisciplinario de profesionales ha venido liderando durante los \u00faltimos cinco a\u00f1os, procesos de desarrollo social y fortalecimiento consultivo con enfoque de g\u00e9nero en el sector p\u00fablico y privado en Nari\u00f1o. Por su parte, la organizaci\u00f3n Anturios, La Flor de la Paz del municipio de Ricaurte, est\u00e1 integrada por mujeres j\u00f3venes, campesinas e ind\u00edgenas, v\u00edctimas del conflicto social y armado, migrantes y emprendedoras, comprometidas con la paz y el desarrollo productivo de sus comunidades.<\/p>\n<p style=\"text-align: justify;\">Alexandra Armero, Coordinadora administrativa y financiera de la Fundaci\u00f3n Fuerza Eva, indic\u00f3 que dentro de los componentes esenciales del proyecto se contemplan: el fortalecimiento t\u00e9cnico de la organizaci\u00f3n Anturios, La Flor de la Paz, la implementaci\u00f3n de la Escuela de Mujeres Constructoras de Paz y la asistencia t\u00e9cnica de mujeres j\u00f3venes de Ricaurte para que fortalezcan sus procesos de empoderamiento, participaci\u00f3n e incidencia en los espacios c\u00edvicos y ciudadanos del municipio.<\/p>\n<p style=\"text-align: justify;\">Para Xiomara Erazo, Coordinadora del proyecto, es muy gratificante anunciar la puesta en marcha de esta iniciativa en una fecha memorable como hoy, cuando se conmemora el D\u00eda Internacional de la Mujer, por cuanto el tema de este a\u00f1o \u201cPor un mundo digital inclusivo: Innovaci\u00f3n y tecnolog\u00eda para la igualdad de g\u00e9nero\u201d tiene absoluta consonancia con el desaf\u00edo de implementar la Escuela de Mujeres Constructoras de Paz.<\/p>\n<p style=\"text-align: justify;\">Es as\u00ed que, durante los meses de marzo y abril, las mujeres j\u00f3venes de Ricaurte participaron de un proceso formativo que aporte al reconocimiento de espacios c\u00edvicos territoriales para la promoci\u00f3n de sus derechos.\u00a0 En la primera etapa de implementaci\u00f3n de la Escuela se contar\u00e1 con la orientaci\u00f3n profesionales de diversas disciplinas a trav\u00e9s de jornadas y encuentros en el municipio de Ricaurte. Posteriormente, la Escuela incluir\u00e1 herramientas y desarrollos de aprendizaje digital.<\/p>\n","protected":false},"excerpt":{"rendered":"<p>\u201cNosotras somos la fuerza para la paz territorial\u201d es un proyecto impulsado por la Fundaci\u00f3n Fuerza Eva en alianza con la organizaci\u00f3n Anturios, La Flor de la Paz, enfocado a fortalecer las capacidades de mujeres j\u00f3venes entre los 14 y 35 a\u00f1os de diversos sectores poblacionales y \u00e9tnicos del municipio de Ricaurte en Nari\u00f1o, para [&hellip;]<\/p>\n","protected":false},"author":1,"featured_media":65726,"comment_status":"open","ping_status":"open","sticky":false,"template":"","format":"standard","meta":{"footnotes":""},"categories":[53],"tags":[],"class_list":["post-65725","post","type-post","status-publish","format-standard","has-post-thumbnail","hentry","category-regiones"],"yoast_head":"<!-- This site is optimized with the Yoast SEO plugin v27.1.1 - https:\/\/yoast.com\/product\/yoast-seo-wordpress\/ -->\n<title>Mujeres j\u00f3venes de Ricaurte (Nari\u00f1o) promueven la paz desde la igualdad en su territorio | P\u00e1gina10<\/title>\n<meta name=\"robots\" content=\"index, follow, max-snippet:-1, max-image-preview:large, max-video-preview:-1\" \/>\n<link rel=\"canonical\" href=\"https:\/\/pagina10.com\/web\/mujeres-jovenes-de-ricaurte-narino-promueven-la-paz-desde-la-igualdad-en-su-territorio\/\" \/>\n<meta property=\"og:locale\" content=\"es_ES\" \/>\n<meta property=\"og:type\" content=\"article\" \/>\n<meta property=\"og:title\" content=\"Mujeres j\u00f3venes de Ricaurte (Nari\u00f1o) promueven la paz desde la igualdad en su territorio | P\u00e1gina10\" \/>\n<meta property=\"og:description\" content=\"\u201cNosotras somos la fuerza para la paz territorial\u201d es un proyecto impulsado por la Fundaci\u00f3n Fuerza Eva en alianza con la organizaci\u00f3n Anturios, La Flor de la Paz, enfocado a fortalecer las capacidades de mujeres j\u00f3venes entre los 14 y 35 a\u00f1os de diversos sectores poblacionales y \u00e9tnicos del municipio de Ricaurte en Nari\u00f1o, para [&hellip;]\" \/>\n<meta property=\"og:url\" content=\"https:\/\/pagina10.com\/web\/mujeres-jovenes-de-ricaurte-narino-promueven-la-paz-desde-la-igualdad-en-su-territorio\/\" \/>\n<meta property=\"og:site_name\" content=\"P\u00e1gina10\" \/>\n<meta property=\"article:publisher\" content=\"https:\/\/www.facebook.com\/pag10com\" \/>\n<meta property=\"article:published_time\" content=\"2023-05-03T22:56:02+00:00\" \/>\n<meta property=\"og:image\" content=\"https:\/\/pagina10.com\/web\/wp-content\/uploads\/2023\/05\/IMAGEN-BOLETIN-01.jpg\" \/>\n\t<meta property=\"og:image:width\" content=\"1390\" \/>\n\t<meta property=\"og:image:height\" content=\"1045\" \/>\n\t<meta property=\"og:image:type\" content=\"image\/jpeg\" \/>\n<meta name=\"author\" content=\"P\u00e1gina 10\" \/>\n<meta name=\"twitter:card\" content=\"summary_large_image\" \/>\n<meta name=\"twitter:creator\" content=\"@Pag10com\" \/>\n<meta name=\"twitter:site\" content=\"@Pag10com\" \/>\n<meta name=\"twitter:label1\" content=\"Escrito por\" \/>\n\t<meta name=\"twitter:data1\" content=\"P\u00e1gina 10\" \/>\n\t<meta name=\"twitter:label2\" content=\"Tiempo de lectura\" \/>\n\t<meta name=\"twitter:data2\" content=\"3 minutos\" \/>\n<script type=\"application\/ld+json\" class=\"yoast-schema-graph\">{\"@context\":\"https:\/\/schema.org\",\"@graph\":[{\"@type\":\"Article\",\"@id\":\"https:\/\/pagina10.com\/web\/mujeres-jovenes-de-ricaurte-narino-promueven-la-paz-desde-la-igualdad-en-su-territorio\/#article\",\"isPartOf\":{\"@id\":\"https:\/\/pagina10.com\/web\/mujeres-jovenes-de-ricaurte-narino-promueven-la-paz-desde-la-igualdad-en-su-territorio\/\"},\"author\":{\"name\":\"P\u00e1gina 10\",\"@id\":\"https:\/\/pagina10.com\/web\/#\/schema\/person\/2efc4a090d25b667d3bc796798a3a81b\"},\"headline\":\"Mujeres j\u00f3venes de Ricaurte (Nari\u00f1o) promueven la paz desde la igualdad en su territorio\",\"datePublished\":\"2023-05-03T22:56:02+00:00\",\"mainEntityOfPage\":{\"@id\":\"https:\/\/pagina10.com\/web\/mujeres-jovenes-de-ricaurte-narino-promueven-la-paz-desde-la-igualdad-en-su-territorio\/\"},\"wordCount\":588,\"commentCount\":0,\"publisher\":{\"@id\":\"https:\/\/pagina10.com\/web\/#organization\"},\"image\":{\"@id\":\"https:\/\/pagina10.com\/web\/mujeres-jovenes-de-ricaurte-narino-promueven-la-paz-desde-la-igualdad-en-su-territorio\/#primaryimage\"},\"thumbnailUrl\":\"https:\/\/pagina10.com\/web\/wp-content\/uploads\/2023\/05\/IMAGEN-BOLETIN-01.jpg\",\"articleSection\":[\"Regiones\"],\"inLanguage\":\"es\",\"potentialAction\":[{\"@type\":\"CommentAction\",\"name\":\"Comment\",\"target\":[\"https:\/\/pagina10.com\/web\/mujeres-jovenes-de-ricaurte-narino-promueven-la-paz-desde-la-igualdad-en-su-territorio\/#respond\"]}]},{\"@type\":\"WebPage\",\"@id\":\"https:\/\/pagina10.com\/web\/mujeres-jovenes-de-ricaurte-narino-promueven-la-paz-desde-la-igualdad-en-su-territorio\/\",\"url\":\"https:\/\/pagina10.com\/web\/mujeres-jovenes-de-ricaurte-narino-promueven-la-paz-desde-la-igualdad-en-su-territorio\/\",\"name\":\"Mujeres j\u00f3venes de Ricaurte (Nari\u00f1o) promueven la paz desde la igualdad en su territorio | P\u00e1gina10\",\"isPartOf\":{\"@id\":\"https:\/\/pagina10.com\/web\/#website\"},\"primaryImageOfPage\":{\"@id\":\"https:\/\/pagina10.com\/web\/mujeres-jovenes-de-ricaurte-narino-promueven-la-paz-desde-la-igualdad-en-su-territorio\/#primaryimage\"},\"image\":{\"@id\":\"https:\/\/pagina10.com\/web\/mujeres-jovenes-de-ricaurte-narino-promueven-la-paz-desde-la-igualdad-en-su-territorio\/#primaryimage\"},\"thumbnailUrl\":\"https:\/\/pagina10.com\/web\/wp-content\/uploads\/2023\/05\/IMAGEN-BOLETIN-01.jpg\",\"datePublished\":\"2023-05-03T22:56:02+00:00\",\"breadcrumb\":{\"@id\":\"https:\/\/pagina10.com\/web\/mujeres-jovenes-de-ricaurte-narino-promueven-la-paz-desde-la-igualdad-en-su-territorio\/#breadcrumb\"},\"inLanguage\":\"es\",\"potentialAction\":[{\"@type\":\"ReadAction\",\"target\":[\"https:\/\/pagina10.com\/web\/mujeres-jovenes-de-ricaurte-narino-promueven-la-paz-desde-la-igualdad-en-su-territorio\/\"]}]},{\"@type\":\"ImageObject\",\"inLanguage\":\"es\",\"@id\":\"https:\/\/pagina10.com\/web\/mujeres-jovenes-de-ricaurte-narino-promueven-la-paz-desde-la-igualdad-en-su-territorio\/#primaryimage\",\"url\":\"https:\/\/pagina10.com\/web\/wp-content\/uploads\/2023\/05\/IMAGEN-BOLETIN-01.jpg\",\"contentUrl\":\"https:\/\/pagina10.com\/web\/wp-content\/uploads\/2023\/05\/IMAGEN-BOLETIN-01.jpg\",\"width\":1390,\"height\":1045},{\"@type\":\"BreadcrumbList\",\"@id\":\"https:\/\/pagina10.com\/web\/mujeres-jovenes-de-ricaurte-narino-promueven-la-paz-desde-la-igualdad-en-su-territorio\/#breadcrumb\",\"itemListElement\":[{\"@type\":\"ListItem\",\"position\":1,\"name\":\"Portada\",\"item\":\"https:\/\/pagina10.com\/web\/\"},{\"@type\":\"ListItem\",\"position\":2,\"name\":\"Mujeres j\u00f3venes de Ricaurte (Nari\u00f1o) promueven la paz desde la igualdad en su territorio\"}]},{\"@type\":\"WebSite\",\"@id\":\"https:\/\/pagina10.com\/web\/#website\",\"url\":\"https:\/\/pagina10.com\/web\/\",\"name\":\"P\u00e1gina10\",\"description\":\"Peri\u00f3dico Regional\",\"publisher\":{\"@id\":\"https:\/\/pagina10.com\/web\/#organization\"},\"alternateName\":\"P\u00e1gina10 Peri\u00f3dico Regional\",\"potentialAction\":[{\"@type\":\"SearchAction\",\"target\":{\"@type\":\"EntryPoint\",\"urlTemplate\":\"https:\/\/pagina10.com\/web\/?s={search_term_string}\"},\"query-input\":{\"@type\":\"PropertyValueSpecification\",\"valueRequired\":true,\"valueName\":\"search_term_string\"}}],\"inLanguage\":\"es\"},{\"@type\":\"Organization\",\"@id\":\"https:\/\/pagina10.com\/web\/#organization\",\"name\":\"P\u00e1gina10\",\"alternateName\":\"P\u00e1gina10 Peri\u00f3dico Regional\",\"url\":\"https:\/\/pagina10.com\/web\/\",\"logo\":{\"@type\":\"ImageObject\",\"inLanguage\":\"es\",\"@id\":\"https:\/\/pagina10.com\/web\/#\/schema\/logo\/image\/\",\"url\":\"https:\/\/pagina10.com\/web\/wp-content\/uploads\/2024\/01\/40-pagina-10-periodico-regional-pasto.jpg\",\"contentUrl\":\"https:\/\/pagina10.com\/web\/wp-content\/uploads\/2024\/01\/40-pagina-10-periodico-regional-pasto.jpg\",\"width\":1280,\"height\":720,\"caption\":\"P\u00e1gina10\"},\"image\":{\"@id\":\"https:\/\/pagina10.com\/web\/#\/schema\/logo\/image\/\"},\"sameAs\":[\"https:\/\/www.facebook.com\/pag10com\",\"https:\/\/x.com\/Pag10com\",\"https:\/\/www.instagram.com\/pagina10col\/\",\"https:\/\/youtube.com\/channel\/pag10\",\"https:\/\/www.tiktok.com\/@p10col\"]},{\"@type\":\"Person\",\"@id\":\"https:\/\/pagina10.com\/web\/#\/schema\/person\/2efc4a090d25b667d3bc796798a3a81b\",\"name\":\"P\u00e1gina 10\",\"description\":\"P\u00e1gina 10 es un peri\u00f3dico regional que nace en Colombia, en el departamento de Nari\u00f1o, con un enfoque global, fundamentado en cuatro pilares esenciales: la libertad, el pluralismo, la inclusi\u00f3n y la independencia. P\u00e1gina 10 hace referencia a Nari\u00f1o como el d\u00e9cimo departamento creado en Colombia, despu\u00e9s de un proceso pol\u00edtico liderado por actores y actrices regionales con el fin de obtener la independencia y autonom\u00eda de nuestros territorios. Con la creaci\u00f3n de P\u00e1gina 10 se pretende abrir un escenario para el dialogo, la reflexi\u00f3n y el debate que se extienda a otras geograf\u00edas de Am\u00e9rica Latina y del planeta, en una apuesta por transformar colectivamente los desaf\u00edos de un mundo contempor\u00e1neo, m\u00e1s all\u00e1 de las fronteras impuestas.\",\"url\":\"https:\/\/pagina10.com\/web\/author\/pdiezadmin\/\"}]}<\/script>\n<!-- \/ Yoast SEO plugin. -->","yoast_head_json":{"title":"Mujeres j\u00f3venes de Ricaurte (Nari\u00f1o) promueven la paz desde la igualdad en su territorio | P\u00e1gina10","robots":{"index":"index","follow":"follow","max-snippet":"max-snippet:-1","max-image-preview":"max-image-preview:large","max-video-preview":"max-video-preview:-1"},"canonical":"https:\/\/pagina10.com\/web\/mujeres-jovenes-de-ricaurte-narino-promueven-la-paz-desde-la-igualdad-en-su-territorio\/","og_locale":"es_ES","og_type":"article","og_title":"Mujeres j\u00f3venes de Ricaurte (Nari\u00f1o) promueven la paz desde la igualdad en su territorio | P\u00e1gina10","og_description":"\u201cNosotras somos la fuerza para la paz territorial\u201d es un proyecto impulsado por la Fundaci\u00f3n Fuerza Eva en alianza con la organizaci\u00f3n Anturios, La Flor de la Paz, enfocado a fortalecer las capacidades de mujeres j\u00f3venes entre los 14 y 35 a\u00f1os de diversos sectores poblacionales y \u00e9tnicos del municipio de Ricaurte en Nari\u00f1o, para [&hellip;]","og_url":"https:\/\/pagina10.com\/web\/mujeres-jovenes-de-ricaurte-narino-promueven-la-paz-desde-la-igualdad-en-su-territorio\/","og_site_name":"P\u00e1gina10","article_publisher":"https:\/\/www.facebook.com\/pag10com","article_published_time":"2023-05-03T22:56:02+00:00","og_image":[{"width":1390,"height":1045,"url":"https:\/\/pagina10.com\/web\/wp-content\/uploads\/2023\/05\/IMAGEN-BOLETIN-01.jpg","type":"image\/jpeg"}],"author":"P\u00e1gina 10","twitter_card":"summary_large_image","twitter_creator":"@Pag10com","twitter_site":"@Pag10com","twitter_misc":{"Escrito por":"P\u00e1gina 10","Tiempo de lectura":"3 minutos"},"schema":{"@context":"https:\/\/schema.org","@graph":[{"@type":"Article","@id":"https:\/\/pagina10.com\/web\/mujeres-jovenes-de-ricaurte-narino-promueven-la-paz-desde-la-igualdad-en-su-territorio\/#article","isPartOf":{"@id":"https:\/\/pagina10.com\/web\/mujeres-jovenes-de-ricaurte-narino-promueven-la-paz-desde-la-igualdad-en-su-territorio\/"},"author":{"name":"P\u00e1gina 10","@id":"https:\/\/pagina10.com\/web\/#\/schema\/person\/2efc4a090d25b667d3bc796798a3a81b"},"headline":"Mujeres j\u00f3venes de Ricaurte (Nari\u00f1o) promueven la paz desde la igualdad en su territorio","datePublished":"2023-05-03T22:56:02+00:00","mainEntityOfPage":{"@id":"https:\/\/pagina10.com\/web\/mujeres-jovenes-de-ricaurte-narino-promueven-la-paz-desde-la-igualdad-en-su-territorio\/"},"wordCount":588,"commentCount":0,"publisher":{"@id":"https:\/\/pagina10.com\/web\/#organization"},"image":{"@id":"https:\/\/pagina10.com\/web\/mujeres-jovenes-de-ricaurte-narino-promueven-la-paz-desde-la-igualdad-en-su-territorio\/#primaryimage"},"thumbnailUrl":"https:\/\/pagina10.com\/web\/wp-content\/uploads\/2023\/05\/IMAGEN-BOLETIN-01.jpg","articleSection":["Regiones"],"inLanguage":"es","potentialAction":[{"@type":"CommentAction","name":"Comment","target":["https:\/\/pagina10.com\/web\/mujeres-jovenes-de-ricaurte-narino-promueven-la-paz-desde-la-igualdad-en-su-territorio\/#respond"]}]},{"@type":"WebPage","@id":"https:\/\/pagina10.com\/web\/mujeres-jovenes-de-ricaurte-narino-promueven-la-paz-desde-la-igualdad-en-su-territorio\/","url":"https:\/\/pagina10.com\/web\/mujeres-jovenes-de-ricaurte-narino-promueven-la-paz-desde-la-igualdad-en-su-territorio\/","name":"Mujeres j\u00f3venes de Ricaurte (Nari\u00f1o) promueven la paz desde la igualdad en su territorio | P\u00e1gina10","isPartOf":{"@id":"https:\/\/pagina10.com\/web\/#website"},"primaryImageOfPage":{"@id":"https:\/\/pagina10.com\/web\/mujeres-jovenes-de-ricaurte-narino-promueven-la-paz-desde-la-igualdad-en-su-territorio\/#primaryimage"},"image":{"@id":"https:\/\/pagina10.com\/web\/mujeres-jovenes-de-ricaurte-narino-promueven-la-paz-desde-la-igualdad-en-su-territorio\/#primaryimage"},"thumbnailUrl":"https:\/\/pagina10.com\/web\/wp-content\/uploads\/2023\/05\/IMAGEN-BOLETIN-01.jpg","datePublished":"2023-05-03T22:56:02+00:00","breadcrumb":{"@id":"https:\/\/pagina10.com\/web\/mujeres-jovenes-de-ricaurte-narino-promueven-la-paz-desde-la-igualdad-en-su-territorio\/#breadcrumb"},"inLanguage":"es","potentialAction":[{"@type":"ReadAction","target":["https:\/\/pagina10.com\/web\/mujeres-jovenes-de-ricaurte-narino-promueven-la-paz-desde-la-igualdad-en-su-territorio\/"]}]},{"@type":"ImageObject","inLanguage":"es","@id":"https:\/\/pagina10.com\/web\/mujeres-jovenes-de-ricaurte-narino-promueven-la-paz-desde-la-igualdad-en-su-territorio\/#primaryimage","url":"https:\/\/pagina10.com\/web\/wp-content\/uploads\/2023\/05\/IMAGEN-BOLETIN-01.jpg","contentUrl":"https:\/\/pagina10.com\/web\/wp-content\/uploads\/2023\/05\/IMAGEN-BOLETIN-01.jpg","width":1390,"height":1045},{"@type":"BreadcrumbList","@id":"https:\/\/pagina10.com\/web\/mujeres-jovenes-de-ricaurte-narino-promueven-la-paz-desde-la-igualdad-en-su-territorio\/#breadcrumb","itemListElement":[{"@type":"ListItem","position":1,"name":"Portada","item":"https:\/\/pagina10.com\/web\/"},{"@type":"ListItem","position":2,"name":"Mujeres j\u00f3venes de Ricaurte (Nari\u00f1o) promueven la paz desde la igualdad en su territorio"}]},{"@type":"WebSite","@id":"https:\/\/pagina10.com\/web\/#website","url":"https:\/\/pagina10.com\/web\/","name":"P\u00e1gina10","description":"Peri\u00f3dico Regional","publisher":{"@id":"https:\/\/pagina10.com\/web\/#organization"},"alternateName":"P\u00e1gina10 Peri\u00f3dico Regional","potentialAction":[{"@type":"SearchAction","target":{"@type":"EntryPoint","urlTemplate":"https:\/\/pagina10.com\/web\/?s={search_term_string}"},"query-input":{"@type":"PropertyValueSpecification","valueRequired":true,"valueName":"search_term_string"}}],"inLanguage":"es"},{"@type":"Organization","@id":"https:\/\/pagina10.com\/web\/#organization","name":"P\u00e1gina10","alternateName":"P\u00e1gina10 Peri\u00f3dico Regional","url":"https:\/\/pagina10.com\/web\/","logo":{"@type":"ImageObject","inLanguage":"es","@id":"https:\/\/pagina10.com\/web\/#\/schema\/logo\/image\/","url":"https:\/\/pagina10.com\/web\/wp-content\/uploads\/2024\/01\/40-pagina-10-periodico-regional-pasto.jpg","contentUrl":"https:\/\/pagina10.com\/web\/wp-content\/uploads\/2024\/01\/40-pagina-10-periodico-regional-pasto.jpg","width":1280,"height":720,"caption":"P\u00e1gina10"},"image":{"@id":"https:\/\/pagina10.com\/web\/#\/schema\/logo\/image\/"},"sameAs":["https:\/\/www.facebook.com\/pag10com","https:\/\/x.com\/Pag10com","https:\/\/www.instagram.com\/pagina10col\/","https:\/\/youtube.com\/channel\/pag10","https:\/\/www.tiktok.com\/@p10col"]},{"@type":"Person","@id":"https:\/\/pagina10.com\/web\/#\/schema\/person\/2efc4a090d25b667d3bc796798a3a81b","name":"P\u00e1gina 10","description":"P\u00e1gina 10 es un peri\u00f3dico regional que nace en Colombia, en el departamento de Nari\u00f1o, con un enfoque global, fundamentado en cuatro pilares esenciales: la libertad, el pluralismo, la inclusi\u00f3n y la independencia. P\u00e1gina 10 hace referencia a Nari\u00f1o como el d\u00e9cimo departamento creado en Colombia, despu\u00e9s de un proceso pol\u00edtico liderado por actores y actrices regionales con el fin de obtener la independencia y autonom\u00eda de nuestros territorios. Con la creaci\u00f3n de P\u00e1gina 10 se pretende abrir un escenario para el dialogo, la reflexi\u00f3n y el debate que se extienda a otras geograf\u00edas de Am\u00e9rica Latina y del planeta, en una apuesta por transformar colectivamente los desaf\u00edos de un mundo contempor\u00e1neo, m\u00e1s all\u00e1 de las fronteras impuestas.","url":"https:\/\/pagina10.com\/web\/author\/pdiezadmin\/"}]}},"_links":{"self":[{"href":"https:\/\/pagina10.com\/web\/wp-json\/wp\/v2\/posts\/65725","targetHints":{"allow":["GET"]}}],"collection":[{"href":"https:\/\/pagina10.com\/web\/wp-json\/wp\/v2\/posts"}],"about":[{"href":"https:\/\/pagina10.com\/web\/wp-json\/wp\/v2\/types\/post"}],"author":[{"embeddable":true,"href":"https:\/\/pagina10.com\/web\/wp-json\/wp\/v2\/users\/1"}],"replies":[{"embeddable":true,"href":"https:\/\/pagina10.com\/web\/wp-json\/wp\/v2\/comments?post=65725"}],"version-history":[{"count":1,"href":"https:\/\/pagina10.com\/web\/wp-json\/wp\/v2\/posts\/65725\/revisions"}],"predecessor-version":[{"id":65727,"href":"https:\/\/pagina10.com\/web\/wp-json\/wp\/v2\/posts\/65725\/revisions\/65727"}],"wp:featuredmedia":[{"embeddable":true,"href":"https:\/\/pagina10.com\/web\/wp-json\/wp\/v2\/media\/65726"}],"wp:attachment":[{"href":"https:\/\/pagina10.com\/web\/wp-json\/wp\/v2\/media?parent=65725"}],"wp:term":[{"taxonomy":"category","embeddable":true,"href":"https:\/\/pagina10.com\/web\/wp-json\/wp\/v2\/categories?post=65725"},{"taxonomy":"post_tag","embeddable":true,"href":"https:\/\/pagina10.com\/web\/wp-json\/wp\/v2\/tags?post=65725"}],"curies":[{"name":"wp","href":"https:\/\/api.w.org\/{rel}","templated":true}]}}