{"id":65751,"date":"2023-05-04T17:59:34","date_gmt":"2023-05-04T22:59:34","guid":{"rendered":"https:\/\/pagina10.com\/web\/?p=65751"},"modified":"2023-05-04T17:59:34","modified_gmt":"2023-05-04T22:59:34","slug":"exgerente-de-avante-desiste-de-su-aspiracion-a-la-alcaldia-de-pasto","status":"publish","type":"post","link":"https:\/\/pagina10.com\/web\/exgerente-de-avante-desiste-de-su-aspiracion-a-la-alcaldia-de-pasto\/","title":{"rendered":"Exgerente de Avante desiste de su aspiraci\u00f3n a la Alcald\u00eda de Pasto"},"content":{"rendered":"<p style=\"text-align: justify;\">Con un comunicado difundido en las \u00faltimas horas el exgerente de Avante, Rodrigo Yepes Sevilla, manifest\u00f3 su decisi\u00f3n de dar por terminada su aspiraci\u00f3n a la Alcald\u00eda de Pasto, cargo al cual pretend\u00eda llegar a trav\u00e9s de un movimiento ciudadano respaldado por firmas.<\/p>\n<p style=\"text-align: justify;\">En el documento indic\u00f3 que desde hace 2 meses inici\u00f3 su proceso como precandidato catalog\u00e1ndolo como un proyecto \u201cpersonalista que busc\u00f3 ser un instrumento para convocar desde el centro pol\u00edtico a sectores c\u00edvicos y pol\u00edticos\u201d.<\/p>\n<p style=\"text-align: justify;\">As\u00ed mismo, precis\u00f3 que \u201cno logr\u00f3 una convocatoria lo suficientemente amplia como para tener una vocaci\u00f3n de triunfo en las elecciones de octubre\u201d y por ello decidi\u00f3 dar un paso al costado en este proceso \u201cconsciente de la responsabilidad colectiva que implica una candidatura, y con la misma independencia que inici\u00e9\u201d.<\/p>\n<p style=\"text-align: justify;\">Sobre una posible adici\u00f3n o respaldo a otra candidatura expres\u00f3: \u201cestar\u00e9 atento a los programas de gobierno que se inscriban seg\u00fan el calendario electoral antes de meditar y decidir cualquier opci\u00f3n de respaldo a alg\u00fan proyecto en particular\u201d.<\/p>\n<p style=\"text-align: justify;\">Cabe mencionar que seg\u00fan algunos de sus detractores pol\u00edticos, al exfuncionario le cobraron las presuntas irregularidades presentadas en la construcci\u00f3n de la glorieta de Chapal, obra que hasta el momento no ha sido entregada y genere gran caos vehicular en la zona.<\/p>\n<p style=\"text-align: justify;\">Adem\u00e1s, le fue cuestionada su estrategia de comunicaciones en perfiles de Twitter como \u2018La Cuyera\u2019 donde se revel\u00f3 que varias de las publicaciones fueron compartidas en las p\u00e1ginas oficiales de Avante, hecho que es de bastante gravedad debido a que la empresa es de car\u00e1cter p\u00fablico.<\/p>\n","protected":false},"excerpt":{"rendered":"<p>Con un comunicado difundido en las \u00faltimas horas el exgerente de Avante, Rodrigo Yepes Sevilla, manifest\u00f3 su decisi\u00f3n de dar por terminada su aspiraci\u00f3n a la Alcald\u00eda de Pasto, cargo al cual pretend\u00eda llegar a trav\u00e9s de un movimiento ciudadano respaldado por firmas. En el documento indic\u00f3 que desde hace 2 meses inici\u00f3 su proceso [&hellip;]<\/p>\n","protected":false},"author":1,"featured_media":65752,"comment_status":"open","ping_status":"open","sticky":false,"template":"","format":"standard","meta":{"footnotes":""},"categories":[82],"tags":[],"class_list":["post-65751","post","type-post","status-publish","format-standard","has-post-thumbnail","hentry","category-ciudad-2"],"yoast_head":"<!-- This site is optimized with the Yoast SEO plugin v27.1.1 - https:\/\/yoast.com\/product\/yoast-seo-wordpress\/ -->\n<title>Exgerente de Avante desiste de su aspiraci\u00f3n a la Alcald\u00eda de Pasto | P\u00e1gina10<\/title>\n<meta name=\"robots\" content=\"index, follow, max-snippet:-1, max-image-preview:large, max-video-preview:-1\" \/>\n<link rel=\"canonical\" href=\"https:\/\/pagina10.com\/web\/exgerente-de-avante-desiste-de-su-aspiracion-a-la-alcaldia-de-pasto\/\" \/>\n<meta property=\"og:locale\" content=\"es_ES\" \/>\n<meta property=\"og:type\" content=\"article\" \/>\n<meta property=\"og:title\" content=\"Exgerente de Avante desiste de su aspiraci\u00f3n a la Alcald\u00eda de Pasto | P\u00e1gina10\" \/>\n<meta property=\"og:description\" content=\"Con un comunicado difundido en las \u00faltimas horas el exgerente de Avante, Rodrigo Yepes Sevilla, manifest\u00f3 su decisi\u00f3n de dar por terminada su aspiraci\u00f3n a la Alcald\u00eda de Pasto, cargo al cual pretend\u00eda llegar a trav\u00e9s de un movimiento ciudadano respaldado por firmas. En el documento indic\u00f3 que desde hace 2 meses inici\u00f3 su proceso [&hellip;]\" \/>\n<meta property=\"og:url\" content=\"https:\/\/pagina10.com\/web\/exgerente-de-avante-desiste-de-su-aspiracion-a-la-alcaldia-de-pasto\/\" \/>\n<meta property=\"og:site_name\" content=\"P\u00e1gina10\" \/>\n<meta property=\"article:publisher\" content=\"https:\/\/www.facebook.com\/pag10com\" \/>\n<meta property=\"article:published_time\" content=\"2023-05-04T22:59:34+00:00\" \/>\n<meta property=\"og:image\" content=\"https:\/\/pagina10.com\/web\/wp-content\/uploads\/2023\/05\/FuGl9e0WYAEuaJa.jpg\" \/>\n\t<meta property=\"og:image:width\" content=\"1200\" \/>\n\t<meta property=\"og:image:height\" content=\"1200\" \/>\n\t<meta property=\"og:image:type\" content=\"image\/jpeg\" \/>\n<meta name=\"author\" content=\"P\u00e1gina 10\" \/>\n<meta name=\"twitter:card\" content=\"summary_large_image\" \/>\n<meta name=\"twitter:creator\" content=\"@Pag10com\" \/>\n<meta name=\"twitter:site\" content=\"@Pag10com\" \/>\n<meta name=\"twitter:label1\" content=\"Escrito por\" \/>\n\t<meta name=\"twitter:data1\" content=\"P\u00e1gina 10\" \/>\n\t<meta name=\"twitter:label2\" content=\"Tiempo de lectura\" \/>\n\t<meta name=\"twitter:data2\" content=\"1 minuto\" \/>\n<script type=\"application\/ld+json\" class=\"yoast-schema-graph\">{\"@context\":\"https:\/\/schema.org\",\"@graph\":[{\"@type\":\"Article\",\"@id\":\"https:\/\/pagina10.com\/web\/exgerente-de-avante-desiste-de-su-aspiracion-a-la-alcaldia-de-pasto\/#article\",\"isPartOf\":{\"@id\":\"https:\/\/pagina10.com\/web\/exgerente-de-avante-desiste-de-su-aspiracion-a-la-alcaldia-de-pasto\/\"},\"author\":{\"name\":\"P\u00e1gina 10\",\"@id\":\"https:\/\/pagina10.com\/web\/#\/schema\/person\/2efc4a090d25b667d3bc796798a3a81b\"},\"headline\":\"Exgerente de Avante desiste de su aspiraci\u00f3n a la Alcald\u00eda de Pasto\",\"datePublished\":\"2023-05-04T22:59:34+00:00\",\"mainEntityOfPage\":{\"@id\":\"https:\/\/pagina10.com\/web\/exgerente-de-avante-desiste-de-su-aspiracion-a-la-alcaldia-de-pasto\/\"},\"wordCount\":289,\"commentCount\":0,\"publisher\":{\"@id\":\"https:\/\/pagina10.com\/web\/#organization\"},\"image\":{\"@id\":\"https:\/\/pagina10.com\/web\/exgerente-de-avante-desiste-de-su-aspiracion-a-la-alcaldia-de-pasto\/#primaryimage\"},\"thumbnailUrl\":\"https:\/\/pagina10.com\/web\/wp-content\/uploads\/2023\/05\/FuGl9e0WYAEuaJa.jpg\",\"articleSection\":[\"Ciudad\"],\"inLanguage\":\"es\",\"potentialAction\":[{\"@type\":\"CommentAction\",\"name\":\"Comment\",\"target\":[\"https:\/\/pagina10.com\/web\/exgerente-de-avante-desiste-de-su-aspiracion-a-la-alcaldia-de-pasto\/#respond\"]}]},{\"@type\":\"WebPage\",\"@id\":\"https:\/\/pagina10.com\/web\/exgerente-de-avante-desiste-de-su-aspiracion-a-la-alcaldia-de-pasto\/\",\"url\":\"https:\/\/pagina10.com\/web\/exgerente-de-avante-desiste-de-su-aspiracion-a-la-alcaldia-de-pasto\/\",\"name\":\"Exgerente de Avante desiste de su aspiraci\u00f3n a la Alcald\u00eda de Pasto | P\u00e1gina10\",\"isPartOf\":{\"@id\":\"https:\/\/pagina10.com\/web\/#website\"},\"primaryImageOfPage\":{\"@id\":\"https:\/\/pagina10.com\/web\/exgerente-de-avante-desiste-de-su-aspiracion-a-la-alcaldia-de-pasto\/#primaryimage\"},\"image\":{\"@id\":\"https:\/\/pagina10.com\/web\/exgerente-de-avante-desiste-de-su-aspiracion-a-la-alcaldia-de-pasto\/#primaryimage\"},\"thumbnailUrl\":\"https:\/\/pagina10.com\/web\/wp-content\/uploads\/2023\/05\/FuGl9e0WYAEuaJa.jpg\",\"datePublished\":\"2023-05-04T22:59:34+00:00\",\"breadcrumb\":{\"@id\":\"https:\/\/pagina10.com\/web\/exgerente-de-avante-desiste-de-su-aspiracion-a-la-alcaldia-de-pasto\/#breadcrumb\"},\"inLanguage\":\"es\",\"potentialAction\":[{\"@type\":\"ReadAction\",\"target\":[\"https:\/\/pagina10.com\/web\/exgerente-de-avante-desiste-de-su-aspiracion-a-la-alcaldia-de-pasto\/\"]}]},{\"@type\":\"ImageObject\",\"inLanguage\":\"es\",\"@id\":\"https:\/\/pagina10.com\/web\/exgerente-de-avante-desiste-de-su-aspiracion-a-la-alcaldia-de-pasto\/#primaryimage\",\"url\":\"https:\/\/pagina10.com\/web\/wp-content\/uploads\/2023\/05\/FuGl9e0WYAEuaJa.jpg\",\"contentUrl\":\"https:\/\/pagina10.com\/web\/wp-content\/uploads\/2023\/05\/FuGl9e0WYAEuaJa.jpg\",\"width\":1200,\"height\":1200},{\"@type\":\"BreadcrumbList\",\"@id\":\"https:\/\/pagina10.com\/web\/exgerente-de-avante-desiste-de-su-aspiracion-a-la-alcaldia-de-pasto\/#breadcrumb\",\"itemListElement\":[{\"@type\":\"ListItem\",\"position\":1,\"name\":\"Portada\",\"item\":\"https:\/\/pagina10.com\/web\/\"},{\"@type\":\"ListItem\",\"position\":2,\"name\":\"Exgerente de Avante desiste de su aspiraci\u00f3n a la Alcald\u00eda de Pasto\"}]},{\"@type\":\"WebSite\",\"@id\":\"https:\/\/pagina10.com\/web\/#website\",\"url\":\"https:\/\/pagina10.com\/web\/\",\"name\":\"P\u00e1gina10\",\"description\":\"Peri\u00f3dico Regional\",\"publisher\":{\"@id\":\"https:\/\/pagina10.com\/web\/#organization\"},\"alternateName\":\"P\u00e1gina10 Peri\u00f3dico Regional\",\"potentialAction\":[{\"@type\":\"SearchAction\",\"target\":{\"@type\":\"EntryPoint\",\"urlTemplate\":\"https:\/\/pagina10.com\/web\/?s={search_term_string}\"},\"query-input\":{\"@type\":\"PropertyValueSpecification\",\"valueRequired\":true,\"valueName\":\"search_term_string\"}}],\"inLanguage\":\"es\"},{\"@type\":\"Organization\",\"@id\":\"https:\/\/pagina10.com\/web\/#organization\",\"name\":\"P\u00e1gina10\",\"alternateName\":\"P\u00e1gina10 Peri\u00f3dico Regional\",\"url\":\"https:\/\/pagina10.com\/web\/\",\"logo\":{\"@type\":\"ImageObject\",\"inLanguage\":\"es\",\"@id\":\"https:\/\/pagina10.com\/web\/#\/schema\/logo\/image\/\",\"url\":\"https:\/\/pagina10.com\/web\/wp-content\/uploads\/2024\/01\/40-pagina-10-periodico-regional-pasto.jpg\",\"contentUrl\":\"https:\/\/pagina10.com\/web\/wp-content\/uploads\/2024\/01\/40-pagina-10-periodico-regional-pasto.jpg\",\"width\":1280,\"height\":720,\"caption\":\"P\u00e1gina10\"},\"image\":{\"@id\":\"https:\/\/pagina10.com\/web\/#\/schema\/logo\/image\/\"},\"sameAs\":[\"https:\/\/www.facebook.com\/pag10com\",\"https:\/\/x.com\/Pag10com\",\"https:\/\/www.instagram.com\/pagina10col\/\",\"https:\/\/youtube.com\/channel\/pag10\",\"https:\/\/www.tiktok.com\/@p10col\"]},{\"@type\":\"Person\",\"@id\":\"https:\/\/pagina10.com\/web\/#\/schema\/person\/2efc4a090d25b667d3bc796798a3a81b\",\"name\":\"P\u00e1gina 10\",\"description\":\"P\u00e1gina 10 es un peri\u00f3dico regional que nace en Colombia, en el departamento de Nari\u00f1o, con un enfoque global, fundamentado en cuatro pilares esenciales: la libertad, el pluralismo, la inclusi\u00f3n y la independencia. P\u00e1gina 10 hace referencia a Nari\u00f1o como el d\u00e9cimo departamento creado en Colombia, despu\u00e9s de un proceso pol\u00edtico liderado por actores y actrices regionales con el fin de obtener la independencia y autonom\u00eda de nuestros territorios. Con la creaci\u00f3n de P\u00e1gina 10 se pretende abrir un escenario para el dialogo, la reflexi\u00f3n y el debate que se extienda a otras geograf\u00edas de Am\u00e9rica Latina y del planeta, en una apuesta por transformar colectivamente los desaf\u00edos de un mundo contempor\u00e1neo, m\u00e1s all\u00e1 de las fronteras impuestas.\",\"url\":\"https:\/\/pagina10.com\/web\/author\/pdiezadmin\/\"}]}<\/script>\n<!-- \/ Yoast SEO plugin. -->","yoast_head_json":{"title":"Exgerente de Avante desiste de su aspiraci\u00f3n a la Alcald\u00eda de Pasto | P\u00e1gina10","robots":{"index":"index","follow":"follow","max-snippet":"max-snippet:-1","max-image-preview":"max-image-preview:large","max-video-preview":"max-video-preview:-1"},"canonical":"https:\/\/pagina10.com\/web\/exgerente-de-avante-desiste-de-su-aspiracion-a-la-alcaldia-de-pasto\/","og_locale":"es_ES","og_type":"article","og_title":"Exgerente de Avante desiste de su aspiraci\u00f3n a la Alcald\u00eda de Pasto | P\u00e1gina10","og_description":"Con un comunicado difundido en las \u00faltimas horas el exgerente de Avante, Rodrigo Yepes Sevilla, manifest\u00f3 su decisi\u00f3n de dar por terminada su aspiraci\u00f3n a la Alcald\u00eda de Pasto, cargo al cual pretend\u00eda llegar a trav\u00e9s de un movimiento ciudadano respaldado por firmas. En el documento indic\u00f3 que desde hace 2 meses inici\u00f3 su proceso [&hellip;]","og_url":"https:\/\/pagina10.com\/web\/exgerente-de-avante-desiste-de-su-aspiracion-a-la-alcaldia-de-pasto\/","og_site_name":"P\u00e1gina10","article_publisher":"https:\/\/www.facebook.com\/pag10com","article_published_time":"2023-05-04T22:59:34+00:00","og_image":[{"width":1200,"height":1200,"url":"https:\/\/pagina10.com\/web\/wp-content\/uploads\/2023\/05\/FuGl9e0WYAEuaJa.jpg","type":"image\/jpeg"}],"author":"P\u00e1gina 10","twitter_card":"summary_large_image","twitter_creator":"@Pag10com","twitter_site":"@Pag10com","twitter_misc":{"Escrito por":"P\u00e1gina 10","Tiempo de lectura":"1 minuto"},"schema":{"@context":"https:\/\/schema.org","@graph":[{"@type":"Article","@id":"https:\/\/pagina10.com\/web\/exgerente-de-avante-desiste-de-su-aspiracion-a-la-alcaldia-de-pasto\/#article","isPartOf":{"@id":"https:\/\/pagina10.com\/web\/exgerente-de-avante-desiste-de-su-aspiracion-a-la-alcaldia-de-pasto\/"},"author":{"name":"P\u00e1gina 10","@id":"https:\/\/pagina10.com\/web\/#\/schema\/person\/2efc4a090d25b667d3bc796798a3a81b"},"headline":"Exgerente de Avante desiste de su aspiraci\u00f3n a la Alcald\u00eda de Pasto","datePublished":"2023-05-04T22:59:34+00:00","mainEntityOfPage":{"@id":"https:\/\/pagina10.com\/web\/exgerente-de-avante-desiste-de-su-aspiracion-a-la-alcaldia-de-pasto\/"},"wordCount":289,"commentCount":0,"publisher":{"@id":"https:\/\/pagina10.com\/web\/#organization"},"image":{"@id":"https:\/\/pagina10.com\/web\/exgerente-de-avante-desiste-de-su-aspiracion-a-la-alcaldia-de-pasto\/#primaryimage"},"thumbnailUrl":"https:\/\/pagina10.com\/web\/wp-content\/uploads\/2023\/05\/FuGl9e0WYAEuaJa.jpg","articleSection":["Ciudad"],"inLanguage":"es","potentialAction":[{"@type":"CommentAction","name":"Comment","target":["https:\/\/pagina10.com\/web\/exgerente-de-avante-desiste-de-su-aspiracion-a-la-alcaldia-de-pasto\/#respond"]}]},{"@type":"WebPage","@id":"https:\/\/pagina10.com\/web\/exgerente-de-avante-desiste-de-su-aspiracion-a-la-alcaldia-de-pasto\/","url":"https:\/\/pagina10.com\/web\/exgerente-de-avante-desiste-de-su-aspiracion-a-la-alcaldia-de-pasto\/","name":"Exgerente de Avante desiste de su aspiraci\u00f3n a la Alcald\u00eda de Pasto | P\u00e1gina10","isPartOf":{"@id":"https:\/\/pagina10.com\/web\/#website"},"primaryImageOfPage":{"@id":"https:\/\/pagina10.com\/web\/exgerente-de-avante-desiste-de-su-aspiracion-a-la-alcaldia-de-pasto\/#primaryimage"},"image":{"@id":"https:\/\/pagina10.com\/web\/exgerente-de-avante-desiste-de-su-aspiracion-a-la-alcaldia-de-pasto\/#primaryimage"},"thumbnailUrl":"https:\/\/pagina10.com\/web\/wp-content\/uploads\/2023\/05\/FuGl9e0WYAEuaJa.jpg","datePublished":"2023-05-04T22:59:34+00:00","breadcrumb":{"@id":"https:\/\/pagina10.com\/web\/exgerente-de-avante-desiste-de-su-aspiracion-a-la-alcaldia-de-pasto\/#breadcrumb"},"inLanguage":"es","potentialAction":[{"@type":"ReadAction","target":["https:\/\/pagina10.com\/web\/exgerente-de-avante-desiste-de-su-aspiracion-a-la-alcaldia-de-pasto\/"]}]},{"@type":"ImageObject","inLanguage":"es","@id":"https:\/\/pagina10.com\/web\/exgerente-de-avante-desiste-de-su-aspiracion-a-la-alcaldia-de-pasto\/#primaryimage","url":"https:\/\/pagina10.com\/web\/wp-content\/uploads\/2023\/05\/FuGl9e0WYAEuaJa.jpg","contentUrl":"https:\/\/pagina10.com\/web\/wp-content\/uploads\/2023\/05\/FuGl9e0WYAEuaJa.jpg","width":1200,"height":1200},{"@type":"BreadcrumbList","@id":"https:\/\/pagina10.com\/web\/exgerente-de-avante-desiste-de-su-aspiracion-a-la-alcaldia-de-pasto\/#breadcrumb","itemListElement":[{"@type":"ListItem","position":1,"name":"Portada","item":"https:\/\/pagina10.com\/web\/"},{"@type":"ListItem","position":2,"name":"Exgerente de Avante desiste de su aspiraci\u00f3n a la Alcald\u00eda de Pasto"}]},{"@type":"WebSite","@id":"https:\/\/pagina10.com\/web\/#website","url":"https:\/\/pagina10.com\/web\/","name":"P\u00e1gina10","description":"Peri\u00f3dico Regional","publisher":{"@id":"https:\/\/pagina10.com\/web\/#organization"},"alternateName":"P\u00e1gina10 Peri\u00f3dico Regional","potentialAction":[{"@type":"SearchAction","target":{"@type":"EntryPoint","urlTemplate":"https:\/\/pagina10.com\/web\/?s={search_term_string}"},"query-input":{"@type":"PropertyValueSpecification","valueRequired":true,"valueName":"search_term_string"}}],"inLanguage":"es"},{"@type":"Organization","@id":"https:\/\/pagina10.com\/web\/#organization","name":"P\u00e1gina10","alternateName":"P\u00e1gina10 Peri\u00f3dico Regional","url":"https:\/\/pagina10.com\/web\/","logo":{"@type":"ImageObject","inLanguage":"es","@id":"https:\/\/pagina10.com\/web\/#\/schema\/logo\/image\/","url":"https:\/\/pagina10.com\/web\/wp-content\/uploads\/2024\/01\/40-pagina-10-periodico-regional-pasto.jpg","contentUrl":"https:\/\/pagina10.com\/web\/wp-content\/uploads\/2024\/01\/40-pagina-10-periodico-regional-pasto.jpg","width":1280,"height":720,"caption":"P\u00e1gina10"},"image":{"@id":"https:\/\/pagina10.com\/web\/#\/schema\/logo\/image\/"},"sameAs":["https:\/\/www.facebook.com\/pag10com","https:\/\/x.com\/Pag10com","https:\/\/www.instagram.com\/pagina10col\/","https:\/\/youtube.com\/channel\/pag10","https:\/\/www.tiktok.com\/@p10col"]},{"@type":"Person","@id":"https:\/\/pagina10.com\/web\/#\/schema\/person\/2efc4a090d25b667d3bc796798a3a81b","name":"P\u00e1gina 10","description":"P\u00e1gina 10 es un peri\u00f3dico regional que nace en Colombia, en el departamento de Nari\u00f1o, con un enfoque global, fundamentado en cuatro pilares esenciales: la libertad, el pluralismo, la inclusi\u00f3n y la independencia. P\u00e1gina 10 hace referencia a Nari\u00f1o como el d\u00e9cimo departamento creado en Colombia, despu\u00e9s de un proceso pol\u00edtico liderado por actores y actrices regionales con el fin de obtener la independencia y autonom\u00eda de nuestros territorios. Con la creaci\u00f3n de P\u00e1gina 10 se pretende abrir un escenario para el dialogo, la reflexi\u00f3n y el debate que se extienda a otras geograf\u00edas de Am\u00e9rica Latina y del planeta, en una apuesta por transformar colectivamente los desaf\u00edos de un mundo contempor\u00e1neo, m\u00e1s all\u00e1 de las fronteras impuestas.","url":"https:\/\/pagina10.com\/web\/author\/pdiezadmin\/"}]}},"_links":{"self":[{"href":"https:\/\/pagina10.com\/web\/wp-json\/wp\/v2\/posts\/65751","targetHints":{"allow":["GET"]}}],"collection":[{"href":"https:\/\/pagina10.com\/web\/wp-json\/wp\/v2\/posts"}],"about":[{"href":"https:\/\/pagina10.com\/web\/wp-json\/wp\/v2\/types\/post"}],"author":[{"embeddable":true,"href":"https:\/\/pagina10.com\/web\/wp-json\/wp\/v2\/users\/1"}],"replies":[{"embeddable":true,"href":"https:\/\/pagina10.com\/web\/wp-json\/wp\/v2\/comments?post=65751"}],"version-history":[{"count":1,"href":"https:\/\/pagina10.com\/web\/wp-json\/wp\/v2\/posts\/65751\/revisions"}],"predecessor-version":[{"id":65753,"href":"https:\/\/pagina10.com\/web\/wp-json\/wp\/v2\/posts\/65751\/revisions\/65753"}],"wp:featuredmedia":[{"embeddable":true,"href":"https:\/\/pagina10.com\/web\/wp-json\/wp\/v2\/media\/65752"}],"wp:attachment":[{"href":"https:\/\/pagina10.com\/web\/wp-json\/wp\/v2\/media?parent=65751"}],"wp:term":[{"taxonomy":"category","embeddable":true,"href":"https:\/\/pagina10.com\/web\/wp-json\/wp\/v2\/categories?post=65751"},{"taxonomy":"post_tag","embeddable":true,"href":"https:\/\/pagina10.com\/web\/wp-json\/wp\/v2\/tags?post=65751"}],"curies":[{"name":"wp","href":"https:\/\/api.w.org\/{rel}","templated":true}]}}