{"id":65867,"date":"2023-05-18T21:33:42","date_gmt":"2023-05-19T02:33:42","guid":{"rendered":"https:\/\/pagina10.com\/web\/?p=65867"},"modified":"2023-05-18T22:06:19","modified_gmt":"2023-05-19T03:06:19","slug":"asociacion-de-colonias-afro-de-pasto-conmemora-la-afrocolombianidad","status":"publish","type":"post","link":"https:\/\/pagina10.com\/web\/asociacion-de-colonias-afro-de-pasto-conmemora-la-afrocolombianidad\/","title":{"rendered":"Asociaci\u00f3n de Colonias Afro de Pasto conmemora  la Afrocolombianidad"},"content":{"rendered":"<p style=\"text-align: justify;\">La Asociaci\u00f3n Colonia Afro en Pasto, conmemoran y celebran desde el 19 al 21 de mayo la celebraci\u00f3n de la Afrocolombianidad.<\/p>\n<p style=\"text-align: justify;\">Cabe destacar que en el departamento de Nari\u00f1o los afro descendientes representan el 20 por ciento de la poblaci\u00f3n y su\u00a0 ocupaci\u00f3n mayoritaria corresponden el los municipios costeros de Tumaco, El Charco, Magui Payan, Roberto Payan, La Tola y Barbacoas, entre otros.<\/p>\n<p style=\"text-align: justify;\">En la capital de Nari\u00f1o existe una colonia amplia que esta representada por una asociaci\u00f3n que lucha por la exaltaci\u00f3n de su cultura y por un espacio de derechos que poco ha poco han ganado terreno y sus residentes han insertado su cultura, permeando muchos espacios culturales, gastron\u00f3micos, ancestrales, musicales entre otros.<\/p>\n<p style=\"text-align: justify;\">La asociaci\u00f3n en menci\u00f3n est\u00e1 legalmente constituida hace cuatro a\u00f1os con reconocimiento al nivel departamental y est\u00e1 integrada por 50 socios fundadores pertenecientes a todos los municipios de la costa pac\u00edfica de Nari\u00f1o. A trav\u00e9s de su gesti\u00f3n se impulsan proyectos de desarrollos econ\u00f3micos, sociales, culturales y ambientales para esa regi\u00f3n.<\/p>\n<p style=\"text-align: justify;\">Para el presidente de la asociaci\u00f3n Afro en Pasto Cesar Agui\u00f1o, el d\u00eda de la Afrocolombianidad es una fiesta que se ha ganado a pulso, sin embargo a\u00fan falta mucho\u00a0 camino por recorrer, por qu\u00e9 se aspira a que se convierta el municipio de Pasto como eje central de un festival que abarque diferentes temas culturales de la comunidades, as\u00ed mismo lograr el apoyo para crear escenarios musicales\u00a0 m\u00e1s amplios que todos los residentes de Dan Juan de Pasto puedan disfrutar\u201d puntualiz\u00f3 el l\u00edder social.<\/p>\n<p style=\"text-align: justify;\">Por otra parte el viernes 12 de mayo se da la apertura a la celebraci\u00f3n de la Afrocolombianidad en Pasto, evento que viene acompa\u00f1ado de jornadas deportivas, gastron\u00f3micas e inician su con celebraci\u00f3n exaltando la m\u00fasica del pac\u00edfico nari\u00f1ense en el establecimiento Tromboranga Salsa Bar, donde se disfruta de la m\u00fasica afroantillana adoptada culturalmente por el pac\u00edfico nari\u00f1ense y el folclore del Pac\u00edfico, ubicada en la carrera 29 No. 17-30, centro de Pasto y se caracteriza como punto de encuentro de asistentes oriundos de esa zona del departamento a quienes les apasiona la timba, la salsa, las melod\u00edas aut\u00f3ctonas del pac\u00edfico y por su puesto la salsa colombiana.<\/p>\n<p style=\"text-align: justify;\">Uno de los integrantes de la Colonia Afro en Pasto, el maestro musical Ever Pe\u00f1a, director del grupo folcl\u00f3rico del Pac\u00edfico Tizon se\u00f1al\u00f3: \u201cEs un d\u00eda trascedental para exaltar nuestras tradiciones,\u00a0 porque nos permite solidificar nuestra cultura y tener la oportunidad de dar a conocer nuestras tradiciones\u00a0 y actividades que hacemos en Pasto, especialmente nuestra m\u00fasica que se ha popularizado en todo el territorio nacional\u201d.<\/p>\n<p style=\"text-align: justify;\">\n","protected":false},"excerpt":{"rendered":"<p>La Asociaci\u00f3n Colonia Afro en Pasto, conmemoran y celebran desde el 19 al 21 de mayo la celebraci\u00f3n de la Afrocolombianidad. Cabe destacar que en el departamento de Nari\u00f1o los afro descendientes representan el 20 por ciento de la poblaci\u00f3n y su\u00a0 ocupaci\u00f3n mayoritaria corresponden el los municipios costeros de Tumaco, El Charco, Magui Payan, [&hellip;]<\/p>\n","protected":false},"author":1,"featured_media":54332,"comment_status":"open","ping_status":"open","sticky":false,"template":"","format":"standard","meta":{"footnotes":""},"categories":[82],"tags":[],"class_list":["post-65867","post","type-post","status-publish","format-standard","has-post-thumbnail","hentry","category-ciudad-2"],"yoast_head":"<!-- This site is optimized with the Yoast SEO plugin v27.1.1 - https:\/\/yoast.com\/product\/yoast-seo-wordpress\/ -->\n<title>Asociaci\u00f3n de Colonias Afro de Pasto conmemora la Afrocolombianidad | P\u00e1gina10<\/title>\n<meta name=\"robots\" content=\"index, follow, max-snippet:-1, max-image-preview:large, max-video-preview:-1\" \/>\n<link rel=\"canonical\" href=\"https:\/\/pagina10.com\/web\/asociacion-de-colonias-afro-de-pasto-conmemora-la-afrocolombianidad\/\" \/>\n<meta property=\"og:locale\" content=\"es_ES\" \/>\n<meta property=\"og:type\" content=\"article\" \/>\n<meta property=\"og:title\" content=\"Asociaci\u00f3n de Colonias Afro de Pasto conmemora la Afrocolombianidad | P\u00e1gina10\" \/>\n<meta property=\"og:description\" content=\"La Asociaci\u00f3n Colonia Afro en Pasto, conmemoran y celebran desde el 19 al 21 de mayo la celebraci\u00f3n de la Afrocolombianidad. Cabe destacar que en el departamento de Nari\u00f1o los afro descendientes representan el 20 por ciento de la poblaci\u00f3n y su ocupaci\u00f3n mayoritaria corresponden el los municipios costeros de Tumaco, El Charco, Magui Payan, [&hellip;]\" \/>\n<meta property=\"og:url\" content=\"https:\/\/pagina10.com\/web\/asociacion-de-colonias-afro-de-pasto-conmemora-la-afrocolombianidad\/\" \/>\n<meta property=\"og:site_name\" content=\"P\u00e1gina10\" \/>\n<meta property=\"article:publisher\" content=\"https:\/\/www.facebook.com\/pag10com\" \/>\n<meta property=\"article:published_time\" content=\"2023-05-19T02:33:42+00:00\" \/>\n<meta property=\"article:modified_time\" content=\"2023-05-19T03:06:19+00:00\" \/>\n<meta property=\"og:image\" content=\"https:\/\/pagina10.com\/web\/wp-content\/uploads\/2021\/07\/beauty-portrait-of-afro-woman-with-ethnic-makeup-scaled.jpg\" \/>\n\t<meta property=\"og:image:width\" content=\"2560\" \/>\n\t<meta property=\"og:image:height\" content=\"1707\" \/>\n\t<meta property=\"og:image:type\" content=\"image\/jpeg\" \/>\n<meta name=\"author\" content=\"P\u00e1gina 10\" \/>\n<meta name=\"twitter:card\" content=\"summary_large_image\" \/>\n<meta name=\"twitter:creator\" content=\"@Pag10com\" \/>\n<meta name=\"twitter:site\" content=\"@Pag10com\" \/>\n<meta name=\"twitter:label1\" content=\"Escrito por\" \/>\n\t<meta name=\"twitter:data1\" content=\"P\u00e1gina 10\" \/>\n\t<meta name=\"twitter:label2\" content=\"Tiempo de lectura\" \/>\n\t<meta name=\"twitter:data2\" content=\"2 minutos\" \/>\n<script type=\"application\/ld+json\" class=\"yoast-schema-graph\">{\"@context\":\"https:\/\/schema.org\",\"@graph\":[{\"@type\":\"Article\",\"@id\":\"https:\/\/pagina10.com\/web\/asociacion-de-colonias-afro-de-pasto-conmemora-la-afrocolombianidad\/#article\",\"isPartOf\":{\"@id\":\"https:\/\/pagina10.com\/web\/asociacion-de-colonias-afro-de-pasto-conmemora-la-afrocolombianidad\/\"},\"author\":{\"name\":\"P\u00e1gina 10\",\"@id\":\"https:\/\/pagina10.com\/web\/#\/schema\/person\/2efc4a090d25b667d3bc796798a3a81b\"},\"headline\":\"Asociaci\u00f3n de Colonias Afro de Pasto conmemora la Afrocolombianidad\",\"datePublished\":\"2023-05-19T02:33:42+00:00\",\"dateModified\":\"2023-05-19T03:06:19+00:00\",\"mainEntityOfPage\":{\"@id\":\"https:\/\/pagina10.com\/web\/asociacion-de-colonias-afro-de-pasto-conmemora-la-afrocolombianidad\/\"},\"wordCount\":472,\"commentCount\":0,\"publisher\":{\"@id\":\"https:\/\/pagina10.com\/web\/#organization\"},\"image\":{\"@id\":\"https:\/\/pagina10.com\/web\/asociacion-de-colonias-afro-de-pasto-conmemora-la-afrocolombianidad\/#primaryimage\"},\"thumbnailUrl\":\"https:\/\/pagina10.com\/web\/wp-content\/uploads\/2021\/07\/beauty-portrait-of-afro-woman-with-ethnic-makeup-scaled.jpg\",\"articleSection\":[\"Ciudad\"],\"inLanguage\":\"es\",\"potentialAction\":[{\"@type\":\"CommentAction\",\"name\":\"Comment\",\"target\":[\"https:\/\/pagina10.com\/web\/asociacion-de-colonias-afro-de-pasto-conmemora-la-afrocolombianidad\/#respond\"]}]},{\"@type\":\"WebPage\",\"@id\":\"https:\/\/pagina10.com\/web\/asociacion-de-colonias-afro-de-pasto-conmemora-la-afrocolombianidad\/\",\"url\":\"https:\/\/pagina10.com\/web\/asociacion-de-colonias-afro-de-pasto-conmemora-la-afrocolombianidad\/\",\"name\":\"Asociaci\u00f3n de Colonias Afro de Pasto conmemora la Afrocolombianidad | P\u00e1gina10\",\"isPartOf\":{\"@id\":\"https:\/\/pagina10.com\/web\/#website\"},\"primaryImageOfPage\":{\"@id\":\"https:\/\/pagina10.com\/web\/asociacion-de-colonias-afro-de-pasto-conmemora-la-afrocolombianidad\/#primaryimage\"},\"image\":{\"@id\":\"https:\/\/pagina10.com\/web\/asociacion-de-colonias-afro-de-pasto-conmemora-la-afrocolombianidad\/#primaryimage\"},\"thumbnailUrl\":\"https:\/\/pagina10.com\/web\/wp-content\/uploads\/2021\/07\/beauty-portrait-of-afro-woman-with-ethnic-makeup-scaled.jpg\",\"datePublished\":\"2023-05-19T02:33:42+00:00\",\"dateModified\":\"2023-05-19T03:06:19+00:00\",\"breadcrumb\":{\"@id\":\"https:\/\/pagina10.com\/web\/asociacion-de-colonias-afro-de-pasto-conmemora-la-afrocolombianidad\/#breadcrumb\"},\"inLanguage\":\"es\",\"potentialAction\":[{\"@type\":\"ReadAction\",\"target\":[\"https:\/\/pagina10.com\/web\/asociacion-de-colonias-afro-de-pasto-conmemora-la-afrocolombianidad\/\"]}]},{\"@type\":\"ImageObject\",\"inLanguage\":\"es\",\"@id\":\"https:\/\/pagina10.com\/web\/asociacion-de-colonias-afro-de-pasto-conmemora-la-afrocolombianidad\/#primaryimage\",\"url\":\"https:\/\/pagina10.com\/web\/wp-content\/uploads\/2021\/07\/beauty-portrait-of-afro-woman-with-ethnic-makeup-scaled.jpg\",\"contentUrl\":\"https:\/\/pagina10.com\/web\/wp-content\/uploads\/2021\/07\/beauty-portrait-of-afro-woman-with-ethnic-makeup-scaled.jpg\",\"width\":2560,\"height\":1707,\"caption\":\"Freepik\"},{\"@type\":\"BreadcrumbList\",\"@id\":\"https:\/\/pagina10.com\/web\/asociacion-de-colonias-afro-de-pasto-conmemora-la-afrocolombianidad\/#breadcrumb\",\"itemListElement\":[{\"@type\":\"ListItem\",\"position\":1,\"name\":\"Portada\",\"item\":\"https:\/\/pagina10.com\/web\/\"},{\"@type\":\"ListItem\",\"position\":2,\"name\":\"Asociaci\u00f3n de Colonias Afro de Pasto conmemora la Afrocolombianidad\"}]},{\"@type\":\"WebSite\",\"@id\":\"https:\/\/pagina10.com\/web\/#website\",\"url\":\"https:\/\/pagina10.com\/web\/\",\"name\":\"P\u00e1gina10\",\"description\":\"Peri\u00f3dico Regional\",\"publisher\":{\"@id\":\"https:\/\/pagina10.com\/web\/#organization\"},\"alternateName\":\"P\u00e1gina10 Peri\u00f3dico Regional\",\"potentialAction\":[{\"@type\":\"SearchAction\",\"target\":{\"@type\":\"EntryPoint\",\"urlTemplate\":\"https:\/\/pagina10.com\/web\/?s={search_term_string}\"},\"query-input\":{\"@type\":\"PropertyValueSpecification\",\"valueRequired\":true,\"valueName\":\"search_term_string\"}}],\"inLanguage\":\"es\"},{\"@type\":\"Organization\",\"@id\":\"https:\/\/pagina10.com\/web\/#organization\",\"name\":\"P\u00e1gina10\",\"alternateName\":\"P\u00e1gina10 Peri\u00f3dico Regional\",\"url\":\"https:\/\/pagina10.com\/web\/\",\"logo\":{\"@type\":\"ImageObject\",\"inLanguage\":\"es\",\"@id\":\"https:\/\/pagina10.com\/web\/#\/schema\/logo\/image\/\",\"url\":\"https:\/\/pagina10.com\/web\/wp-content\/uploads\/2024\/01\/40-pagina-10-periodico-regional-pasto.jpg\",\"contentUrl\":\"https:\/\/pagina10.com\/web\/wp-content\/uploads\/2024\/01\/40-pagina-10-periodico-regional-pasto.jpg\",\"width\":1280,\"height\":720,\"caption\":\"P\u00e1gina10\"},\"image\":{\"@id\":\"https:\/\/pagina10.com\/web\/#\/schema\/logo\/image\/\"},\"sameAs\":[\"https:\/\/www.facebook.com\/pag10com\",\"https:\/\/x.com\/Pag10com\",\"https:\/\/www.instagram.com\/pagina10col\/\",\"https:\/\/youtube.com\/channel\/pag10\",\"https:\/\/www.tiktok.com\/@p10col\"]},{\"@type\":\"Person\",\"@id\":\"https:\/\/pagina10.com\/web\/#\/schema\/person\/2efc4a090d25b667d3bc796798a3a81b\",\"name\":\"P\u00e1gina 10\",\"description\":\"P\u00e1gina 10 es un peri\u00f3dico regional que nace en Colombia, en el departamento de Nari\u00f1o, con un enfoque global, fundamentado en cuatro pilares esenciales: la libertad, el pluralismo, la inclusi\u00f3n y la independencia. P\u00e1gina 10 hace referencia a Nari\u00f1o como el d\u00e9cimo departamento creado en Colombia, despu\u00e9s de un proceso pol\u00edtico liderado por actores y actrices regionales con el fin de obtener la independencia y autonom\u00eda de nuestros territorios. Con la creaci\u00f3n de P\u00e1gina 10 se pretende abrir un escenario para el dialogo, la reflexi\u00f3n y el debate que se extienda a otras geograf\u00edas de Am\u00e9rica Latina y del planeta, en una apuesta por transformar colectivamente los desaf\u00edos de un mundo contempor\u00e1neo, m\u00e1s all\u00e1 de las fronteras impuestas.\",\"url\":\"https:\/\/pagina10.com\/web\/author\/pdiezadmin\/\"}]}<\/script>\n<!-- \/ Yoast SEO plugin. -->","yoast_head_json":{"title":"Asociaci\u00f3n de Colonias Afro de Pasto conmemora la Afrocolombianidad | P\u00e1gina10","robots":{"index":"index","follow":"follow","max-snippet":"max-snippet:-1","max-image-preview":"max-image-preview:large","max-video-preview":"max-video-preview:-1"},"canonical":"https:\/\/pagina10.com\/web\/asociacion-de-colonias-afro-de-pasto-conmemora-la-afrocolombianidad\/","og_locale":"es_ES","og_type":"article","og_title":"Asociaci\u00f3n de Colonias Afro de Pasto conmemora la Afrocolombianidad | P\u00e1gina10","og_description":"La Asociaci\u00f3n Colonia Afro en Pasto, conmemoran y celebran desde el 19 al 21 de mayo la celebraci\u00f3n de la Afrocolombianidad. Cabe destacar que en el departamento de Nari\u00f1o los afro descendientes representan el 20 por ciento de la poblaci\u00f3n y su ocupaci\u00f3n mayoritaria corresponden el los municipios costeros de Tumaco, El Charco, Magui Payan, [&hellip;]","og_url":"https:\/\/pagina10.com\/web\/asociacion-de-colonias-afro-de-pasto-conmemora-la-afrocolombianidad\/","og_site_name":"P\u00e1gina10","article_publisher":"https:\/\/www.facebook.com\/pag10com","article_published_time":"2023-05-19T02:33:42+00:00","article_modified_time":"2023-05-19T03:06:19+00:00","og_image":[{"width":2560,"height":1707,"url":"https:\/\/pagina10.com\/web\/wp-content\/uploads\/2021\/07\/beauty-portrait-of-afro-woman-with-ethnic-makeup-scaled.jpg","type":"image\/jpeg"}],"author":"P\u00e1gina 10","twitter_card":"summary_large_image","twitter_creator":"@Pag10com","twitter_site":"@Pag10com","twitter_misc":{"Escrito por":"P\u00e1gina 10","Tiempo de lectura":"2 minutos"},"schema":{"@context":"https:\/\/schema.org","@graph":[{"@type":"Article","@id":"https:\/\/pagina10.com\/web\/asociacion-de-colonias-afro-de-pasto-conmemora-la-afrocolombianidad\/#article","isPartOf":{"@id":"https:\/\/pagina10.com\/web\/asociacion-de-colonias-afro-de-pasto-conmemora-la-afrocolombianidad\/"},"author":{"name":"P\u00e1gina 10","@id":"https:\/\/pagina10.com\/web\/#\/schema\/person\/2efc4a090d25b667d3bc796798a3a81b"},"headline":"Asociaci\u00f3n de Colonias Afro de Pasto conmemora la Afrocolombianidad","datePublished":"2023-05-19T02:33:42+00:00","dateModified":"2023-05-19T03:06:19+00:00","mainEntityOfPage":{"@id":"https:\/\/pagina10.com\/web\/asociacion-de-colonias-afro-de-pasto-conmemora-la-afrocolombianidad\/"},"wordCount":472,"commentCount":0,"publisher":{"@id":"https:\/\/pagina10.com\/web\/#organization"},"image":{"@id":"https:\/\/pagina10.com\/web\/asociacion-de-colonias-afro-de-pasto-conmemora-la-afrocolombianidad\/#primaryimage"},"thumbnailUrl":"https:\/\/pagina10.com\/web\/wp-content\/uploads\/2021\/07\/beauty-portrait-of-afro-woman-with-ethnic-makeup-scaled.jpg","articleSection":["Ciudad"],"inLanguage":"es","potentialAction":[{"@type":"CommentAction","name":"Comment","target":["https:\/\/pagina10.com\/web\/asociacion-de-colonias-afro-de-pasto-conmemora-la-afrocolombianidad\/#respond"]}]},{"@type":"WebPage","@id":"https:\/\/pagina10.com\/web\/asociacion-de-colonias-afro-de-pasto-conmemora-la-afrocolombianidad\/","url":"https:\/\/pagina10.com\/web\/asociacion-de-colonias-afro-de-pasto-conmemora-la-afrocolombianidad\/","name":"Asociaci\u00f3n de Colonias Afro de Pasto conmemora la Afrocolombianidad | P\u00e1gina10","isPartOf":{"@id":"https:\/\/pagina10.com\/web\/#website"},"primaryImageOfPage":{"@id":"https:\/\/pagina10.com\/web\/asociacion-de-colonias-afro-de-pasto-conmemora-la-afrocolombianidad\/#primaryimage"},"image":{"@id":"https:\/\/pagina10.com\/web\/asociacion-de-colonias-afro-de-pasto-conmemora-la-afrocolombianidad\/#primaryimage"},"thumbnailUrl":"https:\/\/pagina10.com\/web\/wp-content\/uploads\/2021\/07\/beauty-portrait-of-afro-woman-with-ethnic-makeup-scaled.jpg","datePublished":"2023-05-19T02:33:42+00:00","dateModified":"2023-05-19T03:06:19+00:00","breadcrumb":{"@id":"https:\/\/pagina10.com\/web\/asociacion-de-colonias-afro-de-pasto-conmemora-la-afrocolombianidad\/#breadcrumb"},"inLanguage":"es","potentialAction":[{"@type":"ReadAction","target":["https:\/\/pagina10.com\/web\/asociacion-de-colonias-afro-de-pasto-conmemora-la-afrocolombianidad\/"]}]},{"@type":"ImageObject","inLanguage":"es","@id":"https:\/\/pagina10.com\/web\/asociacion-de-colonias-afro-de-pasto-conmemora-la-afrocolombianidad\/#primaryimage","url":"https:\/\/pagina10.com\/web\/wp-content\/uploads\/2021\/07\/beauty-portrait-of-afro-woman-with-ethnic-makeup-scaled.jpg","contentUrl":"https:\/\/pagina10.com\/web\/wp-content\/uploads\/2021\/07\/beauty-portrait-of-afro-woman-with-ethnic-makeup-scaled.jpg","width":2560,"height":1707,"caption":"Freepik"},{"@type":"BreadcrumbList","@id":"https:\/\/pagina10.com\/web\/asociacion-de-colonias-afro-de-pasto-conmemora-la-afrocolombianidad\/#breadcrumb","itemListElement":[{"@type":"ListItem","position":1,"name":"Portada","item":"https:\/\/pagina10.com\/web\/"},{"@type":"ListItem","position":2,"name":"Asociaci\u00f3n de Colonias Afro de Pasto conmemora la Afrocolombianidad"}]},{"@type":"WebSite","@id":"https:\/\/pagina10.com\/web\/#website","url":"https:\/\/pagina10.com\/web\/","name":"P\u00e1gina10","description":"Peri\u00f3dico Regional","publisher":{"@id":"https:\/\/pagina10.com\/web\/#organization"},"alternateName":"P\u00e1gina10 Peri\u00f3dico Regional","potentialAction":[{"@type":"SearchAction","target":{"@type":"EntryPoint","urlTemplate":"https:\/\/pagina10.com\/web\/?s={search_term_string}"},"query-input":{"@type":"PropertyValueSpecification","valueRequired":true,"valueName":"search_term_string"}}],"inLanguage":"es"},{"@type":"Organization","@id":"https:\/\/pagina10.com\/web\/#organization","name":"P\u00e1gina10","alternateName":"P\u00e1gina10 Peri\u00f3dico Regional","url":"https:\/\/pagina10.com\/web\/","logo":{"@type":"ImageObject","inLanguage":"es","@id":"https:\/\/pagina10.com\/web\/#\/schema\/logo\/image\/","url":"https:\/\/pagina10.com\/web\/wp-content\/uploads\/2024\/01\/40-pagina-10-periodico-regional-pasto.jpg","contentUrl":"https:\/\/pagina10.com\/web\/wp-content\/uploads\/2024\/01\/40-pagina-10-periodico-regional-pasto.jpg","width":1280,"height":720,"caption":"P\u00e1gina10"},"image":{"@id":"https:\/\/pagina10.com\/web\/#\/schema\/logo\/image\/"},"sameAs":["https:\/\/www.facebook.com\/pag10com","https:\/\/x.com\/Pag10com","https:\/\/www.instagram.com\/pagina10col\/","https:\/\/youtube.com\/channel\/pag10","https:\/\/www.tiktok.com\/@p10col"]},{"@type":"Person","@id":"https:\/\/pagina10.com\/web\/#\/schema\/person\/2efc4a090d25b667d3bc796798a3a81b","name":"P\u00e1gina 10","description":"P\u00e1gina 10 es un peri\u00f3dico regional que nace en Colombia, en el departamento de Nari\u00f1o, con un enfoque global, fundamentado en cuatro pilares esenciales: la libertad, el pluralismo, la inclusi\u00f3n y la independencia. P\u00e1gina 10 hace referencia a Nari\u00f1o como el d\u00e9cimo departamento creado en Colombia, despu\u00e9s de un proceso pol\u00edtico liderado por actores y actrices regionales con el fin de obtener la independencia y autonom\u00eda de nuestros territorios. Con la creaci\u00f3n de P\u00e1gina 10 se pretende abrir un escenario para el dialogo, la reflexi\u00f3n y el debate que se extienda a otras geograf\u00edas de Am\u00e9rica Latina y del planeta, en una apuesta por transformar colectivamente los desaf\u00edos de un mundo contempor\u00e1neo, m\u00e1s all\u00e1 de las fronteras impuestas.","url":"https:\/\/pagina10.com\/web\/author\/pdiezadmin\/"}]}},"_links":{"self":[{"href":"https:\/\/pagina10.com\/web\/wp-json\/wp\/v2\/posts\/65867","targetHints":{"allow":["GET"]}}],"collection":[{"href":"https:\/\/pagina10.com\/web\/wp-json\/wp\/v2\/posts"}],"about":[{"href":"https:\/\/pagina10.com\/web\/wp-json\/wp\/v2\/types\/post"}],"author":[{"embeddable":true,"href":"https:\/\/pagina10.com\/web\/wp-json\/wp\/v2\/users\/1"}],"replies":[{"embeddable":true,"href":"https:\/\/pagina10.com\/web\/wp-json\/wp\/v2\/comments?post=65867"}],"version-history":[{"count":2,"href":"https:\/\/pagina10.com\/web\/wp-json\/wp\/v2\/posts\/65867\/revisions"}],"predecessor-version":[{"id":65872,"href":"https:\/\/pagina10.com\/web\/wp-json\/wp\/v2\/posts\/65867\/revisions\/65872"}],"wp:featuredmedia":[{"embeddable":true,"href":"https:\/\/pagina10.com\/web\/wp-json\/wp\/v2\/media\/54332"}],"wp:attachment":[{"href":"https:\/\/pagina10.com\/web\/wp-json\/wp\/v2\/media?parent=65867"}],"wp:term":[{"taxonomy":"category","embeddable":true,"href":"https:\/\/pagina10.com\/web\/wp-json\/wp\/v2\/categories?post=65867"},{"taxonomy":"post_tag","embeddable":true,"href":"https:\/\/pagina10.com\/web\/wp-json\/wp\/v2\/tags?post=65867"}],"curies":[{"name":"wp","href":"https:\/\/api.w.org\/{rel}","templated":true}]}}