{"id":65891,"date":"2023-05-20T22:17:06","date_gmt":"2023-05-21T03:17:06","guid":{"rendered":"https:\/\/pagina10.com\/web\/?p=65891"},"modified":"2023-05-20T22:17:06","modified_gmt":"2023-05-21T03:17:06","slug":"en-pasto-el-aparente-exceso-en-el-cobro-de-la-carrera-habria-motivado-la-discusion","status":"publish","type":"post","link":"https:\/\/pagina10.com\/web\/en-pasto-el-aparente-exceso-en-el-cobro-de-la-carrera-habria-motivado-la-discusion\/","title":{"rendered":"En Pasto, el aparente exceso en el cobro de la carrera habr\u00eda motivado la discusi\u00f3n."},"content":{"rendered":"<p style=\"text-align: justify;\">Un nuevo caso de intolerancia fue atendido prontamente por uniformados de la Polic\u00eda Metropolitana Pasto, al occidente de la ciudad.<\/p>\n<p style=\"text-align: justify;\">Un taxista que prest\u00f3 el servicio a una pareja hasta el barrio Nueva Colombia fue objeto de maltrato f\u00edsico por uno de los pasajeros, que al parecer bajo efectos del alcohol se molest\u00f3 cuando le cobraron la carrera.<\/p>\n<p style=\"text-align: justify;\">Una de las patrullas al servicio del CAI Granada que pasaba por el lugar se percat\u00f3 del hecho, procediendo a detener al agresor, un hombre de 35 a\u00f1os de profesi\u00f3n carpintero, quien finalmente fue capturado por el delito de lesiones personales.<\/p>\n","protected":false},"excerpt":{"rendered":"<p>Un nuevo caso de intolerancia fue atendido prontamente por uniformados de la Polic\u00eda Metropolitana Pasto, al occidente de la ciudad. Un taxista que prest\u00f3 el servicio a una pareja hasta el barrio Nueva Colombia fue objeto de maltrato f\u00edsico por uno de los pasajeros, que al parecer bajo efectos del alcohol se molest\u00f3 cuando le [&hellip;]<\/p>\n","protected":false},"author":1,"featured_media":65892,"comment_status":"open","ping_status":"open","sticky":false,"template":"","format":"standard","meta":{"footnotes":""},"categories":[82],"tags":[],"class_list":["post-65891","post","type-post","status-publish","format-standard","has-post-thumbnail","hentry","category-ciudad-2"],"yoast_head":"<!-- This site is optimized with the Yoast SEO plugin v27.1.1 - https:\/\/yoast.com\/product\/yoast-seo-wordpress\/ -->\n<title>En Pasto, el aparente exceso en el cobro de la carrera habr\u00eda motivado la discusi\u00f3n. | P\u00e1gina10<\/title>\n<meta name=\"robots\" content=\"index, follow, max-snippet:-1, max-image-preview:large, max-video-preview:-1\" \/>\n<link rel=\"canonical\" href=\"https:\/\/pagina10.com\/web\/en-pasto-el-aparente-exceso-en-el-cobro-de-la-carrera-habria-motivado-la-discusion\/\" \/>\n<meta property=\"og:locale\" content=\"es_ES\" \/>\n<meta property=\"og:type\" content=\"article\" \/>\n<meta property=\"og:title\" content=\"En Pasto, el aparente exceso en el cobro de la carrera habr\u00eda motivado la discusi\u00f3n. | P\u00e1gina10\" \/>\n<meta property=\"og:description\" content=\"Un nuevo caso de intolerancia fue atendido prontamente por uniformados de la Polic\u00eda Metropolitana Pasto, al occidente de la ciudad. Un taxista que prest\u00f3 el servicio a una pareja hasta el barrio Nueva Colombia fue objeto de maltrato f\u00edsico por uno de los pasajeros, que al parecer bajo efectos del alcohol se molest\u00f3 cuando le [&hellip;]\" \/>\n<meta property=\"og:url\" content=\"https:\/\/pagina10.com\/web\/en-pasto-el-aparente-exceso-en-el-cobro-de-la-carrera-habria-motivado-la-discusion\/\" \/>\n<meta property=\"og:site_name\" content=\"P\u00e1gina10\" \/>\n<meta property=\"article:publisher\" content=\"https:\/\/www.facebook.com\/pag10com\" \/>\n<meta property=\"article:published_time\" content=\"2023-05-21T03:17:06+00:00\" \/>\n<meta property=\"og:image\" content=\"https:\/\/pagina10.com\/web\/wp-content\/uploads\/2023\/05\/WhatsApp-Image-2023-05-19-at-9.35.27-AM-e1684639016304.jpeg\" \/>\n\t<meta property=\"og:image:width\" content=\"860\" \/>\n\t<meta property=\"og:image:height\" content=\"611\" \/>\n\t<meta property=\"og:image:type\" content=\"image\/jpeg\" \/>\n<meta name=\"author\" content=\"P\u00e1gina 10\" \/>\n<meta name=\"twitter:card\" content=\"summary_large_image\" \/>\n<meta name=\"twitter:creator\" content=\"@Pag10com\" \/>\n<meta name=\"twitter:site\" content=\"@Pag10com\" \/>\n<meta name=\"twitter:label1\" content=\"Escrito por\" \/>\n\t<meta name=\"twitter:data1\" content=\"P\u00e1gina 10\" \/>\n\t<meta name=\"twitter:label2\" content=\"Tiempo de lectura\" \/>\n\t<meta name=\"twitter:data2\" content=\"1 minuto\" \/>\n<script type=\"application\/ld+json\" class=\"yoast-schema-graph\">{\"@context\":\"https:\/\/schema.org\",\"@graph\":[{\"@type\":\"Article\",\"@id\":\"https:\/\/pagina10.com\/web\/en-pasto-el-aparente-exceso-en-el-cobro-de-la-carrera-habria-motivado-la-discusion\/#article\",\"isPartOf\":{\"@id\":\"https:\/\/pagina10.com\/web\/en-pasto-el-aparente-exceso-en-el-cobro-de-la-carrera-habria-motivado-la-discusion\/\"},\"author\":{\"name\":\"P\u00e1gina 10\",\"@id\":\"https:\/\/pagina10.com\/web\/#\/schema\/person\/2efc4a090d25b667d3bc796798a3a81b\"},\"headline\":\"En Pasto, el aparente exceso en el cobro de la carrera habr\u00eda motivado la discusi\u00f3n.\",\"datePublished\":\"2023-05-21T03:17:06+00:00\",\"mainEntityOfPage\":{\"@id\":\"https:\/\/pagina10.com\/web\/en-pasto-el-aparente-exceso-en-el-cobro-de-la-carrera-habria-motivado-la-discusion\/\"},\"wordCount\":119,\"commentCount\":0,\"publisher\":{\"@id\":\"https:\/\/pagina10.com\/web\/#organization\"},\"image\":{\"@id\":\"https:\/\/pagina10.com\/web\/en-pasto-el-aparente-exceso-en-el-cobro-de-la-carrera-habria-motivado-la-discusion\/#primaryimage\"},\"thumbnailUrl\":\"https:\/\/pagina10.com\/web\/wp-content\/uploads\/2023\/05\/WhatsApp-Image-2023-05-19-at-9.35.27-AM-e1684639016304.jpeg\",\"articleSection\":[\"Ciudad\"],\"inLanguage\":\"es\",\"potentialAction\":[{\"@type\":\"CommentAction\",\"name\":\"Comment\",\"target\":[\"https:\/\/pagina10.com\/web\/en-pasto-el-aparente-exceso-en-el-cobro-de-la-carrera-habria-motivado-la-discusion\/#respond\"]}]},{\"@type\":\"WebPage\",\"@id\":\"https:\/\/pagina10.com\/web\/en-pasto-el-aparente-exceso-en-el-cobro-de-la-carrera-habria-motivado-la-discusion\/\",\"url\":\"https:\/\/pagina10.com\/web\/en-pasto-el-aparente-exceso-en-el-cobro-de-la-carrera-habria-motivado-la-discusion\/\",\"name\":\"En Pasto, el aparente exceso en el cobro de la carrera habr\u00eda motivado la discusi\u00f3n. | P\u00e1gina10\",\"isPartOf\":{\"@id\":\"https:\/\/pagina10.com\/web\/#website\"},\"primaryImageOfPage\":{\"@id\":\"https:\/\/pagina10.com\/web\/en-pasto-el-aparente-exceso-en-el-cobro-de-la-carrera-habria-motivado-la-discusion\/#primaryimage\"},\"image\":{\"@id\":\"https:\/\/pagina10.com\/web\/en-pasto-el-aparente-exceso-en-el-cobro-de-la-carrera-habria-motivado-la-discusion\/#primaryimage\"},\"thumbnailUrl\":\"https:\/\/pagina10.com\/web\/wp-content\/uploads\/2023\/05\/WhatsApp-Image-2023-05-19-at-9.35.27-AM-e1684639016304.jpeg\",\"datePublished\":\"2023-05-21T03:17:06+00:00\",\"breadcrumb\":{\"@id\":\"https:\/\/pagina10.com\/web\/en-pasto-el-aparente-exceso-en-el-cobro-de-la-carrera-habria-motivado-la-discusion\/#breadcrumb\"},\"inLanguage\":\"es\",\"potentialAction\":[{\"@type\":\"ReadAction\",\"target\":[\"https:\/\/pagina10.com\/web\/en-pasto-el-aparente-exceso-en-el-cobro-de-la-carrera-habria-motivado-la-discusion\/\"]}]},{\"@type\":\"ImageObject\",\"inLanguage\":\"es\",\"@id\":\"https:\/\/pagina10.com\/web\/en-pasto-el-aparente-exceso-en-el-cobro-de-la-carrera-habria-motivado-la-discusion\/#primaryimage\",\"url\":\"https:\/\/pagina10.com\/web\/wp-content\/uploads\/2023\/05\/WhatsApp-Image-2023-05-19-at-9.35.27-AM-e1684639016304.jpeg\",\"contentUrl\":\"https:\/\/pagina10.com\/web\/wp-content\/uploads\/2023\/05\/WhatsApp-Image-2023-05-19-at-9.35.27-AM-e1684639016304.jpeg\",\"width\":860,\"height\":611},{\"@type\":\"BreadcrumbList\",\"@id\":\"https:\/\/pagina10.com\/web\/en-pasto-el-aparente-exceso-en-el-cobro-de-la-carrera-habria-motivado-la-discusion\/#breadcrumb\",\"itemListElement\":[{\"@type\":\"ListItem\",\"position\":1,\"name\":\"Portada\",\"item\":\"https:\/\/pagina10.com\/web\/\"},{\"@type\":\"ListItem\",\"position\":2,\"name\":\"En Pasto, el aparente exceso en el cobro de la carrera habr\u00eda motivado la discusi\u00f3n.\"}]},{\"@type\":\"WebSite\",\"@id\":\"https:\/\/pagina10.com\/web\/#website\",\"url\":\"https:\/\/pagina10.com\/web\/\",\"name\":\"P\u00e1gina10\",\"description\":\"Peri\u00f3dico Regional\",\"publisher\":{\"@id\":\"https:\/\/pagina10.com\/web\/#organization\"},\"alternateName\":\"P\u00e1gina10 Peri\u00f3dico Regional\",\"potentialAction\":[{\"@type\":\"SearchAction\",\"target\":{\"@type\":\"EntryPoint\",\"urlTemplate\":\"https:\/\/pagina10.com\/web\/?s={search_term_string}\"},\"query-input\":{\"@type\":\"PropertyValueSpecification\",\"valueRequired\":true,\"valueName\":\"search_term_string\"}}],\"inLanguage\":\"es\"},{\"@type\":\"Organization\",\"@id\":\"https:\/\/pagina10.com\/web\/#organization\",\"name\":\"P\u00e1gina10\",\"alternateName\":\"P\u00e1gina10 Peri\u00f3dico Regional\",\"url\":\"https:\/\/pagina10.com\/web\/\",\"logo\":{\"@type\":\"ImageObject\",\"inLanguage\":\"es\",\"@id\":\"https:\/\/pagina10.com\/web\/#\/schema\/logo\/image\/\",\"url\":\"https:\/\/pagina10.com\/web\/wp-content\/uploads\/2024\/01\/40-pagina-10-periodico-regional-pasto.jpg\",\"contentUrl\":\"https:\/\/pagina10.com\/web\/wp-content\/uploads\/2024\/01\/40-pagina-10-periodico-regional-pasto.jpg\",\"width\":1280,\"height\":720,\"caption\":\"P\u00e1gina10\"},\"image\":{\"@id\":\"https:\/\/pagina10.com\/web\/#\/schema\/logo\/image\/\"},\"sameAs\":[\"https:\/\/www.facebook.com\/pag10com\",\"https:\/\/x.com\/Pag10com\",\"https:\/\/www.instagram.com\/pagina10col\/\",\"https:\/\/youtube.com\/channel\/pag10\",\"https:\/\/www.tiktok.com\/@p10col\"]},{\"@type\":\"Person\",\"@id\":\"https:\/\/pagina10.com\/web\/#\/schema\/person\/2efc4a090d25b667d3bc796798a3a81b\",\"name\":\"P\u00e1gina 10\",\"description\":\"P\u00e1gina 10 es un peri\u00f3dico regional que nace en Colombia, en el departamento de Nari\u00f1o, con un enfoque global, fundamentado en cuatro pilares esenciales: la libertad, el pluralismo, la inclusi\u00f3n y la independencia. P\u00e1gina 10 hace referencia a Nari\u00f1o como el d\u00e9cimo departamento creado en Colombia, despu\u00e9s de un proceso pol\u00edtico liderado por actores y actrices regionales con el fin de obtener la independencia y autonom\u00eda de nuestros territorios. Con la creaci\u00f3n de P\u00e1gina 10 se pretende abrir un escenario para el dialogo, la reflexi\u00f3n y el debate que se extienda a otras geograf\u00edas de Am\u00e9rica Latina y del planeta, en una apuesta por transformar colectivamente los desaf\u00edos de un mundo contempor\u00e1neo, m\u00e1s all\u00e1 de las fronteras impuestas.\",\"url\":\"https:\/\/pagina10.com\/web\/author\/pdiezadmin\/\"}]}<\/script>\n<!-- \/ Yoast SEO plugin. -->","yoast_head_json":{"title":"En Pasto, el aparente exceso en el cobro de la carrera habr\u00eda motivado la discusi\u00f3n. | P\u00e1gina10","robots":{"index":"index","follow":"follow","max-snippet":"max-snippet:-1","max-image-preview":"max-image-preview:large","max-video-preview":"max-video-preview:-1"},"canonical":"https:\/\/pagina10.com\/web\/en-pasto-el-aparente-exceso-en-el-cobro-de-la-carrera-habria-motivado-la-discusion\/","og_locale":"es_ES","og_type":"article","og_title":"En Pasto, el aparente exceso en el cobro de la carrera habr\u00eda motivado la discusi\u00f3n. | P\u00e1gina10","og_description":"Un nuevo caso de intolerancia fue atendido prontamente por uniformados de la Polic\u00eda Metropolitana Pasto, al occidente de la ciudad. Un taxista que prest\u00f3 el servicio a una pareja hasta el barrio Nueva Colombia fue objeto de maltrato f\u00edsico por uno de los pasajeros, que al parecer bajo efectos del alcohol se molest\u00f3 cuando le [&hellip;]","og_url":"https:\/\/pagina10.com\/web\/en-pasto-el-aparente-exceso-en-el-cobro-de-la-carrera-habria-motivado-la-discusion\/","og_site_name":"P\u00e1gina10","article_publisher":"https:\/\/www.facebook.com\/pag10com","article_published_time":"2023-05-21T03:17:06+00:00","og_image":[{"width":860,"height":611,"url":"https:\/\/pagina10.com\/web\/wp-content\/uploads\/2023\/05\/WhatsApp-Image-2023-05-19-at-9.35.27-AM-e1684639016304.jpeg","type":"image\/jpeg"}],"author":"P\u00e1gina 10","twitter_card":"summary_large_image","twitter_creator":"@Pag10com","twitter_site":"@Pag10com","twitter_misc":{"Escrito por":"P\u00e1gina 10","Tiempo de lectura":"1 minuto"},"schema":{"@context":"https:\/\/schema.org","@graph":[{"@type":"Article","@id":"https:\/\/pagina10.com\/web\/en-pasto-el-aparente-exceso-en-el-cobro-de-la-carrera-habria-motivado-la-discusion\/#article","isPartOf":{"@id":"https:\/\/pagina10.com\/web\/en-pasto-el-aparente-exceso-en-el-cobro-de-la-carrera-habria-motivado-la-discusion\/"},"author":{"name":"P\u00e1gina 10","@id":"https:\/\/pagina10.com\/web\/#\/schema\/person\/2efc4a090d25b667d3bc796798a3a81b"},"headline":"En Pasto, el aparente exceso en el cobro de la carrera habr\u00eda motivado la discusi\u00f3n.","datePublished":"2023-05-21T03:17:06+00:00","mainEntityOfPage":{"@id":"https:\/\/pagina10.com\/web\/en-pasto-el-aparente-exceso-en-el-cobro-de-la-carrera-habria-motivado-la-discusion\/"},"wordCount":119,"commentCount":0,"publisher":{"@id":"https:\/\/pagina10.com\/web\/#organization"},"image":{"@id":"https:\/\/pagina10.com\/web\/en-pasto-el-aparente-exceso-en-el-cobro-de-la-carrera-habria-motivado-la-discusion\/#primaryimage"},"thumbnailUrl":"https:\/\/pagina10.com\/web\/wp-content\/uploads\/2023\/05\/WhatsApp-Image-2023-05-19-at-9.35.27-AM-e1684639016304.jpeg","articleSection":["Ciudad"],"inLanguage":"es","potentialAction":[{"@type":"CommentAction","name":"Comment","target":["https:\/\/pagina10.com\/web\/en-pasto-el-aparente-exceso-en-el-cobro-de-la-carrera-habria-motivado-la-discusion\/#respond"]}]},{"@type":"WebPage","@id":"https:\/\/pagina10.com\/web\/en-pasto-el-aparente-exceso-en-el-cobro-de-la-carrera-habria-motivado-la-discusion\/","url":"https:\/\/pagina10.com\/web\/en-pasto-el-aparente-exceso-en-el-cobro-de-la-carrera-habria-motivado-la-discusion\/","name":"En Pasto, el aparente exceso en el cobro de la carrera habr\u00eda motivado la discusi\u00f3n. | P\u00e1gina10","isPartOf":{"@id":"https:\/\/pagina10.com\/web\/#website"},"primaryImageOfPage":{"@id":"https:\/\/pagina10.com\/web\/en-pasto-el-aparente-exceso-en-el-cobro-de-la-carrera-habria-motivado-la-discusion\/#primaryimage"},"image":{"@id":"https:\/\/pagina10.com\/web\/en-pasto-el-aparente-exceso-en-el-cobro-de-la-carrera-habria-motivado-la-discusion\/#primaryimage"},"thumbnailUrl":"https:\/\/pagina10.com\/web\/wp-content\/uploads\/2023\/05\/WhatsApp-Image-2023-05-19-at-9.35.27-AM-e1684639016304.jpeg","datePublished":"2023-05-21T03:17:06+00:00","breadcrumb":{"@id":"https:\/\/pagina10.com\/web\/en-pasto-el-aparente-exceso-en-el-cobro-de-la-carrera-habria-motivado-la-discusion\/#breadcrumb"},"inLanguage":"es","potentialAction":[{"@type":"ReadAction","target":["https:\/\/pagina10.com\/web\/en-pasto-el-aparente-exceso-en-el-cobro-de-la-carrera-habria-motivado-la-discusion\/"]}]},{"@type":"ImageObject","inLanguage":"es","@id":"https:\/\/pagina10.com\/web\/en-pasto-el-aparente-exceso-en-el-cobro-de-la-carrera-habria-motivado-la-discusion\/#primaryimage","url":"https:\/\/pagina10.com\/web\/wp-content\/uploads\/2023\/05\/WhatsApp-Image-2023-05-19-at-9.35.27-AM-e1684639016304.jpeg","contentUrl":"https:\/\/pagina10.com\/web\/wp-content\/uploads\/2023\/05\/WhatsApp-Image-2023-05-19-at-9.35.27-AM-e1684639016304.jpeg","width":860,"height":611},{"@type":"BreadcrumbList","@id":"https:\/\/pagina10.com\/web\/en-pasto-el-aparente-exceso-en-el-cobro-de-la-carrera-habria-motivado-la-discusion\/#breadcrumb","itemListElement":[{"@type":"ListItem","position":1,"name":"Portada","item":"https:\/\/pagina10.com\/web\/"},{"@type":"ListItem","position":2,"name":"En Pasto, el aparente exceso en el cobro de la carrera habr\u00eda motivado la discusi\u00f3n."}]},{"@type":"WebSite","@id":"https:\/\/pagina10.com\/web\/#website","url":"https:\/\/pagina10.com\/web\/","name":"P\u00e1gina10","description":"Peri\u00f3dico Regional","publisher":{"@id":"https:\/\/pagina10.com\/web\/#organization"},"alternateName":"P\u00e1gina10 Peri\u00f3dico Regional","potentialAction":[{"@type":"SearchAction","target":{"@type":"EntryPoint","urlTemplate":"https:\/\/pagina10.com\/web\/?s={search_term_string}"},"query-input":{"@type":"PropertyValueSpecification","valueRequired":true,"valueName":"search_term_string"}}],"inLanguage":"es"},{"@type":"Organization","@id":"https:\/\/pagina10.com\/web\/#organization","name":"P\u00e1gina10","alternateName":"P\u00e1gina10 Peri\u00f3dico Regional","url":"https:\/\/pagina10.com\/web\/","logo":{"@type":"ImageObject","inLanguage":"es","@id":"https:\/\/pagina10.com\/web\/#\/schema\/logo\/image\/","url":"https:\/\/pagina10.com\/web\/wp-content\/uploads\/2024\/01\/40-pagina-10-periodico-regional-pasto.jpg","contentUrl":"https:\/\/pagina10.com\/web\/wp-content\/uploads\/2024\/01\/40-pagina-10-periodico-regional-pasto.jpg","width":1280,"height":720,"caption":"P\u00e1gina10"},"image":{"@id":"https:\/\/pagina10.com\/web\/#\/schema\/logo\/image\/"},"sameAs":["https:\/\/www.facebook.com\/pag10com","https:\/\/x.com\/Pag10com","https:\/\/www.instagram.com\/pagina10col\/","https:\/\/youtube.com\/channel\/pag10","https:\/\/www.tiktok.com\/@p10col"]},{"@type":"Person","@id":"https:\/\/pagina10.com\/web\/#\/schema\/person\/2efc4a090d25b667d3bc796798a3a81b","name":"P\u00e1gina 10","description":"P\u00e1gina 10 es un peri\u00f3dico regional que nace en Colombia, en el departamento de Nari\u00f1o, con un enfoque global, fundamentado en cuatro pilares esenciales: la libertad, el pluralismo, la inclusi\u00f3n y la independencia. P\u00e1gina 10 hace referencia a Nari\u00f1o como el d\u00e9cimo departamento creado en Colombia, despu\u00e9s de un proceso pol\u00edtico liderado por actores y actrices regionales con el fin de obtener la independencia y autonom\u00eda de nuestros territorios. Con la creaci\u00f3n de P\u00e1gina 10 se pretende abrir un escenario para el dialogo, la reflexi\u00f3n y el debate que se extienda a otras geograf\u00edas de Am\u00e9rica Latina y del planeta, en una apuesta por transformar colectivamente los desaf\u00edos de un mundo contempor\u00e1neo, m\u00e1s all\u00e1 de las fronteras impuestas.","url":"https:\/\/pagina10.com\/web\/author\/pdiezadmin\/"}]}},"_links":{"self":[{"href":"https:\/\/pagina10.com\/web\/wp-json\/wp\/v2\/posts\/65891","targetHints":{"allow":["GET"]}}],"collection":[{"href":"https:\/\/pagina10.com\/web\/wp-json\/wp\/v2\/posts"}],"about":[{"href":"https:\/\/pagina10.com\/web\/wp-json\/wp\/v2\/types\/post"}],"author":[{"embeddable":true,"href":"https:\/\/pagina10.com\/web\/wp-json\/wp\/v2\/users\/1"}],"replies":[{"embeddable":true,"href":"https:\/\/pagina10.com\/web\/wp-json\/wp\/v2\/comments?post=65891"}],"version-history":[{"count":1,"href":"https:\/\/pagina10.com\/web\/wp-json\/wp\/v2\/posts\/65891\/revisions"}],"predecessor-version":[{"id":65893,"href":"https:\/\/pagina10.com\/web\/wp-json\/wp\/v2\/posts\/65891\/revisions\/65893"}],"wp:featuredmedia":[{"embeddable":true,"href":"https:\/\/pagina10.com\/web\/wp-json\/wp\/v2\/media\/65892"}],"wp:attachment":[{"href":"https:\/\/pagina10.com\/web\/wp-json\/wp\/v2\/media?parent=65891"}],"wp:term":[{"taxonomy":"category","embeddable":true,"href":"https:\/\/pagina10.com\/web\/wp-json\/wp\/v2\/categories?post=65891"},{"taxonomy":"post_tag","embeddable":true,"href":"https:\/\/pagina10.com\/web\/wp-json\/wp\/v2\/tags?post=65891"}],"curies":[{"name":"wp","href":"https:\/\/api.w.org\/{rel}","templated":true}]}}