{"id":65921,"date":"2023-05-22T11:50:58","date_gmt":"2023-05-22T16:50:58","guid":{"rendered":"https:\/\/pagina10.com\/web\/?p=65921"},"modified":"2023-05-23T23:54:44","modified_gmt":"2023-05-24T04:54:44","slug":"cruz-roja-en-narino-celebra-el-dia-de-la-banderita-y-espera-la-donacion-de-la-comunidad","status":"publish","type":"post","link":"https:\/\/pagina10.com\/web\/cruz-roja-en-narino-celebra-el-dia-de-la-banderita-y-espera-la-donacion-de-la-comunidad\/","title":{"rendered":"Cruz Roja en Nari\u00f1o celebra el d\u00eda de la Banderita y espera la donaci\u00f3n de la comunidad"},"content":{"rendered":"<p style=\"text-align: justify;\">Con el lema <strong>\u201cTu acci\u00f3n es el cambio\u201d<\/strong>, la Cruz Roja en Nari\u00f1o realizar\u00e1 el lanzamiento de la \u201cCampa\u00f1a Banderita 2023\u201d, jornada que la instituci\u00f3n humanitaria realiza cada a\u00f1o y en la que invita a colombianos a unirse para ayudar a las comunidades que m\u00e1s lo necesitan y demostrar su solidaridad, a trav\u00e9s de la donaci\u00f3n desinteresada.<\/p>\n<p style=\"text-align: justify;\">El d\u00eda principal de recolecci\u00f3n en la capital de Nari\u00f1o, se desarrollar\u00e1 el viernes 26 de mayo, a partir de las 8:00 a.m., en la cual, directivos, empleados y voluntarios de la instituci\u00f3n (debidamente uniformados), estar\u00e1n prestos atender a las personas que deseen realizar su donaci\u00f3n, en 9 puntos de recolecci\u00f3n:<\/p>\n<ul>\n<li>Casa Don Lorenzo<\/li>\n<li>Gobernaci\u00f3n de Nari\u00f1o<\/li>\n<li>Alkosto Bol\u00edvar y \u00danico Outlet<\/li>\n<li>Alkosto Centro<\/li>\n<li>\u00c9xito Centro<\/li>\n<li>Amorel Centro<\/li>\n<li>Unicentro<\/li>\n<li>Valle de Atriz<\/li>\n<li>Bombon\u00e1<\/li>\n<\/ul>\n<p style=\"text-align: justify;\">Esta misma campa\u00f1a se desarrollar\u00e1 en los 32 departamentos del pa\u00eds y en 250 municipios donde la Cruz Roja Colombiana hace presencia y busca, adem\u00e1s de recaudar fondos econ\u00f3micos para enaltecer el accionar humanitario de la Instituci\u00f3n y as\u00ed dar continuidad a su labor.<\/p>\n<p style=\"text-align: justify;\">Los recursos recaudados en la campa\u00f1a 2023, que se extender\u00e1 a todo el mes de mayo, se invertir\u00e1n en el fortalecimiento del \u00e1rea de salud y educaci\u00f3n que beneficien a la ciudadan\u00eda en procesos formativos y de atenci\u00f3n integral en salud.<\/p>\n<p style=\"text-align: justify;\"><em>Si la comunidad est\u00e1 interesada en apoyar la iniciativa, podr\u00e1 consultar los mecanismos para poder realizar su donaci\u00f3n, a trav\u00e9s de los canales digitales de Cruz Roja.<\/em><\/p>\n<p>&nbsp;<\/p>\n<p><img fetchpriority=\"high\" decoding=\"async\" class=\"aligncenter size-large wp-image-65922\" src=\"https:\/\/pagina10.com\/web\/wp-content\/uploads\/2023\/05\/Campana-Dia-de-la-Banderita-2023-1024x379.jpg\" alt=\"Cruz Roja Nari\u00f1o\" width=\"1024\" height=\"379\" srcset=\"https:\/\/pagina10.com\/web\/wp-content\/uploads\/2023\/05\/Campana-Dia-de-la-Banderita-2023-1024x379.jpg 1024w, https:\/\/pagina10.com\/web\/wp-content\/uploads\/2023\/05\/Campana-Dia-de-la-Banderita-2023-300x111.jpg 300w, https:\/\/pagina10.com\/web\/wp-content\/uploads\/2023\/05\/Campana-Dia-de-la-Banderita-2023-768x284.jpg 768w, https:\/\/pagina10.com\/web\/wp-content\/uploads\/2023\/05\/Campana-Dia-de-la-Banderita-2023-1536x569.jpg 1536w, https:\/\/pagina10.com\/web\/wp-content\/uploads\/2023\/05\/Campana-Dia-de-la-Banderita-2023.jpg 1728w\" sizes=\"(max-width: 1024px) 100vw, 1024px\" \/>#P\u00e1gina10<\/p>\n","protected":false},"excerpt":{"rendered":"<p>Con el lema \u201cTu acci\u00f3n es el cambio\u201d, la Cruz Roja en Nari\u00f1o realizar\u00e1 el lanzamiento de la \u201cCampa\u00f1a Banderita 2023\u201d, jornada que la instituci\u00f3n humanitaria realiza cada a\u00f1o y en la que invita a colombianos a unirse para ayudar a las comunidades que m\u00e1s lo necesitan y demostrar su solidaridad, a trav\u00e9s de la [&hellip;]<\/p>\n","protected":false},"author":1,"featured_media":65929,"comment_status":"open","ping_status":"open","sticky":false,"template":"","format":"standard","meta":{"footnotes":""},"categories":[82],"tags":[1658,1657,1656,308],"class_list":["post-65921","post","type-post","status-publish","format-standard","has-post-thumbnail","hentry","category-ciudad-2","tag-accion-humanitaria","tag-banderita","tag-cruz-roja","tag-narino"],"yoast_head":"<!-- This site is optimized with the Yoast SEO plugin v27.1.1 - https:\/\/yoast.com\/product\/yoast-seo-wordpress\/ -->\n<title>Cruz Roja en Nari\u00f1o celebra el d\u00eda de la Banderita y espera la donaci\u00f3n de la comunidad | P\u00e1gina10<\/title>\n<meta name=\"robots\" content=\"index, follow, max-snippet:-1, max-image-preview:large, max-video-preview:-1\" \/>\n<link rel=\"canonical\" href=\"https:\/\/pagina10.com\/web\/cruz-roja-en-narino-celebra-el-dia-de-la-banderita-y-espera-la-donacion-de-la-comunidad\/\" \/>\n<meta property=\"og:locale\" content=\"es_ES\" \/>\n<meta property=\"og:type\" content=\"article\" \/>\n<meta property=\"og:title\" content=\"Cruz Roja en Nari\u00f1o celebra el d\u00eda de la Banderita y espera la donaci\u00f3n de la comunidad | P\u00e1gina10\" \/>\n<meta property=\"og:description\" content=\"Con el lema \u201cTu acci\u00f3n es el cambio\u201d, la Cruz Roja en Nari\u00f1o realizar\u00e1 el lanzamiento de la \u201cCampa\u00f1a Banderita 2023\u201d, jornada que la instituci\u00f3n humanitaria realiza cada a\u00f1o y en la que invita a colombianos a unirse para ayudar a las comunidades que m\u00e1s lo necesitan y demostrar su solidaridad, a trav\u00e9s de la [&hellip;]\" \/>\n<meta property=\"og:url\" content=\"https:\/\/pagina10.com\/web\/cruz-roja-en-narino-celebra-el-dia-de-la-banderita-y-espera-la-donacion-de-la-comunidad\/\" \/>\n<meta property=\"og:site_name\" content=\"P\u00e1gina10\" \/>\n<meta property=\"article:publisher\" content=\"https:\/\/www.facebook.com\/pag10com\" \/>\n<meta property=\"article:published_time\" content=\"2023-05-22T16:50:58+00:00\" \/>\n<meta property=\"article:modified_time\" content=\"2023-05-24T04:54:44+00:00\" \/>\n<meta property=\"og:image\" content=\"https:\/\/pagina10.com\/web\/wp-content\/uploads\/2023\/05\/Cruz-Roja-Narino..jpeg\" \/>\n\t<meta property=\"og:image:width\" content=\"1280\" \/>\n\t<meta property=\"og:image:height\" content=\"960\" \/>\n\t<meta property=\"og:image:type\" content=\"image\/jpeg\" \/>\n<meta name=\"author\" content=\"P\u00e1gina 10\" \/>\n<meta name=\"twitter:card\" content=\"summary_large_image\" \/>\n<meta name=\"twitter:creator\" content=\"@Pag10com\" \/>\n<meta name=\"twitter:site\" content=\"@Pag10com\" \/>\n<meta name=\"twitter:label1\" content=\"Escrito por\" \/>\n\t<meta name=\"twitter:data1\" content=\"P\u00e1gina 10\" \/>\n\t<meta name=\"twitter:label2\" content=\"Tiempo de lectura\" \/>\n\t<meta name=\"twitter:data2\" content=\"1 minuto\" \/>\n<script type=\"application\/ld+json\" class=\"yoast-schema-graph\">{\"@context\":\"https:\/\/schema.org\",\"@graph\":[{\"@type\":\"Article\",\"@id\":\"https:\/\/pagina10.com\/web\/cruz-roja-en-narino-celebra-el-dia-de-la-banderita-y-espera-la-donacion-de-la-comunidad\/#article\",\"isPartOf\":{\"@id\":\"https:\/\/pagina10.com\/web\/cruz-roja-en-narino-celebra-el-dia-de-la-banderita-y-espera-la-donacion-de-la-comunidad\/\"},\"author\":{\"name\":\"P\u00e1gina 10\",\"@id\":\"https:\/\/pagina10.com\/web\/#\/schema\/person\/2efc4a090d25b667d3bc796798a3a81b\"},\"headline\":\"Cruz Roja en Nari\u00f1o celebra el d\u00eda de la Banderita y espera la donaci\u00f3n de la comunidad\",\"datePublished\":\"2023-05-22T16:50:58+00:00\",\"dateModified\":\"2023-05-24T04:54:44+00:00\",\"mainEntityOfPage\":{\"@id\":\"https:\/\/pagina10.com\/web\/cruz-roja-en-narino-celebra-el-dia-de-la-banderita-y-espera-la-donacion-de-la-comunidad\/\"},\"wordCount\":289,\"commentCount\":0,\"publisher\":{\"@id\":\"https:\/\/pagina10.com\/web\/#organization\"},\"image\":{\"@id\":\"https:\/\/pagina10.com\/web\/cruz-roja-en-narino-celebra-el-dia-de-la-banderita-y-espera-la-donacion-de-la-comunidad\/#primaryimage\"},\"thumbnailUrl\":\"https:\/\/pagina10.com\/web\/wp-content\/uploads\/2023\/05\/Cruz-Roja-Narino..jpeg\",\"keywords\":[\"Acci\u00f3n Humanitaria\",\"Banderita\",\"Cruz Roja\",\"nari\u00f1o\"],\"articleSection\":[\"Ciudad\"],\"inLanguage\":\"es\",\"potentialAction\":[{\"@type\":\"CommentAction\",\"name\":\"Comment\",\"target\":[\"https:\/\/pagina10.com\/web\/cruz-roja-en-narino-celebra-el-dia-de-la-banderita-y-espera-la-donacion-de-la-comunidad\/#respond\"]}]},{\"@type\":\"WebPage\",\"@id\":\"https:\/\/pagina10.com\/web\/cruz-roja-en-narino-celebra-el-dia-de-la-banderita-y-espera-la-donacion-de-la-comunidad\/\",\"url\":\"https:\/\/pagina10.com\/web\/cruz-roja-en-narino-celebra-el-dia-de-la-banderita-y-espera-la-donacion-de-la-comunidad\/\",\"name\":\"Cruz Roja en Nari\u00f1o celebra el d\u00eda de la Banderita y espera la donaci\u00f3n de la comunidad | P\u00e1gina10\",\"isPartOf\":{\"@id\":\"https:\/\/pagina10.com\/web\/#website\"},\"primaryImageOfPage\":{\"@id\":\"https:\/\/pagina10.com\/web\/cruz-roja-en-narino-celebra-el-dia-de-la-banderita-y-espera-la-donacion-de-la-comunidad\/#primaryimage\"},\"image\":{\"@id\":\"https:\/\/pagina10.com\/web\/cruz-roja-en-narino-celebra-el-dia-de-la-banderita-y-espera-la-donacion-de-la-comunidad\/#primaryimage\"},\"thumbnailUrl\":\"https:\/\/pagina10.com\/web\/wp-content\/uploads\/2023\/05\/Cruz-Roja-Narino..jpeg\",\"datePublished\":\"2023-05-22T16:50:58+00:00\",\"dateModified\":\"2023-05-24T04:54:44+00:00\",\"breadcrumb\":{\"@id\":\"https:\/\/pagina10.com\/web\/cruz-roja-en-narino-celebra-el-dia-de-la-banderita-y-espera-la-donacion-de-la-comunidad\/#breadcrumb\"},\"inLanguage\":\"es\",\"potentialAction\":[{\"@type\":\"ReadAction\",\"target\":[\"https:\/\/pagina10.com\/web\/cruz-roja-en-narino-celebra-el-dia-de-la-banderita-y-espera-la-donacion-de-la-comunidad\/\"]}]},{\"@type\":\"ImageObject\",\"inLanguage\":\"es\",\"@id\":\"https:\/\/pagina10.com\/web\/cruz-roja-en-narino-celebra-el-dia-de-la-banderita-y-espera-la-donacion-de-la-comunidad\/#primaryimage\",\"url\":\"https:\/\/pagina10.com\/web\/wp-content\/uploads\/2023\/05\/Cruz-Roja-Narino..jpeg\",\"contentUrl\":\"https:\/\/pagina10.com\/web\/wp-content\/uploads\/2023\/05\/Cruz-Roja-Narino..jpeg\",\"width\":1280,\"height\":960},{\"@type\":\"BreadcrumbList\",\"@id\":\"https:\/\/pagina10.com\/web\/cruz-roja-en-narino-celebra-el-dia-de-la-banderita-y-espera-la-donacion-de-la-comunidad\/#breadcrumb\",\"itemListElement\":[{\"@type\":\"ListItem\",\"position\":1,\"name\":\"Portada\",\"item\":\"https:\/\/pagina10.com\/web\/\"},{\"@type\":\"ListItem\",\"position\":2,\"name\":\"Cruz Roja en Nari\u00f1o celebra el d\u00eda de la Banderita y espera la donaci\u00f3n de la comunidad\"}]},{\"@type\":\"WebSite\",\"@id\":\"https:\/\/pagina10.com\/web\/#website\",\"url\":\"https:\/\/pagina10.com\/web\/\",\"name\":\"P\u00e1gina10\",\"description\":\"Peri\u00f3dico Regional\",\"publisher\":{\"@id\":\"https:\/\/pagina10.com\/web\/#organization\"},\"alternateName\":\"P\u00e1gina10 Peri\u00f3dico Regional\",\"potentialAction\":[{\"@type\":\"SearchAction\",\"target\":{\"@type\":\"EntryPoint\",\"urlTemplate\":\"https:\/\/pagina10.com\/web\/?s={search_term_string}\"},\"query-input\":{\"@type\":\"PropertyValueSpecification\",\"valueRequired\":true,\"valueName\":\"search_term_string\"}}],\"inLanguage\":\"es\"},{\"@type\":\"Organization\",\"@id\":\"https:\/\/pagina10.com\/web\/#organization\",\"name\":\"P\u00e1gina10\",\"alternateName\":\"P\u00e1gina10 Peri\u00f3dico Regional\",\"url\":\"https:\/\/pagina10.com\/web\/\",\"logo\":{\"@type\":\"ImageObject\",\"inLanguage\":\"es\",\"@id\":\"https:\/\/pagina10.com\/web\/#\/schema\/logo\/image\/\",\"url\":\"https:\/\/pagina10.com\/web\/wp-content\/uploads\/2024\/01\/40-pagina-10-periodico-regional-pasto.jpg\",\"contentUrl\":\"https:\/\/pagina10.com\/web\/wp-content\/uploads\/2024\/01\/40-pagina-10-periodico-regional-pasto.jpg\",\"width\":1280,\"height\":720,\"caption\":\"P\u00e1gina10\"},\"image\":{\"@id\":\"https:\/\/pagina10.com\/web\/#\/schema\/logo\/image\/\"},\"sameAs\":[\"https:\/\/www.facebook.com\/pag10com\",\"https:\/\/x.com\/Pag10com\",\"https:\/\/www.instagram.com\/pagina10col\/\",\"https:\/\/youtube.com\/channel\/pag10\",\"https:\/\/www.tiktok.com\/@p10col\"]},{\"@type\":\"Person\",\"@id\":\"https:\/\/pagina10.com\/web\/#\/schema\/person\/2efc4a090d25b667d3bc796798a3a81b\",\"name\":\"P\u00e1gina 10\",\"description\":\"P\u00e1gina 10 es un peri\u00f3dico regional que nace en Colombia, en el departamento de Nari\u00f1o, con un enfoque global, fundamentado en cuatro pilares esenciales: la libertad, el pluralismo, la inclusi\u00f3n y la independencia. P\u00e1gina 10 hace referencia a Nari\u00f1o como el d\u00e9cimo departamento creado en Colombia, despu\u00e9s de un proceso pol\u00edtico liderado por actores y actrices regionales con el fin de obtener la independencia y autonom\u00eda de nuestros territorios. Con la creaci\u00f3n de P\u00e1gina 10 se pretende abrir un escenario para el dialogo, la reflexi\u00f3n y el debate que se extienda a otras geograf\u00edas de Am\u00e9rica Latina y del planeta, en una apuesta por transformar colectivamente los desaf\u00edos de un mundo contempor\u00e1neo, m\u00e1s all\u00e1 de las fronteras impuestas.\",\"url\":\"https:\/\/pagina10.com\/web\/author\/pdiezadmin\/\"}]}<\/script>\n<!-- \/ Yoast SEO plugin. -->","yoast_head_json":{"title":"Cruz Roja en Nari\u00f1o celebra el d\u00eda de la Banderita y espera la donaci\u00f3n de la comunidad | P\u00e1gina10","robots":{"index":"index","follow":"follow","max-snippet":"max-snippet:-1","max-image-preview":"max-image-preview:large","max-video-preview":"max-video-preview:-1"},"canonical":"https:\/\/pagina10.com\/web\/cruz-roja-en-narino-celebra-el-dia-de-la-banderita-y-espera-la-donacion-de-la-comunidad\/","og_locale":"es_ES","og_type":"article","og_title":"Cruz Roja en Nari\u00f1o celebra el d\u00eda de la Banderita y espera la donaci\u00f3n de la comunidad | P\u00e1gina10","og_description":"Con el lema \u201cTu acci\u00f3n es el cambio\u201d, la Cruz Roja en Nari\u00f1o realizar\u00e1 el lanzamiento de la \u201cCampa\u00f1a Banderita 2023\u201d, jornada que la instituci\u00f3n humanitaria realiza cada a\u00f1o y en la que invita a colombianos a unirse para ayudar a las comunidades que m\u00e1s lo necesitan y demostrar su solidaridad, a trav\u00e9s de la [&hellip;]","og_url":"https:\/\/pagina10.com\/web\/cruz-roja-en-narino-celebra-el-dia-de-la-banderita-y-espera-la-donacion-de-la-comunidad\/","og_site_name":"P\u00e1gina10","article_publisher":"https:\/\/www.facebook.com\/pag10com","article_published_time":"2023-05-22T16:50:58+00:00","article_modified_time":"2023-05-24T04:54:44+00:00","og_image":[{"width":1280,"height":960,"url":"https:\/\/pagina10.com\/web\/wp-content\/uploads\/2023\/05\/Cruz-Roja-Narino..jpeg","type":"image\/jpeg"}],"author":"P\u00e1gina 10","twitter_card":"summary_large_image","twitter_creator":"@Pag10com","twitter_site":"@Pag10com","twitter_misc":{"Escrito por":"P\u00e1gina 10","Tiempo de lectura":"1 minuto"},"schema":{"@context":"https:\/\/schema.org","@graph":[{"@type":"Article","@id":"https:\/\/pagina10.com\/web\/cruz-roja-en-narino-celebra-el-dia-de-la-banderita-y-espera-la-donacion-de-la-comunidad\/#article","isPartOf":{"@id":"https:\/\/pagina10.com\/web\/cruz-roja-en-narino-celebra-el-dia-de-la-banderita-y-espera-la-donacion-de-la-comunidad\/"},"author":{"name":"P\u00e1gina 10","@id":"https:\/\/pagina10.com\/web\/#\/schema\/person\/2efc4a090d25b667d3bc796798a3a81b"},"headline":"Cruz Roja en Nari\u00f1o celebra el d\u00eda de la Banderita y espera la donaci\u00f3n de la comunidad","datePublished":"2023-05-22T16:50:58+00:00","dateModified":"2023-05-24T04:54:44+00:00","mainEntityOfPage":{"@id":"https:\/\/pagina10.com\/web\/cruz-roja-en-narino-celebra-el-dia-de-la-banderita-y-espera-la-donacion-de-la-comunidad\/"},"wordCount":289,"commentCount":0,"publisher":{"@id":"https:\/\/pagina10.com\/web\/#organization"},"image":{"@id":"https:\/\/pagina10.com\/web\/cruz-roja-en-narino-celebra-el-dia-de-la-banderita-y-espera-la-donacion-de-la-comunidad\/#primaryimage"},"thumbnailUrl":"https:\/\/pagina10.com\/web\/wp-content\/uploads\/2023\/05\/Cruz-Roja-Narino..jpeg","keywords":["Acci\u00f3n Humanitaria","Banderita","Cruz Roja","nari\u00f1o"],"articleSection":["Ciudad"],"inLanguage":"es","potentialAction":[{"@type":"CommentAction","name":"Comment","target":["https:\/\/pagina10.com\/web\/cruz-roja-en-narino-celebra-el-dia-de-la-banderita-y-espera-la-donacion-de-la-comunidad\/#respond"]}]},{"@type":"WebPage","@id":"https:\/\/pagina10.com\/web\/cruz-roja-en-narino-celebra-el-dia-de-la-banderita-y-espera-la-donacion-de-la-comunidad\/","url":"https:\/\/pagina10.com\/web\/cruz-roja-en-narino-celebra-el-dia-de-la-banderita-y-espera-la-donacion-de-la-comunidad\/","name":"Cruz Roja en Nari\u00f1o celebra el d\u00eda de la Banderita y espera la donaci\u00f3n de la comunidad | P\u00e1gina10","isPartOf":{"@id":"https:\/\/pagina10.com\/web\/#website"},"primaryImageOfPage":{"@id":"https:\/\/pagina10.com\/web\/cruz-roja-en-narino-celebra-el-dia-de-la-banderita-y-espera-la-donacion-de-la-comunidad\/#primaryimage"},"image":{"@id":"https:\/\/pagina10.com\/web\/cruz-roja-en-narino-celebra-el-dia-de-la-banderita-y-espera-la-donacion-de-la-comunidad\/#primaryimage"},"thumbnailUrl":"https:\/\/pagina10.com\/web\/wp-content\/uploads\/2023\/05\/Cruz-Roja-Narino..jpeg","datePublished":"2023-05-22T16:50:58+00:00","dateModified":"2023-05-24T04:54:44+00:00","breadcrumb":{"@id":"https:\/\/pagina10.com\/web\/cruz-roja-en-narino-celebra-el-dia-de-la-banderita-y-espera-la-donacion-de-la-comunidad\/#breadcrumb"},"inLanguage":"es","potentialAction":[{"@type":"ReadAction","target":["https:\/\/pagina10.com\/web\/cruz-roja-en-narino-celebra-el-dia-de-la-banderita-y-espera-la-donacion-de-la-comunidad\/"]}]},{"@type":"ImageObject","inLanguage":"es","@id":"https:\/\/pagina10.com\/web\/cruz-roja-en-narino-celebra-el-dia-de-la-banderita-y-espera-la-donacion-de-la-comunidad\/#primaryimage","url":"https:\/\/pagina10.com\/web\/wp-content\/uploads\/2023\/05\/Cruz-Roja-Narino..jpeg","contentUrl":"https:\/\/pagina10.com\/web\/wp-content\/uploads\/2023\/05\/Cruz-Roja-Narino..jpeg","width":1280,"height":960},{"@type":"BreadcrumbList","@id":"https:\/\/pagina10.com\/web\/cruz-roja-en-narino-celebra-el-dia-de-la-banderita-y-espera-la-donacion-de-la-comunidad\/#breadcrumb","itemListElement":[{"@type":"ListItem","position":1,"name":"Portada","item":"https:\/\/pagina10.com\/web\/"},{"@type":"ListItem","position":2,"name":"Cruz Roja en Nari\u00f1o celebra el d\u00eda de la Banderita y espera la donaci\u00f3n de la comunidad"}]},{"@type":"WebSite","@id":"https:\/\/pagina10.com\/web\/#website","url":"https:\/\/pagina10.com\/web\/","name":"P\u00e1gina10","description":"Peri\u00f3dico Regional","publisher":{"@id":"https:\/\/pagina10.com\/web\/#organization"},"alternateName":"P\u00e1gina10 Peri\u00f3dico Regional","potentialAction":[{"@type":"SearchAction","target":{"@type":"EntryPoint","urlTemplate":"https:\/\/pagina10.com\/web\/?s={search_term_string}"},"query-input":{"@type":"PropertyValueSpecification","valueRequired":true,"valueName":"search_term_string"}}],"inLanguage":"es"},{"@type":"Organization","@id":"https:\/\/pagina10.com\/web\/#organization","name":"P\u00e1gina10","alternateName":"P\u00e1gina10 Peri\u00f3dico Regional","url":"https:\/\/pagina10.com\/web\/","logo":{"@type":"ImageObject","inLanguage":"es","@id":"https:\/\/pagina10.com\/web\/#\/schema\/logo\/image\/","url":"https:\/\/pagina10.com\/web\/wp-content\/uploads\/2024\/01\/40-pagina-10-periodico-regional-pasto.jpg","contentUrl":"https:\/\/pagina10.com\/web\/wp-content\/uploads\/2024\/01\/40-pagina-10-periodico-regional-pasto.jpg","width":1280,"height":720,"caption":"P\u00e1gina10"},"image":{"@id":"https:\/\/pagina10.com\/web\/#\/schema\/logo\/image\/"},"sameAs":["https:\/\/www.facebook.com\/pag10com","https:\/\/x.com\/Pag10com","https:\/\/www.instagram.com\/pagina10col\/","https:\/\/youtube.com\/channel\/pag10","https:\/\/www.tiktok.com\/@p10col"]},{"@type":"Person","@id":"https:\/\/pagina10.com\/web\/#\/schema\/person\/2efc4a090d25b667d3bc796798a3a81b","name":"P\u00e1gina 10","description":"P\u00e1gina 10 es un peri\u00f3dico regional que nace en Colombia, en el departamento de Nari\u00f1o, con un enfoque global, fundamentado en cuatro pilares esenciales: la libertad, el pluralismo, la inclusi\u00f3n y la independencia. P\u00e1gina 10 hace referencia a Nari\u00f1o como el d\u00e9cimo departamento creado en Colombia, despu\u00e9s de un proceso pol\u00edtico liderado por actores y actrices regionales con el fin de obtener la independencia y autonom\u00eda de nuestros territorios. Con la creaci\u00f3n de P\u00e1gina 10 se pretende abrir un escenario para el dialogo, la reflexi\u00f3n y el debate que se extienda a otras geograf\u00edas de Am\u00e9rica Latina y del planeta, en una apuesta por transformar colectivamente los desaf\u00edos de un mundo contempor\u00e1neo, m\u00e1s all\u00e1 de las fronteras impuestas.","url":"https:\/\/pagina10.com\/web\/author\/pdiezadmin\/"}]}},"_links":{"self":[{"href":"https:\/\/pagina10.com\/web\/wp-json\/wp\/v2\/posts\/65921","targetHints":{"allow":["GET"]}}],"collection":[{"href":"https:\/\/pagina10.com\/web\/wp-json\/wp\/v2\/posts"}],"about":[{"href":"https:\/\/pagina10.com\/web\/wp-json\/wp\/v2\/types\/post"}],"author":[{"embeddable":true,"href":"https:\/\/pagina10.com\/web\/wp-json\/wp\/v2\/users\/1"}],"replies":[{"embeddable":true,"href":"https:\/\/pagina10.com\/web\/wp-json\/wp\/v2\/comments?post=65921"}],"version-history":[{"count":6,"href":"https:\/\/pagina10.com\/web\/wp-json\/wp\/v2\/posts\/65921\/revisions"}],"predecessor-version":[{"id":65930,"href":"https:\/\/pagina10.com\/web\/wp-json\/wp\/v2\/posts\/65921\/revisions\/65930"}],"wp:featuredmedia":[{"embeddable":true,"href":"https:\/\/pagina10.com\/web\/wp-json\/wp\/v2\/media\/65929"}],"wp:attachment":[{"href":"https:\/\/pagina10.com\/web\/wp-json\/wp\/v2\/media?parent=65921"}],"wp:term":[{"taxonomy":"category","embeddable":true,"href":"https:\/\/pagina10.com\/web\/wp-json\/wp\/v2\/categories?post=65921"},{"taxonomy":"post_tag","embeddable":true,"href":"https:\/\/pagina10.com\/web\/wp-json\/wp\/v2\/tags?post=65921"}],"curies":[{"name":"wp","href":"https:\/\/api.w.org\/{rel}","templated":true}]}}