{"id":6593,"date":"2014-02-11T14:38:36","date_gmt":"2014-02-11T14:38:36","guid":{"rendered":"https:\/\/pagina10.com\/web\/este-jueves-ciclo-paseo-nocturno-por-la-ciudad\/"},"modified":"2014-02-11T14:38:36","modified_gmt":"2014-02-11T14:38:36","slug":"este-jueves-ciclo-paseo-nocturno-por-la-ciudad","status":"publish","type":"post","link":"https:\/\/pagina10.com\/web\/este-jueves-ciclo-paseo-nocturno-por-la-ciudad\/","title":{"rendered":"ESTE JUEVES: CICLO-PASEO NOCTURNO POR LA CIUDAD"},"content":{"rendered":"<p><img fetchpriority=\"high\" decoding=\"async\" class=\" size-full wp-image-6592\" src=\"https:\/\/pagina10.com\/web\/wp-content\/uploads\/2014\/02\/50293555814ade45f603e24d7dad742a.jpg\" alt=\"\" width=\"3371\" height=\"1243\" \/><\/p>\n<p style=\"text-align: justify;\">Todos los jueves en la noche, Enbic\u00edclate, un grupo de chicas y chicos enamorados de la bici, realizan rodadas en paseos nocturnos por la ciudad. Estos espacios deportivos y de sano entretenimiento permiten a a amigos, familias y todos los que salen a disfrutar de esta actividad, compartir, redescubrir la ciudad y apropiarse de sus espacios.<\/p>\n<p>  <!--more-->  <\/p>\n<p style=\"text-align: justify;\">La pinta es lo de menos, solo necesitas tu bici y las ganas de sonre\u00edr, de disfrutar y de compartir.<\/p>\n<p>Recomendaciones<br \/>&#8211; Haz una revisi\u00f3n previa de tu bici, aseg\u00farate se encuentre en buen estado, as\u00ed al momento de rodar no retrasaremos a los dem\u00e1s.<br \/>&#8211; Aseg\u00farate de tener un buen casco, luces y elementos reflectivos.<br \/>&#8211; Lleva siempre contigo un Kit de despinche (parches, pegante, lija, bomba de aire, neum\u00e1tico adicional)<br \/>&#8211; Cuida siempre de ti, lleva contigo bebidas hidratantes.<br \/>&#8211; Ten a la mano algo de dinero para transporte en caso de emergencia<br \/>&#8211; Trae contigo tu documento de identidad y carnet de salud.<\/p>\n<p>Fecha: jueves 13 de febrero de 2014 <br \/>Lugar de Concentraci\u00f3n: Parque Infantil<br \/>Hora: 7:00 pm<\/p>\n","protected":false},"excerpt":{"rendered":"<p>Todos los jueves en la noche, Enbic\u00edclate, un grupo de chicas y chicos enamorados de la bici, realizan rodadas en paseos nocturnos por la ciudad. Estos espacios deportivos y de sano entretenimiento permiten a a amigos, familias y todos los que salen a disfrutar de esta actividad, compartir, redescubrir la ciudad y apropiarse de sus [&hellip;]<\/p>\n","protected":false},"author":29,"featured_media":6592,"comment_status":"open","ping_status":"open","sticky":false,"template":"","format":"standard","meta":{"footnotes":""},"categories":[82],"tags":[],"class_list":["post-6593","post","type-post","status-publish","format-standard","has-post-thumbnail","hentry","category-ciudad-2"],"yoast_head":"<!-- This site is optimized with the Yoast SEO plugin v27.1.1 - https:\/\/yoast.com\/product\/yoast-seo-wordpress\/ -->\n<title>ESTE JUEVES: CICLO-PASEO NOCTURNO POR LA CIUDAD | P\u00e1gina10<\/title>\n<meta name=\"robots\" content=\"index, follow, max-snippet:-1, max-image-preview:large, max-video-preview:-1\" \/>\n<link rel=\"canonical\" href=\"https:\/\/pagina10.com\/web\/este-jueves-ciclo-paseo-nocturno-por-la-ciudad\/\" \/>\n<meta property=\"og:locale\" content=\"es_ES\" \/>\n<meta property=\"og:type\" content=\"article\" \/>\n<meta property=\"og:title\" content=\"ESTE JUEVES: CICLO-PASEO NOCTURNO POR LA CIUDAD | P\u00e1gina10\" \/>\n<meta property=\"og:description\" content=\"Todos los jueves en la noche, Enbic\u00edclate, un grupo de chicas y chicos enamorados de la bici, realizan rodadas en paseos nocturnos por la ciudad. Estos espacios deportivos y de sano entretenimiento permiten a a amigos, familias y todos los que salen a disfrutar de esta actividad, compartir, redescubrir la ciudad y apropiarse de sus [&hellip;]\" \/>\n<meta property=\"og:url\" content=\"https:\/\/pagina10.com\/web\/este-jueves-ciclo-paseo-nocturno-por-la-ciudad\/\" \/>\n<meta property=\"og:site_name\" content=\"P\u00e1gina10\" \/>\n<meta property=\"article:publisher\" content=\"https:\/\/www.facebook.com\/pag10com\" \/>\n<meta property=\"article:published_time\" content=\"2014-02-11T14:38:36+00:00\" \/>\n<meta property=\"og:image\" content=\"https:\/\/pagina10.com\/web\/wp-content\/uploads\/2014\/02\/50293555814ade45f603e24d7dad742a-scaled.jpg\" \/>\n\t<meta property=\"og:image:width\" content=\"2560\" \/>\n\t<meta property=\"og:image:height\" content=\"944\" \/>\n\t<meta property=\"og:image:type\" content=\"image\/jpeg\" \/>\n<meta name=\"author\" content=\"P\u00e1gina 10\" \/>\n<meta name=\"twitter:card\" content=\"summary_large_image\" \/>\n<meta name=\"twitter:creator\" content=\"@Pag10com\" \/>\n<meta name=\"twitter:site\" content=\"@Pag10com\" \/>\n<meta name=\"twitter:label1\" content=\"Escrito por\" \/>\n\t<meta name=\"twitter:data1\" content=\"P\u00e1gina 10\" \/>\n\t<meta name=\"twitter:label2\" content=\"Tiempo de lectura\" \/>\n\t<meta name=\"twitter:data2\" content=\"1 minuto\" \/>\n<script type=\"application\/ld+json\" class=\"yoast-schema-graph\">{\"@context\":\"https:\/\/schema.org\",\"@graph\":[{\"@type\":\"Article\",\"@id\":\"https:\/\/pagina10.com\/web\/este-jueves-ciclo-paseo-nocturno-por-la-ciudad\/#article\",\"isPartOf\":{\"@id\":\"https:\/\/pagina10.com\/web\/este-jueves-ciclo-paseo-nocturno-por-la-ciudad\/\"},\"author\":{\"name\":\"P\u00e1gina 10\",\"@id\":\"https:\/\/pagina10.com\/web\/#\/schema\/person\/a7a5d38f0629dfc107f619fbae4f6cc3\"},\"headline\":\"ESTE JUEVES: CICLO-PASEO NOCTURNO POR LA CIUDAD\",\"datePublished\":\"2014-02-11T14:38:36+00:00\",\"mainEntityOfPage\":{\"@id\":\"https:\/\/pagina10.com\/web\/este-jueves-ciclo-paseo-nocturno-por-la-ciudad\/\"},\"wordCount\":186,\"commentCount\":0,\"publisher\":{\"@id\":\"https:\/\/pagina10.com\/web\/#organization\"},\"image\":{\"@id\":\"https:\/\/pagina10.com\/web\/este-jueves-ciclo-paseo-nocturno-por-la-ciudad\/#primaryimage\"},\"thumbnailUrl\":\"https:\/\/pagina10.com\/web\/wp-content\/uploads\/2014\/02\/50293555814ade45f603e24d7dad742a-scaled.jpg\",\"articleSection\":[\"Ciudad\"],\"inLanguage\":\"es\",\"potentialAction\":[{\"@type\":\"CommentAction\",\"name\":\"Comment\",\"target\":[\"https:\/\/pagina10.com\/web\/este-jueves-ciclo-paseo-nocturno-por-la-ciudad\/#respond\"]}]},{\"@type\":\"WebPage\",\"@id\":\"https:\/\/pagina10.com\/web\/este-jueves-ciclo-paseo-nocturno-por-la-ciudad\/\",\"url\":\"https:\/\/pagina10.com\/web\/este-jueves-ciclo-paseo-nocturno-por-la-ciudad\/\",\"name\":\"ESTE JUEVES: CICLO-PASEO NOCTURNO POR LA CIUDAD | P\u00e1gina10\",\"isPartOf\":{\"@id\":\"https:\/\/pagina10.com\/web\/#website\"},\"primaryImageOfPage\":{\"@id\":\"https:\/\/pagina10.com\/web\/este-jueves-ciclo-paseo-nocturno-por-la-ciudad\/#primaryimage\"},\"image\":{\"@id\":\"https:\/\/pagina10.com\/web\/este-jueves-ciclo-paseo-nocturno-por-la-ciudad\/#primaryimage\"},\"thumbnailUrl\":\"https:\/\/pagina10.com\/web\/wp-content\/uploads\/2014\/02\/50293555814ade45f603e24d7dad742a-scaled.jpg\",\"datePublished\":\"2014-02-11T14:38:36+00:00\",\"breadcrumb\":{\"@id\":\"https:\/\/pagina10.com\/web\/este-jueves-ciclo-paseo-nocturno-por-la-ciudad\/#breadcrumb\"},\"inLanguage\":\"es\",\"potentialAction\":[{\"@type\":\"ReadAction\",\"target\":[\"https:\/\/pagina10.com\/web\/este-jueves-ciclo-paseo-nocturno-por-la-ciudad\/\"]}]},{\"@type\":\"ImageObject\",\"inLanguage\":\"es\",\"@id\":\"https:\/\/pagina10.com\/web\/este-jueves-ciclo-paseo-nocturno-por-la-ciudad\/#primaryimage\",\"url\":\"https:\/\/pagina10.com\/web\/wp-content\/uploads\/2014\/02\/50293555814ade45f603e24d7dad742a-scaled.jpg\",\"contentUrl\":\"https:\/\/pagina10.com\/web\/wp-content\/uploads\/2014\/02\/50293555814ade45f603e24d7dad742a-scaled.jpg\",\"width\":2560,\"height\":944},{\"@type\":\"BreadcrumbList\",\"@id\":\"https:\/\/pagina10.com\/web\/este-jueves-ciclo-paseo-nocturno-por-la-ciudad\/#breadcrumb\",\"itemListElement\":[{\"@type\":\"ListItem\",\"position\":1,\"name\":\"Portada\",\"item\":\"https:\/\/pagina10.com\/web\/\"},{\"@type\":\"ListItem\",\"position\":2,\"name\":\"ESTE JUEVES: CICLO-PASEO NOCTURNO POR LA CIUDAD\"}]},{\"@type\":\"WebSite\",\"@id\":\"https:\/\/pagina10.com\/web\/#website\",\"url\":\"https:\/\/pagina10.com\/web\/\",\"name\":\"P\u00e1gina10\",\"description\":\"Peri\u00f3dico Regional\",\"publisher\":{\"@id\":\"https:\/\/pagina10.com\/web\/#organization\"},\"alternateName\":\"P\u00e1gina10 Peri\u00f3dico Regional\",\"potentialAction\":[{\"@type\":\"SearchAction\",\"target\":{\"@type\":\"EntryPoint\",\"urlTemplate\":\"https:\/\/pagina10.com\/web\/?s={search_term_string}\"},\"query-input\":{\"@type\":\"PropertyValueSpecification\",\"valueRequired\":true,\"valueName\":\"search_term_string\"}}],\"inLanguage\":\"es\"},{\"@type\":\"Organization\",\"@id\":\"https:\/\/pagina10.com\/web\/#organization\",\"name\":\"P\u00e1gina10\",\"alternateName\":\"P\u00e1gina10 Peri\u00f3dico Regional\",\"url\":\"https:\/\/pagina10.com\/web\/\",\"logo\":{\"@type\":\"ImageObject\",\"inLanguage\":\"es\",\"@id\":\"https:\/\/pagina10.com\/web\/#\/schema\/logo\/image\/\",\"url\":\"https:\/\/pagina10.com\/web\/wp-content\/uploads\/2024\/01\/40-pagina-10-periodico-regional-pasto.jpg\",\"contentUrl\":\"https:\/\/pagina10.com\/web\/wp-content\/uploads\/2024\/01\/40-pagina-10-periodico-regional-pasto.jpg\",\"width\":1280,\"height\":720,\"caption\":\"P\u00e1gina10\"},\"image\":{\"@id\":\"https:\/\/pagina10.com\/web\/#\/schema\/logo\/image\/\"},\"sameAs\":[\"https:\/\/www.facebook.com\/pag10com\",\"https:\/\/x.com\/Pag10com\",\"https:\/\/www.instagram.com\/pagina10col\/\",\"https:\/\/youtube.com\/channel\/pag10\",\"https:\/\/www.tiktok.com\/@p10col\"]},{\"@type\":\"Person\",\"@id\":\"https:\/\/pagina10.com\/web\/#\/schema\/person\/a7a5d38f0629dfc107f619fbae4f6cc3\",\"name\":\"P\u00e1gina 10\",\"description\":\"P\u00e1gina10.com es un peri\u00f3dico digital que nace en Colombia, en el departamento de Nari\u00f1o, con un enfoque global, fundamentado en cuatro pilares esenciales: la libertad, el pluralismo, la inclusi\u00f3n y la independencia. P\u00e1gina10.com hace referencia a Nari\u00f1o como el d\u00e9cimo departamento creado en Colombia, despu\u00e9s de un proceso pol\u00edtico liderado por actores y actrices regionales con el fin de obtener la independencia y autonom\u00eda de nuestros territorios. Con la creaci\u00f3n de P\u00e1gina10.com se pretende abrir un escenario para el dialogo, la reflexi\u00f3n y el debate que se extienda a otras geograf\u00edas de Am\u00e9rica Latina y del planeta, en una apuesta por transformar colectivamente los desaf\u00edos de un mundo contempor\u00e1neo, m\u00e1s all\u00e1 de las fronteras impuestas.\",\"url\":\"https:\/\/pagina10.com\/web\/author\/mcepeda\/\"}]}<\/script>\n<!-- \/ Yoast SEO plugin. -->","yoast_head_json":{"title":"ESTE JUEVES: CICLO-PASEO NOCTURNO POR LA CIUDAD | P\u00e1gina10","robots":{"index":"index","follow":"follow","max-snippet":"max-snippet:-1","max-image-preview":"max-image-preview:large","max-video-preview":"max-video-preview:-1"},"canonical":"https:\/\/pagina10.com\/web\/este-jueves-ciclo-paseo-nocturno-por-la-ciudad\/","og_locale":"es_ES","og_type":"article","og_title":"ESTE JUEVES: CICLO-PASEO NOCTURNO POR LA CIUDAD | P\u00e1gina10","og_description":"Todos los jueves en la noche, Enbic\u00edclate, un grupo de chicas y chicos enamorados de la bici, realizan rodadas en paseos nocturnos por la ciudad. Estos espacios deportivos y de sano entretenimiento permiten a a amigos, familias y todos los que salen a disfrutar de esta actividad, compartir, redescubrir la ciudad y apropiarse de sus [&hellip;]","og_url":"https:\/\/pagina10.com\/web\/este-jueves-ciclo-paseo-nocturno-por-la-ciudad\/","og_site_name":"P\u00e1gina10","article_publisher":"https:\/\/www.facebook.com\/pag10com","article_published_time":"2014-02-11T14:38:36+00:00","og_image":[{"width":2560,"height":944,"url":"https:\/\/pagina10.com\/web\/wp-content\/uploads\/2014\/02\/50293555814ade45f603e24d7dad742a-scaled.jpg","type":"image\/jpeg"}],"author":"P\u00e1gina 10","twitter_card":"summary_large_image","twitter_creator":"@Pag10com","twitter_site":"@Pag10com","twitter_misc":{"Escrito por":"P\u00e1gina 10","Tiempo de lectura":"1 minuto"},"schema":{"@context":"https:\/\/schema.org","@graph":[{"@type":"Article","@id":"https:\/\/pagina10.com\/web\/este-jueves-ciclo-paseo-nocturno-por-la-ciudad\/#article","isPartOf":{"@id":"https:\/\/pagina10.com\/web\/este-jueves-ciclo-paseo-nocturno-por-la-ciudad\/"},"author":{"name":"P\u00e1gina 10","@id":"https:\/\/pagina10.com\/web\/#\/schema\/person\/a7a5d38f0629dfc107f619fbae4f6cc3"},"headline":"ESTE JUEVES: CICLO-PASEO NOCTURNO POR LA CIUDAD","datePublished":"2014-02-11T14:38:36+00:00","mainEntityOfPage":{"@id":"https:\/\/pagina10.com\/web\/este-jueves-ciclo-paseo-nocturno-por-la-ciudad\/"},"wordCount":186,"commentCount":0,"publisher":{"@id":"https:\/\/pagina10.com\/web\/#organization"},"image":{"@id":"https:\/\/pagina10.com\/web\/este-jueves-ciclo-paseo-nocturno-por-la-ciudad\/#primaryimage"},"thumbnailUrl":"https:\/\/pagina10.com\/web\/wp-content\/uploads\/2014\/02\/50293555814ade45f603e24d7dad742a-scaled.jpg","articleSection":["Ciudad"],"inLanguage":"es","potentialAction":[{"@type":"CommentAction","name":"Comment","target":["https:\/\/pagina10.com\/web\/este-jueves-ciclo-paseo-nocturno-por-la-ciudad\/#respond"]}]},{"@type":"WebPage","@id":"https:\/\/pagina10.com\/web\/este-jueves-ciclo-paseo-nocturno-por-la-ciudad\/","url":"https:\/\/pagina10.com\/web\/este-jueves-ciclo-paseo-nocturno-por-la-ciudad\/","name":"ESTE JUEVES: CICLO-PASEO NOCTURNO POR LA CIUDAD | P\u00e1gina10","isPartOf":{"@id":"https:\/\/pagina10.com\/web\/#website"},"primaryImageOfPage":{"@id":"https:\/\/pagina10.com\/web\/este-jueves-ciclo-paseo-nocturno-por-la-ciudad\/#primaryimage"},"image":{"@id":"https:\/\/pagina10.com\/web\/este-jueves-ciclo-paseo-nocturno-por-la-ciudad\/#primaryimage"},"thumbnailUrl":"https:\/\/pagina10.com\/web\/wp-content\/uploads\/2014\/02\/50293555814ade45f603e24d7dad742a-scaled.jpg","datePublished":"2014-02-11T14:38:36+00:00","breadcrumb":{"@id":"https:\/\/pagina10.com\/web\/este-jueves-ciclo-paseo-nocturno-por-la-ciudad\/#breadcrumb"},"inLanguage":"es","potentialAction":[{"@type":"ReadAction","target":["https:\/\/pagina10.com\/web\/este-jueves-ciclo-paseo-nocturno-por-la-ciudad\/"]}]},{"@type":"ImageObject","inLanguage":"es","@id":"https:\/\/pagina10.com\/web\/este-jueves-ciclo-paseo-nocturno-por-la-ciudad\/#primaryimage","url":"https:\/\/pagina10.com\/web\/wp-content\/uploads\/2014\/02\/50293555814ade45f603e24d7dad742a-scaled.jpg","contentUrl":"https:\/\/pagina10.com\/web\/wp-content\/uploads\/2014\/02\/50293555814ade45f603e24d7dad742a-scaled.jpg","width":2560,"height":944},{"@type":"BreadcrumbList","@id":"https:\/\/pagina10.com\/web\/este-jueves-ciclo-paseo-nocturno-por-la-ciudad\/#breadcrumb","itemListElement":[{"@type":"ListItem","position":1,"name":"Portada","item":"https:\/\/pagina10.com\/web\/"},{"@type":"ListItem","position":2,"name":"ESTE JUEVES: CICLO-PASEO NOCTURNO POR LA CIUDAD"}]},{"@type":"WebSite","@id":"https:\/\/pagina10.com\/web\/#website","url":"https:\/\/pagina10.com\/web\/","name":"P\u00e1gina10","description":"Peri\u00f3dico Regional","publisher":{"@id":"https:\/\/pagina10.com\/web\/#organization"},"alternateName":"P\u00e1gina10 Peri\u00f3dico Regional","potentialAction":[{"@type":"SearchAction","target":{"@type":"EntryPoint","urlTemplate":"https:\/\/pagina10.com\/web\/?s={search_term_string}"},"query-input":{"@type":"PropertyValueSpecification","valueRequired":true,"valueName":"search_term_string"}}],"inLanguage":"es"},{"@type":"Organization","@id":"https:\/\/pagina10.com\/web\/#organization","name":"P\u00e1gina10","alternateName":"P\u00e1gina10 Peri\u00f3dico Regional","url":"https:\/\/pagina10.com\/web\/","logo":{"@type":"ImageObject","inLanguage":"es","@id":"https:\/\/pagina10.com\/web\/#\/schema\/logo\/image\/","url":"https:\/\/pagina10.com\/web\/wp-content\/uploads\/2024\/01\/40-pagina-10-periodico-regional-pasto.jpg","contentUrl":"https:\/\/pagina10.com\/web\/wp-content\/uploads\/2024\/01\/40-pagina-10-periodico-regional-pasto.jpg","width":1280,"height":720,"caption":"P\u00e1gina10"},"image":{"@id":"https:\/\/pagina10.com\/web\/#\/schema\/logo\/image\/"},"sameAs":["https:\/\/www.facebook.com\/pag10com","https:\/\/x.com\/Pag10com","https:\/\/www.instagram.com\/pagina10col\/","https:\/\/youtube.com\/channel\/pag10","https:\/\/www.tiktok.com\/@p10col"]},{"@type":"Person","@id":"https:\/\/pagina10.com\/web\/#\/schema\/person\/a7a5d38f0629dfc107f619fbae4f6cc3","name":"P\u00e1gina 10","description":"P\u00e1gina10.com es un peri\u00f3dico digital que nace en Colombia, en el departamento de Nari\u00f1o, con un enfoque global, fundamentado en cuatro pilares esenciales: la libertad, el pluralismo, la inclusi\u00f3n y la independencia. P\u00e1gina10.com hace referencia a Nari\u00f1o como el d\u00e9cimo departamento creado en Colombia, despu\u00e9s de un proceso pol\u00edtico liderado por actores y actrices regionales con el fin de obtener la independencia y autonom\u00eda de nuestros territorios. Con la creaci\u00f3n de P\u00e1gina10.com se pretende abrir un escenario para el dialogo, la reflexi\u00f3n y el debate que se extienda a otras geograf\u00edas de Am\u00e9rica Latina y del planeta, en una apuesta por transformar colectivamente los desaf\u00edos de un mundo contempor\u00e1neo, m\u00e1s all\u00e1 de las fronteras impuestas.","url":"https:\/\/pagina10.com\/web\/author\/mcepeda\/"}]}},"_links":{"self":[{"href":"https:\/\/pagina10.com\/web\/wp-json\/wp\/v2\/posts\/6593","targetHints":{"allow":["GET"]}}],"collection":[{"href":"https:\/\/pagina10.com\/web\/wp-json\/wp\/v2\/posts"}],"about":[{"href":"https:\/\/pagina10.com\/web\/wp-json\/wp\/v2\/types\/post"}],"author":[{"embeddable":true,"href":"https:\/\/pagina10.com\/web\/wp-json\/wp\/v2\/users\/29"}],"replies":[{"embeddable":true,"href":"https:\/\/pagina10.com\/web\/wp-json\/wp\/v2\/comments?post=6593"}],"version-history":[{"count":0,"href":"https:\/\/pagina10.com\/web\/wp-json\/wp\/v2\/posts\/6593\/revisions"}],"wp:featuredmedia":[{"embeddable":true,"href":"https:\/\/pagina10.com\/web\/wp-json\/wp\/v2\/media\/6592"}],"wp:attachment":[{"href":"https:\/\/pagina10.com\/web\/wp-json\/wp\/v2\/media?parent=6593"}],"wp:term":[{"taxonomy":"category","embeddable":true,"href":"https:\/\/pagina10.com\/web\/wp-json\/wp\/v2\/categories?post=6593"},{"taxonomy":"post_tag","embeddable":true,"href":"https:\/\/pagina10.com\/web\/wp-json\/wp\/v2\/tags?post=6593"}],"curies":[{"name":"wp","href":"https:\/\/api.w.org\/{rel}","templated":true}]}}