{"id":65943,"date":"2023-05-22T21:19:16","date_gmt":"2023-05-23T02:19:16","guid":{"rendered":"https:\/\/pagina10.com\/web\/?p=65943"},"modified":"2023-05-22T21:19:16","modified_gmt":"2023-05-23T02:19:16","slug":"iem-luis-eduardo-mora-osejo-colofon-de-una-crisis","status":"publish","type":"post","link":"https:\/\/pagina10.com\/web\/iem-luis-eduardo-mora-osejo-colofon-de-una-crisis\/","title":{"rendered":"IEM Luis Eduardo Mora Osejo: colof\u00f3n de una crisis"},"content":{"rendered":"<p style=\"text-align: justify;\">Seg\u00fan los testimonios expresados por docentes, estudiantes y padres de familia, se estaba viendo afectada la convivencia en la Instituci\u00f3n Educativa Municipal Luis Eduardo Mora Osejo\u00a0 (Lemo), entre otras, por acoso laboral con los docentes, ridiculizaci\u00f3n de los y las estudiantes. Esas manifestaciones se conocen por testimonios recogidos directamente con los afectados y por las noticias que se han difundido en diversos medios de comunicaci\u00f3n.<\/p>\n<p style=\"text-align: justify;\">\n<p style=\"text-align: justify;\">La gota que rebos\u00f3 la copa fue la decisi\u00f3n de la se\u00f1ora rectora, Betty Yela, de imponer la jornada \u00fanica de manera unilateral. Seg\u00fan los docentes no existen las condiciones para cumplir con tal prop\u00f3sito que es impulsado desde el Ministerio de Educaci\u00f3n Nacional, con el \u00fanico prop\u00f3sito de mejorar la calidad de la educaci\u00f3n en Colombia, teniendo en cuenta los \u00faltimos indicadores de las pruebas Pisa, impulsadas por la Ocde, que no nos dejan bien parados a los colombianos en materia educativa.<\/p>\n<p style=\"text-align: justify;\">\n<p style=\"text-align: justify;\">Los docentes manifiestan que no se oponen a la jornada extendida, pero lo que observan es que se pretende implementar estos cambios sin que haya inversi\u00f3n por parte del gobierno. La instituci\u00f3n tiene un mobiliario obsoleto, los estudiantes se sientan en sillas pl\u00e1sticas, hace falta adquirir equipos nuevos de computaci\u00f3n, mejorar laboratorios, se carece de aulas a pesar de que se ha construido un bloque. En lo que tiene que ver con el PAE, a los estudiantes les deben brindar el almuerzo en la instituci\u00f3n; los refrigerios, para nadie es desconocido, son alimentos, en ocasiones, vencidos, sin variedad en la minuta y solo se les brinda alimentos industrializados.<\/p>\n<p style=\"text-align: justify;\">\n<p style=\"text-align: justify;\">Estas y otras son las condiciones en las que se estudia y trabaja en la Instituci\u00f3n Educativa Luis Eduardo Mora Osejo. Pero estas mismas condiciones est\u00e1n viviendo en la mayor\u00eda de Instituciones Educativas del pa\u00eds. Por fortuna en el momento contamos con un gobierno amigo que se preocupa por la ciencia y la educaci\u00f3n con su apuesta de hacer de Colombia una sociedad del conocimiento. Esto quiere decir que la implementaci\u00f3n de la jornada \u00fanica vendar\u00e1 acompa\u00f1ada de presupuesto y el mejoramiento de las condiciones para los estudiantes.<\/p>\n<p style=\"text-align: justify;\">\n<p style=\"text-align: justify;\">Hacemos como propia aquella frase que dijera el cient\u00edfico Carl Sagan: \u201cSi a los presos les dan comida gratis, porqu\u00e9 no les pueden dar a los estudiantes\u201d.<\/p>\n<p style=\"text-align: justify;\">\n<p style=\"text-align: justify;\">Pero no queremos ser unilaterales, hay que considerar que la se\u00f1ora Betty Yela es una gran profesional, muy bien preparada; se le reconoce la gesti\u00f3n que ha adelantado ante entidades nacionales para gestionar recursos para la instituci\u00f3n y de esta manera mejorar las condiciones de las plantas f\u00edsicas. En ese sentido, nadie le desconoce que es una persona muy eficiente, por encima de otros de sus colegas. Es por ello que queremos hacer un llamado a la convivencia y el entendimiento, pero que para ello se cumpla con lo pactado. Ya se vienen trabajando las mesas t\u00e9cnicas entre la Secretar\u00eda de Educaci\u00f3n Municipal de Pasto y representantes de la comunidad educativa. Esperamos que haya humo blanco para que no se perjudiquen los protagonistas de la educaci\u00f3n, como son los estudiantes.<\/p>\n<p style=\"text-align: justify;\">\n<p style=\"text-align: justify;\">El se\u00f1or secretario de educaci\u00f3n del municipio de Pasto, doctor Jos\u00e9 Luis Benavides, confirma que la se\u00f1ora rectora de la instituci\u00f3n en menci\u00f3n ser\u00e1 trasladada a otra instituci\u00f3n de la que a\u00fan no se conoce. Hecho que se da por el movimiento gestado por los docentes, estudiantes y padres de familia del Lemo. Seg\u00fan entrevista con los docentes l\u00edderes del Comit\u00e9 de Base Sindical, el movimiento, que ya lleva cerca de dos meses, llega a su culmen con el cambio de directivo.<\/p>\n<p style=\"text-align: justify;\">\n<p style=\"text-align: justify;\">Seg\u00fan lo expresado por directivos de Simana, se hace un llamado para que los se\u00f1ores rectores no conviertan en un feudo de su propiedad las instituciones educativas p\u00fablicas. De manera enf\u00e1tica se les pide a los directivos en que apliquen las nuevas pedagog\u00edas; que no haya persecuci\u00f3n de los docentes del decreto-ley 1278 a trav\u00e9s de la evaluaci\u00f3n de desempe\u00f1o. Es por ello que las consignas en las protestas dec\u00edan: \u201cqueremos rectores y no dictadores\u201d; \u201cse\u00f1or rector: usted tambi\u00e9n fue profesor\u201d. Que no se les olvide a los rectores que estamos en un Estado Social de Derecho y que no siempre van a tener la raz\u00f3n.<\/p>\n<p style=\"text-align: justify;\">\n<p style=\"text-align: justify;\">Esperamos que las aguas retornen a su cauce por el bien de los principales protagonistas de la educaci\u00f3n: los estudiantes.<\/p>\n<p style=\"text-align: justify;\">\n<p style=\"text-align: justify;\">\n","protected":false},"excerpt":{"rendered":"<p>Seg\u00fan los testimonios expresados por docentes, estudiantes y padres de familia, se estaba viendo afectada la convivencia en la Instituci\u00f3n Educativa Municipal Luis Eduardo Mora Osejo\u00a0 (Lemo), entre otras, por acoso laboral con los docentes, ridiculizaci\u00f3n de los y las estudiantes. Esas manifestaciones se conocen por testimonios recogidos directamente con los afectados y por las [&hellip;]<\/p>\n","protected":false},"author":65,"featured_media":65944,"comment_status":"open","ping_status":"open","sticky":false,"template":"","format":"standard","meta":{"footnotes":""},"categories":[82],"tags":[],"class_list":["post-65943","post","type-post","status-publish","format-standard","has-post-thumbnail","hentry","category-ciudad-2"],"yoast_head":"<!-- This site is optimized with the Yoast SEO plugin v27.1.1 - https:\/\/yoast.com\/product\/yoast-seo-wordpress\/ -->\n<title>IEM Luis Eduardo Mora Osejo: colof\u00f3n de una crisis | P\u00e1gina10<\/title>\n<meta name=\"robots\" content=\"index, follow, max-snippet:-1, max-image-preview:large, max-video-preview:-1\" \/>\n<link rel=\"canonical\" href=\"https:\/\/pagina10.com\/web\/iem-luis-eduardo-mora-osejo-colofon-de-una-crisis\/\" \/>\n<meta property=\"og:locale\" content=\"es_ES\" \/>\n<meta property=\"og:type\" content=\"article\" \/>\n<meta property=\"og:title\" content=\"IEM Luis Eduardo Mora Osejo: colof\u00f3n de una crisis | P\u00e1gina10\" \/>\n<meta property=\"og:description\" content=\"Seg\u00fan los testimonios expresados por docentes, estudiantes y padres de familia, se estaba viendo afectada la convivencia en la Instituci\u00f3n Educativa Municipal Luis Eduardo Mora Osejo (Lemo), entre otras, por acoso laboral con los docentes, ridiculizaci\u00f3n de los y las estudiantes. Esas manifestaciones se conocen por testimonios recogidos directamente con los afectados y por las [&hellip;]\" \/>\n<meta property=\"og:url\" content=\"https:\/\/pagina10.com\/web\/iem-luis-eduardo-mora-osejo-colofon-de-una-crisis\/\" \/>\n<meta property=\"og:site_name\" content=\"P\u00e1gina10\" \/>\n<meta property=\"article:publisher\" content=\"https:\/\/www.facebook.com\/pag10com\" \/>\n<meta property=\"article:published_time\" content=\"2023-05-23T02:19:16+00:00\" \/>\n<meta property=\"og:image\" content=\"https:\/\/pagina10.com\/web\/wp-content\/uploads\/2023\/05\/WhatsApp-Image-2023-05-22-at-12.39.13-PM.jpeg\" \/>\n\t<meta property=\"og:image:width\" content=\"1080\" \/>\n\t<meta property=\"og:image:height\" content=\"810\" \/>\n\t<meta property=\"og:image:type\" content=\"image\/jpeg\" \/>\n<meta name=\"author\" content=\"Anibal Ar\u00e9valo Rosero\" \/>\n<meta name=\"twitter:card\" content=\"summary_large_image\" \/>\n<meta name=\"twitter:creator\" content=\"@Pag10com\" \/>\n<meta name=\"twitter:site\" content=\"@Pag10com\" \/>\n<meta name=\"twitter:label1\" content=\"Escrito por\" \/>\n\t<meta name=\"twitter:data1\" content=\"Anibal Ar\u00e9valo Rosero\" \/>\n\t<meta name=\"twitter:label2\" content=\"Tiempo de lectura\" \/>\n\t<meta name=\"twitter:data2\" content=\"4 minutos\" \/>\n<script type=\"application\/ld+json\" class=\"yoast-schema-graph\">{\"@context\":\"https:\/\/schema.org\",\"@graph\":[{\"@type\":\"Article\",\"@id\":\"https:\/\/pagina10.com\/web\/iem-luis-eduardo-mora-osejo-colofon-de-una-crisis\/#article\",\"isPartOf\":{\"@id\":\"https:\/\/pagina10.com\/web\/iem-luis-eduardo-mora-osejo-colofon-de-una-crisis\/\"},\"author\":{\"name\":\"Anibal Ar\u00e9valo Rosero\",\"@id\":\"https:\/\/pagina10.com\/web\/#\/schema\/person\/9ec3e2b432363a195d2d01bf820c66fe\"},\"headline\":\"IEM Luis Eduardo Mora Osejo: colof\u00f3n de una crisis\",\"datePublished\":\"2023-05-23T02:19:16+00:00\",\"mainEntityOfPage\":{\"@id\":\"https:\/\/pagina10.com\/web\/iem-luis-eduardo-mora-osejo-colofon-de-una-crisis\/\"},\"wordCount\":773,\"commentCount\":0,\"publisher\":{\"@id\":\"https:\/\/pagina10.com\/web\/#organization\"},\"image\":{\"@id\":\"https:\/\/pagina10.com\/web\/iem-luis-eduardo-mora-osejo-colofon-de-una-crisis\/#primaryimage\"},\"thumbnailUrl\":\"https:\/\/pagina10.com\/web\/wp-content\/uploads\/2023\/05\/WhatsApp-Image-2023-05-22-at-12.39.13-PM.jpeg\",\"articleSection\":[\"Ciudad\"],\"inLanguage\":\"es\",\"potentialAction\":[{\"@type\":\"CommentAction\",\"name\":\"Comment\",\"target\":[\"https:\/\/pagina10.com\/web\/iem-luis-eduardo-mora-osejo-colofon-de-una-crisis\/#respond\"]}]},{\"@type\":\"WebPage\",\"@id\":\"https:\/\/pagina10.com\/web\/iem-luis-eduardo-mora-osejo-colofon-de-una-crisis\/\",\"url\":\"https:\/\/pagina10.com\/web\/iem-luis-eduardo-mora-osejo-colofon-de-una-crisis\/\",\"name\":\"IEM Luis Eduardo Mora Osejo: colof\u00f3n de una crisis | P\u00e1gina10\",\"isPartOf\":{\"@id\":\"https:\/\/pagina10.com\/web\/#website\"},\"primaryImageOfPage\":{\"@id\":\"https:\/\/pagina10.com\/web\/iem-luis-eduardo-mora-osejo-colofon-de-una-crisis\/#primaryimage\"},\"image\":{\"@id\":\"https:\/\/pagina10.com\/web\/iem-luis-eduardo-mora-osejo-colofon-de-una-crisis\/#primaryimage\"},\"thumbnailUrl\":\"https:\/\/pagina10.com\/web\/wp-content\/uploads\/2023\/05\/WhatsApp-Image-2023-05-22-at-12.39.13-PM.jpeg\",\"datePublished\":\"2023-05-23T02:19:16+00:00\",\"breadcrumb\":{\"@id\":\"https:\/\/pagina10.com\/web\/iem-luis-eduardo-mora-osejo-colofon-de-una-crisis\/#breadcrumb\"},\"inLanguage\":\"es\",\"potentialAction\":[{\"@type\":\"ReadAction\",\"target\":[\"https:\/\/pagina10.com\/web\/iem-luis-eduardo-mora-osejo-colofon-de-una-crisis\/\"]}]},{\"@type\":\"ImageObject\",\"inLanguage\":\"es\",\"@id\":\"https:\/\/pagina10.com\/web\/iem-luis-eduardo-mora-osejo-colofon-de-una-crisis\/#primaryimage\",\"url\":\"https:\/\/pagina10.com\/web\/wp-content\/uploads\/2023\/05\/WhatsApp-Image-2023-05-22-at-12.39.13-PM.jpeg\",\"contentUrl\":\"https:\/\/pagina10.com\/web\/wp-content\/uploads\/2023\/05\/WhatsApp-Image-2023-05-22-at-12.39.13-PM.jpeg\",\"width\":1080,\"height\":810},{\"@type\":\"BreadcrumbList\",\"@id\":\"https:\/\/pagina10.com\/web\/iem-luis-eduardo-mora-osejo-colofon-de-una-crisis\/#breadcrumb\",\"itemListElement\":[{\"@type\":\"ListItem\",\"position\":1,\"name\":\"Portada\",\"item\":\"https:\/\/pagina10.com\/web\/\"},{\"@type\":\"ListItem\",\"position\":2,\"name\":\"IEM Luis Eduardo Mora Osejo: colof\u00f3n de una crisis\"}]},{\"@type\":\"WebSite\",\"@id\":\"https:\/\/pagina10.com\/web\/#website\",\"url\":\"https:\/\/pagina10.com\/web\/\",\"name\":\"P\u00e1gina10\",\"description\":\"Peri\u00f3dico Regional\",\"publisher\":{\"@id\":\"https:\/\/pagina10.com\/web\/#organization\"},\"alternateName\":\"P\u00e1gina10 Peri\u00f3dico Regional\",\"potentialAction\":[{\"@type\":\"SearchAction\",\"target\":{\"@type\":\"EntryPoint\",\"urlTemplate\":\"https:\/\/pagina10.com\/web\/?s={search_term_string}\"},\"query-input\":{\"@type\":\"PropertyValueSpecification\",\"valueRequired\":true,\"valueName\":\"search_term_string\"}}],\"inLanguage\":\"es\"},{\"@type\":\"Organization\",\"@id\":\"https:\/\/pagina10.com\/web\/#organization\",\"name\":\"P\u00e1gina10\",\"alternateName\":\"P\u00e1gina10 Peri\u00f3dico Regional\",\"url\":\"https:\/\/pagina10.com\/web\/\",\"logo\":{\"@type\":\"ImageObject\",\"inLanguage\":\"es\",\"@id\":\"https:\/\/pagina10.com\/web\/#\/schema\/logo\/image\/\",\"url\":\"https:\/\/pagina10.com\/web\/wp-content\/uploads\/2024\/01\/40-pagina-10-periodico-regional-pasto.jpg\",\"contentUrl\":\"https:\/\/pagina10.com\/web\/wp-content\/uploads\/2024\/01\/40-pagina-10-periodico-regional-pasto.jpg\",\"width\":1280,\"height\":720,\"caption\":\"P\u00e1gina10\"},\"image\":{\"@id\":\"https:\/\/pagina10.com\/web\/#\/schema\/logo\/image\/\"},\"sameAs\":[\"https:\/\/www.facebook.com\/pag10com\",\"https:\/\/x.com\/Pag10com\",\"https:\/\/www.instagram.com\/pagina10col\/\",\"https:\/\/youtube.com\/channel\/pag10\",\"https:\/\/www.tiktok.com\/@p10col\"]},{\"@type\":\"Person\",\"@id\":\"https:\/\/pagina10.com\/web\/#\/schema\/person\/9ec3e2b432363a195d2d01bf820c66fe\",\"name\":\"Anibal Ar\u00e9valo Rosero\",\"description\":\"An\u00edbal Ar\u00e9valo Rosero a trav\u00e9s de su vida ha realizado diversas actividades tendientes a reivindicar al ser humano en su conciencia plena. Durante su vida ha hecho teatro, a escrito poes\u00eda y en sus tiempos de universitario realiz\u00f3 varias publicaciones entre las que se recuerda la revista Quinde. Junto con otros compa\u00f1eros fund\u00f3 el Taller Cultural El Cueche, equipo con el que se hicieron varias publicaciones. De este mismo grupo hay que resaltar que se hizo un trabajo pionero en la difusi\u00f3n de la m\u00fasica andina, latinoamericana y del caribe. Despu\u00e9s de terminar sus estudios de biolog\u00eda en la Universidad de Nari\u00f1o entr\u00f3 a laborar en emisoras de la ciudad de Pasto como en RCN, donde se desempe\u00f1aba como locutor de planta. Dirigi\u00f3 programas en la extinta Ondas del Mayo, en varias oportunidades; tambi\u00e9n en Ecos de Pasto. Fue colaborador de el Noticias RCN y dirigi\u00f3 el programa Simana al D\u00eda, del Sindicato del Magisterio de Nari\u00f1o, en dos \u00e9pocas. En el a\u00f1o de 1992 funda el Comit\u00e9 de Solidaridad con Cuba Jos\u00e9 Mart\u00ed, cuyo objetivo era divulgar la realidad cubana y expresar apoyo moral, pol\u00edtico y material al pa\u00eds caribe\u00f1o. Ante la mala interpretaci\u00f3n que la gente le daba a este tipo de acciones, se decide promover viajes de solidad a Cuba para participar en la Brigada Latinoamericana de Trabajo Voluntario, en el Festival Cuba Vive y, de manera especia,l en el 14 Festival Mundial de la Juventud y los Estudiantes, que se desarroll\u00f3 en la isla en el a\u00f1o de 1997. Con esta experiencia impulsa el turismo al pa\u00eds caribe\u00f1o con el resultado de que miles de personas han participado de las excursiones organizadas por Ar\u00e9valo Rosero. Asimismo ha venido impulsando las Brigadas de Salud en Cuba, tendiente a llevar pacientes de c\u00e1ncer a ese destino con el fin de que reciban atenci\u00f3n m\u00e9dica, teniendo en cuenta que la experiencia cubana en el tema ha sido bastante favorable. Veinte a\u00f1os despu\u00e9s de estas nutritivas experiencias, le permiten impulsar excursiones adem\u00e1s a M\u00e9xico, Machu Picchu, Argentina, Ecuador, Panam\u00e1 y Tierra Santa. En cuanto al desempe\u00f1o period\u00edstico, adem\u00e1s de los medios radiales y de televisi\u00f3n, en los canales de la universidades de Nari\u00f1o y Mariana, se ha desempe\u00f1ado como columnista en Diario del Sur durante 6 a\u00f1os y en algunos medios virtuales. Tambi\u00e9n es colaborador de el Diario del Cauca. Considera que la pr\u00e1ctica de la lectura es beber de la fuente nutricia que permite apropiarse de manera consciente del ejercicio de la democracia; y la posibilidad de escribir y ser le\u00eddo, acceder al poder, por que considera la palabra como el mayor instrumento de acci\u00f3n cuando est\u00e1 bien encamina al leg\u00edtimo servicio social. En la actualidad adem\u00e1s de so\u00f1ar con viajar por el mundo se desempe\u00f1a como docente del departamento de ciencias de Inem Luis Delf\u00edn Insuasty de Pasto. Correo: Esta direcci\u00f3n de correo electr\u00f3nico est\u00e1 protegida contra spambots. Usted necesita tener Javascript activado para poder verla.\\\" target=\\\"_blank\\\" style=\\\"color: #1155cc; text-align: justify; font-family: arial, sans-serif; font-size: 13px; line-height: normal;\\\"&gt;fundacionecosofia@gmail.com\",\"url\":\"https:\/\/pagina10.com\/web\/author\/anibal\/\"}]}<\/script>\n<!-- \/ Yoast SEO plugin. -->","yoast_head_json":{"title":"IEM Luis Eduardo Mora Osejo: colof\u00f3n de una crisis | P\u00e1gina10","robots":{"index":"index","follow":"follow","max-snippet":"max-snippet:-1","max-image-preview":"max-image-preview:large","max-video-preview":"max-video-preview:-1"},"canonical":"https:\/\/pagina10.com\/web\/iem-luis-eduardo-mora-osejo-colofon-de-una-crisis\/","og_locale":"es_ES","og_type":"article","og_title":"IEM Luis Eduardo Mora Osejo: colof\u00f3n de una crisis | P\u00e1gina10","og_description":"Seg\u00fan los testimonios expresados por docentes, estudiantes y padres de familia, se estaba viendo afectada la convivencia en la Instituci\u00f3n Educativa Municipal Luis Eduardo Mora Osejo (Lemo), entre otras, por acoso laboral con los docentes, ridiculizaci\u00f3n de los y las estudiantes. Esas manifestaciones se conocen por testimonios recogidos directamente con los afectados y por las [&hellip;]","og_url":"https:\/\/pagina10.com\/web\/iem-luis-eduardo-mora-osejo-colofon-de-una-crisis\/","og_site_name":"P\u00e1gina10","article_publisher":"https:\/\/www.facebook.com\/pag10com","article_published_time":"2023-05-23T02:19:16+00:00","og_image":[{"width":1080,"height":810,"url":"https:\/\/pagina10.com\/web\/wp-content\/uploads\/2023\/05\/WhatsApp-Image-2023-05-22-at-12.39.13-PM.jpeg","type":"image\/jpeg"}],"author":"Anibal Ar\u00e9valo Rosero","twitter_card":"summary_large_image","twitter_creator":"@Pag10com","twitter_site":"@Pag10com","twitter_misc":{"Escrito por":"Anibal Ar\u00e9valo Rosero","Tiempo de lectura":"4 minutos"},"schema":{"@context":"https:\/\/schema.org","@graph":[{"@type":"Article","@id":"https:\/\/pagina10.com\/web\/iem-luis-eduardo-mora-osejo-colofon-de-una-crisis\/#article","isPartOf":{"@id":"https:\/\/pagina10.com\/web\/iem-luis-eduardo-mora-osejo-colofon-de-una-crisis\/"},"author":{"name":"Anibal Ar\u00e9valo Rosero","@id":"https:\/\/pagina10.com\/web\/#\/schema\/person\/9ec3e2b432363a195d2d01bf820c66fe"},"headline":"IEM Luis Eduardo Mora Osejo: colof\u00f3n de una crisis","datePublished":"2023-05-23T02:19:16+00:00","mainEntityOfPage":{"@id":"https:\/\/pagina10.com\/web\/iem-luis-eduardo-mora-osejo-colofon-de-una-crisis\/"},"wordCount":773,"commentCount":0,"publisher":{"@id":"https:\/\/pagina10.com\/web\/#organization"},"image":{"@id":"https:\/\/pagina10.com\/web\/iem-luis-eduardo-mora-osejo-colofon-de-una-crisis\/#primaryimage"},"thumbnailUrl":"https:\/\/pagina10.com\/web\/wp-content\/uploads\/2023\/05\/WhatsApp-Image-2023-05-22-at-12.39.13-PM.jpeg","articleSection":["Ciudad"],"inLanguage":"es","potentialAction":[{"@type":"CommentAction","name":"Comment","target":["https:\/\/pagina10.com\/web\/iem-luis-eduardo-mora-osejo-colofon-de-una-crisis\/#respond"]}]},{"@type":"WebPage","@id":"https:\/\/pagina10.com\/web\/iem-luis-eduardo-mora-osejo-colofon-de-una-crisis\/","url":"https:\/\/pagina10.com\/web\/iem-luis-eduardo-mora-osejo-colofon-de-una-crisis\/","name":"IEM Luis Eduardo Mora Osejo: colof\u00f3n de una crisis | P\u00e1gina10","isPartOf":{"@id":"https:\/\/pagina10.com\/web\/#website"},"primaryImageOfPage":{"@id":"https:\/\/pagina10.com\/web\/iem-luis-eduardo-mora-osejo-colofon-de-una-crisis\/#primaryimage"},"image":{"@id":"https:\/\/pagina10.com\/web\/iem-luis-eduardo-mora-osejo-colofon-de-una-crisis\/#primaryimage"},"thumbnailUrl":"https:\/\/pagina10.com\/web\/wp-content\/uploads\/2023\/05\/WhatsApp-Image-2023-05-22-at-12.39.13-PM.jpeg","datePublished":"2023-05-23T02:19:16+00:00","breadcrumb":{"@id":"https:\/\/pagina10.com\/web\/iem-luis-eduardo-mora-osejo-colofon-de-una-crisis\/#breadcrumb"},"inLanguage":"es","potentialAction":[{"@type":"ReadAction","target":["https:\/\/pagina10.com\/web\/iem-luis-eduardo-mora-osejo-colofon-de-una-crisis\/"]}]},{"@type":"ImageObject","inLanguage":"es","@id":"https:\/\/pagina10.com\/web\/iem-luis-eduardo-mora-osejo-colofon-de-una-crisis\/#primaryimage","url":"https:\/\/pagina10.com\/web\/wp-content\/uploads\/2023\/05\/WhatsApp-Image-2023-05-22-at-12.39.13-PM.jpeg","contentUrl":"https:\/\/pagina10.com\/web\/wp-content\/uploads\/2023\/05\/WhatsApp-Image-2023-05-22-at-12.39.13-PM.jpeg","width":1080,"height":810},{"@type":"BreadcrumbList","@id":"https:\/\/pagina10.com\/web\/iem-luis-eduardo-mora-osejo-colofon-de-una-crisis\/#breadcrumb","itemListElement":[{"@type":"ListItem","position":1,"name":"Portada","item":"https:\/\/pagina10.com\/web\/"},{"@type":"ListItem","position":2,"name":"IEM Luis Eduardo Mora Osejo: colof\u00f3n de una crisis"}]},{"@type":"WebSite","@id":"https:\/\/pagina10.com\/web\/#website","url":"https:\/\/pagina10.com\/web\/","name":"P\u00e1gina10","description":"Peri\u00f3dico Regional","publisher":{"@id":"https:\/\/pagina10.com\/web\/#organization"},"alternateName":"P\u00e1gina10 Peri\u00f3dico Regional","potentialAction":[{"@type":"SearchAction","target":{"@type":"EntryPoint","urlTemplate":"https:\/\/pagina10.com\/web\/?s={search_term_string}"},"query-input":{"@type":"PropertyValueSpecification","valueRequired":true,"valueName":"search_term_string"}}],"inLanguage":"es"},{"@type":"Organization","@id":"https:\/\/pagina10.com\/web\/#organization","name":"P\u00e1gina10","alternateName":"P\u00e1gina10 Peri\u00f3dico Regional","url":"https:\/\/pagina10.com\/web\/","logo":{"@type":"ImageObject","inLanguage":"es","@id":"https:\/\/pagina10.com\/web\/#\/schema\/logo\/image\/","url":"https:\/\/pagina10.com\/web\/wp-content\/uploads\/2024\/01\/40-pagina-10-periodico-regional-pasto.jpg","contentUrl":"https:\/\/pagina10.com\/web\/wp-content\/uploads\/2024\/01\/40-pagina-10-periodico-regional-pasto.jpg","width":1280,"height":720,"caption":"P\u00e1gina10"},"image":{"@id":"https:\/\/pagina10.com\/web\/#\/schema\/logo\/image\/"},"sameAs":["https:\/\/www.facebook.com\/pag10com","https:\/\/x.com\/Pag10com","https:\/\/www.instagram.com\/pagina10col\/","https:\/\/youtube.com\/channel\/pag10","https:\/\/www.tiktok.com\/@p10col"]},{"@type":"Person","@id":"https:\/\/pagina10.com\/web\/#\/schema\/person\/9ec3e2b432363a195d2d01bf820c66fe","name":"Anibal Ar\u00e9valo Rosero","description":"An\u00edbal Ar\u00e9valo Rosero a trav\u00e9s de su vida ha realizado diversas actividades tendientes a reivindicar al ser humano en su conciencia plena. Durante su vida ha hecho teatro, a escrito poes\u00eda y en sus tiempos de universitario realiz\u00f3 varias publicaciones entre las que se recuerda la revista Quinde. Junto con otros compa\u00f1eros fund\u00f3 el Taller Cultural El Cueche, equipo con el que se hicieron varias publicaciones. De este mismo grupo hay que resaltar que se hizo un trabajo pionero en la difusi\u00f3n de la m\u00fasica andina, latinoamericana y del caribe. Despu\u00e9s de terminar sus estudios de biolog\u00eda en la Universidad de Nari\u00f1o entr\u00f3 a laborar en emisoras de la ciudad de Pasto como en RCN, donde se desempe\u00f1aba como locutor de planta. Dirigi\u00f3 programas en la extinta Ondas del Mayo, en varias oportunidades; tambi\u00e9n en Ecos de Pasto. Fue colaborador de el Noticias RCN y dirigi\u00f3 el programa Simana al D\u00eda, del Sindicato del Magisterio de Nari\u00f1o, en dos \u00e9pocas. En el a\u00f1o de 1992 funda el Comit\u00e9 de Solidaridad con Cuba Jos\u00e9 Mart\u00ed, cuyo objetivo era divulgar la realidad cubana y expresar apoyo moral, pol\u00edtico y material al pa\u00eds caribe\u00f1o. Ante la mala interpretaci\u00f3n que la gente le daba a este tipo de acciones, se decide promover viajes de solidad a Cuba para participar en la Brigada Latinoamericana de Trabajo Voluntario, en el Festival Cuba Vive y, de manera especia,l en el 14 Festival Mundial de la Juventud y los Estudiantes, que se desarroll\u00f3 en la isla en el a\u00f1o de 1997. Con esta experiencia impulsa el turismo al pa\u00eds caribe\u00f1o con el resultado de que miles de personas han participado de las excursiones organizadas por Ar\u00e9valo Rosero. Asimismo ha venido impulsando las Brigadas de Salud en Cuba, tendiente a llevar pacientes de c\u00e1ncer a ese destino con el fin de que reciban atenci\u00f3n m\u00e9dica, teniendo en cuenta que la experiencia cubana en el tema ha sido bastante favorable. Veinte a\u00f1os despu\u00e9s de estas nutritivas experiencias, le permiten impulsar excursiones adem\u00e1s a M\u00e9xico, Machu Picchu, Argentina, Ecuador, Panam\u00e1 y Tierra Santa. En cuanto al desempe\u00f1o period\u00edstico, adem\u00e1s de los medios radiales y de televisi\u00f3n, en los canales de la universidades de Nari\u00f1o y Mariana, se ha desempe\u00f1ado como columnista en Diario del Sur durante 6 a\u00f1os y en algunos medios virtuales. Tambi\u00e9n es colaborador de el Diario del Cauca. Considera que la pr\u00e1ctica de la lectura es beber de la fuente nutricia que permite apropiarse de manera consciente del ejercicio de la democracia; y la posibilidad de escribir y ser le\u00eddo, acceder al poder, por que considera la palabra como el mayor instrumento de acci\u00f3n cuando est\u00e1 bien encamina al leg\u00edtimo servicio social. En la actualidad adem\u00e1s de so\u00f1ar con viajar por el mundo se desempe\u00f1a como docente del departamento de ciencias de Inem Luis Delf\u00edn Insuasty de Pasto. Correo: Esta direcci\u00f3n de correo electr\u00f3nico est\u00e1 protegida contra spambots. Usted necesita tener Javascript activado para poder verla.\" target=\"_blank\" style=\"color: #1155cc; text-align: justify; font-family: arial, sans-serif; font-size: 13px; line-height: normal;\"&gt;fundacionecosofia@gmail.com","url":"https:\/\/pagina10.com\/web\/author\/anibal\/"}]}},"_links":{"self":[{"href":"https:\/\/pagina10.com\/web\/wp-json\/wp\/v2\/posts\/65943","targetHints":{"allow":["GET"]}}],"collection":[{"href":"https:\/\/pagina10.com\/web\/wp-json\/wp\/v2\/posts"}],"about":[{"href":"https:\/\/pagina10.com\/web\/wp-json\/wp\/v2\/types\/post"}],"author":[{"embeddable":true,"href":"https:\/\/pagina10.com\/web\/wp-json\/wp\/v2\/users\/65"}],"replies":[{"embeddable":true,"href":"https:\/\/pagina10.com\/web\/wp-json\/wp\/v2\/comments?post=65943"}],"version-history":[{"count":1,"href":"https:\/\/pagina10.com\/web\/wp-json\/wp\/v2\/posts\/65943\/revisions"}],"predecessor-version":[{"id":65945,"href":"https:\/\/pagina10.com\/web\/wp-json\/wp\/v2\/posts\/65943\/revisions\/65945"}],"wp:featuredmedia":[{"embeddable":true,"href":"https:\/\/pagina10.com\/web\/wp-json\/wp\/v2\/media\/65944"}],"wp:attachment":[{"href":"https:\/\/pagina10.com\/web\/wp-json\/wp\/v2\/media?parent=65943"}],"wp:term":[{"taxonomy":"category","embeddable":true,"href":"https:\/\/pagina10.com\/web\/wp-json\/wp\/v2\/categories?post=65943"},{"taxonomy":"post_tag","embeddable":true,"href":"https:\/\/pagina10.com\/web\/wp-json\/wp\/v2\/tags?post=65943"}],"curies":[{"name":"wp","href":"https:\/\/api.w.org\/{rel}","templated":true}]}}