{"id":65997,"date":"2023-05-24T11:10:17","date_gmt":"2023-05-24T16:10:17","guid":{"rendered":"https:\/\/pagina10.com\/web\/?p=65997"},"modified":"2023-05-24T11:18:21","modified_gmt":"2023-05-24T16:18:21","slug":"la-central-unitaria-de-trabajadores-cut-celebrara-elecciones-sindicales-el-26-de-mayo-para-el-periodo-2023-2027","status":"publish","type":"post","link":"https:\/\/pagina10.com\/web\/la-central-unitaria-de-trabajadores-cut-celebrara-elecciones-sindicales-el-26-de-mayo-para-el-periodo-2023-2027\/","title":{"rendered":"La Central Unitaria de Trabajadores (CUT) celebrar\u00e1 elecciones sindicales el 26 de mayo para el per\u00edodo 2023-2027."},"content":{"rendered":"<p style=\"text-align: justify;\">El pr\u00f3ximo 26 de mayo, los trabajadores afiliados a los sindicatos pertenecientes a<strong> la CUT elegir\u00e1n, a trav\u00e9s de voto directo<\/strong>, al Comit\u00e9 Ejecutivo Nacional, al Comit\u00e9 Ejecutivo de las Subdirectivas y a los delegados al Congreso de la CUT, quienes dirigir\u00e1n la Central Unitaria de Trabajadores durante los pr\u00f3ximos 4 a\u00f1os.<\/p>\n<p style=\"text-align: justify;\">Esta fecha es considerada por la Central Unitaria como la cita m\u00e1s importante para sus trabajadores afiliados, quienes ven en estos procesos una oportunidad para fortalecer la voz de los sindicatos y defender sus derechos en un contexto de desaf\u00edos y cambios constantes.<\/p>\n<p style=\"text-align: justify;\">Para ejercer el derecho al voto, <strong>es necesario estar afiliado a una organizaci\u00f3n integrante de la CUT<\/strong> y estar inscrito en el Registro Electoral proporcionado por los sindicatos. El voto es secreto y se realiza entregando la c\u00e9dula de ciudadan\u00eda o tarjeta de identidad al jurado de votaci\u00f3n.<\/p>\n<p style=\"text-align: justify;\">A los ciudadanos que asistan a la jornada de votaci\u00f3n, dispuesta de <strong>6:00 am a 8:00 pm<\/strong>, se les entregar\u00e1n tarjetones de diferentes colores para los diferentes comit\u00e9s y sindicatos: rojo para el Comit\u00e9 Ejecutivo Nacional, azul para los Comit\u00e9s Ejecutivos de las Subdirectivas departamentales y naranja para el Comit\u00e9 Ejecutivo de FECODE (si es educador).<\/p>\n<p style=\"text-align: justify;\">Este proceso de elecci\u00f3n sindical cuenta con la veedur\u00eda de la Registradur\u00eda Nacional del Estado Civil y, como menciona la CUT, &#8220;es importante para promover la paz, soberan\u00eda, democracia y derechos laborales&#8221; a nivel nacional y departamental.<\/p>\n<p style=\"text-align: justify;\">Estas elecciones han generado expectativas y esperanzas en la sociedad colombiana, especialmente en los trabajadores, quienes ven en estos procesos una oportunidad para fortalecer la voz de los sindicatos y defender sus derechos en un contexto de desaf\u00edos y cambios constantes.<\/p>\n<p>&nbsp;<\/p>\n<p><img fetchpriority=\"high\" decoding=\"async\" class=\"aligncenter  wp-image-66003\" src=\"https:\/\/pagina10.com\/web\/wp-content\/uploads\/2023\/05\/cut-colombia.jpg\" alt=\"\" width=\"574\" height=\"297\" srcset=\"https:\/\/pagina10.com\/web\/wp-content\/uploads\/2023\/05\/cut-colombia.jpg 1024w, https:\/\/pagina10.com\/web\/wp-content\/uploads\/2023\/05\/cut-colombia-300x155.jpg 300w, https:\/\/pagina10.com\/web\/wp-content\/uploads\/2023\/05\/cut-colombia-768x398.jpg 768w\" sizes=\"(max-width: 574px) 100vw, 574px\" \/><\/p>\n","protected":false},"excerpt":{"rendered":"<p>El pr\u00f3ximo 26 de mayo, los trabajadores afiliados a los sindicatos pertenecientes a la CUT elegir\u00e1n, a trav\u00e9s de voto directo, al Comit\u00e9 Ejecutivo Nacional, al Comit\u00e9 Ejecutivo de las Subdirectivas y a los delegados al Congreso de la CUT, quienes dirigir\u00e1n la Central Unitaria de Trabajadores durante los pr\u00f3ximos 4 a\u00f1os. Esta fecha es [&hellip;]<\/p>\n","protected":false},"author":1,"featured_media":65998,"comment_status":"open","ping_status":"open","sticky":false,"template":"","format":"standard","meta":{"footnotes":""},"categories":[14],"tags":[341,344,435,1682,308],"class_list":["post-65997","post","type-post","status-publish","format-standard","has-post-thumbnail","hentry","category-narino-actual","tag-elecciones","tag-fecode","tag-fecodeeducacion","tag-la-cut","tag-narino"],"yoast_head":"<!-- This site is optimized with the Yoast SEO plugin v27.1.1 - https:\/\/yoast.com\/product\/yoast-seo-wordpress\/ -->\n<title>La Central Unitaria de Trabajadores (CUT) celebrar\u00e1 elecciones sindicales el 26 de mayo para el per\u00edodo 2023-2027. | P\u00e1gina10<\/title>\n<meta name=\"robots\" content=\"index, follow, max-snippet:-1, max-image-preview:large, max-video-preview:-1\" \/>\n<link rel=\"canonical\" href=\"https:\/\/pagina10.com\/web\/la-central-unitaria-de-trabajadores-cut-celebrara-elecciones-sindicales-el-26-de-mayo-para-el-periodo-2023-2027\/\" \/>\n<meta property=\"og:locale\" content=\"es_ES\" \/>\n<meta property=\"og:type\" content=\"article\" \/>\n<meta property=\"og:title\" content=\"La Central Unitaria de Trabajadores (CUT) celebrar\u00e1 elecciones sindicales el 26 de mayo para el per\u00edodo 2023-2027. | P\u00e1gina10\" \/>\n<meta property=\"og:description\" content=\"El pr\u00f3ximo 26 de mayo, los trabajadores afiliados a los sindicatos pertenecientes a la CUT elegir\u00e1n, a trav\u00e9s de voto directo, al Comit\u00e9 Ejecutivo Nacional, al Comit\u00e9 Ejecutivo de las Subdirectivas y a los delegados al Congreso de la CUT, quienes dirigir\u00e1n la Central Unitaria de Trabajadores durante los pr\u00f3ximos 4 a\u00f1os. Esta fecha es [&hellip;]\" \/>\n<meta property=\"og:url\" content=\"https:\/\/pagina10.com\/web\/la-central-unitaria-de-trabajadores-cut-celebrara-elecciones-sindicales-el-26-de-mayo-para-el-periodo-2023-2027\/\" \/>\n<meta property=\"og:site_name\" content=\"P\u00e1gina10\" \/>\n<meta property=\"article:publisher\" content=\"https:\/\/www.facebook.com\/pag10com\" \/>\n<meta property=\"article:published_time\" content=\"2023-05-24T16:10:17+00:00\" \/>\n<meta property=\"article:modified_time\" content=\"2023-05-24T16:18:21+00:00\" \/>\n<meta property=\"og:image\" content=\"https:\/\/pagina10.com\/web\/wp-content\/uploads\/2023\/05\/Las-elecciones-de-la-CUT.webp\" \/>\n\t<meta property=\"og:image:width\" content=\"1200\" \/>\n\t<meta property=\"og:image:height\" content=\"630\" \/>\n\t<meta property=\"og:image:type\" content=\"image\/webp\" \/>\n<meta name=\"author\" content=\"P\u00e1gina 10\" \/>\n<meta name=\"twitter:card\" content=\"summary_large_image\" \/>\n<meta name=\"twitter:creator\" content=\"@Pag10com\" \/>\n<meta name=\"twitter:site\" content=\"@Pag10com\" \/>\n<meta name=\"twitter:label1\" content=\"Escrito por\" \/>\n\t<meta name=\"twitter:data1\" content=\"P\u00e1gina 10\" \/>\n\t<meta name=\"twitter:label2\" content=\"Tiempo de lectura\" \/>\n\t<meta name=\"twitter:data2\" content=\"1 minuto\" \/>\n<script type=\"application\/ld+json\" class=\"yoast-schema-graph\">{\"@context\":\"https:\/\/schema.org\",\"@graph\":[{\"@type\":\"Article\",\"@id\":\"https:\/\/pagina10.com\/web\/la-central-unitaria-de-trabajadores-cut-celebrara-elecciones-sindicales-el-26-de-mayo-para-el-periodo-2023-2027\/#article\",\"isPartOf\":{\"@id\":\"https:\/\/pagina10.com\/web\/la-central-unitaria-de-trabajadores-cut-celebrara-elecciones-sindicales-el-26-de-mayo-para-el-periodo-2023-2027\/\"},\"author\":{\"name\":\"P\u00e1gina 10\",\"@id\":\"https:\/\/pagina10.com\/web\/#\/schema\/person\/2efc4a090d25b667d3bc796798a3a81b\"},\"headline\":\"La Central Unitaria de Trabajadores (CUT) celebrar\u00e1 elecciones sindicales el 26 de mayo para el per\u00edodo 2023-2027.\",\"datePublished\":\"2023-05-24T16:10:17+00:00\",\"dateModified\":\"2023-05-24T16:18:21+00:00\",\"mainEntityOfPage\":{\"@id\":\"https:\/\/pagina10.com\/web\/la-central-unitaria-de-trabajadores-cut-celebrara-elecciones-sindicales-el-26-de-mayo-para-el-periodo-2023-2027\/\"},\"wordCount\":312,\"commentCount\":0,\"publisher\":{\"@id\":\"https:\/\/pagina10.com\/web\/#organization\"},\"image\":{\"@id\":\"https:\/\/pagina10.com\/web\/la-central-unitaria-de-trabajadores-cut-celebrara-elecciones-sindicales-el-26-de-mayo-para-el-periodo-2023-2027\/#primaryimage\"},\"thumbnailUrl\":\"https:\/\/pagina10.com\/web\/wp-content\/uploads\/2023\/05\/Las-elecciones-de-la-CUT.webp\",\"keywords\":[\"elecciones\",\"FECODE\",\"FecodeEducaci\u00f3n\",\"LA CUT\",\"nari\u00f1o\"],\"articleSection\":[\"Nari\u00f1o Actual\"],\"inLanguage\":\"es\",\"potentialAction\":[{\"@type\":\"CommentAction\",\"name\":\"Comment\",\"target\":[\"https:\/\/pagina10.com\/web\/la-central-unitaria-de-trabajadores-cut-celebrara-elecciones-sindicales-el-26-de-mayo-para-el-periodo-2023-2027\/#respond\"]}]},{\"@type\":\"WebPage\",\"@id\":\"https:\/\/pagina10.com\/web\/la-central-unitaria-de-trabajadores-cut-celebrara-elecciones-sindicales-el-26-de-mayo-para-el-periodo-2023-2027\/\",\"url\":\"https:\/\/pagina10.com\/web\/la-central-unitaria-de-trabajadores-cut-celebrara-elecciones-sindicales-el-26-de-mayo-para-el-periodo-2023-2027\/\",\"name\":\"La Central Unitaria de Trabajadores (CUT) celebrar\u00e1 elecciones sindicales el 26 de mayo para el per\u00edodo 2023-2027. | P\u00e1gina10\",\"isPartOf\":{\"@id\":\"https:\/\/pagina10.com\/web\/#website\"},\"primaryImageOfPage\":{\"@id\":\"https:\/\/pagina10.com\/web\/la-central-unitaria-de-trabajadores-cut-celebrara-elecciones-sindicales-el-26-de-mayo-para-el-periodo-2023-2027\/#primaryimage\"},\"image\":{\"@id\":\"https:\/\/pagina10.com\/web\/la-central-unitaria-de-trabajadores-cut-celebrara-elecciones-sindicales-el-26-de-mayo-para-el-periodo-2023-2027\/#primaryimage\"},\"thumbnailUrl\":\"https:\/\/pagina10.com\/web\/wp-content\/uploads\/2023\/05\/Las-elecciones-de-la-CUT.webp\",\"datePublished\":\"2023-05-24T16:10:17+00:00\",\"dateModified\":\"2023-05-24T16:18:21+00:00\",\"breadcrumb\":{\"@id\":\"https:\/\/pagina10.com\/web\/la-central-unitaria-de-trabajadores-cut-celebrara-elecciones-sindicales-el-26-de-mayo-para-el-periodo-2023-2027\/#breadcrumb\"},\"inLanguage\":\"es\",\"potentialAction\":[{\"@type\":\"ReadAction\",\"target\":[\"https:\/\/pagina10.com\/web\/la-central-unitaria-de-trabajadores-cut-celebrara-elecciones-sindicales-el-26-de-mayo-para-el-periodo-2023-2027\/\"]}]},{\"@type\":\"ImageObject\",\"inLanguage\":\"es\",\"@id\":\"https:\/\/pagina10.com\/web\/la-central-unitaria-de-trabajadores-cut-celebrara-elecciones-sindicales-el-26-de-mayo-para-el-periodo-2023-2027\/#primaryimage\",\"url\":\"https:\/\/pagina10.com\/web\/wp-content\/uploads\/2023\/05\/Las-elecciones-de-la-CUT.webp\",\"contentUrl\":\"https:\/\/pagina10.com\/web\/wp-content\/uploads\/2023\/05\/Las-elecciones-de-la-CUT.webp\",\"width\":1200,\"height\":630},{\"@type\":\"BreadcrumbList\",\"@id\":\"https:\/\/pagina10.com\/web\/la-central-unitaria-de-trabajadores-cut-celebrara-elecciones-sindicales-el-26-de-mayo-para-el-periodo-2023-2027\/#breadcrumb\",\"itemListElement\":[{\"@type\":\"ListItem\",\"position\":1,\"name\":\"Portada\",\"item\":\"https:\/\/pagina10.com\/web\/\"},{\"@type\":\"ListItem\",\"position\":2,\"name\":\"La Central Unitaria de Trabajadores (CUT) celebrar\u00e1 elecciones sindicales el 26 de mayo para el per\u00edodo 2023-2027.\"}]},{\"@type\":\"WebSite\",\"@id\":\"https:\/\/pagina10.com\/web\/#website\",\"url\":\"https:\/\/pagina10.com\/web\/\",\"name\":\"P\u00e1gina10\",\"description\":\"Peri\u00f3dico Regional\",\"publisher\":{\"@id\":\"https:\/\/pagina10.com\/web\/#organization\"},\"alternateName\":\"P\u00e1gina10 Peri\u00f3dico Regional\",\"potentialAction\":[{\"@type\":\"SearchAction\",\"target\":{\"@type\":\"EntryPoint\",\"urlTemplate\":\"https:\/\/pagina10.com\/web\/?s={search_term_string}\"},\"query-input\":{\"@type\":\"PropertyValueSpecification\",\"valueRequired\":true,\"valueName\":\"search_term_string\"}}],\"inLanguage\":\"es\"},{\"@type\":\"Organization\",\"@id\":\"https:\/\/pagina10.com\/web\/#organization\",\"name\":\"P\u00e1gina10\",\"alternateName\":\"P\u00e1gina10 Peri\u00f3dico Regional\",\"url\":\"https:\/\/pagina10.com\/web\/\",\"logo\":{\"@type\":\"ImageObject\",\"inLanguage\":\"es\",\"@id\":\"https:\/\/pagina10.com\/web\/#\/schema\/logo\/image\/\",\"url\":\"https:\/\/pagina10.com\/web\/wp-content\/uploads\/2024\/01\/40-pagina-10-periodico-regional-pasto.jpg\",\"contentUrl\":\"https:\/\/pagina10.com\/web\/wp-content\/uploads\/2024\/01\/40-pagina-10-periodico-regional-pasto.jpg\",\"width\":1280,\"height\":720,\"caption\":\"P\u00e1gina10\"},\"image\":{\"@id\":\"https:\/\/pagina10.com\/web\/#\/schema\/logo\/image\/\"},\"sameAs\":[\"https:\/\/www.facebook.com\/pag10com\",\"https:\/\/x.com\/Pag10com\",\"https:\/\/www.instagram.com\/pagina10col\/\",\"https:\/\/youtube.com\/channel\/pag10\",\"https:\/\/www.tiktok.com\/@p10col\"]},{\"@type\":\"Person\",\"@id\":\"https:\/\/pagina10.com\/web\/#\/schema\/person\/2efc4a090d25b667d3bc796798a3a81b\",\"name\":\"P\u00e1gina 10\",\"description\":\"P\u00e1gina 10 es un peri\u00f3dico regional que nace en Colombia, en el departamento de Nari\u00f1o, con un enfoque global, fundamentado en cuatro pilares esenciales: la libertad, el pluralismo, la inclusi\u00f3n y la independencia. P\u00e1gina 10 hace referencia a Nari\u00f1o como el d\u00e9cimo departamento creado en Colombia, despu\u00e9s de un proceso pol\u00edtico liderado por actores y actrices regionales con el fin de obtener la independencia y autonom\u00eda de nuestros territorios. Con la creaci\u00f3n de P\u00e1gina 10 se pretende abrir un escenario para el dialogo, la reflexi\u00f3n y el debate que se extienda a otras geograf\u00edas de Am\u00e9rica Latina y del planeta, en una apuesta por transformar colectivamente los desaf\u00edos de un mundo contempor\u00e1neo, m\u00e1s all\u00e1 de las fronteras impuestas.\",\"url\":\"https:\/\/pagina10.com\/web\/author\/pdiezadmin\/\"}]}<\/script>\n<!-- \/ Yoast SEO plugin. -->","yoast_head_json":{"title":"La Central Unitaria de Trabajadores (CUT) celebrar\u00e1 elecciones sindicales el 26 de mayo para el per\u00edodo 2023-2027. | P\u00e1gina10","robots":{"index":"index","follow":"follow","max-snippet":"max-snippet:-1","max-image-preview":"max-image-preview:large","max-video-preview":"max-video-preview:-1"},"canonical":"https:\/\/pagina10.com\/web\/la-central-unitaria-de-trabajadores-cut-celebrara-elecciones-sindicales-el-26-de-mayo-para-el-periodo-2023-2027\/","og_locale":"es_ES","og_type":"article","og_title":"La Central Unitaria de Trabajadores (CUT) celebrar\u00e1 elecciones sindicales el 26 de mayo para el per\u00edodo 2023-2027. | P\u00e1gina10","og_description":"El pr\u00f3ximo 26 de mayo, los trabajadores afiliados a los sindicatos pertenecientes a la CUT elegir\u00e1n, a trav\u00e9s de voto directo, al Comit\u00e9 Ejecutivo Nacional, al Comit\u00e9 Ejecutivo de las Subdirectivas y a los delegados al Congreso de la CUT, quienes dirigir\u00e1n la Central Unitaria de Trabajadores durante los pr\u00f3ximos 4 a\u00f1os. Esta fecha es [&hellip;]","og_url":"https:\/\/pagina10.com\/web\/la-central-unitaria-de-trabajadores-cut-celebrara-elecciones-sindicales-el-26-de-mayo-para-el-periodo-2023-2027\/","og_site_name":"P\u00e1gina10","article_publisher":"https:\/\/www.facebook.com\/pag10com","article_published_time":"2023-05-24T16:10:17+00:00","article_modified_time":"2023-05-24T16:18:21+00:00","og_image":[{"width":1200,"height":630,"url":"https:\/\/pagina10.com\/web\/wp-content\/uploads\/2023\/05\/Las-elecciones-de-la-CUT.webp","type":"image\/webp"}],"author":"P\u00e1gina 10","twitter_card":"summary_large_image","twitter_creator":"@Pag10com","twitter_site":"@Pag10com","twitter_misc":{"Escrito por":"P\u00e1gina 10","Tiempo de lectura":"1 minuto"},"schema":{"@context":"https:\/\/schema.org","@graph":[{"@type":"Article","@id":"https:\/\/pagina10.com\/web\/la-central-unitaria-de-trabajadores-cut-celebrara-elecciones-sindicales-el-26-de-mayo-para-el-periodo-2023-2027\/#article","isPartOf":{"@id":"https:\/\/pagina10.com\/web\/la-central-unitaria-de-trabajadores-cut-celebrara-elecciones-sindicales-el-26-de-mayo-para-el-periodo-2023-2027\/"},"author":{"name":"P\u00e1gina 10","@id":"https:\/\/pagina10.com\/web\/#\/schema\/person\/2efc4a090d25b667d3bc796798a3a81b"},"headline":"La Central Unitaria de Trabajadores (CUT) celebrar\u00e1 elecciones sindicales el 26 de mayo para el per\u00edodo 2023-2027.","datePublished":"2023-05-24T16:10:17+00:00","dateModified":"2023-05-24T16:18:21+00:00","mainEntityOfPage":{"@id":"https:\/\/pagina10.com\/web\/la-central-unitaria-de-trabajadores-cut-celebrara-elecciones-sindicales-el-26-de-mayo-para-el-periodo-2023-2027\/"},"wordCount":312,"commentCount":0,"publisher":{"@id":"https:\/\/pagina10.com\/web\/#organization"},"image":{"@id":"https:\/\/pagina10.com\/web\/la-central-unitaria-de-trabajadores-cut-celebrara-elecciones-sindicales-el-26-de-mayo-para-el-periodo-2023-2027\/#primaryimage"},"thumbnailUrl":"https:\/\/pagina10.com\/web\/wp-content\/uploads\/2023\/05\/Las-elecciones-de-la-CUT.webp","keywords":["elecciones","FECODE","FecodeEducaci\u00f3n","LA CUT","nari\u00f1o"],"articleSection":["Nari\u00f1o Actual"],"inLanguage":"es","potentialAction":[{"@type":"CommentAction","name":"Comment","target":["https:\/\/pagina10.com\/web\/la-central-unitaria-de-trabajadores-cut-celebrara-elecciones-sindicales-el-26-de-mayo-para-el-periodo-2023-2027\/#respond"]}]},{"@type":"WebPage","@id":"https:\/\/pagina10.com\/web\/la-central-unitaria-de-trabajadores-cut-celebrara-elecciones-sindicales-el-26-de-mayo-para-el-periodo-2023-2027\/","url":"https:\/\/pagina10.com\/web\/la-central-unitaria-de-trabajadores-cut-celebrara-elecciones-sindicales-el-26-de-mayo-para-el-periodo-2023-2027\/","name":"La Central Unitaria de Trabajadores (CUT) celebrar\u00e1 elecciones sindicales el 26 de mayo para el per\u00edodo 2023-2027. | P\u00e1gina10","isPartOf":{"@id":"https:\/\/pagina10.com\/web\/#website"},"primaryImageOfPage":{"@id":"https:\/\/pagina10.com\/web\/la-central-unitaria-de-trabajadores-cut-celebrara-elecciones-sindicales-el-26-de-mayo-para-el-periodo-2023-2027\/#primaryimage"},"image":{"@id":"https:\/\/pagina10.com\/web\/la-central-unitaria-de-trabajadores-cut-celebrara-elecciones-sindicales-el-26-de-mayo-para-el-periodo-2023-2027\/#primaryimage"},"thumbnailUrl":"https:\/\/pagina10.com\/web\/wp-content\/uploads\/2023\/05\/Las-elecciones-de-la-CUT.webp","datePublished":"2023-05-24T16:10:17+00:00","dateModified":"2023-05-24T16:18:21+00:00","breadcrumb":{"@id":"https:\/\/pagina10.com\/web\/la-central-unitaria-de-trabajadores-cut-celebrara-elecciones-sindicales-el-26-de-mayo-para-el-periodo-2023-2027\/#breadcrumb"},"inLanguage":"es","potentialAction":[{"@type":"ReadAction","target":["https:\/\/pagina10.com\/web\/la-central-unitaria-de-trabajadores-cut-celebrara-elecciones-sindicales-el-26-de-mayo-para-el-periodo-2023-2027\/"]}]},{"@type":"ImageObject","inLanguage":"es","@id":"https:\/\/pagina10.com\/web\/la-central-unitaria-de-trabajadores-cut-celebrara-elecciones-sindicales-el-26-de-mayo-para-el-periodo-2023-2027\/#primaryimage","url":"https:\/\/pagina10.com\/web\/wp-content\/uploads\/2023\/05\/Las-elecciones-de-la-CUT.webp","contentUrl":"https:\/\/pagina10.com\/web\/wp-content\/uploads\/2023\/05\/Las-elecciones-de-la-CUT.webp","width":1200,"height":630},{"@type":"BreadcrumbList","@id":"https:\/\/pagina10.com\/web\/la-central-unitaria-de-trabajadores-cut-celebrara-elecciones-sindicales-el-26-de-mayo-para-el-periodo-2023-2027\/#breadcrumb","itemListElement":[{"@type":"ListItem","position":1,"name":"Portada","item":"https:\/\/pagina10.com\/web\/"},{"@type":"ListItem","position":2,"name":"La Central Unitaria de Trabajadores (CUT) celebrar\u00e1 elecciones sindicales el 26 de mayo para el per\u00edodo 2023-2027."}]},{"@type":"WebSite","@id":"https:\/\/pagina10.com\/web\/#website","url":"https:\/\/pagina10.com\/web\/","name":"P\u00e1gina10","description":"Peri\u00f3dico Regional","publisher":{"@id":"https:\/\/pagina10.com\/web\/#organization"},"alternateName":"P\u00e1gina10 Peri\u00f3dico Regional","potentialAction":[{"@type":"SearchAction","target":{"@type":"EntryPoint","urlTemplate":"https:\/\/pagina10.com\/web\/?s={search_term_string}"},"query-input":{"@type":"PropertyValueSpecification","valueRequired":true,"valueName":"search_term_string"}}],"inLanguage":"es"},{"@type":"Organization","@id":"https:\/\/pagina10.com\/web\/#organization","name":"P\u00e1gina10","alternateName":"P\u00e1gina10 Peri\u00f3dico Regional","url":"https:\/\/pagina10.com\/web\/","logo":{"@type":"ImageObject","inLanguage":"es","@id":"https:\/\/pagina10.com\/web\/#\/schema\/logo\/image\/","url":"https:\/\/pagina10.com\/web\/wp-content\/uploads\/2024\/01\/40-pagina-10-periodico-regional-pasto.jpg","contentUrl":"https:\/\/pagina10.com\/web\/wp-content\/uploads\/2024\/01\/40-pagina-10-periodico-regional-pasto.jpg","width":1280,"height":720,"caption":"P\u00e1gina10"},"image":{"@id":"https:\/\/pagina10.com\/web\/#\/schema\/logo\/image\/"},"sameAs":["https:\/\/www.facebook.com\/pag10com","https:\/\/x.com\/Pag10com","https:\/\/www.instagram.com\/pagina10col\/","https:\/\/youtube.com\/channel\/pag10","https:\/\/www.tiktok.com\/@p10col"]},{"@type":"Person","@id":"https:\/\/pagina10.com\/web\/#\/schema\/person\/2efc4a090d25b667d3bc796798a3a81b","name":"P\u00e1gina 10","description":"P\u00e1gina 10 es un peri\u00f3dico regional que nace en Colombia, en el departamento de Nari\u00f1o, con un enfoque global, fundamentado en cuatro pilares esenciales: la libertad, el pluralismo, la inclusi\u00f3n y la independencia. P\u00e1gina 10 hace referencia a Nari\u00f1o como el d\u00e9cimo departamento creado en Colombia, despu\u00e9s de un proceso pol\u00edtico liderado por actores y actrices regionales con el fin de obtener la independencia y autonom\u00eda de nuestros territorios. Con la creaci\u00f3n de P\u00e1gina 10 se pretende abrir un escenario para el dialogo, la reflexi\u00f3n y el debate que se extienda a otras geograf\u00edas de Am\u00e9rica Latina y del planeta, en una apuesta por transformar colectivamente los desaf\u00edos de un mundo contempor\u00e1neo, m\u00e1s all\u00e1 de las fronteras impuestas.","url":"https:\/\/pagina10.com\/web\/author\/pdiezadmin\/"}]}},"_links":{"self":[{"href":"https:\/\/pagina10.com\/web\/wp-json\/wp\/v2\/posts\/65997","targetHints":{"allow":["GET"]}}],"collection":[{"href":"https:\/\/pagina10.com\/web\/wp-json\/wp\/v2\/posts"}],"about":[{"href":"https:\/\/pagina10.com\/web\/wp-json\/wp\/v2\/types\/post"}],"author":[{"embeddable":true,"href":"https:\/\/pagina10.com\/web\/wp-json\/wp\/v2\/users\/1"}],"replies":[{"embeddable":true,"href":"https:\/\/pagina10.com\/web\/wp-json\/wp\/v2\/comments?post=65997"}],"version-history":[{"count":3,"href":"https:\/\/pagina10.com\/web\/wp-json\/wp\/v2\/posts\/65997\/revisions"}],"predecessor-version":[{"id":66005,"href":"https:\/\/pagina10.com\/web\/wp-json\/wp\/v2\/posts\/65997\/revisions\/66005"}],"wp:featuredmedia":[{"embeddable":true,"href":"https:\/\/pagina10.com\/web\/wp-json\/wp\/v2\/media\/65998"}],"wp:attachment":[{"href":"https:\/\/pagina10.com\/web\/wp-json\/wp\/v2\/media?parent=65997"}],"wp:term":[{"taxonomy":"category","embeddable":true,"href":"https:\/\/pagina10.com\/web\/wp-json\/wp\/v2\/categories?post=65997"},{"taxonomy":"post_tag","embeddable":true,"href":"https:\/\/pagina10.com\/web\/wp-json\/wp\/v2\/tags?post=65997"}],"curies":[{"name":"wp","href":"https:\/\/api.w.org\/{rel}","templated":true}]}}