{"id":66006,"date":"2023-05-24T14:20:32","date_gmt":"2023-05-24T19:20:32","guid":{"rendered":"https:\/\/pagina10.com\/web\/?p=66006"},"modified":"2023-05-24T14:22:23","modified_gmt":"2023-05-24T19:22:23","slug":"hasta-el-29-de-agosto-podras-inscribir-tu-cedula-para-votar-en-las-elecciones-territoriales-del-2023","status":"publish","type":"post","link":"https:\/\/pagina10.com\/web\/hasta-el-29-de-agosto-podras-inscribir-tu-cedula-para-votar-en-las-elecciones-territoriales-del-2023\/","title":{"rendered":"Hasta el 29 de agosto podr\u00e1 inscribir su c\u00e9dula para votar en las elecciones territoriales del 2023."},"content":{"rendered":"<p style=\"text-align: justify;\">Nari\u00f1o y Colombia se preparan para las elecciones territoriales que se llevar\u00e1n a cabo el 29 de octubre de este a\u00f1o. Para poder participar, los ciudadanos que deseen inscribir su c\u00e9dula o actualizar su lugar de votaci\u00f3n deber\u00e1n hacerlo presentando su c\u00e9dula amarilla con hologramas o su c\u00e9dula digital. Esta inscripci\u00f3n puede realizarse f\u00edsicamente en cualquier sede de la Registradur\u00eda a nivel nacional o a trav\u00e9s de dispositivos m\u00f3viles hasta el 29 de agosto. Los extranjeros residentes en Colombia deben presentar su c\u00e9dula de extranjer\u00eda con categor\u00eda de residente.<\/p>\n<p style=\"text-align: justify;\">En estas elecciones se elegir\u00e1n gobernadores, alcaldes, diputados, concejales y miembros de las Juntas Administradoras Locales (JAL) de la siguiente manera: se elegir\u00e1n 32 gobernadores y 418 diputados que conformar\u00e1n las asambleas departamentales, 1,102 alcaldes, 12,072 concejales y 6,513 ediles que formar\u00e1n parte de las Juntas Administradoras Locales. Los candidatos elegidos asumir\u00e1n sus cargos el 1 de enero de 2024. Adem\u00e1s de las sedes de la Registradur\u00eda, se habilitar\u00e1n puntos m\u00f3viles de inscripci\u00f3n para facilitar el tr\u00e1mite.<\/p>\n<p style=\"padding-left: 40px;\"><strong>Centro Comercial Unicentro<\/strong> Calle 11 # 34 -78\u00a0\u00a0 La Aurora<strong><br \/>\n<\/strong>Horario: lunes a viernes de 08:00:00 a. m. A 05:00 p.m.<\/p>\n<p style=\"padding-left: 40px;\"><strong>Centro Comercial \u00danico &#8211;<\/strong> Calle 22 # 6 -61<strong><br \/>\n<\/strong>Horario: lunes a viernes de 11:00:00 a. m. A 08:00 p.m.<\/p>\n<p style=\"padding-left: 40px;\"><strong>Sebasti\u00e1n de Belalc\u00e1zar &#8211; <\/strong>Direcci\u00f3n: Carrera 25 # 19 &#8211; 58 Centro<br \/>\nHorario: lunes a viernes de 11:00:00 a. m. A 08:00 p.m.<\/p>\n<p style=\"padding-left: 40px;\"><strong>Alkosto Centro &#8211; <\/strong>Direcci\u00f3n: Calle 19 # 28 &#8211; 89\u00a0\u00a0 Centro<br \/>\nHorario: lunes a viernes de 11:00:00 a. m. A 08:00 p.m.<\/p>\n<p style=\"padding-left: 40px;\"><strong>Gobernaci\u00f3n de Nari\u00f1o<\/strong> &#8211; Calle 19 # 25 &#8211; 02 Centro<br \/>\nHorario: lunes a viernes de 08:00:00 a. m. A 05:00 p.m.<\/p>\n<p style=\"padding-left: 40px;\"><strong>Secretar\u00eda de Tr\u00e1nsito Municipal &#8211; <\/strong>Calle 18 # 11 -11 Centro<strong><br \/>\n<\/strong>Horario: lunes a viernes de 08:00:00 a. m. A 05:00 p.m.<\/p>\n<p>&nbsp;<\/p>\n<h4 style=\"text-align: center;\"><a href=\"https:\/\/www.registraduria.gov.co\/?page=consulta-PMI\"><em>Puede consultar aqu\u00ed, los puntos m\u00f3viles de inscripci\u00f3n m\u00e1s cercanos.<\/em><\/a><\/h4>\n","protected":false},"excerpt":{"rendered":"<p>Nari\u00f1o y Colombia se preparan para las elecciones territoriales que se llevar\u00e1n a cabo el 29 de octubre de este a\u00f1o. Para poder participar, los ciudadanos que deseen inscribir su c\u00e9dula o actualizar su lugar de votaci\u00f3n deber\u00e1n hacerlo presentando su c\u00e9dula amarilla con hologramas o su c\u00e9dula digital. Esta inscripci\u00f3n puede realizarse f\u00edsicamente en [&hellip;]<\/p>\n","protected":false},"author":1,"featured_media":66007,"comment_status":"open","ping_status":"open","sticky":false,"template":"","format":"standard","meta":{"footnotes":""},"categories":[14],"tags":[],"class_list":["post-66006","post","type-post","status-publish","format-standard","has-post-thumbnail","hentry","category-narino-actual"],"yoast_head":"<!-- This site is optimized with the Yoast SEO plugin v27.1.1 - https:\/\/yoast.com\/product\/yoast-seo-wordpress\/ -->\n<title>Hasta el 29 de agosto podr\u00e1 inscribir su c\u00e9dula para votar en las elecciones territoriales del 2023. | P\u00e1gina10<\/title>\n<meta name=\"robots\" content=\"index, follow, max-snippet:-1, max-image-preview:large, max-video-preview:-1\" \/>\n<link rel=\"canonical\" href=\"https:\/\/pagina10.com\/web\/hasta-el-29-de-agosto-podras-inscribir-tu-cedula-para-votar-en-las-elecciones-territoriales-del-2023\/\" \/>\n<meta property=\"og:locale\" content=\"es_ES\" \/>\n<meta property=\"og:type\" content=\"article\" \/>\n<meta property=\"og:title\" content=\"Hasta el 29 de agosto podr\u00e1 inscribir su c\u00e9dula para votar en las elecciones territoriales del 2023. | P\u00e1gina10\" \/>\n<meta property=\"og:description\" content=\"Nari\u00f1o y Colombia se preparan para las elecciones territoriales que se llevar\u00e1n a cabo el 29 de octubre de este a\u00f1o. Para poder participar, los ciudadanos que deseen inscribir su c\u00e9dula o actualizar su lugar de votaci\u00f3n deber\u00e1n hacerlo presentando su c\u00e9dula amarilla con hologramas o su c\u00e9dula digital. Esta inscripci\u00f3n puede realizarse f\u00edsicamente en [&hellip;]\" \/>\n<meta property=\"og:url\" content=\"https:\/\/pagina10.com\/web\/hasta-el-29-de-agosto-podras-inscribir-tu-cedula-para-votar-en-las-elecciones-territoriales-del-2023\/\" \/>\n<meta property=\"og:site_name\" content=\"P\u00e1gina10\" \/>\n<meta property=\"article:publisher\" content=\"https:\/\/www.facebook.com\/pag10com\" \/>\n<meta property=\"article:published_time\" content=\"2023-05-24T19:20:32+00:00\" \/>\n<meta property=\"article:modified_time\" content=\"2023-05-24T19:22:23+00:00\" \/>\n<meta property=\"og:image\" content=\"https:\/\/pagina10.com\/web\/wp-content\/uploads\/2023\/05\/cedula-inscripcion-cambio-lugar-votacion-donde.jpg\" \/>\n\t<meta property=\"og:image:width\" content=\"1222\" \/>\n\t<meta property=\"og:image:height\" content=\"547\" \/>\n\t<meta property=\"og:image:type\" content=\"image\/jpeg\" \/>\n<meta name=\"author\" content=\"P\u00e1gina 10\" \/>\n<meta name=\"twitter:card\" content=\"summary_large_image\" \/>\n<meta name=\"twitter:creator\" content=\"@Pag10com\" \/>\n<meta name=\"twitter:site\" content=\"@Pag10com\" \/>\n<meta name=\"twitter:label1\" content=\"Escrito por\" \/>\n\t<meta name=\"twitter:data1\" content=\"P\u00e1gina 10\" \/>\n\t<meta name=\"twitter:label2\" content=\"Tiempo de lectura\" \/>\n\t<meta name=\"twitter:data2\" content=\"2 minutos\" \/>\n<script type=\"application\/ld+json\" class=\"yoast-schema-graph\">{\"@context\":\"https:\/\/schema.org\",\"@graph\":[{\"@type\":\"Article\",\"@id\":\"https:\/\/pagina10.com\/web\/hasta-el-29-de-agosto-podras-inscribir-tu-cedula-para-votar-en-las-elecciones-territoriales-del-2023\/#article\",\"isPartOf\":{\"@id\":\"https:\/\/pagina10.com\/web\/hasta-el-29-de-agosto-podras-inscribir-tu-cedula-para-votar-en-las-elecciones-territoriales-del-2023\/\"},\"author\":{\"name\":\"P\u00e1gina 10\",\"@id\":\"https:\/\/pagina10.com\/web\/#\/schema\/person\/2efc4a090d25b667d3bc796798a3a81b\"},\"headline\":\"Hasta el 29 de agosto podr\u00e1 inscribir su c\u00e9dula para votar en las elecciones territoriales del 2023.\",\"datePublished\":\"2023-05-24T19:20:32+00:00\",\"dateModified\":\"2023-05-24T19:22:23+00:00\",\"mainEntityOfPage\":{\"@id\":\"https:\/\/pagina10.com\/web\/hasta-el-29-de-agosto-podras-inscribir-tu-cedula-para-votar-en-las-elecciones-territoriales-del-2023\/\"},\"wordCount\":325,\"commentCount\":0,\"publisher\":{\"@id\":\"https:\/\/pagina10.com\/web\/#organization\"},\"image\":{\"@id\":\"https:\/\/pagina10.com\/web\/hasta-el-29-de-agosto-podras-inscribir-tu-cedula-para-votar-en-las-elecciones-territoriales-del-2023\/#primaryimage\"},\"thumbnailUrl\":\"https:\/\/pagina10.com\/web\/wp-content\/uploads\/2023\/05\/cedula-inscripcion-cambio-lugar-votacion-donde.jpg\",\"articleSection\":[\"Nari\u00f1o Actual\"],\"inLanguage\":\"es\",\"potentialAction\":[{\"@type\":\"CommentAction\",\"name\":\"Comment\",\"target\":[\"https:\/\/pagina10.com\/web\/hasta-el-29-de-agosto-podras-inscribir-tu-cedula-para-votar-en-las-elecciones-territoriales-del-2023\/#respond\"]}]},{\"@type\":\"WebPage\",\"@id\":\"https:\/\/pagina10.com\/web\/hasta-el-29-de-agosto-podras-inscribir-tu-cedula-para-votar-en-las-elecciones-territoriales-del-2023\/\",\"url\":\"https:\/\/pagina10.com\/web\/hasta-el-29-de-agosto-podras-inscribir-tu-cedula-para-votar-en-las-elecciones-territoriales-del-2023\/\",\"name\":\"Hasta el 29 de agosto podr\u00e1 inscribir su c\u00e9dula para votar en las elecciones territoriales del 2023. | P\u00e1gina10\",\"isPartOf\":{\"@id\":\"https:\/\/pagina10.com\/web\/#website\"},\"primaryImageOfPage\":{\"@id\":\"https:\/\/pagina10.com\/web\/hasta-el-29-de-agosto-podras-inscribir-tu-cedula-para-votar-en-las-elecciones-territoriales-del-2023\/#primaryimage\"},\"image\":{\"@id\":\"https:\/\/pagina10.com\/web\/hasta-el-29-de-agosto-podras-inscribir-tu-cedula-para-votar-en-las-elecciones-territoriales-del-2023\/#primaryimage\"},\"thumbnailUrl\":\"https:\/\/pagina10.com\/web\/wp-content\/uploads\/2023\/05\/cedula-inscripcion-cambio-lugar-votacion-donde.jpg\",\"datePublished\":\"2023-05-24T19:20:32+00:00\",\"dateModified\":\"2023-05-24T19:22:23+00:00\",\"breadcrumb\":{\"@id\":\"https:\/\/pagina10.com\/web\/hasta-el-29-de-agosto-podras-inscribir-tu-cedula-para-votar-en-las-elecciones-territoriales-del-2023\/#breadcrumb\"},\"inLanguage\":\"es\",\"potentialAction\":[{\"@type\":\"ReadAction\",\"target\":[\"https:\/\/pagina10.com\/web\/hasta-el-29-de-agosto-podras-inscribir-tu-cedula-para-votar-en-las-elecciones-territoriales-del-2023\/\"]}]},{\"@type\":\"ImageObject\",\"inLanguage\":\"es\",\"@id\":\"https:\/\/pagina10.com\/web\/hasta-el-29-de-agosto-podras-inscribir-tu-cedula-para-votar-en-las-elecciones-territoriales-del-2023\/#primaryimage\",\"url\":\"https:\/\/pagina10.com\/web\/wp-content\/uploads\/2023\/05\/cedula-inscripcion-cambio-lugar-votacion-donde.jpg\",\"contentUrl\":\"https:\/\/pagina10.com\/web\/wp-content\/uploads\/2023\/05\/cedula-inscripcion-cambio-lugar-votacion-donde.jpg\",\"width\":1222,\"height\":547},{\"@type\":\"BreadcrumbList\",\"@id\":\"https:\/\/pagina10.com\/web\/hasta-el-29-de-agosto-podras-inscribir-tu-cedula-para-votar-en-las-elecciones-territoriales-del-2023\/#breadcrumb\",\"itemListElement\":[{\"@type\":\"ListItem\",\"position\":1,\"name\":\"Portada\",\"item\":\"https:\/\/pagina10.com\/web\/\"},{\"@type\":\"ListItem\",\"position\":2,\"name\":\"Hasta el 29 de agosto podr\u00e1 inscribir su c\u00e9dula para votar en las elecciones territoriales del 2023.\"}]},{\"@type\":\"WebSite\",\"@id\":\"https:\/\/pagina10.com\/web\/#website\",\"url\":\"https:\/\/pagina10.com\/web\/\",\"name\":\"P\u00e1gina10\",\"description\":\"Peri\u00f3dico Regional\",\"publisher\":{\"@id\":\"https:\/\/pagina10.com\/web\/#organization\"},\"alternateName\":\"P\u00e1gina10 Peri\u00f3dico Regional\",\"potentialAction\":[{\"@type\":\"SearchAction\",\"target\":{\"@type\":\"EntryPoint\",\"urlTemplate\":\"https:\/\/pagina10.com\/web\/?s={search_term_string}\"},\"query-input\":{\"@type\":\"PropertyValueSpecification\",\"valueRequired\":true,\"valueName\":\"search_term_string\"}}],\"inLanguage\":\"es\"},{\"@type\":\"Organization\",\"@id\":\"https:\/\/pagina10.com\/web\/#organization\",\"name\":\"P\u00e1gina10\",\"alternateName\":\"P\u00e1gina10 Peri\u00f3dico Regional\",\"url\":\"https:\/\/pagina10.com\/web\/\",\"logo\":{\"@type\":\"ImageObject\",\"inLanguage\":\"es\",\"@id\":\"https:\/\/pagina10.com\/web\/#\/schema\/logo\/image\/\",\"url\":\"https:\/\/pagina10.com\/web\/wp-content\/uploads\/2024\/01\/40-pagina-10-periodico-regional-pasto.jpg\",\"contentUrl\":\"https:\/\/pagina10.com\/web\/wp-content\/uploads\/2024\/01\/40-pagina-10-periodico-regional-pasto.jpg\",\"width\":1280,\"height\":720,\"caption\":\"P\u00e1gina10\"},\"image\":{\"@id\":\"https:\/\/pagina10.com\/web\/#\/schema\/logo\/image\/\"},\"sameAs\":[\"https:\/\/www.facebook.com\/pag10com\",\"https:\/\/x.com\/Pag10com\",\"https:\/\/www.instagram.com\/pagina10col\/\",\"https:\/\/youtube.com\/channel\/pag10\",\"https:\/\/www.tiktok.com\/@p10col\"]},{\"@type\":\"Person\",\"@id\":\"https:\/\/pagina10.com\/web\/#\/schema\/person\/2efc4a090d25b667d3bc796798a3a81b\",\"name\":\"P\u00e1gina 10\",\"description\":\"P\u00e1gina 10 es un peri\u00f3dico regional que nace en Colombia, en el departamento de Nari\u00f1o, con un enfoque global, fundamentado en cuatro pilares esenciales: la libertad, el pluralismo, la inclusi\u00f3n y la independencia. P\u00e1gina 10 hace referencia a Nari\u00f1o como el d\u00e9cimo departamento creado en Colombia, despu\u00e9s de un proceso pol\u00edtico liderado por actores y actrices regionales con el fin de obtener la independencia y autonom\u00eda de nuestros territorios. Con la creaci\u00f3n de P\u00e1gina 10 se pretende abrir un escenario para el dialogo, la reflexi\u00f3n y el debate que se extienda a otras geograf\u00edas de Am\u00e9rica Latina y del planeta, en una apuesta por transformar colectivamente los desaf\u00edos de un mundo contempor\u00e1neo, m\u00e1s all\u00e1 de las fronteras impuestas.\",\"url\":\"https:\/\/pagina10.com\/web\/author\/pdiezadmin\/\"}]}<\/script>\n<!-- \/ Yoast SEO plugin. -->","yoast_head_json":{"title":"Hasta el 29 de agosto podr\u00e1 inscribir su c\u00e9dula para votar en las elecciones territoriales del 2023. | P\u00e1gina10","robots":{"index":"index","follow":"follow","max-snippet":"max-snippet:-1","max-image-preview":"max-image-preview:large","max-video-preview":"max-video-preview:-1"},"canonical":"https:\/\/pagina10.com\/web\/hasta-el-29-de-agosto-podras-inscribir-tu-cedula-para-votar-en-las-elecciones-territoriales-del-2023\/","og_locale":"es_ES","og_type":"article","og_title":"Hasta el 29 de agosto podr\u00e1 inscribir su c\u00e9dula para votar en las elecciones territoriales del 2023. | P\u00e1gina10","og_description":"Nari\u00f1o y Colombia se preparan para las elecciones territoriales que se llevar\u00e1n a cabo el 29 de octubre de este a\u00f1o. Para poder participar, los ciudadanos que deseen inscribir su c\u00e9dula o actualizar su lugar de votaci\u00f3n deber\u00e1n hacerlo presentando su c\u00e9dula amarilla con hologramas o su c\u00e9dula digital. Esta inscripci\u00f3n puede realizarse f\u00edsicamente en [&hellip;]","og_url":"https:\/\/pagina10.com\/web\/hasta-el-29-de-agosto-podras-inscribir-tu-cedula-para-votar-en-las-elecciones-territoriales-del-2023\/","og_site_name":"P\u00e1gina10","article_publisher":"https:\/\/www.facebook.com\/pag10com","article_published_time":"2023-05-24T19:20:32+00:00","article_modified_time":"2023-05-24T19:22:23+00:00","og_image":[{"width":1222,"height":547,"url":"https:\/\/pagina10.com\/web\/wp-content\/uploads\/2023\/05\/cedula-inscripcion-cambio-lugar-votacion-donde.jpg","type":"image\/jpeg"}],"author":"P\u00e1gina 10","twitter_card":"summary_large_image","twitter_creator":"@Pag10com","twitter_site":"@Pag10com","twitter_misc":{"Escrito por":"P\u00e1gina 10","Tiempo de lectura":"2 minutos"},"schema":{"@context":"https:\/\/schema.org","@graph":[{"@type":"Article","@id":"https:\/\/pagina10.com\/web\/hasta-el-29-de-agosto-podras-inscribir-tu-cedula-para-votar-en-las-elecciones-territoriales-del-2023\/#article","isPartOf":{"@id":"https:\/\/pagina10.com\/web\/hasta-el-29-de-agosto-podras-inscribir-tu-cedula-para-votar-en-las-elecciones-territoriales-del-2023\/"},"author":{"name":"P\u00e1gina 10","@id":"https:\/\/pagina10.com\/web\/#\/schema\/person\/2efc4a090d25b667d3bc796798a3a81b"},"headline":"Hasta el 29 de agosto podr\u00e1 inscribir su c\u00e9dula para votar en las elecciones territoriales del 2023.","datePublished":"2023-05-24T19:20:32+00:00","dateModified":"2023-05-24T19:22:23+00:00","mainEntityOfPage":{"@id":"https:\/\/pagina10.com\/web\/hasta-el-29-de-agosto-podras-inscribir-tu-cedula-para-votar-en-las-elecciones-territoriales-del-2023\/"},"wordCount":325,"commentCount":0,"publisher":{"@id":"https:\/\/pagina10.com\/web\/#organization"},"image":{"@id":"https:\/\/pagina10.com\/web\/hasta-el-29-de-agosto-podras-inscribir-tu-cedula-para-votar-en-las-elecciones-territoriales-del-2023\/#primaryimage"},"thumbnailUrl":"https:\/\/pagina10.com\/web\/wp-content\/uploads\/2023\/05\/cedula-inscripcion-cambio-lugar-votacion-donde.jpg","articleSection":["Nari\u00f1o Actual"],"inLanguage":"es","potentialAction":[{"@type":"CommentAction","name":"Comment","target":["https:\/\/pagina10.com\/web\/hasta-el-29-de-agosto-podras-inscribir-tu-cedula-para-votar-en-las-elecciones-territoriales-del-2023\/#respond"]}]},{"@type":"WebPage","@id":"https:\/\/pagina10.com\/web\/hasta-el-29-de-agosto-podras-inscribir-tu-cedula-para-votar-en-las-elecciones-territoriales-del-2023\/","url":"https:\/\/pagina10.com\/web\/hasta-el-29-de-agosto-podras-inscribir-tu-cedula-para-votar-en-las-elecciones-territoriales-del-2023\/","name":"Hasta el 29 de agosto podr\u00e1 inscribir su c\u00e9dula para votar en las elecciones territoriales del 2023. | P\u00e1gina10","isPartOf":{"@id":"https:\/\/pagina10.com\/web\/#website"},"primaryImageOfPage":{"@id":"https:\/\/pagina10.com\/web\/hasta-el-29-de-agosto-podras-inscribir-tu-cedula-para-votar-en-las-elecciones-territoriales-del-2023\/#primaryimage"},"image":{"@id":"https:\/\/pagina10.com\/web\/hasta-el-29-de-agosto-podras-inscribir-tu-cedula-para-votar-en-las-elecciones-territoriales-del-2023\/#primaryimage"},"thumbnailUrl":"https:\/\/pagina10.com\/web\/wp-content\/uploads\/2023\/05\/cedula-inscripcion-cambio-lugar-votacion-donde.jpg","datePublished":"2023-05-24T19:20:32+00:00","dateModified":"2023-05-24T19:22:23+00:00","breadcrumb":{"@id":"https:\/\/pagina10.com\/web\/hasta-el-29-de-agosto-podras-inscribir-tu-cedula-para-votar-en-las-elecciones-territoriales-del-2023\/#breadcrumb"},"inLanguage":"es","potentialAction":[{"@type":"ReadAction","target":["https:\/\/pagina10.com\/web\/hasta-el-29-de-agosto-podras-inscribir-tu-cedula-para-votar-en-las-elecciones-territoriales-del-2023\/"]}]},{"@type":"ImageObject","inLanguage":"es","@id":"https:\/\/pagina10.com\/web\/hasta-el-29-de-agosto-podras-inscribir-tu-cedula-para-votar-en-las-elecciones-territoriales-del-2023\/#primaryimage","url":"https:\/\/pagina10.com\/web\/wp-content\/uploads\/2023\/05\/cedula-inscripcion-cambio-lugar-votacion-donde.jpg","contentUrl":"https:\/\/pagina10.com\/web\/wp-content\/uploads\/2023\/05\/cedula-inscripcion-cambio-lugar-votacion-donde.jpg","width":1222,"height":547},{"@type":"BreadcrumbList","@id":"https:\/\/pagina10.com\/web\/hasta-el-29-de-agosto-podras-inscribir-tu-cedula-para-votar-en-las-elecciones-territoriales-del-2023\/#breadcrumb","itemListElement":[{"@type":"ListItem","position":1,"name":"Portada","item":"https:\/\/pagina10.com\/web\/"},{"@type":"ListItem","position":2,"name":"Hasta el 29 de agosto podr\u00e1 inscribir su c\u00e9dula para votar en las elecciones territoriales del 2023."}]},{"@type":"WebSite","@id":"https:\/\/pagina10.com\/web\/#website","url":"https:\/\/pagina10.com\/web\/","name":"P\u00e1gina10","description":"Peri\u00f3dico Regional","publisher":{"@id":"https:\/\/pagina10.com\/web\/#organization"},"alternateName":"P\u00e1gina10 Peri\u00f3dico Regional","potentialAction":[{"@type":"SearchAction","target":{"@type":"EntryPoint","urlTemplate":"https:\/\/pagina10.com\/web\/?s={search_term_string}"},"query-input":{"@type":"PropertyValueSpecification","valueRequired":true,"valueName":"search_term_string"}}],"inLanguage":"es"},{"@type":"Organization","@id":"https:\/\/pagina10.com\/web\/#organization","name":"P\u00e1gina10","alternateName":"P\u00e1gina10 Peri\u00f3dico Regional","url":"https:\/\/pagina10.com\/web\/","logo":{"@type":"ImageObject","inLanguage":"es","@id":"https:\/\/pagina10.com\/web\/#\/schema\/logo\/image\/","url":"https:\/\/pagina10.com\/web\/wp-content\/uploads\/2024\/01\/40-pagina-10-periodico-regional-pasto.jpg","contentUrl":"https:\/\/pagina10.com\/web\/wp-content\/uploads\/2024\/01\/40-pagina-10-periodico-regional-pasto.jpg","width":1280,"height":720,"caption":"P\u00e1gina10"},"image":{"@id":"https:\/\/pagina10.com\/web\/#\/schema\/logo\/image\/"},"sameAs":["https:\/\/www.facebook.com\/pag10com","https:\/\/x.com\/Pag10com","https:\/\/www.instagram.com\/pagina10col\/","https:\/\/youtube.com\/channel\/pag10","https:\/\/www.tiktok.com\/@p10col"]},{"@type":"Person","@id":"https:\/\/pagina10.com\/web\/#\/schema\/person\/2efc4a090d25b667d3bc796798a3a81b","name":"P\u00e1gina 10","description":"P\u00e1gina 10 es un peri\u00f3dico regional que nace en Colombia, en el departamento de Nari\u00f1o, con un enfoque global, fundamentado en cuatro pilares esenciales: la libertad, el pluralismo, la inclusi\u00f3n y la independencia. P\u00e1gina 10 hace referencia a Nari\u00f1o como el d\u00e9cimo departamento creado en Colombia, despu\u00e9s de un proceso pol\u00edtico liderado por actores y actrices regionales con el fin de obtener la independencia y autonom\u00eda de nuestros territorios. Con la creaci\u00f3n de P\u00e1gina 10 se pretende abrir un escenario para el dialogo, la reflexi\u00f3n y el debate que se extienda a otras geograf\u00edas de Am\u00e9rica Latina y del planeta, en una apuesta por transformar colectivamente los desaf\u00edos de un mundo contempor\u00e1neo, m\u00e1s all\u00e1 de las fronteras impuestas.","url":"https:\/\/pagina10.com\/web\/author\/pdiezadmin\/"}]}},"_links":{"self":[{"href":"https:\/\/pagina10.com\/web\/wp-json\/wp\/v2\/posts\/66006","targetHints":{"allow":["GET"]}}],"collection":[{"href":"https:\/\/pagina10.com\/web\/wp-json\/wp\/v2\/posts"}],"about":[{"href":"https:\/\/pagina10.com\/web\/wp-json\/wp\/v2\/types\/post"}],"author":[{"embeddable":true,"href":"https:\/\/pagina10.com\/web\/wp-json\/wp\/v2\/users\/1"}],"replies":[{"embeddable":true,"href":"https:\/\/pagina10.com\/web\/wp-json\/wp\/v2\/comments?post=66006"}],"version-history":[{"count":3,"href":"https:\/\/pagina10.com\/web\/wp-json\/wp\/v2\/posts\/66006\/revisions"}],"predecessor-version":[{"id":66010,"href":"https:\/\/pagina10.com\/web\/wp-json\/wp\/v2\/posts\/66006\/revisions\/66010"}],"wp:featuredmedia":[{"embeddable":true,"href":"https:\/\/pagina10.com\/web\/wp-json\/wp\/v2\/media\/66007"}],"wp:attachment":[{"href":"https:\/\/pagina10.com\/web\/wp-json\/wp\/v2\/media?parent=66006"}],"wp:term":[{"taxonomy":"category","embeddable":true,"href":"https:\/\/pagina10.com\/web\/wp-json\/wp\/v2\/categories?post=66006"},{"taxonomy":"post_tag","embeddable":true,"href":"https:\/\/pagina10.com\/web\/wp-json\/wp\/v2\/tags?post=66006"}],"curies":[{"name":"wp","href":"https:\/\/api.w.org\/{rel}","templated":true}]}}