{"id":66013,"date":"2023-05-24T15:36:11","date_gmt":"2023-05-24T20:36:11","guid":{"rendered":"https:\/\/pagina10.com\/web\/?p=66013"},"modified":"2023-05-24T15:36:36","modified_gmt":"2023-05-24T20:36:36","slug":"alcalde-de-cartagena-del-chaira-caqueta-denuncia-amenazas-constantes-por-parte-de-emc-farc","status":"publish","type":"post","link":"https:\/\/pagina10.com\/web\/alcalde-de-cartagena-del-chaira-caqueta-denuncia-amenazas-constantes-por-parte-de-emc-farc\/","title":{"rendered":"Alcalde de Cartagena del Chair\u00e1, Caquet\u00e1, denuncia amenazas constantes por parte de EMC-FARC."},"content":{"rendered":"<p style=\"text-align: justify;\">En entrevista para W Radio, Edilberto Molina destaca la importancia de que Fuerzas Militares intervengan antes de que la situaci\u00f3n sea m\u00e1s compleja. Ante las amenazas que ha recibido por parte de EMC-FARC, ha anunciado que teme por su vida y que las amenazas que ha recibido son respuesta a revelar la situaci\u00f3n que enfrenta su poblaci\u00f3n.<\/p>\n<p style=\"text-align: justify;\">Esta misma situaci\u00f3n incluye presuntamente, el control territorial por parte de las disidencias de las FARC, quienes, seg\u00fan el alcalde, controlan el territorio en el municipio y se les atribuye el reciente asesinato de cuatro ni\u00f1os ind\u00edgenas en el departamento \u201cha sido muy dificultoso la gobernabilidad (\u2026) uno no puede decir nada porque a la gente le da miedo, hoy yo he hablado y represento a muchos caquete\u00f1os que no hablan por temor, porque se sienten intimidados\u201d, recalc\u00f3 el mandatario.<\/p>\n<p style=\"text-align: justify;\">Molina, en el mismo<a href=\"https:\/\/www.wradio.com.co\/2023\/05\/22\/gobierno-ha-sido-muy-bondadoso-con-grupos-armados-alcalde-que-denuncio-amenazas\/\"> espacio period\u00edstico de W Radio (el pasado 22 de mayo)<\/a>, solicit\u00f3 protecci\u00f3n al presidente Gustavo Petro debido a las amenazas recibidas, que le impiden entrar o transitar por el municipio.<\/p>\n<p style=\"text-align: justify;\">El alcalde de Cartagena del Chair\u00e1, denuncia en la entrevista, que los \u00faltimos meses hubo un aumento en la presencia de disidencias, quienes colocan vallas publicitarias para reclutar a la poblaci\u00f3n y extorsionarla, reiter\u00f3 que solo puede llegar al municipio en veh\u00edculo a\u00e9reo, ya que es muy dif\u00edcil ingresar por tierra.<\/p>\n<p style=\"text-align: justify;\">Molina afirma que las disidencias lo han declarado como objetivo militar y que su vida est\u00e1 en peligro. Menciona que est\u00e1 despachando desde Florencia y expresa el deseo de paz, pero critica la benevolencia del Gobierno hacia los grupos armados ilegales.<\/p>\n","protected":false},"excerpt":{"rendered":"<p>En entrevista para W Radio, Edilberto Molina destaca la importancia de que Fuerzas Militares intervengan antes de que la situaci\u00f3n sea m\u00e1s compleja. Ante las amenazas que ha recibido por parte de EMC-FARC, ha anunciado que teme por su vida y que las amenazas que ha recibido son respuesta a revelar la situaci\u00f3n que enfrenta [&hellip;]<\/p>\n","protected":false},"author":1,"featured_media":66014,"comment_status":"open","ping_status":"open","sticky":false,"template":"","format":"standard","meta":{"footnotes":""},"categories":[94],"tags":[],"class_list":["post-66013","post","type-post","status-publish","format-standard","has-post-thumbnail","hentry","category-nacional-global-2"],"yoast_head":"<!-- This site is optimized with the Yoast SEO plugin v27.1.1 - https:\/\/yoast.com\/product\/yoast-seo-wordpress\/ -->\n<title>Alcalde de Cartagena del Chair\u00e1, Caquet\u00e1, denuncia amenazas constantes por parte de EMC-FARC. | P\u00e1gina10<\/title>\n<meta name=\"robots\" content=\"index, follow, max-snippet:-1, max-image-preview:large, max-video-preview:-1\" \/>\n<link rel=\"canonical\" href=\"https:\/\/pagina10.com\/web\/alcalde-de-cartagena-del-chaira-caqueta-denuncia-amenazas-constantes-por-parte-de-emc-farc\/\" \/>\n<meta property=\"og:locale\" content=\"es_ES\" \/>\n<meta property=\"og:type\" content=\"article\" \/>\n<meta property=\"og:title\" content=\"Alcalde de Cartagena del Chair\u00e1, Caquet\u00e1, denuncia amenazas constantes por parte de EMC-FARC. | P\u00e1gina10\" \/>\n<meta property=\"og:description\" content=\"En entrevista para W Radio, Edilberto Molina destaca la importancia de que Fuerzas Militares intervengan antes de que la situaci\u00f3n sea m\u00e1s compleja. Ante las amenazas que ha recibido por parte de EMC-FARC, ha anunciado que teme por su vida y que las amenazas que ha recibido son respuesta a revelar la situaci\u00f3n que enfrenta [&hellip;]\" \/>\n<meta property=\"og:url\" content=\"https:\/\/pagina10.com\/web\/alcalde-de-cartagena-del-chaira-caqueta-denuncia-amenazas-constantes-por-parte-de-emc-farc\/\" \/>\n<meta property=\"og:site_name\" content=\"P\u00e1gina10\" \/>\n<meta property=\"article:publisher\" content=\"https:\/\/www.facebook.com\/pag10com\" \/>\n<meta property=\"article:published_time\" content=\"2023-05-24T20:36:11+00:00\" \/>\n<meta property=\"article:modified_time\" content=\"2023-05-24T20:36:36+00:00\" \/>\n<meta property=\"og:image\" content=\"https:\/\/pagina10.com\/web\/wp-content\/uploads\/2023\/05\/TEDCPSOM65AFZD76S5TYUVFX4I.jpg\" \/>\n\t<meta property=\"og:image:width\" content=\"768\" \/>\n\t<meta property=\"og:image:height\" content=\"768\" \/>\n\t<meta property=\"og:image:type\" content=\"image\/jpeg\" \/>\n<meta name=\"author\" content=\"P\u00e1gina 10\" \/>\n<meta name=\"twitter:card\" content=\"summary_large_image\" \/>\n<meta name=\"twitter:creator\" content=\"@Pag10com\" \/>\n<meta name=\"twitter:site\" content=\"@Pag10com\" \/>\n<meta name=\"twitter:label1\" content=\"Escrito por\" \/>\n\t<meta name=\"twitter:data1\" content=\"P\u00e1gina 10\" \/>\n\t<meta name=\"twitter:label2\" content=\"Tiempo de lectura\" \/>\n\t<meta name=\"twitter:data2\" content=\"1 minuto\" \/>\n<script type=\"application\/ld+json\" class=\"yoast-schema-graph\">{\"@context\":\"https:\/\/schema.org\",\"@graph\":[{\"@type\":\"Article\",\"@id\":\"https:\/\/pagina10.com\/web\/alcalde-de-cartagena-del-chaira-caqueta-denuncia-amenazas-constantes-por-parte-de-emc-farc\/#article\",\"isPartOf\":{\"@id\":\"https:\/\/pagina10.com\/web\/alcalde-de-cartagena-del-chaira-caqueta-denuncia-amenazas-constantes-por-parte-de-emc-farc\/\"},\"author\":{\"name\":\"P\u00e1gina 10\",\"@id\":\"https:\/\/pagina10.com\/web\/#\/schema\/person\/2efc4a090d25b667d3bc796798a3a81b\"},\"headline\":\"Alcalde de Cartagena del Chair\u00e1, Caquet\u00e1, denuncia amenazas constantes por parte de EMC-FARC.\",\"datePublished\":\"2023-05-24T20:36:11+00:00\",\"dateModified\":\"2023-05-24T20:36:36+00:00\",\"mainEntityOfPage\":{\"@id\":\"https:\/\/pagina10.com\/web\/alcalde-de-cartagena-del-chaira-caqueta-denuncia-amenazas-constantes-por-parte-de-emc-farc\/\"},\"wordCount\":289,\"commentCount\":0,\"publisher\":{\"@id\":\"https:\/\/pagina10.com\/web\/#organization\"},\"image\":{\"@id\":\"https:\/\/pagina10.com\/web\/alcalde-de-cartagena-del-chaira-caqueta-denuncia-amenazas-constantes-por-parte-de-emc-farc\/#primaryimage\"},\"thumbnailUrl\":\"https:\/\/pagina10.com\/web\/wp-content\/uploads\/2023\/05\/TEDCPSOM65AFZD76S5TYUVFX4I.jpg\",\"articleSection\":[\"Nacional\"],\"inLanguage\":\"es\",\"potentialAction\":[{\"@type\":\"CommentAction\",\"name\":\"Comment\",\"target\":[\"https:\/\/pagina10.com\/web\/alcalde-de-cartagena-del-chaira-caqueta-denuncia-amenazas-constantes-por-parte-de-emc-farc\/#respond\"]}]},{\"@type\":\"WebPage\",\"@id\":\"https:\/\/pagina10.com\/web\/alcalde-de-cartagena-del-chaira-caqueta-denuncia-amenazas-constantes-por-parte-de-emc-farc\/\",\"url\":\"https:\/\/pagina10.com\/web\/alcalde-de-cartagena-del-chaira-caqueta-denuncia-amenazas-constantes-por-parte-de-emc-farc\/\",\"name\":\"Alcalde de Cartagena del Chair\u00e1, Caquet\u00e1, denuncia amenazas constantes por parte de EMC-FARC. | P\u00e1gina10\",\"isPartOf\":{\"@id\":\"https:\/\/pagina10.com\/web\/#website\"},\"primaryImageOfPage\":{\"@id\":\"https:\/\/pagina10.com\/web\/alcalde-de-cartagena-del-chaira-caqueta-denuncia-amenazas-constantes-por-parte-de-emc-farc\/#primaryimage\"},\"image\":{\"@id\":\"https:\/\/pagina10.com\/web\/alcalde-de-cartagena-del-chaira-caqueta-denuncia-amenazas-constantes-por-parte-de-emc-farc\/#primaryimage\"},\"thumbnailUrl\":\"https:\/\/pagina10.com\/web\/wp-content\/uploads\/2023\/05\/TEDCPSOM65AFZD76S5TYUVFX4I.jpg\",\"datePublished\":\"2023-05-24T20:36:11+00:00\",\"dateModified\":\"2023-05-24T20:36:36+00:00\",\"breadcrumb\":{\"@id\":\"https:\/\/pagina10.com\/web\/alcalde-de-cartagena-del-chaira-caqueta-denuncia-amenazas-constantes-por-parte-de-emc-farc\/#breadcrumb\"},\"inLanguage\":\"es\",\"potentialAction\":[{\"@type\":\"ReadAction\",\"target\":[\"https:\/\/pagina10.com\/web\/alcalde-de-cartagena-del-chaira-caqueta-denuncia-amenazas-constantes-por-parte-de-emc-farc\/\"]}]},{\"@type\":\"ImageObject\",\"inLanguage\":\"es\",\"@id\":\"https:\/\/pagina10.com\/web\/alcalde-de-cartagena-del-chaira-caqueta-denuncia-amenazas-constantes-por-parte-de-emc-farc\/#primaryimage\",\"url\":\"https:\/\/pagina10.com\/web\/wp-content\/uploads\/2023\/05\/TEDCPSOM65AFZD76S5TYUVFX4I.jpg\",\"contentUrl\":\"https:\/\/pagina10.com\/web\/wp-content\/uploads\/2023\/05\/TEDCPSOM65AFZD76S5TYUVFX4I.jpg\",\"width\":768,\"height\":768,\"caption\":\"Foto: Revista SEMANA\"},{\"@type\":\"BreadcrumbList\",\"@id\":\"https:\/\/pagina10.com\/web\/alcalde-de-cartagena-del-chaira-caqueta-denuncia-amenazas-constantes-por-parte-de-emc-farc\/#breadcrumb\",\"itemListElement\":[{\"@type\":\"ListItem\",\"position\":1,\"name\":\"Portada\",\"item\":\"https:\/\/pagina10.com\/web\/\"},{\"@type\":\"ListItem\",\"position\":2,\"name\":\"Alcalde de Cartagena del Chair\u00e1, Caquet\u00e1, denuncia amenazas constantes por parte de EMC-FARC.\"}]},{\"@type\":\"WebSite\",\"@id\":\"https:\/\/pagina10.com\/web\/#website\",\"url\":\"https:\/\/pagina10.com\/web\/\",\"name\":\"P\u00e1gina10\",\"description\":\"Peri\u00f3dico Regional\",\"publisher\":{\"@id\":\"https:\/\/pagina10.com\/web\/#organization\"},\"alternateName\":\"P\u00e1gina10 Peri\u00f3dico Regional\",\"potentialAction\":[{\"@type\":\"SearchAction\",\"target\":{\"@type\":\"EntryPoint\",\"urlTemplate\":\"https:\/\/pagina10.com\/web\/?s={search_term_string}\"},\"query-input\":{\"@type\":\"PropertyValueSpecification\",\"valueRequired\":true,\"valueName\":\"search_term_string\"}}],\"inLanguage\":\"es\"},{\"@type\":\"Organization\",\"@id\":\"https:\/\/pagina10.com\/web\/#organization\",\"name\":\"P\u00e1gina10\",\"alternateName\":\"P\u00e1gina10 Peri\u00f3dico Regional\",\"url\":\"https:\/\/pagina10.com\/web\/\",\"logo\":{\"@type\":\"ImageObject\",\"inLanguage\":\"es\",\"@id\":\"https:\/\/pagina10.com\/web\/#\/schema\/logo\/image\/\",\"url\":\"https:\/\/pagina10.com\/web\/wp-content\/uploads\/2024\/01\/40-pagina-10-periodico-regional-pasto.jpg\",\"contentUrl\":\"https:\/\/pagina10.com\/web\/wp-content\/uploads\/2024\/01\/40-pagina-10-periodico-regional-pasto.jpg\",\"width\":1280,\"height\":720,\"caption\":\"P\u00e1gina10\"},\"image\":{\"@id\":\"https:\/\/pagina10.com\/web\/#\/schema\/logo\/image\/\"},\"sameAs\":[\"https:\/\/www.facebook.com\/pag10com\",\"https:\/\/x.com\/Pag10com\",\"https:\/\/www.instagram.com\/pagina10col\/\",\"https:\/\/youtube.com\/channel\/pag10\",\"https:\/\/www.tiktok.com\/@p10col\"]},{\"@type\":\"Person\",\"@id\":\"https:\/\/pagina10.com\/web\/#\/schema\/person\/2efc4a090d25b667d3bc796798a3a81b\",\"name\":\"P\u00e1gina 10\",\"description\":\"P\u00e1gina 10 es un peri\u00f3dico regional que nace en Colombia, en el departamento de Nari\u00f1o, con un enfoque global, fundamentado en cuatro pilares esenciales: la libertad, el pluralismo, la inclusi\u00f3n y la independencia. P\u00e1gina 10 hace referencia a Nari\u00f1o como el d\u00e9cimo departamento creado en Colombia, despu\u00e9s de un proceso pol\u00edtico liderado por actores y actrices regionales con el fin de obtener la independencia y autonom\u00eda de nuestros territorios. Con la creaci\u00f3n de P\u00e1gina 10 se pretende abrir un escenario para el dialogo, la reflexi\u00f3n y el debate que se extienda a otras geograf\u00edas de Am\u00e9rica Latina y del planeta, en una apuesta por transformar colectivamente los desaf\u00edos de un mundo contempor\u00e1neo, m\u00e1s all\u00e1 de las fronteras impuestas.\",\"url\":\"https:\/\/pagina10.com\/web\/author\/pdiezadmin\/\"}]}<\/script>\n<!-- \/ Yoast SEO plugin. -->","yoast_head_json":{"title":"Alcalde de Cartagena del Chair\u00e1, Caquet\u00e1, denuncia amenazas constantes por parte de EMC-FARC. | P\u00e1gina10","robots":{"index":"index","follow":"follow","max-snippet":"max-snippet:-1","max-image-preview":"max-image-preview:large","max-video-preview":"max-video-preview:-1"},"canonical":"https:\/\/pagina10.com\/web\/alcalde-de-cartagena-del-chaira-caqueta-denuncia-amenazas-constantes-por-parte-de-emc-farc\/","og_locale":"es_ES","og_type":"article","og_title":"Alcalde de Cartagena del Chair\u00e1, Caquet\u00e1, denuncia amenazas constantes por parte de EMC-FARC. | P\u00e1gina10","og_description":"En entrevista para W Radio, Edilberto Molina destaca la importancia de que Fuerzas Militares intervengan antes de que la situaci\u00f3n sea m\u00e1s compleja. Ante las amenazas que ha recibido por parte de EMC-FARC, ha anunciado que teme por su vida y que las amenazas que ha recibido son respuesta a revelar la situaci\u00f3n que enfrenta [&hellip;]","og_url":"https:\/\/pagina10.com\/web\/alcalde-de-cartagena-del-chaira-caqueta-denuncia-amenazas-constantes-por-parte-de-emc-farc\/","og_site_name":"P\u00e1gina10","article_publisher":"https:\/\/www.facebook.com\/pag10com","article_published_time":"2023-05-24T20:36:11+00:00","article_modified_time":"2023-05-24T20:36:36+00:00","og_image":[{"width":768,"height":768,"url":"https:\/\/pagina10.com\/web\/wp-content\/uploads\/2023\/05\/TEDCPSOM65AFZD76S5TYUVFX4I.jpg","type":"image\/jpeg"}],"author":"P\u00e1gina 10","twitter_card":"summary_large_image","twitter_creator":"@Pag10com","twitter_site":"@Pag10com","twitter_misc":{"Escrito por":"P\u00e1gina 10","Tiempo de lectura":"1 minuto"},"schema":{"@context":"https:\/\/schema.org","@graph":[{"@type":"Article","@id":"https:\/\/pagina10.com\/web\/alcalde-de-cartagena-del-chaira-caqueta-denuncia-amenazas-constantes-por-parte-de-emc-farc\/#article","isPartOf":{"@id":"https:\/\/pagina10.com\/web\/alcalde-de-cartagena-del-chaira-caqueta-denuncia-amenazas-constantes-por-parte-de-emc-farc\/"},"author":{"name":"P\u00e1gina 10","@id":"https:\/\/pagina10.com\/web\/#\/schema\/person\/2efc4a090d25b667d3bc796798a3a81b"},"headline":"Alcalde de Cartagena del Chair\u00e1, Caquet\u00e1, denuncia amenazas constantes por parte de EMC-FARC.","datePublished":"2023-05-24T20:36:11+00:00","dateModified":"2023-05-24T20:36:36+00:00","mainEntityOfPage":{"@id":"https:\/\/pagina10.com\/web\/alcalde-de-cartagena-del-chaira-caqueta-denuncia-amenazas-constantes-por-parte-de-emc-farc\/"},"wordCount":289,"commentCount":0,"publisher":{"@id":"https:\/\/pagina10.com\/web\/#organization"},"image":{"@id":"https:\/\/pagina10.com\/web\/alcalde-de-cartagena-del-chaira-caqueta-denuncia-amenazas-constantes-por-parte-de-emc-farc\/#primaryimage"},"thumbnailUrl":"https:\/\/pagina10.com\/web\/wp-content\/uploads\/2023\/05\/TEDCPSOM65AFZD76S5TYUVFX4I.jpg","articleSection":["Nacional"],"inLanguage":"es","potentialAction":[{"@type":"CommentAction","name":"Comment","target":["https:\/\/pagina10.com\/web\/alcalde-de-cartagena-del-chaira-caqueta-denuncia-amenazas-constantes-por-parte-de-emc-farc\/#respond"]}]},{"@type":"WebPage","@id":"https:\/\/pagina10.com\/web\/alcalde-de-cartagena-del-chaira-caqueta-denuncia-amenazas-constantes-por-parte-de-emc-farc\/","url":"https:\/\/pagina10.com\/web\/alcalde-de-cartagena-del-chaira-caqueta-denuncia-amenazas-constantes-por-parte-de-emc-farc\/","name":"Alcalde de Cartagena del Chair\u00e1, Caquet\u00e1, denuncia amenazas constantes por parte de EMC-FARC. | P\u00e1gina10","isPartOf":{"@id":"https:\/\/pagina10.com\/web\/#website"},"primaryImageOfPage":{"@id":"https:\/\/pagina10.com\/web\/alcalde-de-cartagena-del-chaira-caqueta-denuncia-amenazas-constantes-por-parte-de-emc-farc\/#primaryimage"},"image":{"@id":"https:\/\/pagina10.com\/web\/alcalde-de-cartagena-del-chaira-caqueta-denuncia-amenazas-constantes-por-parte-de-emc-farc\/#primaryimage"},"thumbnailUrl":"https:\/\/pagina10.com\/web\/wp-content\/uploads\/2023\/05\/TEDCPSOM65AFZD76S5TYUVFX4I.jpg","datePublished":"2023-05-24T20:36:11+00:00","dateModified":"2023-05-24T20:36:36+00:00","breadcrumb":{"@id":"https:\/\/pagina10.com\/web\/alcalde-de-cartagena-del-chaira-caqueta-denuncia-amenazas-constantes-por-parte-de-emc-farc\/#breadcrumb"},"inLanguage":"es","potentialAction":[{"@type":"ReadAction","target":["https:\/\/pagina10.com\/web\/alcalde-de-cartagena-del-chaira-caqueta-denuncia-amenazas-constantes-por-parte-de-emc-farc\/"]}]},{"@type":"ImageObject","inLanguage":"es","@id":"https:\/\/pagina10.com\/web\/alcalde-de-cartagena-del-chaira-caqueta-denuncia-amenazas-constantes-por-parte-de-emc-farc\/#primaryimage","url":"https:\/\/pagina10.com\/web\/wp-content\/uploads\/2023\/05\/TEDCPSOM65AFZD76S5TYUVFX4I.jpg","contentUrl":"https:\/\/pagina10.com\/web\/wp-content\/uploads\/2023\/05\/TEDCPSOM65AFZD76S5TYUVFX4I.jpg","width":768,"height":768,"caption":"Foto: Revista SEMANA"},{"@type":"BreadcrumbList","@id":"https:\/\/pagina10.com\/web\/alcalde-de-cartagena-del-chaira-caqueta-denuncia-amenazas-constantes-por-parte-de-emc-farc\/#breadcrumb","itemListElement":[{"@type":"ListItem","position":1,"name":"Portada","item":"https:\/\/pagina10.com\/web\/"},{"@type":"ListItem","position":2,"name":"Alcalde de Cartagena del Chair\u00e1, Caquet\u00e1, denuncia amenazas constantes por parte de EMC-FARC."}]},{"@type":"WebSite","@id":"https:\/\/pagina10.com\/web\/#website","url":"https:\/\/pagina10.com\/web\/","name":"P\u00e1gina10","description":"Peri\u00f3dico Regional","publisher":{"@id":"https:\/\/pagina10.com\/web\/#organization"},"alternateName":"P\u00e1gina10 Peri\u00f3dico Regional","potentialAction":[{"@type":"SearchAction","target":{"@type":"EntryPoint","urlTemplate":"https:\/\/pagina10.com\/web\/?s={search_term_string}"},"query-input":{"@type":"PropertyValueSpecification","valueRequired":true,"valueName":"search_term_string"}}],"inLanguage":"es"},{"@type":"Organization","@id":"https:\/\/pagina10.com\/web\/#organization","name":"P\u00e1gina10","alternateName":"P\u00e1gina10 Peri\u00f3dico Regional","url":"https:\/\/pagina10.com\/web\/","logo":{"@type":"ImageObject","inLanguage":"es","@id":"https:\/\/pagina10.com\/web\/#\/schema\/logo\/image\/","url":"https:\/\/pagina10.com\/web\/wp-content\/uploads\/2024\/01\/40-pagina-10-periodico-regional-pasto.jpg","contentUrl":"https:\/\/pagina10.com\/web\/wp-content\/uploads\/2024\/01\/40-pagina-10-periodico-regional-pasto.jpg","width":1280,"height":720,"caption":"P\u00e1gina10"},"image":{"@id":"https:\/\/pagina10.com\/web\/#\/schema\/logo\/image\/"},"sameAs":["https:\/\/www.facebook.com\/pag10com","https:\/\/x.com\/Pag10com","https:\/\/www.instagram.com\/pagina10col\/","https:\/\/youtube.com\/channel\/pag10","https:\/\/www.tiktok.com\/@p10col"]},{"@type":"Person","@id":"https:\/\/pagina10.com\/web\/#\/schema\/person\/2efc4a090d25b667d3bc796798a3a81b","name":"P\u00e1gina 10","description":"P\u00e1gina 10 es un peri\u00f3dico regional que nace en Colombia, en el departamento de Nari\u00f1o, con un enfoque global, fundamentado en cuatro pilares esenciales: la libertad, el pluralismo, la inclusi\u00f3n y la independencia. P\u00e1gina 10 hace referencia a Nari\u00f1o como el d\u00e9cimo departamento creado en Colombia, despu\u00e9s de un proceso pol\u00edtico liderado por actores y actrices regionales con el fin de obtener la independencia y autonom\u00eda de nuestros territorios. Con la creaci\u00f3n de P\u00e1gina 10 se pretende abrir un escenario para el dialogo, la reflexi\u00f3n y el debate que se extienda a otras geograf\u00edas de Am\u00e9rica Latina y del planeta, en una apuesta por transformar colectivamente los desaf\u00edos de un mundo contempor\u00e1neo, m\u00e1s all\u00e1 de las fronteras impuestas.","url":"https:\/\/pagina10.com\/web\/author\/pdiezadmin\/"}]}},"_links":{"self":[{"href":"https:\/\/pagina10.com\/web\/wp-json\/wp\/v2\/posts\/66013","targetHints":{"allow":["GET"]}}],"collection":[{"href":"https:\/\/pagina10.com\/web\/wp-json\/wp\/v2\/posts"}],"about":[{"href":"https:\/\/pagina10.com\/web\/wp-json\/wp\/v2\/types\/post"}],"author":[{"embeddable":true,"href":"https:\/\/pagina10.com\/web\/wp-json\/wp\/v2\/users\/1"}],"replies":[{"embeddable":true,"href":"https:\/\/pagina10.com\/web\/wp-json\/wp\/v2\/comments?post=66013"}],"version-history":[{"count":1,"href":"https:\/\/pagina10.com\/web\/wp-json\/wp\/v2\/posts\/66013\/revisions"}],"predecessor-version":[{"id":66015,"href":"https:\/\/pagina10.com\/web\/wp-json\/wp\/v2\/posts\/66013\/revisions\/66015"}],"wp:featuredmedia":[{"embeddable":true,"href":"https:\/\/pagina10.com\/web\/wp-json\/wp\/v2\/media\/66014"}],"wp:attachment":[{"href":"https:\/\/pagina10.com\/web\/wp-json\/wp\/v2\/media?parent=66013"}],"wp:term":[{"taxonomy":"category","embeddable":true,"href":"https:\/\/pagina10.com\/web\/wp-json\/wp\/v2\/categories?post=66013"},{"taxonomy":"post_tag","embeddable":true,"href":"https:\/\/pagina10.com\/web\/wp-json\/wp\/v2\/tags?post=66013"}],"curies":[{"name":"wp","href":"https:\/\/api.w.org\/{rel}","templated":true}]}}