{"id":66077,"date":"2023-05-26T14:17:20","date_gmt":"2023-05-26T19:17:20","guid":{"rendered":"https:\/\/pagina10.com\/web\/?p=66077"},"modified":"2023-05-26T14:17:20","modified_gmt":"2023-05-26T19:17:20","slug":"el-tejo-es-el-unico-deporte-autoctono-colombiano-reconocido-como-deporte-nacional","status":"publish","type":"post","link":"https:\/\/pagina10.com\/web\/el-tejo-es-el-unico-deporte-autoctono-colombiano-reconocido-como-deporte-nacional\/","title":{"rendered":"El tejo es el \u00fanico deporte aut\u00f3ctono colombiano reconocido como deporte nacional"},"content":{"rendered":"<p style=\"text-align: justify;\">Por ley 613 de septiembre de 2000, se reconoci\u00f3 al Tejo o Turmequ\u00e9 como <strong>\u00fanico deporte aut\u00f3ctono colombiano, como deporte nacional. Es <\/strong>ampliamente popular en todo el territorio nacional y se remonta a m\u00e1s de 500 a\u00f1os atr\u00e1s, cuando los Muiscas, habitantes de Cundinamarca y Boyac\u00e1, lo practicaban en sus festividades ceremoniales.<\/p>\n<p style=\"text-align: justify;\">El tejo, tambi\u00e9n ampliamente practicado en el departamento de <strong>Nari\u00f1o<\/strong>, es una mezcla \u00fanica de destreza y tradici\u00f3n y se destaca por importancia cultural y su arraigo en la identidad colombiana.<\/p>\n<p style=\"text-align: justify;\"><img fetchpriority=\"high\" decoding=\"async\" class=\"aligncenter  wp-image-66079\" src=\"https:\/\/pagina10.com\/web\/wp-content\/uploads\/2023\/05\/181116161914-tejo-colombia-board-closeup.webp\" alt=\"\" width=\"444\" height=\"250\" srcset=\"https:\/\/pagina10.com\/web\/wp-content\/uploads\/2023\/05\/181116161914-tejo-colombia-board-closeup.webp 960w, https:\/\/pagina10.com\/web\/wp-content\/uploads\/2023\/05\/181116161914-tejo-colombia-board-closeup-300x169.webp 300w, https:\/\/pagina10.com\/web\/wp-content\/uploads\/2023\/05\/181116161914-tejo-colombia-board-closeup-768x432.webp 768w\" sizes=\"(max-width: 444px) 100vw, 444px\" \/>Inicialmente conocido como Turmequ\u00e9, se jugaba en la localidad del mismo nombre, que era un centro de importancia durante la \u00e9poca de la conquista, utilizado para el comercio y el intercambio entre diferentes tribus ind\u00edgenas. Pasado el tiempo surgi\u00f3 el nombre \u201ctejo\u201d.<\/p>\n<p style=\"text-align: justify;\">El tejo es un deporte muy competitivo que puede jugarse individualmente o en equipos y consiste en lanzar el tejo dentro de un c\u00edrculo met\u00e1lico llamado tej\u00edn o bos\u00edn, donde se colocan las mechas, su objetivo es hacer explotar el mayor n\u00famero de mechas para ganar la partida.<\/p>\n<p><img decoding=\"async\" class=\"aligncenter  wp-image-66080\" src=\"https:\/\/pagina10.com\/web\/wp-content\/uploads\/2023\/05\/181116161717-tejo-colombia-gun-powder-1024x577.jpg\" alt=\"\" width=\"419\" height=\"236\" srcset=\"https:\/\/pagina10.com\/web\/wp-content\/uploads\/2023\/05\/181116161717-tejo-colombia-gun-powder-1024x577.jpg 1024w, https:\/\/pagina10.com\/web\/wp-content\/uploads\/2023\/05\/181116161717-tejo-colombia-gun-powder-300x169.jpg 300w, https:\/\/pagina10.com\/web\/wp-content\/uploads\/2023\/05\/181116161717-tejo-colombia-gun-powder-768x433.jpg 768w, https:\/\/pagina10.com\/web\/wp-content\/uploads\/2023\/05\/181116161717-tejo-colombia-gun-powder.jpg 1280w\" sizes=\"(max-width: 419px) 100vw, 419px\" \/><\/p>\n","protected":false},"excerpt":{"rendered":"<p>Por ley 613 de septiembre de 2000, se reconoci\u00f3 al Tejo o Turmequ\u00e9 como \u00fanico deporte aut\u00f3ctono colombiano, como deporte nacional. Es ampliamente popular en todo el territorio nacional y se remonta a m\u00e1s de 500 a\u00f1os atr\u00e1s, cuando los Muiscas, habitantes de Cundinamarca y Boyac\u00e1, lo practicaban en sus festividades ceremoniales. El tejo, tambi\u00e9n [&hellip;]<\/p>\n","protected":false},"author":1,"featured_media":66078,"comment_status":"open","ping_status":"open","sticky":false,"template":"","format":"standard","meta":{"footnotes":""},"categories":[85],"tags":[],"class_list":["post-66077","post","type-post","status-publish","format-standard","has-post-thumbnail","hentry","category-culturas-2"],"yoast_head":"<!-- This site is optimized with the Yoast SEO plugin v27.1.1 - https:\/\/yoast.com\/product\/yoast-seo-wordpress\/ -->\n<title>El tejo es el \u00fanico deporte aut\u00f3ctono colombiano reconocido como deporte nacional | P\u00e1gina10<\/title>\n<meta name=\"robots\" content=\"index, follow, max-snippet:-1, max-image-preview:large, max-video-preview:-1\" \/>\n<link rel=\"canonical\" href=\"https:\/\/pagina10.com\/web\/el-tejo-es-el-unico-deporte-autoctono-colombiano-reconocido-como-deporte-nacional\/\" \/>\n<meta property=\"og:locale\" content=\"es_ES\" \/>\n<meta property=\"og:type\" content=\"article\" \/>\n<meta property=\"og:title\" content=\"El tejo es el \u00fanico deporte aut\u00f3ctono colombiano reconocido como deporte nacional | P\u00e1gina10\" \/>\n<meta property=\"og:description\" content=\"Por ley 613 de septiembre de 2000, se reconoci\u00f3 al Tejo o Turmequ\u00e9 como \u00fanico deporte aut\u00f3ctono colombiano, como deporte nacional. Es ampliamente popular en todo el territorio nacional y se remonta a m\u00e1s de 500 a\u00f1os atr\u00e1s, cuando los Muiscas, habitantes de Cundinamarca y Boyac\u00e1, lo practicaban en sus festividades ceremoniales. El tejo, tambi\u00e9n [&hellip;]\" \/>\n<meta property=\"og:url\" content=\"https:\/\/pagina10.com\/web\/el-tejo-es-el-unico-deporte-autoctono-colombiano-reconocido-como-deporte-nacional\/\" \/>\n<meta property=\"og:site_name\" content=\"P\u00e1gina10\" \/>\n<meta property=\"article:publisher\" content=\"https:\/\/www.facebook.com\/pag10com\" \/>\n<meta property=\"article:published_time\" content=\"2023-05-26T19:17:20+00:00\" \/>\n<meta property=\"og:image\" content=\"https:\/\/pagina10.com\/web\/wp-content\/uploads\/2023\/05\/tejo_okadka.jpg\" \/>\n\t<meta property=\"og:image:width\" content=\"780\" \/>\n\t<meta property=\"og:image:height\" content=\"400\" \/>\n\t<meta property=\"og:image:type\" content=\"image\/jpeg\" \/>\n<meta name=\"author\" content=\"P\u00e1gina 10\" \/>\n<meta name=\"twitter:card\" content=\"summary_large_image\" \/>\n<meta name=\"twitter:creator\" content=\"@Pag10com\" \/>\n<meta name=\"twitter:site\" content=\"@Pag10com\" \/>\n<meta name=\"twitter:label1\" content=\"Escrito por\" \/>\n\t<meta name=\"twitter:data1\" content=\"P\u00e1gina 10\" \/>\n\t<meta name=\"twitter:label2\" content=\"Tiempo de lectura\" \/>\n\t<meta name=\"twitter:data2\" content=\"1 minuto\" \/>\n<script type=\"application\/ld+json\" class=\"yoast-schema-graph\">{\"@context\":\"https:\/\/schema.org\",\"@graph\":[{\"@type\":\"Article\",\"@id\":\"https:\/\/pagina10.com\/web\/el-tejo-es-el-unico-deporte-autoctono-colombiano-reconocido-como-deporte-nacional\/#article\",\"isPartOf\":{\"@id\":\"https:\/\/pagina10.com\/web\/el-tejo-es-el-unico-deporte-autoctono-colombiano-reconocido-como-deporte-nacional\/\"},\"author\":{\"name\":\"P\u00e1gina 10\",\"@id\":\"https:\/\/pagina10.com\/web\/#\/schema\/person\/2efc4a090d25b667d3bc796798a3a81b\"},\"headline\":\"El tejo es el \u00fanico deporte aut\u00f3ctono colombiano reconocido como deporte nacional\",\"datePublished\":\"2023-05-26T19:17:20+00:00\",\"mainEntityOfPage\":{\"@id\":\"https:\/\/pagina10.com\/web\/el-tejo-es-el-unico-deporte-autoctono-colombiano-reconocido-como-deporte-nacional\/\"},\"wordCount\":196,\"commentCount\":0,\"publisher\":{\"@id\":\"https:\/\/pagina10.com\/web\/#organization\"},\"image\":{\"@id\":\"https:\/\/pagina10.com\/web\/el-tejo-es-el-unico-deporte-autoctono-colombiano-reconocido-como-deporte-nacional\/#primaryimage\"},\"thumbnailUrl\":\"https:\/\/pagina10.com\/web\/wp-content\/uploads\/2023\/05\/tejo_okadka.jpg\",\"articleSection\":[\"Culturas\"],\"inLanguage\":\"es\",\"potentialAction\":[{\"@type\":\"CommentAction\",\"name\":\"Comment\",\"target\":[\"https:\/\/pagina10.com\/web\/el-tejo-es-el-unico-deporte-autoctono-colombiano-reconocido-como-deporte-nacional\/#respond\"]}]},{\"@type\":\"WebPage\",\"@id\":\"https:\/\/pagina10.com\/web\/el-tejo-es-el-unico-deporte-autoctono-colombiano-reconocido-como-deporte-nacional\/\",\"url\":\"https:\/\/pagina10.com\/web\/el-tejo-es-el-unico-deporte-autoctono-colombiano-reconocido-como-deporte-nacional\/\",\"name\":\"El tejo es el \u00fanico deporte aut\u00f3ctono colombiano reconocido como deporte nacional | P\u00e1gina10\",\"isPartOf\":{\"@id\":\"https:\/\/pagina10.com\/web\/#website\"},\"primaryImageOfPage\":{\"@id\":\"https:\/\/pagina10.com\/web\/el-tejo-es-el-unico-deporte-autoctono-colombiano-reconocido-como-deporte-nacional\/#primaryimage\"},\"image\":{\"@id\":\"https:\/\/pagina10.com\/web\/el-tejo-es-el-unico-deporte-autoctono-colombiano-reconocido-como-deporte-nacional\/#primaryimage\"},\"thumbnailUrl\":\"https:\/\/pagina10.com\/web\/wp-content\/uploads\/2023\/05\/tejo_okadka.jpg\",\"datePublished\":\"2023-05-26T19:17:20+00:00\",\"breadcrumb\":{\"@id\":\"https:\/\/pagina10.com\/web\/el-tejo-es-el-unico-deporte-autoctono-colombiano-reconocido-como-deporte-nacional\/#breadcrumb\"},\"inLanguage\":\"es\",\"potentialAction\":[{\"@type\":\"ReadAction\",\"target\":[\"https:\/\/pagina10.com\/web\/el-tejo-es-el-unico-deporte-autoctono-colombiano-reconocido-como-deporte-nacional\/\"]}]},{\"@type\":\"ImageObject\",\"inLanguage\":\"es\",\"@id\":\"https:\/\/pagina10.com\/web\/el-tejo-es-el-unico-deporte-autoctono-colombiano-reconocido-como-deporte-nacional\/#primaryimage\",\"url\":\"https:\/\/pagina10.com\/web\/wp-content\/uploads\/2023\/05\/tejo_okadka.jpg\",\"contentUrl\":\"https:\/\/pagina10.com\/web\/wp-content\/uploads\/2023\/05\/tejo_okadka.jpg\",\"width\":780,\"height\":400},{\"@type\":\"BreadcrumbList\",\"@id\":\"https:\/\/pagina10.com\/web\/el-tejo-es-el-unico-deporte-autoctono-colombiano-reconocido-como-deporte-nacional\/#breadcrumb\",\"itemListElement\":[{\"@type\":\"ListItem\",\"position\":1,\"name\":\"Portada\",\"item\":\"https:\/\/pagina10.com\/web\/\"},{\"@type\":\"ListItem\",\"position\":2,\"name\":\"El tejo es el \u00fanico deporte aut\u00f3ctono colombiano reconocido como deporte nacional\"}]},{\"@type\":\"WebSite\",\"@id\":\"https:\/\/pagina10.com\/web\/#website\",\"url\":\"https:\/\/pagina10.com\/web\/\",\"name\":\"P\u00e1gina10\",\"description\":\"Peri\u00f3dico Regional\",\"publisher\":{\"@id\":\"https:\/\/pagina10.com\/web\/#organization\"},\"alternateName\":\"P\u00e1gina10 Peri\u00f3dico Regional\",\"potentialAction\":[{\"@type\":\"SearchAction\",\"target\":{\"@type\":\"EntryPoint\",\"urlTemplate\":\"https:\/\/pagina10.com\/web\/?s={search_term_string}\"},\"query-input\":{\"@type\":\"PropertyValueSpecification\",\"valueRequired\":true,\"valueName\":\"search_term_string\"}}],\"inLanguage\":\"es\"},{\"@type\":\"Organization\",\"@id\":\"https:\/\/pagina10.com\/web\/#organization\",\"name\":\"P\u00e1gina10\",\"alternateName\":\"P\u00e1gina10 Peri\u00f3dico Regional\",\"url\":\"https:\/\/pagina10.com\/web\/\",\"logo\":{\"@type\":\"ImageObject\",\"inLanguage\":\"es\",\"@id\":\"https:\/\/pagina10.com\/web\/#\/schema\/logo\/image\/\",\"url\":\"https:\/\/pagina10.com\/web\/wp-content\/uploads\/2024\/01\/40-pagina-10-periodico-regional-pasto.jpg\",\"contentUrl\":\"https:\/\/pagina10.com\/web\/wp-content\/uploads\/2024\/01\/40-pagina-10-periodico-regional-pasto.jpg\",\"width\":1280,\"height\":720,\"caption\":\"P\u00e1gina10\"},\"image\":{\"@id\":\"https:\/\/pagina10.com\/web\/#\/schema\/logo\/image\/\"},\"sameAs\":[\"https:\/\/www.facebook.com\/pag10com\",\"https:\/\/x.com\/Pag10com\",\"https:\/\/www.instagram.com\/pagina10col\/\",\"https:\/\/youtube.com\/channel\/pag10\",\"https:\/\/www.tiktok.com\/@p10col\"]},{\"@type\":\"Person\",\"@id\":\"https:\/\/pagina10.com\/web\/#\/schema\/person\/2efc4a090d25b667d3bc796798a3a81b\",\"name\":\"P\u00e1gina 10\",\"description\":\"P\u00e1gina 10 es un peri\u00f3dico regional que nace en Colombia, en el departamento de Nari\u00f1o, con un enfoque global, fundamentado en cuatro pilares esenciales: la libertad, el pluralismo, la inclusi\u00f3n y la independencia. P\u00e1gina 10 hace referencia a Nari\u00f1o como el d\u00e9cimo departamento creado en Colombia, despu\u00e9s de un proceso pol\u00edtico liderado por actores y actrices regionales con el fin de obtener la independencia y autonom\u00eda de nuestros territorios. Con la creaci\u00f3n de P\u00e1gina 10 se pretende abrir un escenario para el dialogo, la reflexi\u00f3n y el debate que se extienda a otras geograf\u00edas de Am\u00e9rica Latina y del planeta, en una apuesta por transformar colectivamente los desaf\u00edos de un mundo contempor\u00e1neo, m\u00e1s all\u00e1 de las fronteras impuestas.\",\"url\":\"https:\/\/pagina10.com\/web\/author\/pdiezadmin\/\"}]}<\/script>\n<!-- \/ Yoast SEO plugin. -->","yoast_head_json":{"title":"El tejo es el \u00fanico deporte aut\u00f3ctono colombiano reconocido como deporte nacional | P\u00e1gina10","robots":{"index":"index","follow":"follow","max-snippet":"max-snippet:-1","max-image-preview":"max-image-preview:large","max-video-preview":"max-video-preview:-1"},"canonical":"https:\/\/pagina10.com\/web\/el-tejo-es-el-unico-deporte-autoctono-colombiano-reconocido-como-deporte-nacional\/","og_locale":"es_ES","og_type":"article","og_title":"El tejo es el \u00fanico deporte aut\u00f3ctono colombiano reconocido como deporte nacional | P\u00e1gina10","og_description":"Por ley 613 de septiembre de 2000, se reconoci\u00f3 al Tejo o Turmequ\u00e9 como \u00fanico deporte aut\u00f3ctono colombiano, como deporte nacional. Es ampliamente popular en todo el territorio nacional y se remonta a m\u00e1s de 500 a\u00f1os atr\u00e1s, cuando los Muiscas, habitantes de Cundinamarca y Boyac\u00e1, lo practicaban en sus festividades ceremoniales. El tejo, tambi\u00e9n [&hellip;]","og_url":"https:\/\/pagina10.com\/web\/el-tejo-es-el-unico-deporte-autoctono-colombiano-reconocido-como-deporte-nacional\/","og_site_name":"P\u00e1gina10","article_publisher":"https:\/\/www.facebook.com\/pag10com","article_published_time":"2023-05-26T19:17:20+00:00","og_image":[{"width":780,"height":400,"url":"https:\/\/pagina10.com\/web\/wp-content\/uploads\/2023\/05\/tejo_okadka.jpg","type":"image\/jpeg"}],"author":"P\u00e1gina 10","twitter_card":"summary_large_image","twitter_creator":"@Pag10com","twitter_site":"@Pag10com","twitter_misc":{"Escrito por":"P\u00e1gina 10","Tiempo de lectura":"1 minuto"},"schema":{"@context":"https:\/\/schema.org","@graph":[{"@type":"Article","@id":"https:\/\/pagina10.com\/web\/el-tejo-es-el-unico-deporte-autoctono-colombiano-reconocido-como-deporte-nacional\/#article","isPartOf":{"@id":"https:\/\/pagina10.com\/web\/el-tejo-es-el-unico-deporte-autoctono-colombiano-reconocido-como-deporte-nacional\/"},"author":{"name":"P\u00e1gina 10","@id":"https:\/\/pagina10.com\/web\/#\/schema\/person\/2efc4a090d25b667d3bc796798a3a81b"},"headline":"El tejo es el \u00fanico deporte aut\u00f3ctono colombiano reconocido como deporte nacional","datePublished":"2023-05-26T19:17:20+00:00","mainEntityOfPage":{"@id":"https:\/\/pagina10.com\/web\/el-tejo-es-el-unico-deporte-autoctono-colombiano-reconocido-como-deporte-nacional\/"},"wordCount":196,"commentCount":0,"publisher":{"@id":"https:\/\/pagina10.com\/web\/#organization"},"image":{"@id":"https:\/\/pagina10.com\/web\/el-tejo-es-el-unico-deporte-autoctono-colombiano-reconocido-como-deporte-nacional\/#primaryimage"},"thumbnailUrl":"https:\/\/pagina10.com\/web\/wp-content\/uploads\/2023\/05\/tejo_okadka.jpg","articleSection":["Culturas"],"inLanguage":"es","potentialAction":[{"@type":"CommentAction","name":"Comment","target":["https:\/\/pagina10.com\/web\/el-tejo-es-el-unico-deporte-autoctono-colombiano-reconocido-como-deporte-nacional\/#respond"]}]},{"@type":"WebPage","@id":"https:\/\/pagina10.com\/web\/el-tejo-es-el-unico-deporte-autoctono-colombiano-reconocido-como-deporte-nacional\/","url":"https:\/\/pagina10.com\/web\/el-tejo-es-el-unico-deporte-autoctono-colombiano-reconocido-como-deporte-nacional\/","name":"El tejo es el \u00fanico deporte aut\u00f3ctono colombiano reconocido como deporte nacional | P\u00e1gina10","isPartOf":{"@id":"https:\/\/pagina10.com\/web\/#website"},"primaryImageOfPage":{"@id":"https:\/\/pagina10.com\/web\/el-tejo-es-el-unico-deporte-autoctono-colombiano-reconocido-como-deporte-nacional\/#primaryimage"},"image":{"@id":"https:\/\/pagina10.com\/web\/el-tejo-es-el-unico-deporte-autoctono-colombiano-reconocido-como-deporte-nacional\/#primaryimage"},"thumbnailUrl":"https:\/\/pagina10.com\/web\/wp-content\/uploads\/2023\/05\/tejo_okadka.jpg","datePublished":"2023-05-26T19:17:20+00:00","breadcrumb":{"@id":"https:\/\/pagina10.com\/web\/el-tejo-es-el-unico-deporte-autoctono-colombiano-reconocido-como-deporte-nacional\/#breadcrumb"},"inLanguage":"es","potentialAction":[{"@type":"ReadAction","target":["https:\/\/pagina10.com\/web\/el-tejo-es-el-unico-deporte-autoctono-colombiano-reconocido-como-deporte-nacional\/"]}]},{"@type":"ImageObject","inLanguage":"es","@id":"https:\/\/pagina10.com\/web\/el-tejo-es-el-unico-deporte-autoctono-colombiano-reconocido-como-deporte-nacional\/#primaryimage","url":"https:\/\/pagina10.com\/web\/wp-content\/uploads\/2023\/05\/tejo_okadka.jpg","contentUrl":"https:\/\/pagina10.com\/web\/wp-content\/uploads\/2023\/05\/tejo_okadka.jpg","width":780,"height":400},{"@type":"BreadcrumbList","@id":"https:\/\/pagina10.com\/web\/el-tejo-es-el-unico-deporte-autoctono-colombiano-reconocido-como-deporte-nacional\/#breadcrumb","itemListElement":[{"@type":"ListItem","position":1,"name":"Portada","item":"https:\/\/pagina10.com\/web\/"},{"@type":"ListItem","position":2,"name":"El tejo es el \u00fanico deporte aut\u00f3ctono colombiano reconocido como deporte nacional"}]},{"@type":"WebSite","@id":"https:\/\/pagina10.com\/web\/#website","url":"https:\/\/pagina10.com\/web\/","name":"P\u00e1gina10","description":"Peri\u00f3dico Regional","publisher":{"@id":"https:\/\/pagina10.com\/web\/#organization"},"alternateName":"P\u00e1gina10 Peri\u00f3dico Regional","potentialAction":[{"@type":"SearchAction","target":{"@type":"EntryPoint","urlTemplate":"https:\/\/pagina10.com\/web\/?s={search_term_string}"},"query-input":{"@type":"PropertyValueSpecification","valueRequired":true,"valueName":"search_term_string"}}],"inLanguage":"es"},{"@type":"Organization","@id":"https:\/\/pagina10.com\/web\/#organization","name":"P\u00e1gina10","alternateName":"P\u00e1gina10 Peri\u00f3dico Regional","url":"https:\/\/pagina10.com\/web\/","logo":{"@type":"ImageObject","inLanguage":"es","@id":"https:\/\/pagina10.com\/web\/#\/schema\/logo\/image\/","url":"https:\/\/pagina10.com\/web\/wp-content\/uploads\/2024\/01\/40-pagina-10-periodico-regional-pasto.jpg","contentUrl":"https:\/\/pagina10.com\/web\/wp-content\/uploads\/2024\/01\/40-pagina-10-periodico-regional-pasto.jpg","width":1280,"height":720,"caption":"P\u00e1gina10"},"image":{"@id":"https:\/\/pagina10.com\/web\/#\/schema\/logo\/image\/"},"sameAs":["https:\/\/www.facebook.com\/pag10com","https:\/\/x.com\/Pag10com","https:\/\/www.instagram.com\/pagina10col\/","https:\/\/youtube.com\/channel\/pag10","https:\/\/www.tiktok.com\/@p10col"]},{"@type":"Person","@id":"https:\/\/pagina10.com\/web\/#\/schema\/person\/2efc4a090d25b667d3bc796798a3a81b","name":"P\u00e1gina 10","description":"P\u00e1gina 10 es un peri\u00f3dico regional que nace en Colombia, en el departamento de Nari\u00f1o, con un enfoque global, fundamentado en cuatro pilares esenciales: la libertad, el pluralismo, la inclusi\u00f3n y la independencia. P\u00e1gina 10 hace referencia a Nari\u00f1o como el d\u00e9cimo departamento creado en Colombia, despu\u00e9s de un proceso pol\u00edtico liderado por actores y actrices regionales con el fin de obtener la independencia y autonom\u00eda de nuestros territorios. Con la creaci\u00f3n de P\u00e1gina 10 se pretende abrir un escenario para el dialogo, la reflexi\u00f3n y el debate que se extienda a otras geograf\u00edas de Am\u00e9rica Latina y del planeta, en una apuesta por transformar colectivamente los desaf\u00edos de un mundo contempor\u00e1neo, m\u00e1s all\u00e1 de las fronteras impuestas.","url":"https:\/\/pagina10.com\/web\/author\/pdiezadmin\/"}]}},"_links":{"self":[{"href":"https:\/\/pagina10.com\/web\/wp-json\/wp\/v2\/posts\/66077","targetHints":{"allow":["GET"]}}],"collection":[{"href":"https:\/\/pagina10.com\/web\/wp-json\/wp\/v2\/posts"}],"about":[{"href":"https:\/\/pagina10.com\/web\/wp-json\/wp\/v2\/types\/post"}],"author":[{"embeddable":true,"href":"https:\/\/pagina10.com\/web\/wp-json\/wp\/v2\/users\/1"}],"replies":[{"embeddable":true,"href":"https:\/\/pagina10.com\/web\/wp-json\/wp\/v2\/comments?post=66077"}],"version-history":[{"count":2,"href":"https:\/\/pagina10.com\/web\/wp-json\/wp\/v2\/posts\/66077\/revisions"}],"predecessor-version":[{"id":66082,"href":"https:\/\/pagina10.com\/web\/wp-json\/wp\/v2\/posts\/66077\/revisions\/66082"}],"wp:featuredmedia":[{"embeddable":true,"href":"https:\/\/pagina10.com\/web\/wp-json\/wp\/v2\/media\/66078"}],"wp:attachment":[{"href":"https:\/\/pagina10.com\/web\/wp-json\/wp\/v2\/media?parent=66077"}],"wp:term":[{"taxonomy":"category","embeddable":true,"href":"https:\/\/pagina10.com\/web\/wp-json\/wp\/v2\/categories?post=66077"},{"taxonomy":"post_tag","embeddable":true,"href":"https:\/\/pagina10.com\/web\/wp-json\/wp\/v2\/tags?post=66077"}],"curies":[{"name":"wp","href":"https:\/\/api.w.org\/{rel}","templated":true}]}}