{"id":66107,"date":"2023-05-27T14:55:40","date_gmt":"2023-05-27T19:55:40","guid":{"rendered":"https:\/\/pagina10.com\/web\/?p=66107"},"modified":"2023-05-27T14:56:50","modified_gmt":"2023-05-27T19:56:50","slug":"petro-invito-a-cafeteros-del-pais-a-negociar-sin-intermediarios-al-vender-sus-productos-para-mejorar-sus-ingresos","status":"publish","type":"post","link":"https:\/\/pagina10.com\/web\/petro-invito-a-cafeteros-del-pais-a-negociar-sin-intermediarios-al-vender-sus-productos-para-mejorar-sus-ingresos\/","title":{"rendered":"Petro invit\u00f3 a cafeteros a negociar \u2018sin intermediarios\u2019 al vender sus productos para mejorar sus ingresos"},"content":{"rendered":"<p style=\"text-align: justify;\">El pasado 26 de mayo, mientras se desarrollaba la quinta versi\u00f3n de \u201cGobierno Escucha, estrategia de di\u00e1logo y participaci\u00f3n ciudadana\u201d, en el Valle del Cauca, el presidente Gustavo Petro, se refiri\u00f3 a la <strong>comercializaci\u00f3n del caf\u00e9 en Colombia<\/strong> y destac\u00f3 que es necesario <strong>disminuir los intermediarios<\/strong> al momento de vender sus productos en todos los ciclos de la producci\u00f3n:<\/p>\n<blockquote>\n<p style=\"text-align: right;\">\u201cQue pudi\u00e9ramos hacer una alianza sin intermediarios donde el Gobierno ayudar\u00eda a crear el v\u00ednculo directo entre el consumidor final de caf\u00e9 y el productor cafetero de semilla, de amarillo, de todos los caf\u00e9s que se producen en Colombia, para que los ingresos de esos productores pudieran mejorar sustancialmente\u201d,<\/p>\n<p style=\"text-align: right;\">se\u00f1al\u00f3 el presidente.<\/p>\n<\/blockquote>\n<p style=\"text-align: justify;\">De igual forma, el mandatario resalt\u00f3 la labor de los cafeteros durante largos a\u00f1os en los departamentos del Pa\u00eds: \u201cel estado colombiano se sostuvo del trabajo de un campesinado\u201d, a pesar de ello, \u201cno encontramos el nombre de un campesino cafetero que este pensionado\u201d, mencion\u00f3 Petro.<\/p>\n<p style=\"text-align: justify;\">En la intervenci\u00f3n, adem\u00e1s de otros temas, Petro asegur\u00f3 que entre sus intereses esta que \u201cla base cafetera trabaje con el Gobierno, sabedores de los secretos del cultivo del caf\u00e9, de los problemas que tiene, de los aciertos. Agenciar programas que permitan el fortalecimiento de la econom\u00eda cafetera, no solamente en extensi\u00f3n, sino tambi\u00e9n en industrializaci\u00f3n\u201d.<\/p>\n<h4 style=\"text-align: center;\"><a href=\"https:\/\/www.youtube.com\/watch?v=L_J3FLViMvc&amp;t=3s\"><strong>Escucha la intervenci\u00f3n completa aqu\u00ed<\/strong><\/a><\/h4>\n<p>&nbsp;<\/p>\n<figure id=\"attachment_66109\" aria-describedby=\"caption-attachment-66109\" style=\"width: 673px\" class=\"wp-caption aligncenter\"><img fetchpriority=\"high\" decoding=\"async\" class=\" wp-image-66109\" src=\"https:\/\/pagina10.com\/web\/wp-content\/uploads\/2023\/05\/5951a3bf2d8ff.jpeg\" alt=\"\" width=\"673\" height=\"337\" srcset=\"https:\/\/pagina10.com\/web\/wp-content\/uploads\/2023\/05\/5951a3bf2d8ff.jpeg 950w, https:\/\/pagina10.com\/web\/wp-content\/uploads\/2023\/05\/5951a3bf2d8ff-300x150.jpeg 300w, https:\/\/pagina10.com\/web\/wp-content\/uploads\/2023\/05\/5951a3bf2d8ff-768x384.jpeg 768w\" sizes=\"(max-width: 673px) 100vw, 673px\" \/><figcaption id=\"caption-attachment-66109\" class=\"wp-caption-text\">Foto: El Tiempo<\/figcaption><\/figure>\n<p style=\"text-align: justify;\">\n","protected":false},"excerpt":{"rendered":"<p>El pasado 26 de mayo, mientras se desarrollaba la quinta versi\u00f3n de \u201cGobierno Escucha, estrategia de di\u00e1logo y participaci\u00f3n ciudadana\u201d, en el Valle del Cauca, el presidente Gustavo Petro, se refiri\u00f3 a la comercializaci\u00f3n del caf\u00e9 en Colombia y destac\u00f3 que es necesario disminuir los intermediarios al momento de vender sus productos en todos los [&hellip;]<\/p>\n","protected":false},"author":1,"featured_media":66108,"comment_status":"open","ping_status":"open","sticky":false,"template":"","format":"standard","meta":{"footnotes":""},"categories":[94],"tags":[1700,1697,156,1699,1671,1698],"class_list":["post-66107","post","type-post","status-publish","format-standard","has-post-thumbnail","hentry","category-nacional-global-2","tag-cafe-colombiano","tag-cafeteros","tag-colombia","tag-comercializar-cafe","tag-presidencia","tag-valle-del-cauca"],"yoast_head":"<!-- This site is optimized with the Yoast SEO plugin v27.1.1 - https:\/\/yoast.com\/product\/yoast-seo-wordpress\/ -->\n<title>Petro invit\u00f3 a cafeteros a negociar \u2018sin intermediarios\u2019 al vender sus productos para mejorar sus ingresos | P\u00e1gina10<\/title>\n<meta name=\"robots\" content=\"index, follow, max-snippet:-1, max-image-preview:large, max-video-preview:-1\" \/>\n<link rel=\"canonical\" href=\"https:\/\/pagina10.com\/web\/petro-invito-a-cafeteros-del-pais-a-negociar-sin-intermediarios-al-vender-sus-productos-para-mejorar-sus-ingresos\/\" \/>\n<meta property=\"og:locale\" content=\"es_ES\" \/>\n<meta property=\"og:type\" content=\"article\" \/>\n<meta property=\"og:title\" content=\"Petro invit\u00f3 a cafeteros a negociar \u2018sin intermediarios\u2019 al vender sus productos para mejorar sus ingresos | P\u00e1gina10\" \/>\n<meta property=\"og:description\" content=\"El pasado 26 de mayo, mientras se desarrollaba la quinta versi\u00f3n de \u201cGobierno Escucha, estrategia de di\u00e1logo y participaci\u00f3n ciudadana\u201d, en el Valle del Cauca, el presidente Gustavo Petro, se refiri\u00f3 a la comercializaci\u00f3n del caf\u00e9 en Colombia y destac\u00f3 que es necesario disminuir los intermediarios al momento de vender sus productos en todos los [&hellip;]\" \/>\n<meta property=\"og:url\" content=\"https:\/\/pagina10.com\/web\/petro-invito-a-cafeteros-del-pais-a-negociar-sin-intermediarios-al-vender-sus-productos-para-mejorar-sus-ingresos\/\" \/>\n<meta property=\"og:site_name\" content=\"P\u00e1gina10\" \/>\n<meta property=\"article:publisher\" content=\"https:\/\/www.facebook.com\/pag10com\" \/>\n<meta property=\"article:published_time\" content=\"2023-05-27T19:55:40+00:00\" \/>\n<meta property=\"article:modified_time\" content=\"2023-05-27T19:56:50+00:00\" \/>\n<meta property=\"og:image\" content=\"https:\/\/pagina10.com\/web\/wp-content\/uploads\/2023\/05\/Foto-Andrea-Puentes-Presidencia.jpg\" \/>\n\t<meta property=\"og:image:width\" content=\"1280\" \/>\n\t<meta property=\"og:image:height\" content=\"720\" \/>\n\t<meta property=\"og:image:type\" content=\"image\/jpeg\" \/>\n<meta name=\"author\" content=\"P\u00e1gina 10\" \/>\n<meta name=\"twitter:card\" content=\"summary_large_image\" \/>\n<meta name=\"twitter:creator\" content=\"@Pag10com\" \/>\n<meta name=\"twitter:site\" content=\"@Pag10com\" \/>\n<meta name=\"twitter:label1\" content=\"Escrito por\" \/>\n\t<meta name=\"twitter:data1\" content=\"P\u00e1gina 10\" \/>\n\t<meta name=\"twitter:label2\" content=\"Tiempo de lectura\" \/>\n\t<meta name=\"twitter:data2\" content=\"1 minuto\" \/>\n<script type=\"application\/ld+json\" class=\"yoast-schema-graph\">{\"@context\":\"https:\/\/schema.org\",\"@graph\":[{\"@type\":\"Article\",\"@id\":\"https:\/\/pagina10.com\/web\/petro-invito-a-cafeteros-del-pais-a-negociar-sin-intermediarios-al-vender-sus-productos-para-mejorar-sus-ingresos\/#article\",\"isPartOf\":{\"@id\":\"https:\/\/pagina10.com\/web\/petro-invito-a-cafeteros-del-pais-a-negociar-sin-intermediarios-al-vender-sus-productos-para-mejorar-sus-ingresos\/\"},\"author\":{\"name\":\"P\u00e1gina 10\",\"@id\":\"https:\/\/pagina10.com\/web\/#\/schema\/person\/2efc4a090d25b667d3bc796798a3a81b\"},\"headline\":\"Petro invit\u00f3 a cafeteros a negociar \u2018sin intermediarios\u2019 al vender sus productos para mejorar sus ingresos\",\"datePublished\":\"2023-05-27T19:55:40+00:00\",\"dateModified\":\"2023-05-27T19:56:50+00:00\",\"mainEntityOfPage\":{\"@id\":\"https:\/\/pagina10.com\/web\/petro-invito-a-cafeteros-del-pais-a-negociar-sin-intermediarios-al-vender-sus-productos-para-mejorar-sus-ingresos\/\"},\"wordCount\":263,\"commentCount\":0,\"publisher\":{\"@id\":\"https:\/\/pagina10.com\/web\/#organization\"},\"image\":{\"@id\":\"https:\/\/pagina10.com\/web\/petro-invito-a-cafeteros-del-pais-a-negociar-sin-intermediarios-al-vender-sus-productos-para-mejorar-sus-ingresos\/#primaryimage\"},\"thumbnailUrl\":\"https:\/\/pagina10.com\/web\/wp-content\/uploads\/2023\/05\/Foto-Andrea-Puentes-Presidencia.jpg\",\"keywords\":[\"caf\u00e9 colombiano\",\"cafeteros\",\"colombia\",\"comercializar caf\u00e9\",\"Presidencia\",\"valle del cauca\"],\"articleSection\":[\"Nacional\"],\"inLanguage\":\"es\",\"potentialAction\":[{\"@type\":\"CommentAction\",\"name\":\"Comment\",\"target\":[\"https:\/\/pagina10.com\/web\/petro-invito-a-cafeteros-del-pais-a-negociar-sin-intermediarios-al-vender-sus-productos-para-mejorar-sus-ingresos\/#respond\"]}]},{\"@type\":\"WebPage\",\"@id\":\"https:\/\/pagina10.com\/web\/petro-invito-a-cafeteros-del-pais-a-negociar-sin-intermediarios-al-vender-sus-productos-para-mejorar-sus-ingresos\/\",\"url\":\"https:\/\/pagina10.com\/web\/petro-invito-a-cafeteros-del-pais-a-negociar-sin-intermediarios-al-vender-sus-productos-para-mejorar-sus-ingresos\/\",\"name\":\"Petro invit\u00f3 a cafeteros a negociar \u2018sin intermediarios\u2019 al vender sus productos para mejorar sus ingresos | P\u00e1gina10\",\"isPartOf\":{\"@id\":\"https:\/\/pagina10.com\/web\/#website\"},\"primaryImageOfPage\":{\"@id\":\"https:\/\/pagina10.com\/web\/petro-invito-a-cafeteros-del-pais-a-negociar-sin-intermediarios-al-vender-sus-productos-para-mejorar-sus-ingresos\/#primaryimage\"},\"image\":{\"@id\":\"https:\/\/pagina10.com\/web\/petro-invito-a-cafeteros-del-pais-a-negociar-sin-intermediarios-al-vender-sus-productos-para-mejorar-sus-ingresos\/#primaryimage\"},\"thumbnailUrl\":\"https:\/\/pagina10.com\/web\/wp-content\/uploads\/2023\/05\/Foto-Andrea-Puentes-Presidencia.jpg\",\"datePublished\":\"2023-05-27T19:55:40+00:00\",\"dateModified\":\"2023-05-27T19:56:50+00:00\",\"breadcrumb\":{\"@id\":\"https:\/\/pagina10.com\/web\/petro-invito-a-cafeteros-del-pais-a-negociar-sin-intermediarios-al-vender-sus-productos-para-mejorar-sus-ingresos\/#breadcrumb\"},\"inLanguage\":\"es\",\"potentialAction\":[{\"@type\":\"ReadAction\",\"target\":[\"https:\/\/pagina10.com\/web\/petro-invito-a-cafeteros-del-pais-a-negociar-sin-intermediarios-al-vender-sus-productos-para-mejorar-sus-ingresos\/\"]}]},{\"@type\":\"ImageObject\",\"inLanguage\":\"es\",\"@id\":\"https:\/\/pagina10.com\/web\/petro-invito-a-cafeteros-del-pais-a-negociar-sin-intermediarios-al-vender-sus-productos-para-mejorar-sus-ingresos\/#primaryimage\",\"url\":\"https:\/\/pagina10.com\/web\/wp-content\/uploads\/2023\/05\/Foto-Andrea-Puentes-Presidencia.jpg\",\"contentUrl\":\"https:\/\/pagina10.com\/web\/wp-content\/uploads\/2023\/05\/Foto-Andrea-Puentes-Presidencia.jpg\",\"width\":1280,\"height\":720,\"caption\":\"Foto: Comunicaciones presidencia\"},{\"@type\":\"BreadcrumbList\",\"@id\":\"https:\/\/pagina10.com\/web\/petro-invito-a-cafeteros-del-pais-a-negociar-sin-intermediarios-al-vender-sus-productos-para-mejorar-sus-ingresos\/#breadcrumb\",\"itemListElement\":[{\"@type\":\"ListItem\",\"position\":1,\"name\":\"Portada\",\"item\":\"https:\/\/pagina10.com\/web\/\"},{\"@type\":\"ListItem\",\"position\":2,\"name\":\"Petro invit\u00f3 a cafeteros a negociar \u2018sin intermediarios\u2019 al vender sus productos para mejorar sus ingresos\"}]},{\"@type\":\"WebSite\",\"@id\":\"https:\/\/pagina10.com\/web\/#website\",\"url\":\"https:\/\/pagina10.com\/web\/\",\"name\":\"P\u00e1gina10\",\"description\":\"Peri\u00f3dico Regional\",\"publisher\":{\"@id\":\"https:\/\/pagina10.com\/web\/#organization\"},\"alternateName\":\"P\u00e1gina10 Peri\u00f3dico Regional\",\"potentialAction\":[{\"@type\":\"SearchAction\",\"target\":{\"@type\":\"EntryPoint\",\"urlTemplate\":\"https:\/\/pagina10.com\/web\/?s={search_term_string}\"},\"query-input\":{\"@type\":\"PropertyValueSpecification\",\"valueRequired\":true,\"valueName\":\"search_term_string\"}}],\"inLanguage\":\"es\"},{\"@type\":\"Organization\",\"@id\":\"https:\/\/pagina10.com\/web\/#organization\",\"name\":\"P\u00e1gina10\",\"alternateName\":\"P\u00e1gina10 Peri\u00f3dico Regional\",\"url\":\"https:\/\/pagina10.com\/web\/\",\"logo\":{\"@type\":\"ImageObject\",\"inLanguage\":\"es\",\"@id\":\"https:\/\/pagina10.com\/web\/#\/schema\/logo\/image\/\",\"url\":\"https:\/\/pagina10.com\/web\/wp-content\/uploads\/2024\/01\/40-pagina-10-periodico-regional-pasto.jpg\",\"contentUrl\":\"https:\/\/pagina10.com\/web\/wp-content\/uploads\/2024\/01\/40-pagina-10-periodico-regional-pasto.jpg\",\"width\":1280,\"height\":720,\"caption\":\"P\u00e1gina10\"},\"image\":{\"@id\":\"https:\/\/pagina10.com\/web\/#\/schema\/logo\/image\/\"},\"sameAs\":[\"https:\/\/www.facebook.com\/pag10com\",\"https:\/\/x.com\/Pag10com\",\"https:\/\/www.instagram.com\/pagina10col\/\",\"https:\/\/youtube.com\/channel\/pag10\",\"https:\/\/www.tiktok.com\/@p10col\"]},{\"@type\":\"Person\",\"@id\":\"https:\/\/pagina10.com\/web\/#\/schema\/person\/2efc4a090d25b667d3bc796798a3a81b\",\"name\":\"P\u00e1gina 10\",\"description\":\"P\u00e1gina 10 es un peri\u00f3dico regional que nace en Colombia, en el departamento de Nari\u00f1o, con un enfoque global, fundamentado en cuatro pilares esenciales: la libertad, el pluralismo, la inclusi\u00f3n y la independencia. P\u00e1gina 10 hace referencia a Nari\u00f1o como el d\u00e9cimo departamento creado en Colombia, despu\u00e9s de un proceso pol\u00edtico liderado por actores y actrices regionales con el fin de obtener la independencia y autonom\u00eda de nuestros territorios. Con la creaci\u00f3n de P\u00e1gina 10 se pretende abrir un escenario para el dialogo, la reflexi\u00f3n y el debate que se extienda a otras geograf\u00edas de Am\u00e9rica Latina y del planeta, en una apuesta por transformar colectivamente los desaf\u00edos de un mundo contempor\u00e1neo, m\u00e1s all\u00e1 de las fronteras impuestas.\",\"url\":\"https:\/\/pagina10.com\/web\/author\/pdiezadmin\/\"}]}<\/script>\n<!-- \/ Yoast SEO plugin. -->","yoast_head_json":{"title":"Petro invit\u00f3 a cafeteros a negociar \u2018sin intermediarios\u2019 al vender sus productos para mejorar sus ingresos | P\u00e1gina10","robots":{"index":"index","follow":"follow","max-snippet":"max-snippet:-1","max-image-preview":"max-image-preview:large","max-video-preview":"max-video-preview:-1"},"canonical":"https:\/\/pagina10.com\/web\/petro-invito-a-cafeteros-del-pais-a-negociar-sin-intermediarios-al-vender-sus-productos-para-mejorar-sus-ingresos\/","og_locale":"es_ES","og_type":"article","og_title":"Petro invit\u00f3 a cafeteros a negociar \u2018sin intermediarios\u2019 al vender sus productos para mejorar sus ingresos | P\u00e1gina10","og_description":"El pasado 26 de mayo, mientras se desarrollaba la quinta versi\u00f3n de \u201cGobierno Escucha, estrategia de di\u00e1logo y participaci\u00f3n ciudadana\u201d, en el Valle del Cauca, el presidente Gustavo Petro, se refiri\u00f3 a la comercializaci\u00f3n del caf\u00e9 en Colombia y destac\u00f3 que es necesario disminuir los intermediarios al momento de vender sus productos en todos los [&hellip;]","og_url":"https:\/\/pagina10.com\/web\/petro-invito-a-cafeteros-del-pais-a-negociar-sin-intermediarios-al-vender-sus-productos-para-mejorar-sus-ingresos\/","og_site_name":"P\u00e1gina10","article_publisher":"https:\/\/www.facebook.com\/pag10com","article_published_time":"2023-05-27T19:55:40+00:00","article_modified_time":"2023-05-27T19:56:50+00:00","og_image":[{"width":1280,"height":720,"url":"https:\/\/pagina10.com\/web\/wp-content\/uploads\/2023\/05\/Foto-Andrea-Puentes-Presidencia.jpg","type":"image\/jpeg"}],"author":"P\u00e1gina 10","twitter_card":"summary_large_image","twitter_creator":"@Pag10com","twitter_site":"@Pag10com","twitter_misc":{"Escrito por":"P\u00e1gina 10","Tiempo de lectura":"1 minuto"},"schema":{"@context":"https:\/\/schema.org","@graph":[{"@type":"Article","@id":"https:\/\/pagina10.com\/web\/petro-invito-a-cafeteros-del-pais-a-negociar-sin-intermediarios-al-vender-sus-productos-para-mejorar-sus-ingresos\/#article","isPartOf":{"@id":"https:\/\/pagina10.com\/web\/petro-invito-a-cafeteros-del-pais-a-negociar-sin-intermediarios-al-vender-sus-productos-para-mejorar-sus-ingresos\/"},"author":{"name":"P\u00e1gina 10","@id":"https:\/\/pagina10.com\/web\/#\/schema\/person\/2efc4a090d25b667d3bc796798a3a81b"},"headline":"Petro invit\u00f3 a cafeteros a negociar \u2018sin intermediarios\u2019 al vender sus productos para mejorar sus ingresos","datePublished":"2023-05-27T19:55:40+00:00","dateModified":"2023-05-27T19:56:50+00:00","mainEntityOfPage":{"@id":"https:\/\/pagina10.com\/web\/petro-invito-a-cafeteros-del-pais-a-negociar-sin-intermediarios-al-vender-sus-productos-para-mejorar-sus-ingresos\/"},"wordCount":263,"commentCount":0,"publisher":{"@id":"https:\/\/pagina10.com\/web\/#organization"},"image":{"@id":"https:\/\/pagina10.com\/web\/petro-invito-a-cafeteros-del-pais-a-negociar-sin-intermediarios-al-vender-sus-productos-para-mejorar-sus-ingresos\/#primaryimage"},"thumbnailUrl":"https:\/\/pagina10.com\/web\/wp-content\/uploads\/2023\/05\/Foto-Andrea-Puentes-Presidencia.jpg","keywords":["caf\u00e9 colombiano","cafeteros","colombia","comercializar caf\u00e9","Presidencia","valle del cauca"],"articleSection":["Nacional"],"inLanguage":"es","potentialAction":[{"@type":"CommentAction","name":"Comment","target":["https:\/\/pagina10.com\/web\/petro-invito-a-cafeteros-del-pais-a-negociar-sin-intermediarios-al-vender-sus-productos-para-mejorar-sus-ingresos\/#respond"]}]},{"@type":"WebPage","@id":"https:\/\/pagina10.com\/web\/petro-invito-a-cafeteros-del-pais-a-negociar-sin-intermediarios-al-vender-sus-productos-para-mejorar-sus-ingresos\/","url":"https:\/\/pagina10.com\/web\/petro-invito-a-cafeteros-del-pais-a-negociar-sin-intermediarios-al-vender-sus-productos-para-mejorar-sus-ingresos\/","name":"Petro invit\u00f3 a cafeteros a negociar \u2018sin intermediarios\u2019 al vender sus productos para mejorar sus ingresos | P\u00e1gina10","isPartOf":{"@id":"https:\/\/pagina10.com\/web\/#website"},"primaryImageOfPage":{"@id":"https:\/\/pagina10.com\/web\/petro-invito-a-cafeteros-del-pais-a-negociar-sin-intermediarios-al-vender-sus-productos-para-mejorar-sus-ingresos\/#primaryimage"},"image":{"@id":"https:\/\/pagina10.com\/web\/petro-invito-a-cafeteros-del-pais-a-negociar-sin-intermediarios-al-vender-sus-productos-para-mejorar-sus-ingresos\/#primaryimage"},"thumbnailUrl":"https:\/\/pagina10.com\/web\/wp-content\/uploads\/2023\/05\/Foto-Andrea-Puentes-Presidencia.jpg","datePublished":"2023-05-27T19:55:40+00:00","dateModified":"2023-05-27T19:56:50+00:00","breadcrumb":{"@id":"https:\/\/pagina10.com\/web\/petro-invito-a-cafeteros-del-pais-a-negociar-sin-intermediarios-al-vender-sus-productos-para-mejorar-sus-ingresos\/#breadcrumb"},"inLanguage":"es","potentialAction":[{"@type":"ReadAction","target":["https:\/\/pagina10.com\/web\/petro-invito-a-cafeteros-del-pais-a-negociar-sin-intermediarios-al-vender-sus-productos-para-mejorar-sus-ingresos\/"]}]},{"@type":"ImageObject","inLanguage":"es","@id":"https:\/\/pagina10.com\/web\/petro-invito-a-cafeteros-del-pais-a-negociar-sin-intermediarios-al-vender-sus-productos-para-mejorar-sus-ingresos\/#primaryimage","url":"https:\/\/pagina10.com\/web\/wp-content\/uploads\/2023\/05\/Foto-Andrea-Puentes-Presidencia.jpg","contentUrl":"https:\/\/pagina10.com\/web\/wp-content\/uploads\/2023\/05\/Foto-Andrea-Puentes-Presidencia.jpg","width":1280,"height":720,"caption":"Foto: Comunicaciones presidencia"},{"@type":"BreadcrumbList","@id":"https:\/\/pagina10.com\/web\/petro-invito-a-cafeteros-del-pais-a-negociar-sin-intermediarios-al-vender-sus-productos-para-mejorar-sus-ingresos\/#breadcrumb","itemListElement":[{"@type":"ListItem","position":1,"name":"Portada","item":"https:\/\/pagina10.com\/web\/"},{"@type":"ListItem","position":2,"name":"Petro invit\u00f3 a cafeteros a negociar \u2018sin intermediarios\u2019 al vender sus productos para mejorar sus ingresos"}]},{"@type":"WebSite","@id":"https:\/\/pagina10.com\/web\/#website","url":"https:\/\/pagina10.com\/web\/","name":"P\u00e1gina10","description":"Peri\u00f3dico Regional","publisher":{"@id":"https:\/\/pagina10.com\/web\/#organization"},"alternateName":"P\u00e1gina10 Peri\u00f3dico Regional","potentialAction":[{"@type":"SearchAction","target":{"@type":"EntryPoint","urlTemplate":"https:\/\/pagina10.com\/web\/?s={search_term_string}"},"query-input":{"@type":"PropertyValueSpecification","valueRequired":true,"valueName":"search_term_string"}}],"inLanguage":"es"},{"@type":"Organization","@id":"https:\/\/pagina10.com\/web\/#organization","name":"P\u00e1gina10","alternateName":"P\u00e1gina10 Peri\u00f3dico Regional","url":"https:\/\/pagina10.com\/web\/","logo":{"@type":"ImageObject","inLanguage":"es","@id":"https:\/\/pagina10.com\/web\/#\/schema\/logo\/image\/","url":"https:\/\/pagina10.com\/web\/wp-content\/uploads\/2024\/01\/40-pagina-10-periodico-regional-pasto.jpg","contentUrl":"https:\/\/pagina10.com\/web\/wp-content\/uploads\/2024\/01\/40-pagina-10-periodico-regional-pasto.jpg","width":1280,"height":720,"caption":"P\u00e1gina10"},"image":{"@id":"https:\/\/pagina10.com\/web\/#\/schema\/logo\/image\/"},"sameAs":["https:\/\/www.facebook.com\/pag10com","https:\/\/x.com\/Pag10com","https:\/\/www.instagram.com\/pagina10col\/","https:\/\/youtube.com\/channel\/pag10","https:\/\/www.tiktok.com\/@p10col"]},{"@type":"Person","@id":"https:\/\/pagina10.com\/web\/#\/schema\/person\/2efc4a090d25b667d3bc796798a3a81b","name":"P\u00e1gina 10","description":"P\u00e1gina 10 es un peri\u00f3dico regional que nace en Colombia, en el departamento de Nari\u00f1o, con un enfoque global, fundamentado en cuatro pilares esenciales: la libertad, el pluralismo, la inclusi\u00f3n y la independencia. P\u00e1gina 10 hace referencia a Nari\u00f1o como el d\u00e9cimo departamento creado en Colombia, despu\u00e9s de un proceso pol\u00edtico liderado por actores y actrices regionales con el fin de obtener la independencia y autonom\u00eda de nuestros territorios. Con la creaci\u00f3n de P\u00e1gina 10 se pretende abrir un escenario para el dialogo, la reflexi\u00f3n y el debate que se extienda a otras geograf\u00edas de Am\u00e9rica Latina y del planeta, en una apuesta por transformar colectivamente los desaf\u00edos de un mundo contempor\u00e1neo, m\u00e1s all\u00e1 de las fronteras impuestas.","url":"https:\/\/pagina10.com\/web\/author\/pdiezadmin\/"}]}},"_links":{"self":[{"href":"https:\/\/pagina10.com\/web\/wp-json\/wp\/v2\/posts\/66107","targetHints":{"allow":["GET"]}}],"collection":[{"href":"https:\/\/pagina10.com\/web\/wp-json\/wp\/v2\/posts"}],"about":[{"href":"https:\/\/pagina10.com\/web\/wp-json\/wp\/v2\/types\/post"}],"author":[{"embeddable":true,"href":"https:\/\/pagina10.com\/web\/wp-json\/wp\/v2\/users\/1"}],"replies":[{"embeddable":true,"href":"https:\/\/pagina10.com\/web\/wp-json\/wp\/v2\/comments?post=66107"}],"version-history":[{"count":2,"href":"https:\/\/pagina10.com\/web\/wp-json\/wp\/v2\/posts\/66107\/revisions"}],"predecessor-version":[{"id":66111,"href":"https:\/\/pagina10.com\/web\/wp-json\/wp\/v2\/posts\/66107\/revisions\/66111"}],"wp:featuredmedia":[{"embeddable":true,"href":"https:\/\/pagina10.com\/web\/wp-json\/wp\/v2\/media\/66108"}],"wp:attachment":[{"href":"https:\/\/pagina10.com\/web\/wp-json\/wp\/v2\/media?parent=66107"}],"wp:term":[{"taxonomy":"category","embeddable":true,"href":"https:\/\/pagina10.com\/web\/wp-json\/wp\/v2\/categories?post=66107"},{"taxonomy":"post_tag","embeddable":true,"href":"https:\/\/pagina10.com\/web\/wp-json\/wp\/v2\/tags?post=66107"}],"curies":[{"name":"wp","href":"https:\/\/api.w.org\/{rel}","templated":true}]}}