{"id":66112,"date":"2023-05-27T16:15:57","date_gmt":"2023-05-27T21:15:57","guid":{"rendered":"https:\/\/pagina10.com\/web\/?p=66112"},"modified":"2023-05-27T16:17:44","modified_gmt":"2023-05-27T21:17:44","slug":"comision-de-la-verdad-entrego-el-archivo-que-contiene-la-verdad-sobre-el-conflicto-armado-en-colombia","status":"publish","type":"post","link":"https:\/\/pagina10.com\/web\/comision-de-la-verdad-entrego-el-archivo-que-contiene-la-verdad-sobre-el-conflicto-armado-en-colombia\/","title":{"rendered":"\u2018Comisi\u00f3n de la Verdad\u2019 entreg\u00f3 el archivo que contiene la verdad sobre el conflicto armado en Colombia"},"content":{"rendered":"<p style=\"text-align: justify;\">A trav\u00e9s de un acto simb\u00f3lico la \u2018Comisi\u00f3n de la Verdad\u2019, representada por el padre Francisco de Roux, hizo <strong>entrega del archivo documental de la \u2018Comisi\u00f3n para el esclarecimiento de la verdad, la convivencia y la no repetici\u00f3n\u2019,<\/strong> que contiene casi 15 mil testimonios, videos, expedientes e informes sobre el conflicto armado en Colombia.<\/p>\n<div id='gallery-1' class='gallery galleryid-66112 gallery-columns-2 gallery-size-full'><figure class='gallery-item'>\n\t\t\t<div class='gallery-icon landscape'>\n\t\t\t\t<a href='https:\/\/pagina10.com\/web\/comision-de-la-verdad-entrego-el-archivo-que-contiene-la-verdad-sobre-el-conflicto-armado-en-colombia\/colprensa-2\/'><img fetchpriority=\"high\" decoding=\"async\" width=\"1000\" height=\"530\" src=\"https:\/\/pagina10.com\/web\/wp-content\/uploads\/2023\/05\/colprensa-1.png\" class=\"attachment-full size-full\" alt=\"\" srcset=\"https:\/\/pagina10.com\/web\/wp-content\/uploads\/2023\/05\/colprensa-1.png 1000w, https:\/\/pagina10.com\/web\/wp-content\/uploads\/2023\/05\/colprensa-1-300x159.png 300w, https:\/\/pagina10.com\/web\/wp-content\/uploads\/2023\/05\/colprensa-1-768x407.png 768w\" sizes=\"(max-width: 1000px) 100vw, 1000px\" \/><\/a>\n\t\t\t<\/div><\/figure><figure class='gallery-item'>\n\t\t\t<div class='gallery-icon landscape'>\n\t\t\t\t<a href='https:\/\/pagina10.com\/web\/comision-de-la-verdad-entrego-el-archivo-que-contiene-la-verdad-sobre-el-conflicto-armado-en-colombia\/entrega-de-las-primeras-100-cajas-de-archivos-fotocolprensa-2\/'><img decoding=\"async\" width=\"1000\" height=\"530\" src=\"https:\/\/pagina10.com\/web\/wp-content\/uploads\/2023\/05\/Entrega-de-las-primeras-100-cajas-de-archivos-FotoColprensa-1.png\" class=\"attachment-full size-full\" alt=\"\" srcset=\"https:\/\/pagina10.com\/web\/wp-content\/uploads\/2023\/05\/Entrega-de-las-primeras-100-cajas-de-archivos-FotoColprensa-1.png 1000w, https:\/\/pagina10.com\/web\/wp-content\/uploads\/2023\/05\/Entrega-de-las-primeras-100-cajas-de-archivos-FotoColprensa-1-300x159.png 300w, https:\/\/pagina10.com\/web\/wp-content\/uploads\/2023\/05\/Entrega-de-las-primeras-100-cajas-de-archivos-FotoColprensa-1-768x407.png 768w\" sizes=\"(max-width: 1000px) 100vw, 1000px\" \/><\/a>\n\t\t\t<\/div><\/figure>\n\t\t<\/div>\n\n<p style=\"text-align: justify;\">Este documento, <strong>considerado el m\u00e1s grande de DDHH del pa\u00eds<\/strong>, ser\u00e1 dejado en Archivo Nacional para su consulta, donde podr\u00e1 encontrar el hist\u00f3rico de la violencia armada que recopilaron organizaciones y la misma Comisi\u00f3n durante 1.200 d\u00edas y que esclarecen 60 a\u00f1os de conflicto. Por esta raz\u00f3n la comisi\u00f3n asegur\u00f3 que &#8220;este archivo debe ser un libro abierto a la sociedad para conocer la verdad de lo que nos ha pasado en el pa\u00eds (\u2026), adem\u00e1s de constituir una herramienta para la defensa y la protecci\u00f3n de los Derechos Humanos&#8221;.<\/p>\n<p style=\"text-align: justify;\">La entrega se resume en m\u00e1s de 2<strong>3.000 horas de investigaci\u00f3n<\/strong>, eventos y otras labores, cerca de 140 terabytes de informaci\u00f3n, que incluye m\u00e1s de 15.000 entrevistas individuales y colectivas realizadas a cerca de 30.000 personas, as\u00ed como 730 casos y 1.195 informes.<\/p>\n<p style=\"text-align: justify;\">La Comisi\u00f3n de la Verdad asegur\u00f3 que <strong>cumpli\u00f3 con lo consignado en el Acuerdo Paz<\/strong> (2016) entre el Gobierno Nacional y las FARC-EP, que refiere a dilucidar los patrones y la persistencia del conflicto armado y c\u00f3mo reconocer\/dignificar a las v\u00edctimas en el pa\u00eds y en el exilio.<\/p>\n<p>&nbsp;<\/p>\n<h4 style=\"text-align: center;\"><a href=\"https:\/\/www.youtube.com\/watch?v=uujXDipxKVc&amp;t=13s\"><strong>Escucha el acto simb\u00f3lico aqu\u00ed<\/strong><\/a><\/h4>\n<p>&nbsp;<\/p>\n<p><img decoding=\"async\" class=\"aligncenter wp-image-66115\" src=\"https:\/\/pagina10.com\/web\/wp-content\/uploads\/2023\/05\/348704210_561887552691592_4152471900154065373_n-1024x682.jpg\" alt=\"\" width=\"627\" height=\"418\" srcset=\"https:\/\/pagina10.com\/web\/wp-content\/uploads\/2023\/05\/348704210_561887552691592_4152471900154065373_n-1024x682.jpg 1024w, https:\/\/pagina10.com\/web\/wp-content\/uploads\/2023\/05\/348704210_561887552691592_4152471900154065373_n-300x200.jpg 300w, https:\/\/pagina10.com\/web\/wp-content\/uploads\/2023\/05\/348704210_561887552691592_4152471900154065373_n-768x512.jpg 768w, https:\/\/pagina10.com\/web\/wp-content\/uploads\/2023\/05\/348704210_561887552691592_4152471900154065373_n-1536x1023.jpg 1536w, https:\/\/pagina10.com\/web\/wp-content\/uploads\/2023\/05\/348704210_561887552691592_4152471900154065373_n-450x300.jpg 450w, https:\/\/pagina10.com\/web\/wp-content\/uploads\/2023\/05\/348704210_561887552691592_4152471900154065373_n.jpg 1600w\" sizes=\"(max-width: 627px) 100vw, 627px\" \/><\/p>\n","protected":false},"excerpt":{"rendered":"<p>A trav\u00e9s de un acto simb\u00f3lico la \u2018Comisi\u00f3n de la Verdad\u2019, representada por el padre Francisco de Roux, hizo entrega del archivo documental de la \u2018Comisi\u00f3n para el esclarecimiento de la verdad, la convivencia y la no repetici\u00f3n\u2019, que contiene casi 15 mil testimonios, videos, expedientes e informes sobre el conflicto armado en Colombia. Este [&hellip;]<\/p>\n","protected":false},"author":1,"featured_media":66114,"comment_status":"open","ping_status":"open","sticky":false,"template":"","format":"standard","meta":{"footnotes":""},"categories":[94],"tags":[1701,1338,1671,1702],"class_list":["post-66112","post","type-post","status-publish","format-standard","has-post-thumbnail","hentry","category-nacional-global-2","tag-comision-de-la-verdad","tag-conflicto-armado","tag-presidencia","tag-reparacion-y-no-repeticion"],"yoast_head":"<!-- This site is optimized with the Yoast SEO plugin v27.1.1 - https:\/\/yoast.com\/product\/yoast-seo-wordpress\/ -->\n<title>\u2018Comisi\u00f3n de la Verdad\u2019 entreg\u00f3 el archivo que contiene la verdad sobre el conflicto armado en Colombia | P\u00e1gina10<\/title>\n<meta name=\"robots\" content=\"index, follow, max-snippet:-1, max-image-preview:large, max-video-preview:-1\" \/>\n<link rel=\"canonical\" href=\"https:\/\/pagina10.com\/web\/comision-de-la-verdad-entrego-el-archivo-que-contiene-la-verdad-sobre-el-conflicto-armado-en-colombia\/\" \/>\n<meta property=\"og:locale\" content=\"es_ES\" \/>\n<meta property=\"og:type\" content=\"article\" \/>\n<meta property=\"og:title\" content=\"\u2018Comisi\u00f3n de la Verdad\u2019 entreg\u00f3 el archivo que contiene la verdad sobre el conflicto armado en Colombia | P\u00e1gina10\" \/>\n<meta property=\"og:description\" content=\"A trav\u00e9s de un acto simb\u00f3lico la \u2018Comisi\u00f3n de la Verdad\u2019, representada por el padre Francisco de Roux, hizo entrega del archivo documental de la \u2018Comisi\u00f3n para el esclarecimiento de la verdad, la convivencia y la no repetici\u00f3n\u2019, que contiene casi 15 mil testimonios, videos, expedientes e informes sobre el conflicto armado en Colombia. Este [&hellip;]\" \/>\n<meta property=\"og:url\" content=\"https:\/\/pagina10.com\/web\/comision-de-la-verdad-entrego-el-archivo-que-contiene-la-verdad-sobre-el-conflicto-armado-en-colombia\/\" \/>\n<meta property=\"og:site_name\" content=\"P\u00e1gina10\" \/>\n<meta property=\"article:publisher\" content=\"https:\/\/www.facebook.com\/pag10com\" \/>\n<meta property=\"article:published_time\" content=\"2023-05-27T21:15:57+00:00\" \/>\n<meta property=\"article:modified_time\" content=\"2023-05-27T21:17:44+00:00\" \/>\n<meta property=\"og:image\" content=\"https:\/\/pagina10.com\/web\/wp-content\/uploads\/2023\/05\/349119800_770472704871044_5070407469658202317_n.jpg\" \/>\n\t<meta property=\"og:image:width\" content=\"1600\" \/>\n\t<meta property=\"og:image:height\" content=\"1066\" \/>\n\t<meta property=\"og:image:type\" content=\"image\/jpeg\" \/>\n<meta name=\"author\" content=\"P\u00e1gina 10\" \/>\n<meta name=\"twitter:card\" content=\"summary_large_image\" \/>\n<meta name=\"twitter:creator\" content=\"@Pag10com\" \/>\n<meta name=\"twitter:site\" content=\"@Pag10com\" \/>\n<meta name=\"twitter:label1\" content=\"Escrito por\" \/>\n\t<meta name=\"twitter:data1\" content=\"P\u00e1gina 10\" \/>\n\t<meta name=\"twitter:label2\" content=\"Tiempo de lectura\" \/>\n\t<meta name=\"twitter:data2\" content=\"1 minuto\" \/>\n<script type=\"application\/ld+json\" class=\"yoast-schema-graph\">{\"@context\":\"https:\/\/schema.org\",\"@graph\":[{\"@type\":\"Article\",\"@id\":\"https:\/\/pagina10.com\/web\/comision-de-la-verdad-entrego-el-archivo-que-contiene-la-verdad-sobre-el-conflicto-armado-en-colombia\/#article\",\"isPartOf\":{\"@id\":\"https:\/\/pagina10.com\/web\/comision-de-la-verdad-entrego-el-archivo-que-contiene-la-verdad-sobre-el-conflicto-armado-en-colombia\/\"},\"author\":{\"name\":\"P\u00e1gina 10\",\"@id\":\"https:\/\/pagina10.com\/web\/#\/schema\/person\/2efc4a090d25b667d3bc796798a3a81b\"},\"headline\":\"\u2018Comisi\u00f3n de la Verdad\u2019 entreg\u00f3 el archivo que contiene la verdad sobre el conflicto armado en Colombia\",\"datePublished\":\"2023-05-27T21:15:57+00:00\",\"dateModified\":\"2023-05-27T21:17:44+00:00\",\"mainEntityOfPage\":{\"@id\":\"https:\/\/pagina10.com\/web\/comision-de-la-verdad-entrego-el-archivo-que-contiene-la-verdad-sobre-el-conflicto-armado-en-colombia\/\"},\"wordCount\":282,\"commentCount\":0,\"publisher\":{\"@id\":\"https:\/\/pagina10.com\/web\/#organization\"},\"image\":{\"@id\":\"https:\/\/pagina10.com\/web\/comision-de-la-verdad-entrego-el-archivo-que-contiene-la-verdad-sobre-el-conflicto-armado-en-colombia\/#primaryimage\"},\"thumbnailUrl\":\"https:\/\/pagina10.com\/web\/wp-content\/uploads\/2023\/05\/349119800_770472704871044_5070407469658202317_n.jpg\",\"keywords\":[\"Comision de la verdad\",\"Conflicto armado\",\"Presidencia\",\"reparacion y no repeticion\"],\"articleSection\":[\"Nacional\"],\"inLanguage\":\"es\",\"potentialAction\":[{\"@type\":\"CommentAction\",\"name\":\"Comment\",\"target\":[\"https:\/\/pagina10.com\/web\/comision-de-la-verdad-entrego-el-archivo-que-contiene-la-verdad-sobre-el-conflicto-armado-en-colombia\/#respond\"]}]},{\"@type\":\"WebPage\",\"@id\":\"https:\/\/pagina10.com\/web\/comision-de-la-verdad-entrego-el-archivo-que-contiene-la-verdad-sobre-el-conflicto-armado-en-colombia\/\",\"url\":\"https:\/\/pagina10.com\/web\/comision-de-la-verdad-entrego-el-archivo-que-contiene-la-verdad-sobre-el-conflicto-armado-en-colombia\/\",\"name\":\"\u2018Comisi\u00f3n de la Verdad\u2019 entreg\u00f3 el archivo que contiene la verdad sobre el conflicto armado en Colombia | P\u00e1gina10\",\"isPartOf\":{\"@id\":\"https:\/\/pagina10.com\/web\/#website\"},\"primaryImageOfPage\":{\"@id\":\"https:\/\/pagina10.com\/web\/comision-de-la-verdad-entrego-el-archivo-que-contiene-la-verdad-sobre-el-conflicto-armado-en-colombia\/#primaryimage\"},\"image\":{\"@id\":\"https:\/\/pagina10.com\/web\/comision-de-la-verdad-entrego-el-archivo-que-contiene-la-verdad-sobre-el-conflicto-armado-en-colombia\/#primaryimage\"},\"thumbnailUrl\":\"https:\/\/pagina10.com\/web\/wp-content\/uploads\/2023\/05\/349119800_770472704871044_5070407469658202317_n.jpg\",\"datePublished\":\"2023-05-27T21:15:57+00:00\",\"dateModified\":\"2023-05-27T21:17:44+00:00\",\"breadcrumb\":{\"@id\":\"https:\/\/pagina10.com\/web\/comision-de-la-verdad-entrego-el-archivo-que-contiene-la-verdad-sobre-el-conflicto-armado-en-colombia\/#breadcrumb\"},\"inLanguage\":\"es\",\"potentialAction\":[{\"@type\":\"ReadAction\",\"target\":[\"https:\/\/pagina10.com\/web\/comision-de-la-verdad-entrego-el-archivo-que-contiene-la-verdad-sobre-el-conflicto-armado-en-colombia\/\"]}]},{\"@type\":\"ImageObject\",\"inLanguage\":\"es\",\"@id\":\"https:\/\/pagina10.com\/web\/comision-de-la-verdad-entrego-el-archivo-que-contiene-la-verdad-sobre-el-conflicto-armado-en-colombia\/#primaryimage\",\"url\":\"https:\/\/pagina10.com\/web\/wp-content\/uploads\/2023\/05\/349119800_770472704871044_5070407469658202317_n.jpg\",\"contentUrl\":\"https:\/\/pagina10.com\/web\/wp-content\/uploads\/2023\/05\/349119800_770472704871044_5070407469658202317_n.jpg\",\"width\":1600,\"height\":1066},{\"@type\":\"BreadcrumbList\",\"@id\":\"https:\/\/pagina10.com\/web\/comision-de-la-verdad-entrego-el-archivo-que-contiene-la-verdad-sobre-el-conflicto-armado-en-colombia\/#breadcrumb\",\"itemListElement\":[{\"@type\":\"ListItem\",\"position\":1,\"name\":\"Portada\",\"item\":\"https:\/\/pagina10.com\/web\/\"},{\"@type\":\"ListItem\",\"position\":2,\"name\":\"\u2018Comisi\u00f3n de la Verdad\u2019 entreg\u00f3 el archivo que contiene la verdad sobre el conflicto armado en Colombia\"}]},{\"@type\":\"WebSite\",\"@id\":\"https:\/\/pagina10.com\/web\/#website\",\"url\":\"https:\/\/pagina10.com\/web\/\",\"name\":\"P\u00e1gina10\",\"description\":\"Peri\u00f3dico Regional\",\"publisher\":{\"@id\":\"https:\/\/pagina10.com\/web\/#organization\"},\"alternateName\":\"P\u00e1gina10 Peri\u00f3dico Regional\",\"potentialAction\":[{\"@type\":\"SearchAction\",\"target\":{\"@type\":\"EntryPoint\",\"urlTemplate\":\"https:\/\/pagina10.com\/web\/?s={search_term_string}\"},\"query-input\":{\"@type\":\"PropertyValueSpecification\",\"valueRequired\":true,\"valueName\":\"search_term_string\"}}],\"inLanguage\":\"es\"},{\"@type\":\"Organization\",\"@id\":\"https:\/\/pagina10.com\/web\/#organization\",\"name\":\"P\u00e1gina10\",\"alternateName\":\"P\u00e1gina10 Peri\u00f3dico Regional\",\"url\":\"https:\/\/pagina10.com\/web\/\",\"logo\":{\"@type\":\"ImageObject\",\"inLanguage\":\"es\",\"@id\":\"https:\/\/pagina10.com\/web\/#\/schema\/logo\/image\/\",\"url\":\"https:\/\/pagina10.com\/web\/wp-content\/uploads\/2024\/01\/40-pagina-10-periodico-regional-pasto.jpg\",\"contentUrl\":\"https:\/\/pagina10.com\/web\/wp-content\/uploads\/2024\/01\/40-pagina-10-periodico-regional-pasto.jpg\",\"width\":1280,\"height\":720,\"caption\":\"P\u00e1gina10\"},\"image\":{\"@id\":\"https:\/\/pagina10.com\/web\/#\/schema\/logo\/image\/\"},\"sameAs\":[\"https:\/\/www.facebook.com\/pag10com\",\"https:\/\/x.com\/Pag10com\",\"https:\/\/www.instagram.com\/pagina10col\/\",\"https:\/\/youtube.com\/channel\/pag10\",\"https:\/\/www.tiktok.com\/@p10col\"]},{\"@type\":\"Person\",\"@id\":\"https:\/\/pagina10.com\/web\/#\/schema\/person\/2efc4a090d25b667d3bc796798a3a81b\",\"name\":\"P\u00e1gina 10\",\"description\":\"P\u00e1gina 10 es un peri\u00f3dico regional que nace en Colombia, en el departamento de Nari\u00f1o, con un enfoque global, fundamentado en cuatro pilares esenciales: la libertad, el pluralismo, la inclusi\u00f3n y la independencia. P\u00e1gina 10 hace referencia a Nari\u00f1o como el d\u00e9cimo departamento creado en Colombia, despu\u00e9s de un proceso pol\u00edtico liderado por actores y actrices regionales con el fin de obtener la independencia y autonom\u00eda de nuestros territorios. Con la creaci\u00f3n de P\u00e1gina 10 se pretende abrir un escenario para el dialogo, la reflexi\u00f3n y el debate que se extienda a otras geograf\u00edas de Am\u00e9rica Latina y del planeta, en una apuesta por transformar colectivamente los desaf\u00edos de un mundo contempor\u00e1neo, m\u00e1s all\u00e1 de las fronteras impuestas.\",\"url\":\"https:\/\/pagina10.com\/web\/author\/pdiezadmin\/\"}]}<\/script>\n<!-- \/ Yoast SEO plugin. -->","yoast_head_json":{"title":"\u2018Comisi\u00f3n de la Verdad\u2019 entreg\u00f3 el archivo que contiene la verdad sobre el conflicto armado en Colombia | P\u00e1gina10","robots":{"index":"index","follow":"follow","max-snippet":"max-snippet:-1","max-image-preview":"max-image-preview:large","max-video-preview":"max-video-preview:-1"},"canonical":"https:\/\/pagina10.com\/web\/comision-de-la-verdad-entrego-el-archivo-que-contiene-la-verdad-sobre-el-conflicto-armado-en-colombia\/","og_locale":"es_ES","og_type":"article","og_title":"\u2018Comisi\u00f3n de la Verdad\u2019 entreg\u00f3 el archivo que contiene la verdad sobre el conflicto armado en Colombia | P\u00e1gina10","og_description":"A trav\u00e9s de un acto simb\u00f3lico la \u2018Comisi\u00f3n de la Verdad\u2019, representada por el padre Francisco de Roux, hizo entrega del archivo documental de la \u2018Comisi\u00f3n para el esclarecimiento de la verdad, la convivencia y la no repetici\u00f3n\u2019, que contiene casi 15 mil testimonios, videos, expedientes e informes sobre el conflicto armado en Colombia. Este [&hellip;]","og_url":"https:\/\/pagina10.com\/web\/comision-de-la-verdad-entrego-el-archivo-que-contiene-la-verdad-sobre-el-conflicto-armado-en-colombia\/","og_site_name":"P\u00e1gina10","article_publisher":"https:\/\/www.facebook.com\/pag10com","article_published_time":"2023-05-27T21:15:57+00:00","article_modified_time":"2023-05-27T21:17:44+00:00","og_image":[{"width":1600,"height":1066,"url":"https:\/\/pagina10.com\/web\/wp-content\/uploads\/2023\/05\/349119800_770472704871044_5070407469658202317_n.jpg","type":"image\/jpeg"}],"author":"P\u00e1gina 10","twitter_card":"summary_large_image","twitter_creator":"@Pag10com","twitter_site":"@Pag10com","twitter_misc":{"Escrito por":"P\u00e1gina 10","Tiempo de lectura":"1 minuto"},"schema":{"@context":"https:\/\/schema.org","@graph":[{"@type":"Article","@id":"https:\/\/pagina10.com\/web\/comision-de-la-verdad-entrego-el-archivo-que-contiene-la-verdad-sobre-el-conflicto-armado-en-colombia\/#article","isPartOf":{"@id":"https:\/\/pagina10.com\/web\/comision-de-la-verdad-entrego-el-archivo-que-contiene-la-verdad-sobre-el-conflicto-armado-en-colombia\/"},"author":{"name":"P\u00e1gina 10","@id":"https:\/\/pagina10.com\/web\/#\/schema\/person\/2efc4a090d25b667d3bc796798a3a81b"},"headline":"\u2018Comisi\u00f3n de la Verdad\u2019 entreg\u00f3 el archivo que contiene la verdad sobre el conflicto armado en Colombia","datePublished":"2023-05-27T21:15:57+00:00","dateModified":"2023-05-27T21:17:44+00:00","mainEntityOfPage":{"@id":"https:\/\/pagina10.com\/web\/comision-de-la-verdad-entrego-el-archivo-que-contiene-la-verdad-sobre-el-conflicto-armado-en-colombia\/"},"wordCount":282,"commentCount":0,"publisher":{"@id":"https:\/\/pagina10.com\/web\/#organization"},"image":{"@id":"https:\/\/pagina10.com\/web\/comision-de-la-verdad-entrego-el-archivo-que-contiene-la-verdad-sobre-el-conflicto-armado-en-colombia\/#primaryimage"},"thumbnailUrl":"https:\/\/pagina10.com\/web\/wp-content\/uploads\/2023\/05\/349119800_770472704871044_5070407469658202317_n.jpg","keywords":["Comision de la verdad","Conflicto armado","Presidencia","reparacion y no repeticion"],"articleSection":["Nacional"],"inLanguage":"es","potentialAction":[{"@type":"CommentAction","name":"Comment","target":["https:\/\/pagina10.com\/web\/comision-de-la-verdad-entrego-el-archivo-que-contiene-la-verdad-sobre-el-conflicto-armado-en-colombia\/#respond"]}]},{"@type":"WebPage","@id":"https:\/\/pagina10.com\/web\/comision-de-la-verdad-entrego-el-archivo-que-contiene-la-verdad-sobre-el-conflicto-armado-en-colombia\/","url":"https:\/\/pagina10.com\/web\/comision-de-la-verdad-entrego-el-archivo-que-contiene-la-verdad-sobre-el-conflicto-armado-en-colombia\/","name":"\u2018Comisi\u00f3n de la Verdad\u2019 entreg\u00f3 el archivo que contiene la verdad sobre el conflicto armado en Colombia | P\u00e1gina10","isPartOf":{"@id":"https:\/\/pagina10.com\/web\/#website"},"primaryImageOfPage":{"@id":"https:\/\/pagina10.com\/web\/comision-de-la-verdad-entrego-el-archivo-que-contiene-la-verdad-sobre-el-conflicto-armado-en-colombia\/#primaryimage"},"image":{"@id":"https:\/\/pagina10.com\/web\/comision-de-la-verdad-entrego-el-archivo-que-contiene-la-verdad-sobre-el-conflicto-armado-en-colombia\/#primaryimage"},"thumbnailUrl":"https:\/\/pagina10.com\/web\/wp-content\/uploads\/2023\/05\/349119800_770472704871044_5070407469658202317_n.jpg","datePublished":"2023-05-27T21:15:57+00:00","dateModified":"2023-05-27T21:17:44+00:00","breadcrumb":{"@id":"https:\/\/pagina10.com\/web\/comision-de-la-verdad-entrego-el-archivo-que-contiene-la-verdad-sobre-el-conflicto-armado-en-colombia\/#breadcrumb"},"inLanguage":"es","potentialAction":[{"@type":"ReadAction","target":["https:\/\/pagina10.com\/web\/comision-de-la-verdad-entrego-el-archivo-que-contiene-la-verdad-sobre-el-conflicto-armado-en-colombia\/"]}]},{"@type":"ImageObject","inLanguage":"es","@id":"https:\/\/pagina10.com\/web\/comision-de-la-verdad-entrego-el-archivo-que-contiene-la-verdad-sobre-el-conflicto-armado-en-colombia\/#primaryimage","url":"https:\/\/pagina10.com\/web\/wp-content\/uploads\/2023\/05\/349119800_770472704871044_5070407469658202317_n.jpg","contentUrl":"https:\/\/pagina10.com\/web\/wp-content\/uploads\/2023\/05\/349119800_770472704871044_5070407469658202317_n.jpg","width":1600,"height":1066},{"@type":"BreadcrumbList","@id":"https:\/\/pagina10.com\/web\/comision-de-la-verdad-entrego-el-archivo-que-contiene-la-verdad-sobre-el-conflicto-armado-en-colombia\/#breadcrumb","itemListElement":[{"@type":"ListItem","position":1,"name":"Portada","item":"https:\/\/pagina10.com\/web\/"},{"@type":"ListItem","position":2,"name":"\u2018Comisi\u00f3n de la Verdad\u2019 entreg\u00f3 el archivo que contiene la verdad sobre el conflicto armado en Colombia"}]},{"@type":"WebSite","@id":"https:\/\/pagina10.com\/web\/#website","url":"https:\/\/pagina10.com\/web\/","name":"P\u00e1gina10","description":"Peri\u00f3dico Regional","publisher":{"@id":"https:\/\/pagina10.com\/web\/#organization"},"alternateName":"P\u00e1gina10 Peri\u00f3dico Regional","potentialAction":[{"@type":"SearchAction","target":{"@type":"EntryPoint","urlTemplate":"https:\/\/pagina10.com\/web\/?s={search_term_string}"},"query-input":{"@type":"PropertyValueSpecification","valueRequired":true,"valueName":"search_term_string"}}],"inLanguage":"es"},{"@type":"Organization","@id":"https:\/\/pagina10.com\/web\/#organization","name":"P\u00e1gina10","alternateName":"P\u00e1gina10 Peri\u00f3dico Regional","url":"https:\/\/pagina10.com\/web\/","logo":{"@type":"ImageObject","inLanguage":"es","@id":"https:\/\/pagina10.com\/web\/#\/schema\/logo\/image\/","url":"https:\/\/pagina10.com\/web\/wp-content\/uploads\/2024\/01\/40-pagina-10-periodico-regional-pasto.jpg","contentUrl":"https:\/\/pagina10.com\/web\/wp-content\/uploads\/2024\/01\/40-pagina-10-periodico-regional-pasto.jpg","width":1280,"height":720,"caption":"P\u00e1gina10"},"image":{"@id":"https:\/\/pagina10.com\/web\/#\/schema\/logo\/image\/"},"sameAs":["https:\/\/www.facebook.com\/pag10com","https:\/\/x.com\/Pag10com","https:\/\/www.instagram.com\/pagina10col\/","https:\/\/youtube.com\/channel\/pag10","https:\/\/www.tiktok.com\/@p10col"]},{"@type":"Person","@id":"https:\/\/pagina10.com\/web\/#\/schema\/person\/2efc4a090d25b667d3bc796798a3a81b","name":"P\u00e1gina 10","description":"P\u00e1gina 10 es un peri\u00f3dico regional que nace en Colombia, en el departamento de Nari\u00f1o, con un enfoque global, fundamentado en cuatro pilares esenciales: la libertad, el pluralismo, la inclusi\u00f3n y la independencia. P\u00e1gina 10 hace referencia a Nari\u00f1o como el d\u00e9cimo departamento creado en Colombia, despu\u00e9s de un proceso pol\u00edtico liderado por actores y actrices regionales con el fin de obtener la independencia y autonom\u00eda de nuestros territorios. Con la creaci\u00f3n de P\u00e1gina 10 se pretende abrir un escenario para el dialogo, la reflexi\u00f3n y el debate que se extienda a otras geograf\u00edas de Am\u00e9rica Latina y del planeta, en una apuesta por transformar colectivamente los desaf\u00edos de un mundo contempor\u00e1neo, m\u00e1s all\u00e1 de las fronteras impuestas.","url":"https:\/\/pagina10.com\/web\/author\/pdiezadmin\/"}]}},"_links":{"self":[{"href":"https:\/\/pagina10.com\/web\/wp-json\/wp\/v2\/posts\/66112","targetHints":{"allow":["GET"]}}],"collection":[{"href":"https:\/\/pagina10.com\/web\/wp-json\/wp\/v2\/posts"}],"about":[{"href":"https:\/\/pagina10.com\/web\/wp-json\/wp\/v2\/types\/post"}],"author":[{"embeddable":true,"href":"https:\/\/pagina10.com\/web\/wp-json\/wp\/v2\/users\/1"}],"replies":[{"embeddable":true,"href":"https:\/\/pagina10.com\/web\/wp-json\/wp\/v2\/comments?post=66112"}],"version-history":[{"count":2,"href":"https:\/\/pagina10.com\/web\/wp-json\/wp\/v2\/posts\/66112\/revisions"}],"predecessor-version":[{"id":66120,"href":"https:\/\/pagina10.com\/web\/wp-json\/wp\/v2\/posts\/66112\/revisions\/66120"}],"wp:featuredmedia":[{"embeddable":true,"href":"https:\/\/pagina10.com\/web\/wp-json\/wp\/v2\/media\/66114"}],"wp:attachment":[{"href":"https:\/\/pagina10.com\/web\/wp-json\/wp\/v2\/media?parent=66112"}],"wp:term":[{"taxonomy":"category","embeddable":true,"href":"https:\/\/pagina10.com\/web\/wp-json\/wp\/v2\/categories?post=66112"},{"taxonomy":"post_tag","embeddable":true,"href":"https:\/\/pagina10.com\/web\/wp-json\/wp\/v2\/tags?post=66112"}],"curies":[{"name":"wp","href":"https:\/\/api.w.org\/{rel}","templated":true}]}}