{"id":66138,"date":"2023-05-28T22:06:15","date_gmt":"2023-05-29T03:06:15","guid":{"rendered":"https:\/\/pagina10.com\/web\/?p=66138"},"modified":"2023-05-28T22:08:51","modified_gmt":"2023-05-29T03:08:51","slug":"los-ninos-genios-del-inem-de-pasto","status":"publish","type":"post","link":"https:\/\/pagina10.com\/web\/los-ninos-genios-del-inem-de-pasto\/","title":{"rendered":"Los ni\u00f1os genios del INEM de Pasto"},"content":{"rendered":"<div>\n<div dir=\"auto\" style=\"text-align: justify;\">-(*Si un ni\u00f1o no puede aprender de la forma en que ense\u00f1amos, quiz\u00e1s deber\u00edamos ense\u00f1ar como \u00e9l aprende*)-\u00b6<\/div>\n<\/div>\n<div style=\"text-align: justify;\">\n<div dir=\"auto\">Samuel Rodrigo Restrepo Burbano y Juan Andr\u00e9s Acosta Sarasty son estudiantes del grado s\u00e9ptimo del INEM DE PASTO. Con sus escasos doce a\u00f1os descollan entre sus compa\u00f1eros de curso por su alta capacidad intelectual, con un coeficiente que no ha sido medido pero que, sin duda alguna, obtendr\u00eda una alt\u00edsima calificaci\u00f3n.<\/div>\n<\/div>\n<div style=\"text-align: justify;\">\n<div dir=\"auto\">Incansables lectores con libros que piden prestados, reciben como obsequio de sus familiares y conocidos o que simplemente intercambian para poder desarrollar sus capacidades acad\u00e9micas e intelectuales.<\/div>\n<\/div>\n<div style=\"text-align: justify;\">\n<div dir=\"auto\">Su PROFESORA de Ciencias Sociales ALBA LIGIA MELO AYALA descubre su innato talento cultiv\u00e1ndolos con profundo amor y paciencia en sus horas de clase. Imparte saberes con el animo de motivar y preservar su capacidad. Los presenta con orgullo y les permite dialogar sobre sus inquietudes y curiosidades. Su labor va m\u00e1s all\u00e1 de transmitirles conocimientos o informaci\u00f3n, los forma para ser creadores e innovadores en el campo cient\u00edfico, algo poco usual en el medio educativo.<\/div>\n<\/div>\n<div style=\"text-align: justify;\">\n<div dir=\"auto\">Samuel y Juan Andr\u00e9s son invitados de honor a las clases de sus profesores. Hablan con propiedad de Ciencia, astronom\u00eda, evoluci\u00f3n, historia, tecnolog\u00eda, literatura y de todo un c\u00famulo de saberes desarrollados a lo largo de sus cortas vidas. Su ropa sencilla y desgastada no es obst\u00e1culo para enfrentarse a las inquietudes de sus compa\u00f1eros, quienes tratan de formularles preguntas dif\u00edciles para atraparlos en alg\u00fan vac\u00edo conceptual. Pero no, su vasto saber y conocimiento de la tem\u00e1tica abordada hace imposible contener su torrente de sabidur\u00eda.<\/div>\n<\/div>\n<div style=\"text-align: justify;\">\n<div dir=\"auto\">Y aunque no se crea, son t\u00edmidos. Antes de ingresar a su sal\u00f3n para abordar a sus alumnos realizan ejercicios de respiraci\u00f3n y relajaci\u00f3n mental. Repasan mentalmente su clase y una vez iniciados en su tarea no existe forma alguna de detenerlos.<\/div>\n<\/div>\n<div style=\"text-align: justify;\">\n<div dir=\"auto\">Mencionan con propiedad teor\u00edas, hip\u00f3tesis, conceptos y saberes. Se confrontan entre s\u00ed , se complementan y se retan en el intento de superarse. Conocen planteamientos cient\u00edficos de diversa \u00edndole y hasta sustentan sus propias percepciones de un fen\u00f3meno natural o evolutivo. Dos peque\u00f1as figuras que alumbran con su palabra el camino de sus cong\u00e9neres y amigos de curso.<\/div>\n<\/div>\n<div style=\"text-align: justify;\">\n<div dir=\"auto\">En este video disertan sobre el origen del universo, el big bang, la formaci\u00f3n de estrellas y planetas, los fotones, la teor\u00eda de cuerdas, la evoluci\u00f3n y la formaci\u00f3n de la Tierra. Hablan de mundos posibles y como peque\u00f1os Galileos O Giordanos del siglo XXI vislumbra la posibilidad de nuevas y renovadas estructuras del universo.<\/div>\n<\/div>\n<div style=\"text-align: justify;\">\n<div dir=\"auto\">No es com\u00fan encontrar este tipo de mentes cultivadas y avezadas en el universo de la ciencia. Raz\u00f3n por la cual se hace necesario, prioritario e impostergable contribuir con su formaci\u00f3n y talento. Se debe impulsar sus innatos deseos de aprender y hacer cultura y conocimiento. . En nuestro pa\u00eds la ciencia es un fen\u00f3meno raro y extra\u00f1o, poco cultivada y una verdadera Cenicienta del presupuesto nacional. Son pocos los cient\u00edficos que se pueden mostrar, desde las aulas escolares son ignorados o sometidos al escarnio p\u00fablico. Lejos de ello, son vistos con desd\u00e9n y muchas veces catalogados como un problema o el s\u00edntoma de un trastorno al que es necesario contenerlo mediante medicaciones o terapias.<\/div>\n<\/div>\n<div style=\"text-align: justify;\">\n<div dir=\"auto\">En febrero del a\u00f1o 2000 publiqu\u00e9 un op\u00fasculo tratando de abordar el problema, en un intento desesperado de captar la atenci\u00f3n de nuestros dirigentes para que se apoyen e incentiven los talentos de nuestros investigadores. En &#8220;EL DOCTOR Mierda&#8221; y &#8220;LAS CIFRAS DE AM\u00c9RICA LATINA &#8221; destapamos la precariedad del fomento de la ciencia en Colombia. Simples repetidores, seguidores de una norma, unas leyes y un curr\u00edculo que hace rato hiede a cadaverina. Poco ha cambiado el panorama.<\/div>\n<div dir=\"auto\"><a tabindex=\"0\" role=\"link\" href=\"https:\/\/l.facebook.com\/l.php?u=https%3A%2F%2Fnueva.pagina10.com%2Fel-doctor-mierda%2F%3Ffbclid%3DIwAR1IQMc07_0IAyg0ZPTT0o_NocoyFRdTTELBJj4iCxM1H6CK4EwtUQWCpqY&amp;h=AT2XLmAnIiNemjre7NvIscD0vjfrxXTKLC0mHlOGWG6BaFwSwyExAclio0oQRJG1Pg-Dz-dYymJm-8XxV7hvUFpo8DfsbhQRvzNHCziiTFfsIejSY0UJTrvqVVobXl8ef-Jnv7A&amp;__tn__=-UK-R&amp;c[0]=AT04MNveutkpH_tyi2uZ5JlnV3H9M82s9LArAnUSmQlVQx-xLVejPkzdO3Zg5b_WbUX_ZWjyx6GOfjiEr2J8CG0LgW0k5zfsDAyI2e14YkMJ4HyJ5w0FD7NJ37K9Z2yeFoRst3JuzBowTzfftzvUi3J0Yh9-dgTjxWEZDSZ2WsNDKkIlBQApMTZtaiMSl-FA-oHZ9rgUirZSjGo\" target=\"_blank\" rel=\"nofollow noopener noreferrer\">https:\/\/pagina10.com\/web\/el-doctor-mierda\/<\/a><\/div>\n<\/div>\n<div style=\"text-align: justify;\">\n<div dir=\"auto\">Nos preguntamos cu\u00e1l ser\u00e1 el futuro de estos dos ni\u00f1os que estudian en un colegio p\u00fablico y que gracias a la entrega y sensibilidad de sus padres y su profesora pueden desarrollar sus capacidades. No siempre es as\u00ed, muchos terminan frustrados y sintiendo como el mundo les da la espalda a sus iniciativas.<\/div>\n<\/div>\n<div style=\"text-align: justify;\">\n<div dir=\"auto\">El caso de SAMUEL y JUAN ANDRES es un llamado atenci\u00f3n a nuestras autoridades educativas para que se fomente en los curr\u00edculos la ciencia y el humanismo, se promuevan y provoquen los cambios requeridos en nuestra educaci\u00f3n y se estimule la mentalidad y la capacidad creativa de nuestros ni\u00f1os.<\/div>\n<\/div>\n<div style=\"text-align: justify;\">\n<div dir=\"auto\">Se debe invertir en ciencia, en tecnolog\u00eda e innovaci\u00f3n. Recursos abundantes y generosos en nuestras regal\u00edas, pero ausentes y fam\u00e9licos en nuestros presupuestos efectivos y reales. Requerimos la presencia de cient\u00edficos, investigadores, innovadores que abran campos que nos permitan dar un definitivo salto hacia la Cuarta Revoluci\u00f3n Industrial y con ello la implementaci\u00f3n de dise\u00f1os y estrategias curriculares propias de nuestros d\u00edas.<\/div>\n<\/div>\n<div style=\"text-align: justify;\">\n<div dir=\"auto\">Estas mentes, cultivadas y fortalecidas ser\u00e1n la tea incendiaria que anuncien nuevos amaneceres.<\/div>\n<\/div>\n<div>\n<div dir=\"auto\" style=\"text-align: justify;\">Felicitamos al INEM de Pasto, a sus docentes y directivos por hacer de su curr\u00edculo una invaluable posibilidad de crear y aprender.<\/div>\n<\/div>\n","protected":false},"excerpt":{"rendered":"<p>-(*Si un ni\u00f1o no puede aprender de la forma en que ense\u00f1amos, quiz\u00e1s deber\u00edamos ense\u00f1ar como \u00e9l aprende*)-\u00b6 Samuel Rodrigo Restrepo Burbano y Juan Andr\u00e9s Acosta Sarasty son estudiantes del grado s\u00e9ptimo del INEM DE PASTO. Con sus escasos doce a\u00f1os descollan entre sus compa\u00f1eros de curso por su alta capacidad intelectual, con un coeficiente [&hellip;]<\/p>\n","protected":false},"author":46,"featured_media":66139,"comment_status":"open","ping_status":"open","sticky":false,"template":"","format":"standard","meta":{"footnotes":""},"categories":[82],"tags":[],"class_list":["post-66138","post","type-post","status-publish","format-standard","has-post-thumbnail","hentry","category-ciudad-2"],"yoast_head":"<!-- This site is optimized with the Yoast SEO plugin v27.1.1 - https:\/\/yoast.com\/product\/yoast-seo-wordpress\/ -->\n<title>Los ni\u00f1os genios del INEM de Pasto | P\u00e1gina10<\/title>\n<meta name=\"robots\" content=\"index, follow, max-snippet:-1, max-image-preview:large, max-video-preview:-1\" \/>\n<link rel=\"canonical\" href=\"https:\/\/pagina10.com\/web\/los-ninos-genios-del-inem-de-pasto\/\" \/>\n<meta property=\"og:locale\" content=\"es_ES\" \/>\n<meta property=\"og:type\" content=\"article\" \/>\n<meta property=\"og:title\" content=\"Los ni\u00f1os genios del INEM de Pasto | P\u00e1gina10\" \/>\n<meta property=\"og:description\" content=\"-(*Si un ni\u00f1o no puede aprender de la forma en que ense\u00f1amos, quiz\u00e1s deber\u00edamos ense\u00f1ar como \u00e9l aprende*)-\u00b6 Samuel Rodrigo Restrepo Burbano y Juan Andr\u00e9s Acosta Sarasty son estudiantes del grado s\u00e9ptimo del INEM DE PASTO. Con sus escasos doce a\u00f1os descollan entre sus compa\u00f1eros de curso por su alta capacidad intelectual, con un coeficiente [&hellip;]\" \/>\n<meta property=\"og:url\" content=\"https:\/\/pagina10.com\/web\/los-ninos-genios-del-inem-de-pasto\/\" \/>\n<meta property=\"og:site_name\" content=\"P\u00e1gina10\" \/>\n<meta property=\"article:publisher\" content=\"https:\/\/www.facebook.com\/pag10com\" \/>\n<meta property=\"article:published_time\" content=\"2023-05-29T03:06:15+00:00\" \/>\n<meta property=\"article:modified_time\" content=\"2023-05-29T03:08:51+00:00\" \/>\n<meta property=\"og:image\" content=\"https:\/\/pagina10.com\/web\/wp-content\/uploads\/2023\/05\/WhatsApp-Image-2023-05-28-at-10.05.07-PM.jpeg\" \/>\n\t<meta property=\"og:image:width\" content=\"1024\" \/>\n\t<meta property=\"og:image:height\" content=\"482\" \/>\n\t<meta property=\"og:image:type\" content=\"image\/jpeg\" \/>\n<meta name=\"author\" content=\"Pablo Emilio Obando Acosta\" \/>\n<meta name=\"twitter:card\" content=\"summary_large_image\" \/>\n<meta name=\"twitter:creator\" content=\"@Pag10com\" \/>\n<meta name=\"twitter:site\" content=\"@Pag10com\" \/>\n<meta name=\"twitter:label1\" content=\"Escrito por\" \/>\n\t<meta name=\"twitter:data1\" content=\"Pablo Emilio Obando Acosta\" \/>\n\t<meta name=\"twitter:label2\" content=\"Tiempo de lectura\" \/>\n\t<meta name=\"twitter:data2\" content=\"4 minutos\" \/>\n<script type=\"application\/ld+json\" class=\"yoast-schema-graph\">{\"@context\":\"https:\/\/schema.org\",\"@graph\":[{\"@type\":\"Article\",\"@id\":\"https:\/\/pagina10.com\/web\/los-ninos-genios-del-inem-de-pasto\/#article\",\"isPartOf\":{\"@id\":\"https:\/\/pagina10.com\/web\/los-ninos-genios-del-inem-de-pasto\/\"},\"author\":{\"name\":\"Pablo Emilio Obando Acosta\",\"@id\":\"https:\/\/pagina10.com\/web\/#\/schema\/person\/3d3687c9f037834284853a963ee45123\"},\"headline\":\"Los ni\u00f1os genios del INEM de Pasto\",\"datePublished\":\"2023-05-29T03:06:15+00:00\",\"dateModified\":\"2023-05-29T03:08:51+00:00\",\"mainEntityOfPage\":{\"@id\":\"https:\/\/pagina10.com\/web\/los-ninos-genios-del-inem-de-pasto\/\"},\"wordCount\":892,\"commentCount\":0,\"publisher\":{\"@id\":\"https:\/\/pagina10.com\/web\/#organization\"},\"image\":{\"@id\":\"https:\/\/pagina10.com\/web\/los-ninos-genios-del-inem-de-pasto\/#primaryimage\"},\"thumbnailUrl\":\"https:\/\/pagina10.com\/web\/wp-content\/uploads\/2023\/05\/WhatsApp-Image-2023-05-28-at-10.05.07-PM.jpeg\",\"articleSection\":[\"Ciudad\"],\"inLanguage\":\"es\",\"potentialAction\":[{\"@type\":\"CommentAction\",\"name\":\"Comment\",\"target\":[\"https:\/\/pagina10.com\/web\/los-ninos-genios-del-inem-de-pasto\/#respond\"]}]},{\"@type\":\"WebPage\",\"@id\":\"https:\/\/pagina10.com\/web\/los-ninos-genios-del-inem-de-pasto\/\",\"url\":\"https:\/\/pagina10.com\/web\/los-ninos-genios-del-inem-de-pasto\/\",\"name\":\"Los ni\u00f1os genios del INEM de Pasto | P\u00e1gina10\",\"isPartOf\":{\"@id\":\"https:\/\/pagina10.com\/web\/#website\"},\"primaryImageOfPage\":{\"@id\":\"https:\/\/pagina10.com\/web\/los-ninos-genios-del-inem-de-pasto\/#primaryimage\"},\"image\":{\"@id\":\"https:\/\/pagina10.com\/web\/los-ninos-genios-del-inem-de-pasto\/#primaryimage\"},\"thumbnailUrl\":\"https:\/\/pagina10.com\/web\/wp-content\/uploads\/2023\/05\/WhatsApp-Image-2023-05-28-at-10.05.07-PM.jpeg\",\"datePublished\":\"2023-05-29T03:06:15+00:00\",\"dateModified\":\"2023-05-29T03:08:51+00:00\",\"breadcrumb\":{\"@id\":\"https:\/\/pagina10.com\/web\/los-ninos-genios-del-inem-de-pasto\/#breadcrumb\"},\"inLanguage\":\"es\",\"potentialAction\":[{\"@type\":\"ReadAction\",\"target\":[\"https:\/\/pagina10.com\/web\/los-ninos-genios-del-inem-de-pasto\/\"]}]},{\"@type\":\"ImageObject\",\"inLanguage\":\"es\",\"@id\":\"https:\/\/pagina10.com\/web\/los-ninos-genios-del-inem-de-pasto\/#primaryimage\",\"url\":\"https:\/\/pagina10.com\/web\/wp-content\/uploads\/2023\/05\/WhatsApp-Image-2023-05-28-at-10.05.07-PM.jpeg\",\"contentUrl\":\"https:\/\/pagina10.com\/web\/wp-content\/uploads\/2023\/05\/WhatsApp-Image-2023-05-28-at-10.05.07-PM.jpeg\",\"width\":1024,\"height\":482},{\"@type\":\"BreadcrumbList\",\"@id\":\"https:\/\/pagina10.com\/web\/los-ninos-genios-del-inem-de-pasto\/#breadcrumb\",\"itemListElement\":[{\"@type\":\"ListItem\",\"position\":1,\"name\":\"Portada\",\"item\":\"https:\/\/pagina10.com\/web\/\"},{\"@type\":\"ListItem\",\"position\":2,\"name\":\"Los ni\u00f1os genios del INEM de Pasto\"}]},{\"@type\":\"WebSite\",\"@id\":\"https:\/\/pagina10.com\/web\/#website\",\"url\":\"https:\/\/pagina10.com\/web\/\",\"name\":\"P\u00e1gina10\",\"description\":\"Peri\u00f3dico Regional\",\"publisher\":{\"@id\":\"https:\/\/pagina10.com\/web\/#organization\"},\"alternateName\":\"P\u00e1gina10 Peri\u00f3dico Regional\",\"potentialAction\":[{\"@type\":\"SearchAction\",\"target\":{\"@type\":\"EntryPoint\",\"urlTemplate\":\"https:\/\/pagina10.com\/web\/?s={search_term_string}\"},\"query-input\":{\"@type\":\"PropertyValueSpecification\",\"valueRequired\":true,\"valueName\":\"search_term_string\"}}],\"inLanguage\":\"es\"},{\"@type\":\"Organization\",\"@id\":\"https:\/\/pagina10.com\/web\/#organization\",\"name\":\"P\u00e1gina10\",\"alternateName\":\"P\u00e1gina10 Peri\u00f3dico Regional\",\"url\":\"https:\/\/pagina10.com\/web\/\",\"logo\":{\"@type\":\"ImageObject\",\"inLanguage\":\"es\",\"@id\":\"https:\/\/pagina10.com\/web\/#\/schema\/logo\/image\/\",\"url\":\"https:\/\/pagina10.com\/web\/wp-content\/uploads\/2024\/01\/40-pagina-10-periodico-regional-pasto.jpg\",\"contentUrl\":\"https:\/\/pagina10.com\/web\/wp-content\/uploads\/2024\/01\/40-pagina-10-periodico-regional-pasto.jpg\",\"width\":1280,\"height\":720,\"caption\":\"P\u00e1gina10\"},\"image\":{\"@id\":\"https:\/\/pagina10.com\/web\/#\/schema\/logo\/image\/\"},\"sameAs\":[\"https:\/\/www.facebook.com\/pag10com\",\"https:\/\/x.com\/Pag10com\",\"https:\/\/www.instagram.com\/pagina10col\/\",\"https:\/\/youtube.com\/channel\/pag10\",\"https:\/\/www.tiktok.com\/@p10col\"]},{\"@type\":\"Person\",\"@id\":\"https:\/\/pagina10.com\/web\/#\/schema\/person\/3d3687c9f037834284853a963ee45123\",\"name\":\"Pablo Emilio Obando Acosta\",\"description\":\"PABLO EMILIO OBANDO ACOSTA Nace en el a\u00f1o de 1965. Bachiller acad\u00e9mico Modalidad Humanidades del INEM de Pasto. En 1989 culmina sus estudios universitarios en la Universidad de Nari\u00f1o obteniendo el t\u00edtulo de Licenciado en Ciencias Sociales \u2013 \u00e9nfasis Ciencias de la Educaci\u00f3n \u2013Jornada nocturna-. Especialista en Literatura latinoamericana y colaborador de importantes medios de comunicaci\u00f3n escritos de nuestra regi\u00f3n y del pa\u00eds: El Tiempo.com, Semana.com, Dinero, Diario Del Sur, El Espectador.com, entre otros, Sus escritos se conocen y han obtenido reconocimientos en Chile, Uruguay, Paraguay, Espa\u00f1a y Alemania. En el a\u00f1o 2000 obtiene el reconocimiento CORREO DEL SUR como el personaje c\u00edvico del a\u00f1o por su f\u00e9rrea defensa de la dignidad pastense al protestar con su documento \u201cUn pueblo ante la historia\u201d por el trato despectivo de algunos medios de comunicaci\u00f3n. Las reacciones no se hacen esperar en peri\u00f3dicos de circulaci\u00f3n regional y nacional como El Tiempo, El Espectador y El Pa\u00eds. Ha obtenido m\u00faltiples medallas y condecoraciones por su labor period\u00edstica y cultural: Medalla al merito Guillermo Edmundo Ch\u00e1vez \u2013 mejor escritor del departamento de Nari\u00f1o 2005 \u2013 Fundaci\u00f3n Gabriel Garc\u00eda M\u00e1rquez. Mejor Columnista del departamento de Nari\u00f1o \u2013 a\u00f1os 1991 \u2013 1993 \u2013 1996 \u2013 2001 \u2013 2006 Fundaci\u00f3n Cultural Correo del Sur. Personaje C\u00edvico del Departamento de Nari\u00f1o a\u00f1o 2000. Medalla \u00c1lvaro Javier Jurado Calvache a\u00f1o 2007 \u2013 Centro Educativo PROFESA \u2013 defensor poblaci\u00f3n vulnerable del municipio de Pasto. Mejor cuentista del departamento de Nari\u00f1o \u2013 a\u00f1os 1989 \u2013 2004 \u2013 2005. Cronista m\u00e1s destacado del departamento de Nari\u00f1o \u2013 a\u00f1o 2001. Finalista VI Concurso Internacional de Cuento \u2013 Prensa Nueva \u2013 a\u00f1o 1991. Primer puesto Concurso nacional de cuento \u2013 Contralor\u00eda general de la Rep\u00fablica \u2013 a\u00f1o 1992. Primer Lugar Concurso Municipal de Periodismo \u201cSilvio Le\u00f3n Espa\u00f1a\u201d \u2013 2009. . Reconocimiento Concejo municipal de Pasto, por su labor c\u00edvica y educativa. Sus obras y escritos se conocen en varios pa\u00edses de Latinoam\u00e9rica y de Colombia. Es autor de una docena de textos y m\u00e1s de un millar de columnas de opini\u00f3n que han generado pol\u00e9mica en el contexto nacional y latinoamericano: Testimonio de una insurrecci\u00f3n ciudadana \u2013 2011. El doctor Mierda. Un pueblo ante la historia. La filosof\u00eda de la gallina. Del amor por la Tierra... y otros textos. Diario de un maestro de escuela. Apuntes para una nueva historia Nuevos apuntes \u2013 Tomas Hidalgo Calvache. El problema de los cristianos. La utilidad del poeta. \u00bfTe acuerdas Mariana...? Corona F\u00fanebre \u2013 Tomas Hidalgo Calvache. En formato digital ha editado los siguientes t\u00edtulos: - La nueva filosof\u00eda de la gallina. - Tomas Hidalgo Calvache - Apuntes. - Educar con valor. Figura en varias antolog\u00edas de autores nari\u00f1enses y en una latinoamericana. Sobre \u00e9l han escrito elogiosamente intelectuales de la talla de Otto Morales Ben\u00edtez, Edgar Bastidas Urresty, Juan Augusto Ortiz cabrera, Carlos Santamar\u00eda, Javier Rodrizales, Miguel Garz\u00f3n Arteaga, Fausto Molina, Jorge Arturo Bravo y otros tantos que ser\u00eda dif\u00edcil nombrar en esta peque\u00f1a cr\u00f3nica sobre Pablo Emilio Obando Acosta.\",\"url\":\"https:\/\/pagina10.com\/web\/author\/pobando\/\"}]}<\/script>\n<!-- \/ Yoast SEO plugin. -->","yoast_head_json":{"title":"Los ni\u00f1os genios del INEM de Pasto | P\u00e1gina10","robots":{"index":"index","follow":"follow","max-snippet":"max-snippet:-1","max-image-preview":"max-image-preview:large","max-video-preview":"max-video-preview:-1"},"canonical":"https:\/\/pagina10.com\/web\/los-ninos-genios-del-inem-de-pasto\/","og_locale":"es_ES","og_type":"article","og_title":"Los ni\u00f1os genios del INEM de Pasto | P\u00e1gina10","og_description":"-(*Si un ni\u00f1o no puede aprender de la forma en que ense\u00f1amos, quiz\u00e1s deber\u00edamos ense\u00f1ar como \u00e9l aprende*)-\u00b6 Samuel Rodrigo Restrepo Burbano y Juan Andr\u00e9s Acosta Sarasty son estudiantes del grado s\u00e9ptimo del INEM DE PASTO. Con sus escasos doce a\u00f1os descollan entre sus compa\u00f1eros de curso por su alta capacidad intelectual, con un coeficiente [&hellip;]","og_url":"https:\/\/pagina10.com\/web\/los-ninos-genios-del-inem-de-pasto\/","og_site_name":"P\u00e1gina10","article_publisher":"https:\/\/www.facebook.com\/pag10com","article_published_time":"2023-05-29T03:06:15+00:00","article_modified_time":"2023-05-29T03:08:51+00:00","og_image":[{"width":1024,"height":482,"url":"https:\/\/pagina10.com\/web\/wp-content\/uploads\/2023\/05\/WhatsApp-Image-2023-05-28-at-10.05.07-PM.jpeg","type":"image\/jpeg"}],"author":"Pablo Emilio Obando Acosta","twitter_card":"summary_large_image","twitter_creator":"@Pag10com","twitter_site":"@Pag10com","twitter_misc":{"Escrito por":"Pablo Emilio Obando Acosta","Tiempo de lectura":"4 minutos"},"schema":{"@context":"https:\/\/schema.org","@graph":[{"@type":"Article","@id":"https:\/\/pagina10.com\/web\/los-ninos-genios-del-inem-de-pasto\/#article","isPartOf":{"@id":"https:\/\/pagina10.com\/web\/los-ninos-genios-del-inem-de-pasto\/"},"author":{"name":"Pablo Emilio Obando Acosta","@id":"https:\/\/pagina10.com\/web\/#\/schema\/person\/3d3687c9f037834284853a963ee45123"},"headline":"Los ni\u00f1os genios del INEM de Pasto","datePublished":"2023-05-29T03:06:15+00:00","dateModified":"2023-05-29T03:08:51+00:00","mainEntityOfPage":{"@id":"https:\/\/pagina10.com\/web\/los-ninos-genios-del-inem-de-pasto\/"},"wordCount":892,"commentCount":0,"publisher":{"@id":"https:\/\/pagina10.com\/web\/#organization"},"image":{"@id":"https:\/\/pagina10.com\/web\/los-ninos-genios-del-inem-de-pasto\/#primaryimage"},"thumbnailUrl":"https:\/\/pagina10.com\/web\/wp-content\/uploads\/2023\/05\/WhatsApp-Image-2023-05-28-at-10.05.07-PM.jpeg","articleSection":["Ciudad"],"inLanguage":"es","potentialAction":[{"@type":"CommentAction","name":"Comment","target":["https:\/\/pagina10.com\/web\/los-ninos-genios-del-inem-de-pasto\/#respond"]}]},{"@type":"WebPage","@id":"https:\/\/pagina10.com\/web\/los-ninos-genios-del-inem-de-pasto\/","url":"https:\/\/pagina10.com\/web\/los-ninos-genios-del-inem-de-pasto\/","name":"Los ni\u00f1os genios del INEM de Pasto | P\u00e1gina10","isPartOf":{"@id":"https:\/\/pagina10.com\/web\/#website"},"primaryImageOfPage":{"@id":"https:\/\/pagina10.com\/web\/los-ninos-genios-del-inem-de-pasto\/#primaryimage"},"image":{"@id":"https:\/\/pagina10.com\/web\/los-ninos-genios-del-inem-de-pasto\/#primaryimage"},"thumbnailUrl":"https:\/\/pagina10.com\/web\/wp-content\/uploads\/2023\/05\/WhatsApp-Image-2023-05-28-at-10.05.07-PM.jpeg","datePublished":"2023-05-29T03:06:15+00:00","dateModified":"2023-05-29T03:08:51+00:00","breadcrumb":{"@id":"https:\/\/pagina10.com\/web\/los-ninos-genios-del-inem-de-pasto\/#breadcrumb"},"inLanguage":"es","potentialAction":[{"@type":"ReadAction","target":["https:\/\/pagina10.com\/web\/los-ninos-genios-del-inem-de-pasto\/"]}]},{"@type":"ImageObject","inLanguage":"es","@id":"https:\/\/pagina10.com\/web\/los-ninos-genios-del-inem-de-pasto\/#primaryimage","url":"https:\/\/pagina10.com\/web\/wp-content\/uploads\/2023\/05\/WhatsApp-Image-2023-05-28-at-10.05.07-PM.jpeg","contentUrl":"https:\/\/pagina10.com\/web\/wp-content\/uploads\/2023\/05\/WhatsApp-Image-2023-05-28-at-10.05.07-PM.jpeg","width":1024,"height":482},{"@type":"BreadcrumbList","@id":"https:\/\/pagina10.com\/web\/los-ninos-genios-del-inem-de-pasto\/#breadcrumb","itemListElement":[{"@type":"ListItem","position":1,"name":"Portada","item":"https:\/\/pagina10.com\/web\/"},{"@type":"ListItem","position":2,"name":"Los ni\u00f1os genios del INEM de Pasto"}]},{"@type":"WebSite","@id":"https:\/\/pagina10.com\/web\/#website","url":"https:\/\/pagina10.com\/web\/","name":"P\u00e1gina10","description":"Peri\u00f3dico Regional","publisher":{"@id":"https:\/\/pagina10.com\/web\/#organization"},"alternateName":"P\u00e1gina10 Peri\u00f3dico Regional","potentialAction":[{"@type":"SearchAction","target":{"@type":"EntryPoint","urlTemplate":"https:\/\/pagina10.com\/web\/?s={search_term_string}"},"query-input":{"@type":"PropertyValueSpecification","valueRequired":true,"valueName":"search_term_string"}}],"inLanguage":"es"},{"@type":"Organization","@id":"https:\/\/pagina10.com\/web\/#organization","name":"P\u00e1gina10","alternateName":"P\u00e1gina10 Peri\u00f3dico Regional","url":"https:\/\/pagina10.com\/web\/","logo":{"@type":"ImageObject","inLanguage":"es","@id":"https:\/\/pagina10.com\/web\/#\/schema\/logo\/image\/","url":"https:\/\/pagina10.com\/web\/wp-content\/uploads\/2024\/01\/40-pagina-10-periodico-regional-pasto.jpg","contentUrl":"https:\/\/pagina10.com\/web\/wp-content\/uploads\/2024\/01\/40-pagina-10-periodico-regional-pasto.jpg","width":1280,"height":720,"caption":"P\u00e1gina10"},"image":{"@id":"https:\/\/pagina10.com\/web\/#\/schema\/logo\/image\/"},"sameAs":["https:\/\/www.facebook.com\/pag10com","https:\/\/x.com\/Pag10com","https:\/\/www.instagram.com\/pagina10col\/","https:\/\/youtube.com\/channel\/pag10","https:\/\/www.tiktok.com\/@p10col"]},{"@type":"Person","@id":"https:\/\/pagina10.com\/web\/#\/schema\/person\/3d3687c9f037834284853a963ee45123","name":"Pablo Emilio Obando Acosta","description":"PABLO EMILIO OBANDO ACOSTA Nace en el a\u00f1o de 1965. Bachiller acad\u00e9mico Modalidad Humanidades del INEM de Pasto. En 1989 culmina sus estudios universitarios en la Universidad de Nari\u00f1o obteniendo el t\u00edtulo de Licenciado en Ciencias Sociales \u2013 \u00e9nfasis Ciencias de la Educaci\u00f3n \u2013Jornada nocturna-. Especialista en Literatura latinoamericana y colaborador de importantes medios de comunicaci\u00f3n escritos de nuestra regi\u00f3n y del pa\u00eds: El Tiempo.com, Semana.com, Dinero, Diario Del Sur, El Espectador.com, entre otros, Sus escritos se conocen y han obtenido reconocimientos en Chile, Uruguay, Paraguay, Espa\u00f1a y Alemania. En el a\u00f1o 2000 obtiene el reconocimiento CORREO DEL SUR como el personaje c\u00edvico del a\u00f1o por su f\u00e9rrea defensa de la dignidad pastense al protestar con su documento \u201cUn pueblo ante la historia\u201d por el trato despectivo de algunos medios de comunicaci\u00f3n. Las reacciones no se hacen esperar en peri\u00f3dicos de circulaci\u00f3n regional y nacional como El Tiempo, El Espectador y El Pa\u00eds. Ha obtenido m\u00faltiples medallas y condecoraciones por su labor period\u00edstica y cultural: Medalla al merito Guillermo Edmundo Ch\u00e1vez \u2013 mejor escritor del departamento de Nari\u00f1o 2005 \u2013 Fundaci\u00f3n Gabriel Garc\u00eda M\u00e1rquez. Mejor Columnista del departamento de Nari\u00f1o \u2013 a\u00f1os 1991 \u2013 1993 \u2013 1996 \u2013 2001 \u2013 2006 Fundaci\u00f3n Cultural Correo del Sur. Personaje C\u00edvico del Departamento de Nari\u00f1o a\u00f1o 2000. Medalla \u00c1lvaro Javier Jurado Calvache a\u00f1o 2007 \u2013 Centro Educativo PROFESA \u2013 defensor poblaci\u00f3n vulnerable del municipio de Pasto. Mejor cuentista del departamento de Nari\u00f1o \u2013 a\u00f1os 1989 \u2013 2004 \u2013 2005. Cronista m\u00e1s destacado del departamento de Nari\u00f1o \u2013 a\u00f1o 2001. Finalista VI Concurso Internacional de Cuento \u2013 Prensa Nueva \u2013 a\u00f1o 1991. Primer puesto Concurso nacional de cuento \u2013 Contralor\u00eda general de la Rep\u00fablica \u2013 a\u00f1o 1992. Primer Lugar Concurso Municipal de Periodismo \u201cSilvio Le\u00f3n Espa\u00f1a\u201d \u2013 2009. . Reconocimiento Concejo municipal de Pasto, por su labor c\u00edvica y educativa. Sus obras y escritos se conocen en varios pa\u00edses de Latinoam\u00e9rica y de Colombia. Es autor de una docena de textos y m\u00e1s de un millar de columnas de opini\u00f3n que han generado pol\u00e9mica en el contexto nacional y latinoamericano: Testimonio de una insurrecci\u00f3n ciudadana \u2013 2011. El doctor Mierda. Un pueblo ante la historia. La filosof\u00eda de la gallina. Del amor por la Tierra... y otros textos. Diario de un maestro de escuela. Apuntes para una nueva historia Nuevos apuntes \u2013 Tomas Hidalgo Calvache. El problema de los cristianos. La utilidad del poeta. \u00bfTe acuerdas Mariana...? Corona F\u00fanebre \u2013 Tomas Hidalgo Calvache. En formato digital ha editado los siguientes t\u00edtulos: - La nueva filosof\u00eda de la gallina. - Tomas Hidalgo Calvache - Apuntes. - Educar con valor. Figura en varias antolog\u00edas de autores nari\u00f1enses y en una latinoamericana. Sobre \u00e9l han escrito elogiosamente intelectuales de la talla de Otto Morales Ben\u00edtez, Edgar Bastidas Urresty, Juan Augusto Ortiz cabrera, Carlos Santamar\u00eda, Javier Rodrizales, Miguel Garz\u00f3n Arteaga, Fausto Molina, Jorge Arturo Bravo y otros tantos que ser\u00eda dif\u00edcil nombrar en esta peque\u00f1a cr\u00f3nica sobre Pablo Emilio Obando Acosta.","url":"https:\/\/pagina10.com\/web\/author\/pobando\/"}]}},"_links":{"self":[{"href":"https:\/\/pagina10.com\/web\/wp-json\/wp\/v2\/posts\/66138","targetHints":{"allow":["GET"]}}],"collection":[{"href":"https:\/\/pagina10.com\/web\/wp-json\/wp\/v2\/posts"}],"about":[{"href":"https:\/\/pagina10.com\/web\/wp-json\/wp\/v2\/types\/post"}],"author":[{"embeddable":true,"href":"https:\/\/pagina10.com\/web\/wp-json\/wp\/v2\/users\/46"}],"replies":[{"embeddable":true,"href":"https:\/\/pagina10.com\/web\/wp-json\/wp\/v2\/comments?post=66138"}],"version-history":[{"count":2,"href":"https:\/\/pagina10.com\/web\/wp-json\/wp\/v2\/posts\/66138\/revisions"}],"predecessor-version":[{"id":66141,"href":"https:\/\/pagina10.com\/web\/wp-json\/wp\/v2\/posts\/66138\/revisions\/66141"}],"wp:featuredmedia":[{"embeddable":true,"href":"https:\/\/pagina10.com\/web\/wp-json\/wp\/v2\/media\/66139"}],"wp:attachment":[{"href":"https:\/\/pagina10.com\/web\/wp-json\/wp\/v2\/media?parent=66138"}],"wp:term":[{"taxonomy":"category","embeddable":true,"href":"https:\/\/pagina10.com\/web\/wp-json\/wp\/v2\/categories?post=66138"},{"taxonomy":"post_tag","embeddable":true,"href":"https:\/\/pagina10.com\/web\/wp-json\/wp\/v2\/tags?post=66138"}],"curies":[{"name":"wp","href":"https:\/\/api.w.org\/{rel}","templated":true}]}}