{"id":66156,"date":"2023-05-29T12:25:22","date_gmt":"2023-05-29T17:25:22","guid":{"rendered":"https:\/\/pagina10.com\/web\/?p=66156"},"modified":"2023-05-29T12:26:09","modified_gmt":"2023-05-29T17:26:09","slug":"este-domingo-colombia-volvio-a-temblar","status":"publish","type":"post","link":"https:\/\/pagina10.com\/web\/este-domingo-colombia-volvio-a-temblar\/","title":{"rendered":"Este domingo Colombia volvi\u00f3 a temblar"},"content":{"rendered":"<p style=\"text-align: justify;\">A las 10:45 a.m. de este domingo, <strong>se sinti\u00f3 nuevamente un temblor de magnitud de 5,7 en varias \u00e1reas de Santander<\/strong>, Cundinamarca, Tolima y Boyac\u00e1.<\/p>\n<p style=\"text-align: justify;\">El epicentro del movimiento que se registr\u00f3 principalmente en Los Santos, Santander, con una <strong>profundidad de 152 kil\u00f3metros<\/strong>, tambi\u00e9n se sinti\u00f3 en todo el centro del pa\u00eds y otras zonas cercanas.<\/p>\n<p style=\"text-align: justify;\">La <strong>actividad s\u00edsmica de las \u00faltimas semanas en Colombia<\/strong> mantiene alerta a los ciudadanos, quienes expresaron su preocupaci\u00f3n debido a la reciente actividad s\u00edsmica, incluyendo varios temblores en las \u00faltimas semanas.<\/p>\n<p style=\"text-align: justify;\">El Servicio Geol\u00f3gico Colombiano, inform\u00f3 sobre el temblor y explico las causas de los recientes sismos en esta \u00e1rea del pa\u00eds:<\/p>\n<p style=\"text-align: justify;\">\u201cCerca al municipio de los Santos, Santander, est\u00e1 ubicado el Nido S\u00edsmico de Bucaramanga. Un lugar donde tiembla casi todos los d\u00edas y representa el 60% de la sismicidad en el pa\u00eds; El Nido S\u00edsmico de Bucaramanga es una zona con una concentraci\u00f3n inusual de sismos comparable solo con dos lugares similares en Vrancea, Rumania, e Hindo-Kush, en Afganist\u00e1n.\u201d Por esta raz\u00f3n \u201cEl municipio de <strong>Los Santos es el epicentro de la gran mayor\u00eda de los sismos<\/strong> de profundidad intermedia que se originan en el Nido S\u00edsmico de Bucaramanga.\u201d<\/p>\n<p style=\"text-align: justify;\">La entidad tambi\u00e9n resalt\u00f3 que <strong>entre m\u00e1s profundidad tenga el sismo, m\u00e1s posibilidad tiene de expandirse a otros municipios<\/strong>, por esto se sinti\u00f3 hasta en Bogot\u00e1.<\/p>\n<p><img fetchpriority=\"high\" decoding=\"async\" class=\"aligncenter  wp-image-66158\" src=\"https:\/\/pagina10.com\/web\/wp-content\/uploads\/2023\/05\/sgc.png\" alt=\"\" width=\"446\" height=\"571\" srcset=\"https:\/\/pagina10.com\/web\/wp-content\/uploads\/2023\/05\/sgc.png 637w, https:\/\/pagina10.com\/web\/wp-content\/uploads\/2023\/05\/sgc-234x300.png 234w\" sizes=\"(max-width: 446px) 100vw, 446px\" \/><\/p>\n","protected":false},"excerpt":{"rendered":"<p>A las 10:45 a.m. de este domingo, se sinti\u00f3 nuevamente un temblor de magnitud de 5,7 en varias \u00e1reas de Santander, Cundinamarca, Tolima y Boyac\u00e1. El epicentro del movimiento que se registr\u00f3 principalmente en Los Santos, Santander, con una profundidad de 152 kil\u00f3metros, tambi\u00e9n se sinti\u00f3 en todo el centro del pa\u00eds y otras zonas [&hellip;]<\/p>\n","protected":false},"author":1,"featured_media":66157,"comment_status":"open","ping_status":"open","sticky":false,"template":"","format":"standard","meta":{"footnotes":""},"categories":[94],"tags":[],"class_list":["post-66156","post","type-post","status-publish","format-standard","has-post-thumbnail","hentry","category-nacional-global-2"],"yoast_head":"<!-- This site is optimized with the Yoast SEO plugin v27.1.1 - https:\/\/yoast.com\/product\/yoast-seo-wordpress\/ -->\n<title>Este domingo Colombia volvi\u00f3 a temblar | P\u00e1gina10<\/title>\n<meta name=\"robots\" content=\"index, follow, max-snippet:-1, max-image-preview:large, max-video-preview:-1\" \/>\n<link rel=\"canonical\" href=\"https:\/\/pagina10.com\/web\/este-domingo-colombia-volvio-a-temblar\/\" \/>\n<meta property=\"og:locale\" content=\"es_ES\" \/>\n<meta property=\"og:type\" content=\"article\" \/>\n<meta property=\"og:title\" content=\"Este domingo Colombia volvi\u00f3 a temblar | P\u00e1gina10\" \/>\n<meta property=\"og:description\" content=\"A las 10:45 a.m. de este domingo, se sinti\u00f3 nuevamente un temblor de magnitud de 5,7 en varias \u00e1reas de Santander, Cundinamarca, Tolima y Boyac\u00e1. El epicentro del movimiento que se registr\u00f3 principalmente en Los Santos, Santander, con una profundidad de 152 kil\u00f3metros, tambi\u00e9n se sinti\u00f3 en todo el centro del pa\u00eds y otras zonas [&hellip;]\" \/>\n<meta property=\"og:url\" content=\"https:\/\/pagina10.com\/web\/este-domingo-colombia-volvio-a-temblar\/\" \/>\n<meta property=\"og:site_name\" content=\"P\u00e1gina10\" \/>\n<meta property=\"article:publisher\" content=\"https:\/\/www.facebook.com\/pag10com\" \/>\n<meta property=\"article:published_time\" content=\"2023-05-29T17:25:22+00:00\" \/>\n<meta property=\"article:modified_time\" content=\"2023-05-29T17:26:09+00:00\" \/>\n<meta property=\"og:image\" content=\"https:\/\/pagina10.com\/web\/wp-content\/uploads\/2023\/05\/FxO4BxEWIAIMj6-.jpeg\" \/>\n\t<meta property=\"og:image:width\" content=\"709\" \/>\n\t<meta property=\"og:image:height\" content=\"915\" \/>\n\t<meta property=\"og:image:type\" content=\"image\/jpeg\" \/>\n<meta name=\"author\" content=\"P\u00e1gina 10\" \/>\n<meta name=\"twitter:card\" content=\"summary_large_image\" \/>\n<meta name=\"twitter:creator\" content=\"@Pag10com\" \/>\n<meta name=\"twitter:site\" content=\"@Pag10com\" \/>\n<meta name=\"twitter:label1\" content=\"Escrito por\" \/>\n\t<meta name=\"twitter:data1\" content=\"P\u00e1gina 10\" \/>\n\t<meta name=\"twitter:label2\" content=\"Tiempo de lectura\" \/>\n\t<meta name=\"twitter:data2\" content=\"1 minuto\" \/>\n<script type=\"application\/ld+json\" class=\"yoast-schema-graph\">{\"@context\":\"https:\/\/schema.org\",\"@graph\":[{\"@type\":\"Article\",\"@id\":\"https:\/\/pagina10.com\/web\/este-domingo-colombia-volvio-a-temblar\/#article\",\"isPartOf\":{\"@id\":\"https:\/\/pagina10.com\/web\/este-domingo-colombia-volvio-a-temblar\/\"},\"author\":{\"name\":\"P\u00e1gina 10\",\"@id\":\"https:\/\/pagina10.com\/web\/#\/schema\/person\/2efc4a090d25b667d3bc796798a3a81b\"},\"headline\":\"Este domingo Colombia volvi\u00f3 a temblar\",\"datePublished\":\"2023-05-29T17:25:22+00:00\",\"dateModified\":\"2023-05-29T17:26:09+00:00\",\"mainEntityOfPage\":{\"@id\":\"https:\/\/pagina10.com\/web\/este-domingo-colombia-volvio-a-temblar\/\"},\"wordCount\":246,\"commentCount\":0,\"publisher\":{\"@id\":\"https:\/\/pagina10.com\/web\/#organization\"},\"image\":{\"@id\":\"https:\/\/pagina10.com\/web\/este-domingo-colombia-volvio-a-temblar\/#primaryimage\"},\"thumbnailUrl\":\"https:\/\/pagina10.com\/web\/wp-content\/uploads\/2023\/05\/FxO4BxEWIAIMj6-.jpeg\",\"articleSection\":[\"Nacional\"],\"inLanguage\":\"es\",\"potentialAction\":[{\"@type\":\"CommentAction\",\"name\":\"Comment\",\"target\":[\"https:\/\/pagina10.com\/web\/este-domingo-colombia-volvio-a-temblar\/#respond\"]}]},{\"@type\":\"WebPage\",\"@id\":\"https:\/\/pagina10.com\/web\/este-domingo-colombia-volvio-a-temblar\/\",\"url\":\"https:\/\/pagina10.com\/web\/este-domingo-colombia-volvio-a-temblar\/\",\"name\":\"Este domingo Colombia volvi\u00f3 a temblar | P\u00e1gina10\",\"isPartOf\":{\"@id\":\"https:\/\/pagina10.com\/web\/#website\"},\"primaryImageOfPage\":{\"@id\":\"https:\/\/pagina10.com\/web\/este-domingo-colombia-volvio-a-temblar\/#primaryimage\"},\"image\":{\"@id\":\"https:\/\/pagina10.com\/web\/este-domingo-colombia-volvio-a-temblar\/#primaryimage\"},\"thumbnailUrl\":\"https:\/\/pagina10.com\/web\/wp-content\/uploads\/2023\/05\/FxO4BxEWIAIMj6-.jpeg\",\"datePublished\":\"2023-05-29T17:25:22+00:00\",\"dateModified\":\"2023-05-29T17:26:09+00:00\",\"breadcrumb\":{\"@id\":\"https:\/\/pagina10.com\/web\/este-domingo-colombia-volvio-a-temblar\/#breadcrumb\"},\"inLanguage\":\"es\",\"potentialAction\":[{\"@type\":\"ReadAction\",\"target\":[\"https:\/\/pagina10.com\/web\/este-domingo-colombia-volvio-a-temblar\/\"]}]},{\"@type\":\"ImageObject\",\"inLanguage\":\"es\",\"@id\":\"https:\/\/pagina10.com\/web\/este-domingo-colombia-volvio-a-temblar\/#primaryimage\",\"url\":\"https:\/\/pagina10.com\/web\/wp-content\/uploads\/2023\/05\/FxO4BxEWIAIMj6-.jpeg\",\"contentUrl\":\"https:\/\/pagina10.com\/web\/wp-content\/uploads\/2023\/05\/FxO4BxEWIAIMj6-.jpeg\",\"width\":709,\"height\":915},{\"@type\":\"BreadcrumbList\",\"@id\":\"https:\/\/pagina10.com\/web\/este-domingo-colombia-volvio-a-temblar\/#breadcrumb\",\"itemListElement\":[{\"@type\":\"ListItem\",\"position\":1,\"name\":\"Portada\",\"item\":\"https:\/\/pagina10.com\/web\/\"},{\"@type\":\"ListItem\",\"position\":2,\"name\":\"Este domingo Colombia volvi\u00f3 a temblar\"}]},{\"@type\":\"WebSite\",\"@id\":\"https:\/\/pagina10.com\/web\/#website\",\"url\":\"https:\/\/pagina10.com\/web\/\",\"name\":\"P\u00e1gina10\",\"description\":\"Peri\u00f3dico Regional\",\"publisher\":{\"@id\":\"https:\/\/pagina10.com\/web\/#organization\"},\"alternateName\":\"P\u00e1gina10 Peri\u00f3dico Regional\",\"potentialAction\":[{\"@type\":\"SearchAction\",\"target\":{\"@type\":\"EntryPoint\",\"urlTemplate\":\"https:\/\/pagina10.com\/web\/?s={search_term_string}\"},\"query-input\":{\"@type\":\"PropertyValueSpecification\",\"valueRequired\":true,\"valueName\":\"search_term_string\"}}],\"inLanguage\":\"es\"},{\"@type\":\"Organization\",\"@id\":\"https:\/\/pagina10.com\/web\/#organization\",\"name\":\"P\u00e1gina10\",\"alternateName\":\"P\u00e1gina10 Peri\u00f3dico Regional\",\"url\":\"https:\/\/pagina10.com\/web\/\",\"logo\":{\"@type\":\"ImageObject\",\"inLanguage\":\"es\",\"@id\":\"https:\/\/pagina10.com\/web\/#\/schema\/logo\/image\/\",\"url\":\"https:\/\/pagina10.com\/web\/wp-content\/uploads\/2024\/01\/40-pagina-10-periodico-regional-pasto.jpg\",\"contentUrl\":\"https:\/\/pagina10.com\/web\/wp-content\/uploads\/2024\/01\/40-pagina-10-periodico-regional-pasto.jpg\",\"width\":1280,\"height\":720,\"caption\":\"P\u00e1gina10\"},\"image\":{\"@id\":\"https:\/\/pagina10.com\/web\/#\/schema\/logo\/image\/\"},\"sameAs\":[\"https:\/\/www.facebook.com\/pag10com\",\"https:\/\/x.com\/Pag10com\",\"https:\/\/www.instagram.com\/pagina10col\/\",\"https:\/\/youtube.com\/channel\/pag10\",\"https:\/\/www.tiktok.com\/@p10col\"]},{\"@type\":\"Person\",\"@id\":\"https:\/\/pagina10.com\/web\/#\/schema\/person\/2efc4a090d25b667d3bc796798a3a81b\",\"name\":\"P\u00e1gina 10\",\"description\":\"P\u00e1gina 10 es un peri\u00f3dico regional que nace en Colombia, en el departamento de Nari\u00f1o, con un enfoque global, fundamentado en cuatro pilares esenciales: la libertad, el pluralismo, la inclusi\u00f3n y la independencia. P\u00e1gina 10 hace referencia a Nari\u00f1o como el d\u00e9cimo departamento creado en Colombia, despu\u00e9s de un proceso pol\u00edtico liderado por actores y actrices regionales con el fin de obtener la independencia y autonom\u00eda de nuestros territorios. Con la creaci\u00f3n de P\u00e1gina 10 se pretende abrir un escenario para el dialogo, la reflexi\u00f3n y el debate que se extienda a otras geograf\u00edas de Am\u00e9rica Latina y del planeta, en una apuesta por transformar colectivamente los desaf\u00edos de un mundo contempor\u00e1neo, m\u00e1s all\u00e1 de las fronteras impuestas.\",\"url\":\"https:\/\/pagina10.com\/web\/author\/pdiezadmin\/\"}]}<\/script>\n<!-- \/ Yoast SEO plugin. -->","yoast_head_json":{"title":"Este domingo Colombia volvi\u00f3 a temblar | P\u00e1gina10","robots":{"index":"index","follow":"follow","max-snippet":"max-snippet:-1","max-image-preview":"max-image-preview:large","max-video-preview":"max-video-preview:-1"},"canonical":"https:\/\/pagina10.com\/web\/este-domingo-colombia-volvio-a-temblar\/","og_locale":"es_ES","og_type":"article","og_title":"Este domingo Colombia volvi\u00f3 a temblar | P\u00e1gina10","og_description":"A las 10:45 a.m. de este domingo, se sinti\u00f3 nuevamente un temblor de magnitud de 5,7 en varias \u00e1reas de Santander, Cundinamarca, Tolima y Boyac\u00e1. El epicentro del movimiento que se registr\u00f3 principalmente en Los Santos, Santander, con una profundidad de 152 kil\u00f3metros, tambi\u00e9n se sinti\u00f3 en todo el centro del pa\u00eds y otras zonas [&hellip;]","og_url":"https:\/\/pagina10.com\/web\/este-domingo-colombia-volvio-a-temblar\/","og_site_name":"P\u00e1gina10","article_publisher":"https:\/\/www.facebook.com\/pag10com","article_published_time":"2023-05-29T17:25:22+00:00","article_modified_time":"2023-05-29T17:26:09+00:00","og_image":[{"width":709,"height":915,"url":"https:\/\/pagina10.com\/web\/wp-content\/uploads\/2023\/05\/FxO4BxEWIAIMj6-.jpeg","type":"image\/jpeg"}],"author":"P\u00e1gina 10","twitter_card":"summary_large_image","twitter_creator":"@Pag10com","twitter_site":"@Pag10com","twitter_misc":{"Escrito por":"P\u00e1gina 10","Tiempo de lectura":"1 minuto"},"schema":{"@context":"https:\/\/schema.org","@graph":[{"@type":"Article","@id":"https:\/\/pagina10.com\/web\/este-domingo-colombia-volvio-a-temblar\/#article","isPartOf":{"@id":"https:\/\/pagina10.com\/web\/este-domingo-colombia-volvio-a-temblar\/"},"author":{"name":"P\u00e1gina 10","@id":"https:\/\/pagina10.com\/web\/#\/schema\/person\/2efc4a090d25b667d3bc796798a3a81b"},"headline":"Este domingo Colombia volvi\u00f3 a temblar","datePublished":"2023-05-29T17:25:22+00:00","dateModified":"2023-05-29T17:26:09+00:00","mainEntityOfPage":{"@id":"https:\/\/pagina10.com\/web\/este-domingo-colombia-volvio-a-temblar\/"},"wordCount":246,"commentCount":0,"publisher":{"@id":"https:\/\/pagina10.com\/web\/#organization"},"image":{"@id":"https:\/\/pagina10.com\/web\/este-domingo-colombia-volvio-a-temblar\/#primaryimage"},"thumbnailUrl":"https:\/\/pagina10.com\/web\/wp-content\/uploads\/2023\/05\/FxO4BxEWIAIMj6-.jpeg","articleSection":["Nacional"],"inLanguage":"es","potentialAction":[{"@type":"CommentAction","name":"Comment","target":["https:\/\/pagina10.com\/web\/este-domingo-colombia-volvio-a-temblar\/#respond"]}]},{"@type":"WebPage","@id":"https:\/\/pagina10.com\/web\/este-domingo-colombia-volvio-a-temblar\/","url":"https:\/\/pagina10.com\/web\/este-domingo-colombia-volvio-a-temblar\/","name":"Este domingo Colombia volvi\u00f3 a temblar | P\u00e1gina10","isPartOf":{"@id":"https:\/\/pagina10.com\/web\/#website"},"primaryImageOfPage":{"@id":"https:\/\/pagina10.com\/web\/este-domingo-colombia-volvio-a-temblar\/#primaryimage"},"image":{"@id":"https:\/\/pagina10.com\/web\/este-domingo-colombia-volvio-a-temblar\/#primaryimage"},"thumbnailUrl":"https:\/\/pagina10.com\/web\/wp-content\/uploads\/2023\/05\/FxO4BxEWIAIMj6-.jpeg","datePublished":"2023-05-29T17:25:22+00:00","dateModified":"2023-05-29T17:26:09+00:00","breadcrumb":{"@id":"https:\/\/pagina10.com\/web\/este-domingo-colombia-volvio-a-temblar\/#breadcrumb"},"inLanguage":"es","potentialAction":[{"@type":"ReadAction","target":["https:\/\/pagina10.com\/web\/este-domingo-colombia-volvio-a-temblar\/"]}]},{"@type":"ImageObject","inLanguage":"es","@id":"https:\/\/pagina10.com\/web\/este-domingo-colombia-volvio-a-temblar\/#primaryimage","url":"https:\/\/pagina10.com\/web\/wp-content\/uploads\/2023\/05\/FxO4BxEWIAIMj6-.jpeg","contentUrl":"https:\/\/pagina10.com\/web\/wp-content\/uploads\/2023\/05\/FxO4BxEWIAIMj6-.jpeg","width":709,"height":915},{"@type":"BreadcrumbList","@id":"https:\/\/pagina10.com\/web\/este-domingo-colombia-volvio-a-temblar\/#breadcrumb","itemListElement":[{"@type":"ListItem","position":1,"name":"Portada","item":"https:\/\/pagina10.com\/web\/"},{"@type":"ListItem","position":2,"name":"Este domingo Colombia volvi\u00f3 a temblar"}]},{"@type":"WebSite","@id":"https:\/\/pagina10.com\/web\/#website","url":"https:\/\/pagina10.com\/web\/","name":"P\u00e1gina10","description":"Peri\u00f3dico Regional","publisher":{"@id":"https:\/\/pagina10.com\/web\/#organization"},"alternateName":"P\u00e1gina10 Peri\u00f3dico Regional","potentialAction":[{"@type":"SearchAction","target":{"@type":"EntryPoint","urlTemplate":"https:\/\/pagina10.com\/web\/?s={search_term_string}"},"query-input":{"@type":"PropertyValueSpecification","valueRequired":true,"valueName":"search_term_string"}}],"inLanguage":"es"},{"@type":"Organization","@id":"https:\/\/pagina10.com\/web\/#organization","name":"P\u00e1gina10","alternateName":"P\u00e1gina10 Peri\u00f3dico Regional","url":"https:\/\/pagina10.com\/web\/","logo":{"@type":"ImageObject","inLanguage":"es","@id":"https:\/\/pagina10.com\/web\/#\/schema\/logo\/image\/","url":"https:\/\/pagina10.com\/web\/wp-content\/uploads\/2024\/01\/40-pagina-10-periodico-regional-pasto.jpg","contentUrl":"https:\/\/pagina10.com\/web\/wp-content\/uploads\/2024\/01\/40-pagina-10-periodico-regional-pasto.jpg","width":1280,"height":720,"caption":"P\u00e1gina10"},"image":{"@id":"https:\/\/pagina10.com\/web\/#\/schema\/logo\/image\/"},"sameAs":["https:\/\/www.facebook.com\/pag10com","https:\/\/x.com\/Pag10com","https:\/\/www.instagram.com\/pagina10col\/","https:\/\/youtube.com\/channel\/pag10","https:\/\/www.tiktok.com\/@p10col"]},{"@type":"Person","@id":"https:\/\/pagina10.com\/web\/#\/schema\/person\/2efc4a090d25b667d3bc796798a3a81b","name":"P\u00e1gina 10","description":"P\u00e1gina 10 es un peri\u00f3dico regional que nace en Colombia, en el departamento de Nari\u00f1o, con un enfoque global, fundamentado en cuatro pilares esenciales: la libertad, el pluralismo, la inclusi\u00f3n y la independencia. P\u00e1gina 10 hace referencia a Nari\u00f1o como el d\u00e9cimo departamento creado en Colombia, despu\u00e9s de un proceso pol\u00edtico liderado por actores y actrices regionales con el fin de obtener la independencia y autonom\u00eda de nuestros territorios. Con la creaci\u00f3n de P\u00e1gina 10 se pretende abrir un escenario para el dialogo, la reflexi\u00f3n y el debate que se extienda a otras geograf\u00edas de Am\u00e9rica Latina y del planeta, en una apuesta por transformar colectivamente los desaf\u00edos de un mundo contempor\u00e1neo, m\u00e1s all\u00e1 de las fronteras impuestas.","url":"https:\/\/pagina10.com\/web\/author\/pdiezadmin\/"}]}},"_links":{"self":[{"href":"https:\/\/pagina10.com\/web\/wp-json\/wp\/v2\/posts\/66156","targetHints":{"allow":["GET"]}}],"collection":[{"href":"https:\/\/pagina10.com\/web\/wp-json\/wp\/v2\/posts"}],"about":[{"href":"https:\/\/pagina10.com\/web\/wp-json\/wp\/v2\/types\/post"}],"author":[{"embeddable":true,"href":"https:\/\/pagina10.com\/web\/wp-json\/wp\/v2\/users\/1"}],"replies":[{"embeddable":true,"href":"https:\/\/pagina10.com\/web\/wp-json\/wp\/v2\/comments?post=66156"}],"version-history":[{"count":2,"href":"https:\/\/pagina10.com\/web\/wp-json\/wp\/v2\/posts\/66156\/revisions"}],"predecessor-version":[{"id":66160,"href":"https:\/\/pagina10.com\/web\/wp-json\/wp\/v2\/posts\/66156\/revisions\/66160"}],"wp:featuredmedia":[{"embeddable":true,"href":"https:\/\/pagina10.com\/web\/wp-json\/wp\/v2\/media\/66157"}],"wp:attachment":[{"href":"https:\/\/pagina10.com\/web\/wp-json\/wp\/v2\/media?parent=66156"}],"wp:term":[{"taxonomy":"category","embeddable":true,"href":"https:\/\/pagina10.com\/web\/wp-json\/wp\/v2\/categories?post=66156"},{"taxonomy":"post_tag","embeddable":true,"href":"https:\/\/pagina10.com\/web\/wp-json\/wp\/v2\/tags?post=66156"}],"curies":[{"name":"wp","href":"https:\/\/api.w.org\/{rel}","templated":true}]}}