{"id":66165,"date":"2023-05-29T14:22:02","date_gmt":"2023-05-29T19:22:02","guid":{"rendered":"https:\/\/pagina10.com\/web\/?p=66165"},"modified":"2023-05-29T14:26:53","modified_gmt":"2023-05-29T19:26:53","slug":"proyecto-de-ley-dejen-de-fregar-que-regula-las-llamadas-de-bancos-va-a-sancion-presidencial","status":"publish","type":"post","link":"https:\/\/pagina10.com\/web\/proyecto-de-ley-dejen-de-fregar-que-regula-las-llamadas-de-bancos-va-a-sancion-presidencial\/","title":{"rendered":"Proyecto de ley \u2018dejen de fregar\u2019, que regula las llamadas de bancos, va a sanci\u00f3n presidencial"},"content":{"rendered":"<p style=\"text-align: justify;\">Entidades comerciales y financieras deber\u00e1n acogerse a horarios espec\u00edficos para llamar a sus consumidores u ofrecer sus servicios\/productos, <strong>fuera de fines de semana, festivos y horas no laborales.<\/strong><\/p>\n<p style=\"text-align: justify;\">El <strong>proyecto de ley pasa a sanci\u00f3n presidencial<\/strong>, esto significa que el presidente debe aprobar y dar fe del nacimiento de la norma, hace la publicaci\u00f3n de la nueva ley y as\u00ed pueda empezarse a cumplir.<\/p>\n<p style=\"text-align: justify;\">La iniciativa, que fue postulada por el representante a la <strong>C\u00e1mara Juan Carlos Wills, <\/strong>y que fue aprobada por el congreso de la rep\u00fablica, establece que los bancos solo podr\u00e1n contactar (llamada, mensaje o visita) a los consumidores mediante los canales que estos autoricen y, adem\u00e1s, <strong>proh\u00edbe cualquier contacto<\/strong> los domingos y festivos, y visitas al hogar o lugar de trabajo para hacer cobros.<\/p>\n<p style=\"text-align: justify;\"><strong><img fetchpriority=\"high\" decoding=\"async\" class=\"aligncenter wp-image-66168\" src=\"https:\/\/pagina10.com\/web\/wp-content\/uploads\/2023\/05\/rep._wills_0.jpg-1-1.webp\" alt=\"\" width=\"519\" height=\"389\" srcset=\"https:\/\/pagina10.com\/web\/wp-content\/uploads\/2023\/05\/rep._wills_0.jpg-1-1.webp 800w, https:\/\/pagina10.com\/web\/wp-content\/uploads\/2023\/05\/rep._wills_0.jpg-1-1-300x225.webp 300w, https:\/\/pagina10.com\/web\/wp-content\/uploads\/2023\/05\/rep._wills_0.jpg-1-1-768x576.webp 768w, https:\/\/pagina10.com\/web\/wp-content\/uploads\/2023\/05\/rep._wills_0.jpg-1-1-86x64.webp 86w\" sizes=\"(max-width: 519px) 100vw, 519px\" \/>Horarios habilitados<\/strong>: lunes a viernes, de 7:00 a.m. a 7:00 p.m., y s\u00e1bados de 8:00 a.m. a 3:00 p.m.<\/p>\n<p style=\"text-align: justify;\">La iniciativa legislativa busca <strong>proteger el derecho a la intimidad de los consumidores<\/strong>, poniendo freno a gestiones de cobranza en horarios espec\u00edficos.<\/p>\n","protected":false},"excerpt":{"rendered":"<p>Entidades comerciales y financieras deber\u00e1n acogerse a horarios espec\u00edficos para llamar a sus consumidores u ofrecer sus servicios\/productos, fuera de fines de semana, festivos y horas no laborales. El proyecto de ley pasa a sanci\u00f3n presidencial, esto significa que el presidente debe aprobar y dar fe del nacimiento de la norma, hace la publicaci\u00f3n de [&hellip;]<\/p>\n","protected":false},"author":1,"featured_media":66167,"comment_status":"open","ping_status":"open","sticky":false,"template":"","format":"standard","meta":{"footnotes":""},"categories":[94],"tags":[1710,1711],"class_list":["post-66165","post","type-post","status-publish","format-standard","has-post-thumbnail","hentry","category-nacional-global-2","tag-dejen-de-fregar","tag-sancion-presidencial"],"yoast_head":"<!-- This site is optimized with the Yoast SEO plugin v27.1.1 - https:\/\/yoast.com\/product\/yoast-seo-wordpress\/ -->\n<title>Proyecto de ley \u2018dejen de fregar\u2019, que regula las llamadas de bancos, va a sanci\u00f3n presidencial | P\u00e1gina10<\/title>\n<meta name=\"robots\" content=\"index, follow, max-snippet:-1, max-image-preview:large, max-video-preview:-1\" \/>\n<link rel=\"canonical\" href=\"https:\/\/pagina10.com\/web\/proyecto-de-ley-dejen-de-fregar-que-regula-las-llamadas-de-bancos-va-a-sancion-presidencial\/\" \/>\n<meta property=\"og:locale\" content=\"es_ES\" \/>\n<meta property=\"og:type\" content=\"article\" \/>\n<meta property=\"og:title\" content=\"Proyecto de ley \u2018dejen de fregar\u2019, que regula las llamadas de bancos, va a sanci\u00f3n presidencial | P\u00e1gina10\" \/>\n<meta property=\"og:description\" content=\"Entidades comerciales y financieras deber\u00e1n acogerse a horarios espec\u00edficos para llamar a sus consumidores u ofrecer sus servicios\/productos, fuera de fines de semana, festivos y horas no laborales. El proyecto de ley pasa a sanci\u00f3n presidencial, esto significa que el presidente debe aprobar y dar fe del nacimiento de la norma, hace la publicaci\u00f3n de [&hellip;]\" \/>\n<meta property=\"og:url\" content=\"https:\/\/pagina10.com\/web\/proyecto-de-ley-dejen-de-fregar-que-regula-las-llamadas-de-bancos-va-a-sancion-presidencial\/\" \/>\n<meta property=\"og:site_name\" content=\"P\u00e1gina10\" \/>\n<meta property=\"article:publisher\" content=\"https:\/\/www.facebook.com\/pag10com\" \/>\n<meta property=\"article:published_time\" content=\"2023-05-29T19:22:02+00:00\" \/>\n<meta property=\"article:modified_time\" content=\"2023-05-29T19:26:53+00:00\" \/>\n<meta property=\"og:image\" content=\"https:\/\/pagina10.com\/web\/wp-content\/uploads\/2023\/05\/1580243280_432845_1580243494_noticia_normal_recorte1.jpg\" \/>\n\t<meta property=\"og:image:width\" content=\"720\" \/>\n\t<meta property=\"og:image:height\" content=\"405\" \/>\n\t<meta property=\"og:image:type\" content=\"image\/jpeg\" \/>\n<meta name=\"author\" content=\"P\u00e1gina 10\" \/>\n<meta name=\"twitter:card\" content=\"summary_large_image\" \/>\n<meta name=\"twitter:creator\" content=\"@Pag10com\" \/>\n<meta name=\"twitter:site\" content=\"@Pag10com\" \/>\n<meta name=\"twitter:label1\" content=\"Escrito por\" \/>\n\t<meta name=\"twitter:data1\" content=\"P\u00e1gina 10\" \/>\n\t<meta name=\"twitter:label2\" content=\"Tiempo de lectura\" \/>\n\t<meta name=\"twitter:data2\" content=\"1 minuto\" \/>\n<script type=\"application\/ld+json\" class=\"yoast-schema-graph\">{\"@context\":\"https:\/\/schema.org\",\"@graph\":[{\"@type\":\"Article\",\"@id\":\"https:\/\/pagina10.com\/web\/proyecto-de-ley-dejen-de-fregar-que-regula-las-llamadas-de-bancos-va-a-sancion-presidencial\/#article\",\"isPartOf\":{\"@id\":\"https:\/\/pagina10.com\/web\/proyecto-de-ley-dejen-de-fregar-que-regula-las-llamadas-de-bancos-va-a-sancion-presidencial\/\"},\"author\":{\"name\":\"P\u00e1gina 10\",\"@id\":\"https:\/\/pagina10.com\/web\/#\/schema\/person\/2efc4a090d25b667d3bc796798a3a81b\"},\"headline\":\"Proyecto de ley \u2018dejen de fregar\u2019, que regula las llamadas de bancos, va a sanci\u00f3n presidencial\",\"datePublished\":\"2023-05-29T19:22:02+00:00\",\"dateModified\":\"2023-05-29T19:26:53+00:00\",\"mainEntityOfPage\":{\"@id\":\"https:\/\/pagina10.com\/web\/proyecto-de-ley-dejen-de-fregar-que-regula-las-llamadas-de-bancos-va-a-sancion-presidencial\/\"},\"wordCount\":198,\"commentCount\":0,\"publisher\":{\"@id\":\"https:\/\/pagina10.com\/web\/#organization\"},\"image\":{\"@id\":\"https:\/\/pagina10.com\/web\/proyecto-de-ley-dejen-de-fregar-que-regula-las-llamadas-de-bancos-va-a-sancion-presidencial\/#primaryimage\"},\"thumbnailUrl\":\"https:\/\/pagina10.com\/web\/wp-content\/uploads\/2023\/05\/1580243280_432845_1580243494_noticia_normal_recorte1.jpg\",\"keywords\":[\"dejen de fregar\",\"sancion presidencial\"],\"articleSection\":[\"Nacional\"],\"inLanguage\":\"es\",\"potentialAction\":[{\"@type\":\"CommentAction\",\"name\":\"Comment\",\"target\":[\"https:\/\/pagina10.com\/web\/proyecto-de-ley-dejen-de-fregar-que-regula-las-llamadas-de-bancos-va-a-sancion-presidencial\/#respond\"]}]},{\"@type\":\"WebPage\",\"@id\":\"https:\/\/pagina10.com\/web\/proyecto-de-ley-dejen-de-fregar-que-regula-las-llamadas-de-bancos-va-a-sancion-presidencial\/\",\"url\":\"https:\/\/pagina10.com\/web\/proyecto-de-ley-dejen-de-fregar-que-regula-las-llamadas-de-bancos-va-a-sancion-presidencial\/\",\"name\":\"Proyecto de ley \u2018dejen de fregar\u2019, que regula las llamadas de bancos, va a sanci\u00f3n presidencial | P\u00e1gina10\",\"isPartOf\":{\"@id\":\"https:\/\/pagina10.com\/web\/#website\"},\"primaryImageOfPage\":{\"@id\":\"https:\/\/pagina10.com\/web\/proyecto-de-ley-dejen-de-fregar-que-regula-las-llamadas-de-bancos-va-a-sancion-presidencial\/#primaryimage\"},\"image\":{\"@id\":\"https:\/\/pagina10.com\/web\/proyecto-de-ley-dejen-de-fregar-que-regula-las-llamadas-de-bancos-va-a-sancion-presidencial\/#primaryimage\"},\"thumbnailUrl\":\"https:\/\/pagina10.com\/web\/wp-content\/uploads\/2023\/05\/1580243280_432845_1580243494_noticia_normal_recorte1.jpg\",\"datePublished\":\"2023-05-29T19:22:02+00:00\",\"dateModified\":\"2023-05-29T19:26:53+00:00\",\"breadcrumb\":{\"@id\":\"https:\/\/pagina10.com\/web\/proyecto-de-ley-dejen-de-fregar-que-regula-las-llamadas-de-bancos-va-a-sancion-presidencial\/#breadcrumb\"},\"inLanguage\":\"es\",\"potentialAction\":[{\"@type\":\"ReadAction\",\"target\":[\"https:\/\/pagina10.com\/web\/proyecto-de-ley-dejen-de-fregar-que-regula-las-llamadas-de-bancos-va-a-sancion-presidencial\/\"]}]},{\"@type\":\"ImageObject\",\"inLanguage\":\"es\",\"@id\":\"https:\/\/pagina10.com\/web\/proyecto-de-ley-dejen-de-fregar-que-regula-las-llamadas-de-bancos-va-a-sancion-presidencial\/#primaryimage\",\"url\":\"https:\/\/pagina10.com\/web\/wp-content\/uploads\/2023\/05\/1580243280_432845_1580243494_noticia_normal_recorte1.jpg\",\"contentUrl\":\"https:\/\/pagina10.com\/web\/wp-content\/uploads\/2023\/05\/1580243280_432845_1580243494_noticia_normal_recorte1.jpg\",\"width\":720,\"height\":405},{\"@type\":\"BreadcrumbList\",\"@id\":\"https:\/\/pagina10.com\/web\/proyecto-de-ley-dejen-de-fregar-que-regula-las-llamadas-de-bancos-va-a-sancion-presidencial\/#breadcrumb\",\"itemListElement\":[{\"@type\":\"ListItem\",\"position\":1,\"name\":\"Portada\",\"item\":\"https:\/\/pagina10.com\/web\/\"},{\"@type\":\"ListItem\",\"position\":2,\"name\":\"Proyecto de ley \u2018dejen de fregar\u2019, que regula las llamadas de bancos, va a sanci\u00f3n presidencial\"}]},{\"@type\":\"WebSite\",\"@id\":\"https:\/\/pagina10.com\/web\/#website\",\"url\":\"https:\/\/pagina10.com\/web\/\",\"name\":\"P\u00e1gina10\",\"description\":\"Peri\u00f3dico Regional\",\"publisher\":{\"@id\":\"https:\/\/pagina10.com\/web\/#organization\"},\"alternateName\":\"P\u00e1gina10 Peri\u00f3dico Regional\",\"potentialAction\":[{\"@type\":\"SearchAction\",\"target\":{\"@type\":\"EntryPoint\",\"urlTemplate\":\"https:\/\/pagina10.com\/web\/?s={search_term_string}\"},\"query-input\":{\"@type\":\"PropertyValueSpecification\",\"valueRequired\":true,\"valueName\":\"search_term_string\"}}],\"inLanguage\":\"es\"},{\"@type\":\"Organization\",\"@id\":\"https:\/\/pagina10.com\/web\/#organization\",\"name\":\"P\u00e1gina10\",\"alternateName\":\"P\u00e1gina10 Peri\u00f3dico Regional\",\"url\":\"https:\/\/pagina10.com\/web\/\",\"logo\":{\"@type\":\"ImageObject\",\"inLanguage\":\"es\",\"@id\":\"https:\/\/pagina10.com\/web\/#\/schema\/logo\/image\/\",\"url\":\"https:\/\/pagina10.com\/web\/wp-content\/uploads\/2024\/01\/40-pagina-10-periodico-regional-pasto.jpg\",\"contentUrl\":\"https:\/\/pagina10.com\/web\/wp-content\/uploads\/2024\/01\/40-pagina-10-periodico-regional-pasto.jpg\",\"width\":1280,\"height\":720,\"caption\":\"P\u00e1gina10\"},\"image\":{\"@id\":\"https:\/\/pagina10.com\/web\/#\/schema\/logo\/image\/\"},\"sameAs\":[\"https:\/\/www.facebook.com\/pag10com\",\"https:\/\/x.com\/Pag10com\",\"https:\/\/www.instagram.com\/pagina10col\/\",\"https:\/\/youtube.com\/channel\/pag10\",\"https:\/\/www.tiktok.com\/@p10col\"]},{\"@type\":\"Person\",\"@id\":\"https:\/\/pagina10.com\/web\/#\/schema\/person\/2efc4a090d25b667d3bc796798a3a81b\",\"name\":\"P\u00e1gina 10\",\"description\":\"P\u00e1gina 10 es un peri\u00f3dico regional que nace en Colombia, en el departamento de Nari\u00f1o, con un enfoque global, fundamentado en cuatro pilares esenciales: la libertad, el pluralismo, la inclusi\u00f3n y la independencia. P\u00e1gina 10 hace referencia a Nari\u00f1o como el d\u00e9cimo departamento creado en Colombia, despu\u00e9s de un proceso pol\u00edtico liderado por actores y actrices regionales con el fin de obtener la independencia y autonom\u00eda de nuestros territorios. Con la creaci\u00f3n de P\u00e1gina 10 se pretende abrir un escenario para el dialogo, la reflexi\u00f3n y el debate que se extienda a otras geograf\u00edas de Am\u00e9rica Latina y del planeta, en una apuesta por transformar colectivamente los desaf\u00edos de un mundo contempor\u00e1neo, m\u00e1s all\u00e1 de las fronteras impuestas.\",\"url\":\"https:\/\/pagina10.com\/web\/author\/pdiezadmin\/\"}]}<\/script>\n<!-- \/ Yoast SEO plugin. -->","yoast_head_json":{"title":"Proyecto de ley \u2018dejen de fregar\u2019, que regula las llamadas de bancos, va a sanci\u00f3n presidencial | P\u00e1gina10","robots":{"index":"index","follow":"follow","max-snippet":"max-snippet:-1","max-image-preview":"max-image-preview:large","max-video-preview":"max-video-preview:-1"},"canonical":"https:\/\/pagina10.com\/web\/proyecto-de-ley-dejen-de-fregar-que-regula-las-llamadas-de-bancos-va-a-sancion-presidencial\/","og_locale":"es_ES","og_type":"article","og_title":"Proyecto de ley \u2018dejen de fregar\u2019, que regula las llamadas de bancos, va a sanci\u00f3n presidencial | P\u00e1gina10","og_description":"Entidades comerciales y financieras deber\u00e1n acogerse a horarios espec\u00edficos para llamar a sus consumidores u ofrecer sus servicios\/productos, fuera de fines de semana, festivos y horas no laborales. El proyecto de ley pasa a sanci\u00f3n presidencial, esto significa que el presidente debe aprobar y dar fe del nacimiento de la norma, hace la publicaci\u00f3n de [&hellip;]","og_url":"https:\/\/pagina10.com\/web\/proyecto-de-ley-dejen-de-fregar-que-regula-las-llamadas-de-bancos-va-a-sancion-presidencial\/","og_site_name":"P\u00e1gina10","article_publisher":"https:\/\/www.facebook.com\/pag10com","article_published_time":"2023-05-29T19:22:02+00:00","article_modified_time":"2023-05-29T19:26:53+00:00","og_image":[{"width":720,"height":405,"url":"https:\/\/pagina10.com\/web\/wp-content\/uploads\/2023\/05\/1580243280_432845_1580243494_noticia_normal_recorte1.jpg","type":"image\/jpeg"}],"author":"P\u00e1gina 10","twitter_card":"summary_large_image","twitter_creator":"@Pag10com","twitter_site":"@Pag10com","twitter_misc":{"Escrito por":"P\u00e1gina 10","Tiempo de lectura":"1 minuto"},"schema":{"@context":"https:\/\/schema.org","@graph":[{"@type":"Article","@id":"https:\/\/pagina10.com\/web\/proyecto-de-ley-dejen-de-fregar-que-regula-las-llamadas-de-bancos-va-a-sancion-presidencial\/#article","isPartOf":{"@id":"https:\/\/pagina10.com\/web\/proyecto-de-ley-dejen-de-fregar-que-regula-las-llamadas-de-bancos-va-a-sancion-presidencial\/"},"author":{"name":"P\u00e1gina 10","@id":"https:\/\/pagina10.com\/web\/#\/schema\/person\/2efc4a090d25b667d3bc796798a3a81b"},"headline":"Proyecto de ley \u2018dejen de fregar\u2019, que regula las llamadas de bancos, va a sanci\u00f3n presidencial","datePublished":"2023-05-29T19:22:02+00:00","dateModified":"2023-05-29T19:26:53+00:00","mainEntityOfPage":{"@id":"https:\/\/pagina10.com\/web\/proyecto-de-ley-dejen-de-fregar-que-regula-las-llamadas-de-bancos-va-a-sancion-presidencial\/"},"wordCount":198,"commentCount":0,"publisher":{"@id":"https:\/\/pagina10.com\/web\/#organization"},"image":{"@id":"https:\/\/pagina10.com\/web\/proyecto-de-ley-dejen-de-fregar-que-regula-las-llamadas-de-bancos-va-a-sancion-presidencial\/#primaryimage"},"thumbnailUrl":"https:\/\/pagina10.com\/web\/wp-content\/uploads\/2023\/05\/1580243280_432845_1580243494_noticia_normal_recorte1.jpg","keywords":["dejen de fregar","sancion presidencial"],"articleSection":["Nacional"],"inLanguage":"es","potentialAction":[{"@type":"CommentAction","name":"Comment","target":["https:\/\/pagina10.com\/web\/proyecto-de-ley-dejen-de-fregar-que-regula-las-llamadas-de-bancos-va-a-sancion-presidencial\/#respond"]}]},{"@type":"WebPage","@id":"https:\/\/pagina10.com\/web\/proyecto-de-ley-dejen-de-fregar-que-regula-las-llamadas-de-bancos-va-a-sancion-presidencial\/","url":"https:\/\/pagina10.com\/web\/proyecto-de-ley-dejen-de-fregar-que-regula-las-llamadas-de-bancos-va-a-sancion-presidencial\/","name":"Proyecto de ley \u2018dejen de fregar\u2019, que regula las llamadas de bancos, va a sanci\u00f3n presidencial | P\u00e1gina10","isPartOf":{"@id":"https:\/\/pagina10.com\/web\/#website"},"primaryImageOfPage":{"@id":"https:\/\/pagina10.com\/web\/proyecto-de-ley-dejen-de-fregar-que-regula-las-llamadas-de-bancos-va-a-sancion-presidencial\/#primaryimage"},"image":{"@id":"https:\/\/pagina10.com\/web\/proyecto-de-ley-dejen-de-fregar-que-regula-las-llamadas-de-bancos-va-a-sancion-presidencial\/#primaryimage"},"thumbnailUrl":"https:\/\/pagina10.com\/web\/wp-content\/uploads\/2023\/05\/1580243280_432845_1580243494_noticia_normal_recorte1.jpg","datePublished":"2023-05-29T19:22:02+00:00","dateModified":"2023-05-29T19:26:53+00:00","breadcrumb":{"@id":"https:\/\/pagina10.com\/web\/proyecto-de-ley-dejen-de-fregar-que-regula-las-llamadas-de-bancos-va-a-sancion-presidencial\/#breadcrumb"},"inLanguage":"es","potentialAction":[{"@type":"ReadAction","target":["https:\/\/pagina10.com\/web\/proyecto-de-ley-dejen-de-fregar-que-regula-las-llamadas-de-bancos-va-a-sancion-presidencial\/"]}]},{"@type":"ImageObject","inLanguage":"es","@id":"https:\/\/pagina10.com\/web\/proyecto-de-ley-dejen-de-fregar-que-regula-las-llamadas-de-bancos-va-a-sancion-presidencial\/#primaryimage","url":"https:\/\/pagina10.com\/web\/wp-content\/uploads\/2023\/05\/1580243280_432845_1580243494_noticia_normal_recorte1.jpg","contentUrl":"https:\/\/pagina10.com\/web\/wp-content\/uploads\/2023\/05\/1580243280_432845_1580243494_noticia_normal_recorte1.jpg","width":720,"height":405},{"@type":"BreadcrumbList","@id":"https:\/\/pagina10.com\/web\/proyecto-de-ley-dejen-de-fregar-que-regula-las-llamadas-de-bancos-va-a-sancion-presidencial\/#breadcrumb","itemListElement":[{"@type":"ListItem","position":1,"name":"Portada","item":"https:\/\/pagina10.com\/web\/"},{"@type":"ListItem","position":2,"name":"Proyecto de ley \u2018dejen de fregar\u2019, que regula las llamadas de bancos, va a sanci\u00f3n presidencial"}]},{"@type":"WebSite","@id":"https:\/\/pagina10.com\/web\/#website","url":"https:\/\/pagina10.com\/web\/","name":"P\u00e1gina10","description":"Peri\u00f3dico Regional","publisher":{"@id":"https:\/\/pagina10.com\/web\/#organization"},"alternateName":"P\u00e1gina10 Peri\u00f3dico Regional","potentialAction":[{"@type":"SearchAction","target":{"@type":"EntryPoint","urlTemplate":"https:\/\/pagina10.com\/web\/?s={search_term_string}"},"query-input":{"@type":"PropertyValueSpecification","valueRequired":true,"valueName":"search_term_string"}}],"inLanguage":"es"},{"@type":"Organization","@id":"https:\/\/pagina10.com\/web\/#organization","name":"P\u00e1gina10","alternateName":"P\u00e1gina10 Peri\u00f3dico Regional","url":"https:\/\/pagina10.com\/web\/","logo":{"@type":"ImageObject","inLanguage":"es","@id":"https:\/\/pagina10.com\/web\/#\/schema\/logo\/image\/","url":"https:\/\/pagina10.com\/web\/wp-content\/uploads\/2024\/01\/40-pagina-10-periodico-regional-pasto.jpg","contentUrl":"https:\/\/pagina10.com\/web\/wp-content\/uploads\/2024\/01\/40-pagina-10-periodico-regional-pasto.jpg","width":1280,"height":720,"caption":"P\u00e1gina10"},"image":{"@id":"https:\/\/pagina10.com\/web\/#\/schema\/logo\/image\/"},"sameAs":["https:\/\/www.facebook.com\/pag10com","https:\/\/x.com\/Pag10com","https:\/\/www.instagram.com\/pagina10col\/","https:\/\/youtube.com\/channel\/pag10","https:\/\/www.tiktok.com\/@p10col"]},{"@type":"Person","@id":"https:\/\/pagina10.com\/web\/#\/schema\/person\/2efc4a090d25b667d3bc796798a3a81b","name":"P\u00e1gina 10","description":"P\u00e1gina 10 es un peri\u00f3dico regional que nace en Colombia, en el departamento de Nari\u00f1o, con un enfoque global, fundamentado en cuatro pilares esenciales: la libertad, el pluralismo, la inclusi\u00f3n y la independencia. P\u00e1gina 10 hace referencia a Nari\u00f1o como el d\u00e9cimo departamento creado en Colombia, despu\u00e9s de un proceso pol\u00edtico liderado por actores y actrices regionales con el fin de obtener la independencia y autonom\u00eda de nuestros territorios. Con la creaci\u00f3n de P\u00e1gina 10 se pretende abrir un escenario para el dialogo, la reflexi\u00f3n y el debate que se extienda a otras geograf\u00edas de Am\u00e9rica Latina y del planeta, en una apuesta por transformar colectivamente los desaf\u00edos de un mundo contempor\u00e1neo, m\u00e1s all\u00e1 de las fronteras impuestas.","url":"https:\/\/pagina10.com\/web\/author\/pdiezadmin\/"}]}},"_links":{"self":[{"href":"https:\/\/pagina10.com\/web\/wp-json\/wp\/v2\/posts\/66165","targetHints":{"allow":["GET"]}}],"collection":[{"href":"https:\/\/pagina10.com\/web\/wp-json\/wp\/v2\/posts"}],"about":[{"href":"https:\/\/pagina10.com\/web\/wp-json\/wp\/v2\/types\/post"}],"author":[{"embeddable":true,"href":"https:\/\/pagina10.com\/web\/wp-json\/wp\/v2\/users\/1"}],"replies":[{"embeddable":true,"href":"https:\/\/pagina10.com\/web\/wp-json\/wp\/v2\/comments?post=66165"}],"version-history":[{"count":1,"href":"https:\/\/pagina10.com\/web\/wp-json\/wp\/v2\/posts\/66165\/revisions"}],"predecessor-version":[{"id":66169,"href":"https:\/\/pagina10.com\/web\/wp-json\/wp\/v2\/posts\/66165\/revisions\/66169"}],"wp:featuredmedia":[{"embeddable":true,"href":"https:\/\/pagina10.com\/web\/wp-json\/wp\/v2\/media\/66167"}],"wp:attachment":[{"href":"https:\/\/pagina10.com\/web\/wp-json\/wp\/v2\/media?parent=66165"}],"wp:term":[{"taxonomy":"category","embeddable":true,"href":"https:\/\/pagina10.com\/web\/wp-json\/wp\/v2\/categories?post=66165"},{"taxonomy":"post_tag","embeddable":true,"href":"https:\/\/pagina10.com\/web\/wp-json\/wp\/v2\/tags?post=66165"}],"curies":[{"name":"wp","href":"https:\/\/api.w.org\/{rel}","templated":true}]}}