{"id":66170,"date":"2023-05-29T14:40:19","date_gmt":"2023-05-29T19:40:19","guid":{"rendered":"https:\/\/pagina10.com\/web\/?p=66170"},"modified":"2023-05-29T14:40:19","modified_gmt":"2023-05-29T19:40:19","slug":"habitantes-de-pasto-denuncian-las-condiciones-de-contenedores-de-basura","status":"publish","type":"post","link":"https:\/\/pagina10.com\/web\/habitantes-de-pasto-denuncian-las-condiciones-de-contenedores-de-basura\/","title":{"rendered":"Habitantes de Pasto denuncian las condiciones de contenedores de basura"},"content":{"rendered":"<p style=\"text-align: justify;\">A trav\u00e9s de redes sociales, habitantes de la Ciudad de Pasto han realizado una denuncia p\u00fablica sobre el estado de contenedores de basura dispuestos en algunos sectores de la ciudad.<\/p>\n<p style=\"text-align: justify;\">Los ciudadanos ponen sus desechos en dichos contenedores, cumpliendo su prop\u00f3sito fundamental de guardar los residuos mientras el carro recolector pasa por ellos, pese a ello, en muchos casos, la basura supera sus l\u00edmites y se dejan en v\u00eda p\u00fablica o and\u00e9n cercano, al alcance de perros callejeros, generando olores molestos, una vista desagradable y desde luego focos de infecci\u00f3n.<\/p>\n<p><img fetchpriority=\"high\" decoding=\"async\" class=\"aligncenter  wp-image-66172\" style=\"text-align: justify;\" src=\"https:\/\/pagina10.com\/web\/wp-content\/uploads\/2023\/05\/IMG_20230529_110817-1024x576.jpg\" alt=\"\" width=\"530\" height=\"298\" srcset=\"https:\/\/pagina10.com\/web\/wp-content\/uploads\/2023\/05\/IMG_20230529_110817-1024x576.jpg 1024w, https:\/\/pagina10.com\/web\/wp-content\/uploads\/2023\/05\/IMG_20230529_110817-300x169.jpg 300w, https:\/\/pagina10.com\/web\/wp-content\/uploads\/2023\/05\/IMG_20230529_110817-768x432.jpg 768w, https:\/\/pagina10.com\/web\/wp-content\/uploads\/2023\/05\/IMG_20230529_110817-1536x864.jpg 1536w, https:\/\/pagina10.com\/web\/wp-content\/uploads\/2023\/05\/IMG_20230529_110817-2048x1152.jpg 2048w\" sizes=\"(max-width: 530px) 100vw, 530px\" \/><\/p>\n<p style=\"text-align: justify;\">Las denuncias se centran en el barrio <strong>Santa M\u00f3nica, Tamasagra y Mijitayo<\/strong>.<\/p>\n","protected":false},"excerpt":{"rendered":"<p>A trav\u00e9s de redes sociales, habitantes de la Ciudad de Pasto han realizado una denuncia p\u00fablica sobre el estado de contenedores de basura dispuestos en algunos sectores de la ciudad. Los ciudadanos ponen sus desechos en dichos contenedores, cumpliendo su prop\u00f3sito fundamental de guardar los residuos mientras el carro recolector pasa por ellos, pese a [&hellip;]<\/p>\n","protected":false},"author":1,"featured_media":66171,"comment_status":"open","ping_status":"open","sticky":false,"template":"","format":"standard","meta":{"footnotes":""},"categories":[82],"tags":[1712,1286,1714,1713],"class_list":["post-66170","post","type-post","status-publish","format-standard","has-post-thumbnail","hentry","category-ciudad-2","tag-contenedores-de-basura","tag-emas","tag-santa-monica","tag-tamasagra"],"yoast_head":"<!-- This site is optimized with the Yoast SEO plugin v27.1.1 - https:\/\/yoast.com\/product\/yoast-seo-wordpress\/ -->\n<title>Habitantes de Pasto denuncian las condiciones de contenedores de basura | P\u00e1gina10<\/title>\n<meta name=\"robots\" content=\"index, follow, max-snippet:-1, max-image-preview:large, max-video-preview:-1\" \/>\n<link rel=\"canonical\" href=\"https:\/\/pagina10.com\/web\/habitantes-de-pasto-denuncian-las-condiciones-de-contenedores-de-basura\/\" \/>\n<meta property=\"og:locale\" content=\"es_ES\" \/>\n<meta property=\"og:type\" content=\"article\" \/>\n<meta property=\"og:title\" content=\"Habitantes de Pasto denuncian las condiciones de contenedores de basura | P\u00e1gina10\" \/>\n<meta property=\"og:description\" content=\"A trav\u00e9s de redes sociales, habitantes de la Ciudad de Pasto han realizado una denuncia p\u00fablica sobre el estado de contenedores de basura dispuestos en algunos sectores de la ciudad. Los ciudadanos ponen sus desechos en dichos contenedores, cumpliendo su prop\u00f3sito fundamental de guardar los residuos mientras el carro recolector pasa por ellos, pese a [&hellip;]\" \/>\n<meta property=\"og:url\" content=\"https:\/\/pagina10.com\/web\/habitantes-de-pasto-denuncian-las-condiciones-de-contenedores-de-basura\/\" \/>\n<meta property=\"og:site_name\" content=\"P\u00e1gina10\" \/>\n<meta property=\"article:publisher\" content=\"https:\/\/www.facebook.com\/pag10com\" \/>\n<meta property=\"article:published_time\" content=\"2023-05-29T19:40:19+00:00\" \/>\n<meta property=\"og:image\" content=\"https:\/\/pagina10.com\/web\/wp-content\/uploads\/2023\/05\/349069289_1738533346562074_7311952954514154588_n.jpg\" \/>\n\t<meta property=\"og:image:width\" content=\"960\" \/>\n\t<meta property=\"og:image:height\" content=\"540\" \/>\n\t<meta property=\"og:image:type\" content=\"image\/jpeg\" \/>\n<meta name=\"author\" content=\"P\u00e1gina 10\" \/>\n<meta name=\"twitter:card\" content=\"summary_large_image\" \/>\n<meta name=\"twitter:creator\" content=\"@Pag10com\" \/>\n<meta name=\"twitter:site\" content=\"@Pag10com\" \/>\n<meta name=\"twitter:label1\" content=\"Escrito por\" \/>\n\t<meta name=\"twitter:data1\" content=\"P\u00e1gina 10\" \/>\n\t<meta name=\"twitter:label2\" content=\"Tiempo de lectura\" \/>\n\t<meta name=\"twitter:data2\" content=\"1 minuto\" \/>\n<script type=\"application\/ld+json\" class=\"yoast-schema-graph\">{\"@context\":\"https:\/\/schema.org\",\"@graph\":[{\"@type\":\"Article\",\"@id\":\"https:\/\/pagina10.com\/web\/habitantes-de-pasto-denuncian-las-condiciones-de-contenedores-de-basura\/#article\",\"isPartOf\":{\"@id\":\"https:\/\/pagina10.com\/web\/habitantes-de-pasto-denuncian-las-condiciones-de-contenedores-de-basura\/\"},\"author\":{\"name\":\"P\u00e1gina 10\",\"@id\":\"https:\/\/pagina10.com\/web\/#\/schema\/person\/2efc4a090d25b667d3bc796798a3a81b\"},\"headline\":\"Habitantes de Pasto denuncian las condiciones de contenedores de basura\",\"datePublished\":\"2023-05-29T19:40:19+00:00\",\"mainEntityOfPage\":{\"@id\":\"https:\/\/pagina10.com\/web\/habitantes-de-pasto-denuncian-las-condiciones-de-contenedores-de-basura\/\"},\"wordCount\":121,\"commentCount\":0,\"publisher\":{\"@id\":\"https:\/\/pagina10.com\/web\/#organization\"},\"image\":{\"@id\":\"https:\/\/pagina10.com\/web\/habitantes-de-pasto-denuncian-las-condiciones-de-contenedores-de-basura\/#primaryimage\"},\"thumbnailUrl\":\"https:\/\/pagina10.com\/web\/wp-content\/uploads\/2023\/05\/349069289_1738533346562074_7311952954514154588_n.jpg\",\"keywords\":[\"contenedores de basura\",\"Emas\",\"Santa M\u00f3nica\",\"tamasagra\"],\"articleSection\":[\"Ciudad\"],\"inLanguage\":\"es\",\"potentialAction\":[{\"@type\":\"CommentAction\",\"name\":\"Comment\",\"target\":[\"https:\/\/pagina10.com\/web\/habitantes-de-pasto-denuncian-las-condiciones-de-contenedores-de-basura\/#respond\"]}]},{\"@type\":\"WebPage\",\"@id\":\"https:\/\/pagina10.com\/web\/habitantes-de-pasto-denuncian-las-condiciones-de-contenedores-de-basura\/\",\"url\":\"https:\/\/pagina10.com\/web\/habitantes-de-pasto-denuncian-las-condiciones-de-contenedores-de-basura\/\",\"name\":\"Habitantes de Pasto denuncian las condiciones de contenedores de basura | P\u00e1gina10\",\"isPartOf\":{\"@id\":\"https:\/\/pagina10.com\/web\/#website\"},\"primaryImageOfPage\":{\"@id\":\"https:\/\/pagina10.com\/web\/habitantes-de-pasto-denuncian-las-condiciones-de-contenedores-de-basura\/#primaryimage\"},\"image\":{\"@id\":\"https:\/\/pagina10.com\/web\/habitantes-de-pasto-denuncian-las-condiciones-de-contenedores-de-basura\/#primaryimage\"},\"thumbnailUrl\":\"https:\/\/pagina10.com\/web\/wp-content\/uploads\/2023\/05\/349069289_1738533346562074_7311952954514154588_n.jpg\",\"datePublished\":\"2023-05-29T19:40:19+00:00\",\"breadcrumb\":{\"@id\":\"https:\/\/pagina10.com\/web\/habitantes-de-pasto-denuncian-las-condiciones-de-contenedores-de-basura\/#breadcrumb\"},\"inLanguage\":\"es\",\"potentialAction\":[{\"@type\":\"ReadAction\",\"target\":[\"https:\/\/pagina10.com\/web\/habitantes-de-pasto-denuncian-las-condiciones-de-contenedores-de-basura\/\"]}]},{\"@type\":\"ImageObject\",\"inLanguage\":\"es\",\"@id\":\"https:\/\/pagina10.com\/web\/habitantes-de-pasto-denuncian-las-condiciones-de-contenedores-de-basura\/#primaryimage\",\"url\":\"https:\/\/pagina10.com\/web\/wp-content\/uploads\/2023\/05\/349069289_1738533346562074_7311952954514154588_n.jpg\",\"contentUrl\":\"https:\/\/pagina10.com\/web\/wp-content\/uploads\/2023\/05\/349069289_1738533346562074_7311952954514154588_n.jpg\",\"width\":960,\"height\":540},{\"@type\":\"BreadcrumbList\",\"@id\":\"https:\/\/pagina10.com\/web\/habitantes-de-pasto-denuncian-las-condiciones-de-contenedores-de-basura\/#breadcrumb\",\"itemListElement\":[{\"@type\":\"ListItem\",\"position\":1,\"name\":\"Portada\",\"item\":\"https:\/\/pagina10.com\/web\/\"},{\"@type\":\"ListItem\",\"position\":2,\"name\":\"Habitantes de Pasto denuncian las condiciones de contenedores de basura\"}]},{\"@type\":\"WebSite\",\"@id\":\"https:\/\/pagina10.com\/web\/#website\",\"url\":\"https:\/\/pagina10.com\/web\/\",\"name\":\"P\u00e1gina10\",\"description\":\"Peri\u00f3dico Regional\",\"publisher\":{\"@id\":\"https:\/\/pagina10.com\/web\/#organization\"},\"alternateName\":\"P\u00e1gina10 Peri\u00f3dico Regional\",\"potentialAction\":[{\"@type\":\"SearchAction\",\"target\":{\"@type\":\"EntryPoint\",\"urlTemplate\":\"https:\/\/pagina10.com\/web\/?s={search_term_string}\"},\"query-input\":{\"@type\":\"PropertyValueSpecification\",\"valueRequired\":true,\"valueName\":\"search_term_string\"}}],\"inLanguage\":\"es\"},{\"@type\":\"Organization\",\"@id\":\"https:\/\/pagina10.com\/web\/#organization\",\"name\":\"P\u00e1gina10\",\"alternateName\":\"P\u00e1gina10 Peri\u00f3dico Regional\",\"url\":\"https:\/\/pagina10.com\/web\/\",\"logo\":{\"@type\":\"ImageObject\",\"inLanguage\":\"es\",\"@id\":\"https:\/\/pagina10.com\/web\/#\/schema\/logo\/image\/\",\"url\":\"https:\/\/pagina10.com\/web\/wp-content\/uploads\/2024\/01\/40-pagina-10-periodico-regional-pasto.jpg\",\"contentUrl\":\"https:\/\/pagina10.com\/web\/wp-content\/uploads\/2024\/01\/40-pagina-10-periodico-regional-pasto.jpg\",\"width\":1280,\"height\":720,\"caption\":\"P\u00e1gina10\"},\"image\":{\"@id\":\"https:\/\/pagina10.com\/web\/#\/schema\/logo\/image\/\"},\"sameAs\":[\"https:\/\/www.facebook.com\/pag10com\",\"https:\/\/x.com\/Pag10com\",\"https:\/\/www.instagram.com\/pagina10col\/\",\"https:\/\/youtube.com\/channel\/pag10\",\"https:\/\/www.tiktok.com\/@p10col\"]},{\"@type\":\"Person\",\"@id\":\"https:\/\/pagina10.com\/web\/#\/schema\/person\/2efc4a090d25b667d3bc796798a3a81b\",\"name\":\"P\u00e1gina 10\",\"description\":\"P\u00e1gina 10 es un peri\u00f3dico regional que nace en Colombia, en el departamento de Nari\u00f1o, con un enfoque global, fundamentado en cuatro pilares esenciales: la libertad, el pluralismo, la inclusi\u00f3n y la independencia. P\u00e1gina 10 hace referencia a Nari\u00f1o como el d\u00e9cimo departamento creado en Colombia, despu\u00e9s de un proceso pol\u00edtico liderado por actores y actrices regionales con el fin de obtener la independencia y autonom\u00eda de nuestros territorios. Con la creaci\u00f3n de P\u00e1gina 10 se pretende abrir un escenario para el dialogo, la reflexi\u00f3n y el debate que se extienda a otras geograf\u00edas de Am\u00e9rica Latina y del planeta, en una apuesta por transformar colectivamente los desaf\u00edos de un mundo contempor\u00e1neo, m\u00e1s all\u00e1 de las fronteras impuestas.\",\"url\":\"https:\/\/pagina10.com\/web\/author\/pdiezadmin\/\"}]}<\/script>\n<!-- \/ Yoast SEO plugin. -->","yoast_head_json":{"title":"Habitantes de Pasto denuncian las condiciones de contenedores de basura | P\u00e1gina10","robots":{"index":"index","follow":"follow","max-snippet":"max-snippet:-1","max-image-preview":"max-image-preview:large","max-video-preview":"max-video-preview:-1"},"canonical":"https:\/\/pagina10.com\/web\/habitantes-de-pasto-denuncian-las-condiciones-de-contenedores-de-basura\/","og_locale":"es_ES","og_type":"article","og_title":"Habitantes de Pasto denuncian las condiciones de contenedores de basura | P\u00e1gina10","og_description":"A trav\u00e9s de redes sociales, habitantes de la Ciudad de Pasto han realizado una denuncia p\u00fablica sobre el estado de contenedores de basura dispuestos en algunos sectores de la ciudad. Los ciudadanos ponen sus desechos en dichos contenedores, cumpliendo su prop\u00f3sito fundamental de guardar los residuos mientras el carro recolector pasa por ellos, pese a [&hellip;]","og_url":"https:\/\/pagina10.com\/web\/habitantes-de-pasto-denuncian-las-condiciones-de-contenedores-de-basura\/","og_site_name":"P\u00e1gina10","article_publisher":"https:\/\/www.facebook.com\/pag10com","article_published_time":"2023-05-29T19:40:19+00:00","og_image":[{"width":960,"height":540,"url":"https:\/\/pagina10.com\/web\/wp-content\/uploads\/2023\/05\/349069289_1738533346562074_7311952954514154588_n.jpg","type":"image\/jpeg"}],"author":"P\u00e1gina 10","twitter_card":"summary_large_image","twitter_creator":"@Pag10com","twitter_site":"@Pag10com","twitter_misc":{"Escrito por":"P\u00e1gina 10","Tiempo de lectura":"1 minuto"},"schema":{"@context":"https:\/\/schema.org","@graph":[{"@type":"Article","@id":"https:\/\/pagina10.com\/web\/habitantes-de-pasto-denuncian-las-condiciones-de-contenedores-de-basura\/#article","isPartOf":{"@id":"https:\/\/pagina10.com\/web\/habitantes-de-pasto-denuncian-las-condiciones-de-contenedores-de-basura\/"},"author":{"name":"P\u00e1gina 10","@id":"https:\/\/pagina10.com\/web\/#\/schema\/person\/2efc4a090d25b667d3bc796798a3a81b"},"headline":"Habitantes de Pasto denuncian las condiciones de contenedores de basura","datePublished":"2023-05-29T19:40:19+00:00","mainEntityOfPage":{"@id":"https:\/\/pagina10.com\/web\/habitantes-de-pasto-denuncian-las-condiciones-de-contenedores-de-basura\/"},"wordCount":121,"commentCount":0,"publisher":{"@id":"https:\/\/pagina10.com\/web\/#organization"},"image":{"@id":"https:\/\/pagina10.com\/web\/habitantes-de-pasto-denuncian-las-condiciones-de-contenedores-de-basura\/#primaryimage"},"thumbnailUrl":"https:\/\/pagina10.com\/web\/wp-content\/uploads\/2023\/05\/349069289_1738533346562074_7311952954514154588_n.jpg","keywords":["contenedores de basura","Emas","Santa M\u00f3nica","tamasagra"],"articleSection":["Ciudad"],"inLanguage":"es","potentialAction":[{"@type":"CommentAction","name":"Comment","target":["https:\/\/pagina10.com\/web\/habitantes-de-pasto-denuncian-las-condiciones-de-contenedores-de-basura\/#respond"]}]},{"@type":"WebPage","@id":"https:\/\/pagina10.com\/web\/habitantes-de-pasto-denuncian-las-condiciones-de-contenedores-de-basura\/","url":"https:\/\/pagina10.com\/web\/habitantes-de-pasto-denuncian-las-condiciones-de-contenedores-de-basura\/","name":"Habitantes de Pasto denuncian las condiciones de contenedores de basura | P\u00e1gina10","isPartOf":{"@id":"https:\/\/pagina10.com\/web\/#website"},"primaryImageOfPage":{"@id":"https:\/\/pagina10.com\/web\/habitantes-de-pasto-denuncian-las-condiciones-de-contenedores-de-basura\/#primaryimage"},"image":{"@id":"https:\/\/pagina10.com\/web\/habitantes-de-pasto-denuncian-las-condiciones-de-contenedores-de-basura\/#primaryimage"},"thumbnailUrl":"https:\/\/pagina10.com\/web\/wp-content\/uploads\/2023\/05\/349069289_1738533346562074_7311952954514154588_n.jpg","datePublished":"2023-05-29T19:40:19+00:00","breadcrumb":{"@id":"https:\/\/pagina10.com\/web\/habitantes-de-pasto-denuncian-las-condiciones-de-contenedores-de-basura\/#breadcrumb"},"inLanguage":"es","potentialAction":[{"@type":"ReadAction","target":["https:\/\/pagina10.com\/web\/habitantes-de-pasto-denuncian-las-condiciones-de-contenedores-de-basura\/"]}]},{"@type":"ImageObject","inLanguage":"es","@id":"https:\/\/pagina10.com\/web\/habitantes-de-pasto-denuncian-las-condiciones-de-contenedores-de-basura\/#primaryimage","url":"https:\/\/pagina10.com\/web\/wp-content\/uploads\/2023\/05\/349069289_1738533346562074_7311952954514154588_n.jpg","contentUrl":"https:\/\/pagina10.com\/web\/wp-content\/uploads\/2023\/05\/349069289_1738533346562074_7311952954514154588_n.jpg","width":960,"height":540},{"@type":"BreadcrumbList","@id":"https:\/\/pagina10.com\/web\/habitantes-de-pasto-denuncian-las-condiciones-de-contenedores-de-basura\/#breadcrumb","itemListElement":[{"@type":"ListItem","position":1,"name":"Portada","item":"https:\/\/pagina10.com\/web\/"},{"@type":"ListItem","position":2,"name":"Habitantes de Pasto denuncian las condiciones de contenedores de basura"}]},{"@type":"WebSite","@id":"https:\/\/pagina10.com\/web\/#website","url":"https:\/\/pagina10.com\/web\/","name":"P\u00e1gina10","description":"Peri\u00f3dico Regional","publisher":{"@id":"https:\/\/pagina10.com\/web\/#organization"},"alternateName":"P\u00e1gina10 Peri\u00f3dico Regional","potentialAction":[{"@type":"SearchAction","target":{"@type":"EntryPoint","urlTemplate":"https:\/\/pagina10.com\/web\/?s={search_term_string}"},"query-input":{"@type":"PropertyValueSpecification","valueRequired":true,"valueName":"search_term_string"}}],"inLanguage":"es"},{"@type":"Organization","@id":"https:\/\/pagina10.com\/web\/#organization","name":"P\u00e1gina10","alternateName":"P\u00e1gina10 Peri\u00f3dico Regional","url":"https:\/\/pagina10.com\/web\/","logo":{"@type":"ImageObject","inLanguage":"es","@id":"https:\/\/pagina10.com\/web\/#\/schema\/logo\/image\/","url":"https:\/\/pagina10.com\/web\/wp-content\/uploads\/2024\/01\/40-pagina-10-periodico-regional-pasto.jpg","contentUrl":"https:\/\/pagina10.com\/web\/wp-content\/uploads\/2024\/01\/40-pagina-10-periodico-regional-pasto.jpg","width":1280,"height":720,"caption":"P\u00e1gina10"},"image":{"@id":"https:\/\/pagina10.com\/web\/#\/schema\/logo\/image\/"},"sameAs":["https:\/\/www.facebook.com\/pag10com","https:\/\/x.com\/Pag10com","https:\/\/www.instagram.com\/pagina10col\/","https:\/\/youtube.com\/channel\/pag10","https:\/\/www.tiktok.com\/@p10col"]},{"@type":"Person","@id":"https:\/\/pagina10.com\/web\/#\/schema\/person\/2efc4a090d25b667d3bc796798a3a81b","name":"P\u00e1gina 10","description":"P\u00e1gina 10 es un peri\u00f3dico regional que nace en Colombia, en el departamento de Nari\u00f1o, con un enfoque global, fundamentado en cuatro pilares esenciales: la libertad, el pluralismo, la inclusi\u00f3n y la independencia. P\u00e1gina 10 hace referencia a Nari\u00f1o como el d\u00e9cimo departamento creado en Colombia, despu\u00e9s de un proceso pol\u00edtico liderado por actores y actrices regionales con el fin de obtener la independencia y autonom\u00eda de nuestros territorios. Con la creaci\u00f3n de P\u00e1gina 10 se pretende abrir un escenario para el dialogo, la reflexi\u00f3n y el debate que se extienda a otras geograf\u00edas de Am\u00e9rica Latina y del planeta, en una apuesta por transformar colectivamente los desaf\u00edos de un mundo contempor\u00e1neo, m\u00e1s all\u00e1 de las fronteras impuestas.","url":"https:\/\/pagina10.com\/web\/author\/pdiezadmin\/"}]}},"_links":{"self":[{"href":"https:\/\/pagina10.com\/web\/wp-json\/wp\/v2\/posts\/66170","targetHints":{"allow":["GET"]}}],"collection":[{"href":"https:\/\/pagina10.com\/web\/wp-json\/wp\/v2\/posts"}],"about":[{"href":"https:\/\/pagina10.com\/web\/wp-json\/wp\/v2\/types\/post"}],"author":[{"embeddable":true,"href":"https:\/\/pagina10.com\/web\/wp-json\/wp\/v2\/users\/1"}],"replies":[{"embeddable":true,"href":"https:\/\/pagina10.com\/web\/wp-json\/wp\/v2\/comments?post=66170"}],"version-history":[{"count":1,"href":"https:\/\/pagina10.com\/web\/wp-json\/wp\/v2\/posts\/66170\/revisions"}],"predecessor-version":[{"id":66173,"href":"https:\/\/pagina10.com\/web\/wp-json\/wp\/v2\/posts\/66170\/revisions\/66173"}],"wp:featuredmedia":[{"embeddable":true,"href":"https:\/\/pagina10.com\/web\/wp-json\/wp\/v2\/media\/66171"}],"wp:attachment":[{"href":"https:\/\/pagina10.com\/web\/wp-json\/wp\/v2\/media?parent=66170"}],"wp:term":[{"taxonomy":"category","embeddable":true,"href":"https:\/\/pagina10.com\/web\/wp-json\/wp\/v2\/categories?post=66170"},{"taxonomy":"post_tag","embeddable":true,"href":"https:\/\/pagina10.com\/web\/wp-json\/wp\/v2\/tags?post=66170"}],"curies":[{"name":"wp","href":"https:\/\/api.w.org\/{rel}","templated":true}]}}