{"id":66225,"date":"2023-05-31T12:05:12","date_gmt":"2023-05-31T17:05:12","guid":{"rendered":"https:\/\/pagina10.com\/web\/?p=66225"},"modified":"2023-05-31T12:05:12","modified_gmt":"2023-05-31T17:05:12","slug":"esmad-tiene-nuevo-uniforme-nombre-y-proposito","status":"publish","type":"post","link":"https:\/\/pagina10.com\/web\/esmad-tiene-nuevo-uniforme-nombre-y-proposito\/","title":{"rendered":"ESMAD tiene nuevo uniforme, nombre y prop\u00f3sito"},"content":{"rendered":"<p style=\"text-align: justify;\">En las \u00faltimas horas, fueron expuestos algunos de los <strong>cambios que tendr\u00e1 el Escuadr\u00f3n M\u00f3vil Antidisturbios (ESMAD)<\/strong>, como cumplimiento a las promesas de campa\u00f1a realizadas por el presidente Gustavo Petro.<\/p>\n<p><img fetchpriority=\"high\" decoding=\"async\" class=\"wp-image-66227 alignright\" style=\"text-align: justify;\" src=\"https:\/\/pagina10.com\/web\/wp-content\/uploads\/2023\/05\/esmad-1_42494441_20230530184514.jpg\" alt=\"\" width=\"358\" height=\"259\" srcset=\"https:\/\/pagina10.com\/web\/wp-content\/uploads\/2023\/05\/esmad-1_42494441_20230530184514.jpg 780w, https:\/\/pagina10.com\/web\/wp-content\/uploads\/2023\/05\/esmad-1_42494441_20230530184514-300x217.jpg 300w, https:\/\/pagina10.com\/web\/wp-content\/uploads\/2023\/05\/esmad-1_42494441_20230530184514-768x556.jpg 768w\" sizes=\"(max-width: 358px) 100vw, 358px\" \/><\/p>\n<p style=\"text-align: justify;\">La profunda transformaci\u00f3n de esta divisi\u00f3n de la Polic\u00eda Nacional incluye, el cambio de nombre a <strong>Unidad del Di\u00e1logo y del Mantenimiento del Orden (Undmo)<\/strong> y se fraccionar\u00e1 en dos grupos: <strong>(1)<\/strong> Dispositivo especializado de intervenci\u00f3n en di\u00e1logo, <strong>(2)<\/strong> Equipo m\u00ednimo de intervenci\u00f3n con sus protectores corporales negros. Por otro lado, su nuevo uniforme se destaca por el uso de casco blanco y chaleco azul que llevan las palabras &#8220;di\u00e1logo&#8221; y &#8220;speakers&#8221;.<\/p>\n<p style=\"text-align: justify;\">Una de sus <strong>nuevas y regeneradas funciones<\/strong> ser\u00e1 la de establecer canales de di\u00e1logo con los asistentes a las protestas para evitar los desmanes y actos que causen da\u00f1os a bienes o afectaciones a personas, adem\u00e1s los agentes de la Unidad no portar\u00e1n armas letales, sino armas de control de disturbios y recibir\u00e1n capacitaci\u00f3n avanzada en di\u00e1logo y derechos humanos.<\/p>\n<p style=\"text-align: justify;\">Las <strong>tanquetas utilizadas anteriormente<\/strong> para dispersar protestas ahora tambi\u00e9n se utilizar\u00e1n para proteger y acompa\u00f1ar a los manifestantes en marchas pac\u00edficas, de igual manera se implementar\u00e1 un apoyo psicol\u00f3gico para los agentes.<\/p>\n<p style=\"text-align: justify;\">El objetivo del Gobierno nacional es <strong>seguir el modelo de la ONU<\/strong>, tomando en cuenta experiencias de pa\u00edses como Alemania, Espa\u00f1a y Suecia.<\/p>\n","protected":false},"excerpt":{"rendered":"<p>En las \u00faltimas horas, fueron expuestos algunos de los cambios que tendr\u00e1 el Escuadr\u00f3n M\u00f3vil Antidisturbios (ESMAD), como cumplimiento a las promesas de campa\u00f1a realizadas por el presidente Gustavo Petro. La profunda transformaci\u00f3n de esta divisi\u00f3n de la Polic\u00eda Nacional incluye, el cambio de nombre a Unidad del Di\u00e1logo y del Mantenimiento del Orden (Undmo) [&hellip;]<\/p>\n","protected":false},"author":1,"featured_media":66226,"comment_status":"open","ping_status":"open","sticky":false,"template":"","format":"standard","meta":{"footnotes":""},"categories":[94],"tags":[1425,202,1730,1731,1729,1728],"class_list":["post-66225","post","type-post","status-publish","format-standard","has-post-thumbnail","hentry","category-nacional-global-2","tag-derechos-humanos","tag-esmad","tag-manifestacion","tag-primera-linea","tag-protestas","tag-undmo"],"yoast_head":"<!-- This site is optimized with the Yoast SEO plugin v27.1.1 - https:\/\/yoast.com\/product\/yoast-seo-wordpress\/ -->\n<title>ESMAD tiene nuevo uniforme, nombre y prop\u00f3sito | P\u00e1gina10<\/title>\n<meta name=\"robots\" content=\"index, follow, max-snippet:-1, max-image-preview:large, max-video-preview:-1\" \/>\n<link rel=\"canonical\" href=\"https:\/\/pagina10.com\/web\/esmad-tiene-nuevo-uniforme-nombre-y-proposito\/\" \/>\n<meta property=\"og:locale\" content=\"es_ES\" \/>\n<meta property=\"og:type\" content=\"article\" \/>\n<meta property=\"og:title\" content=\"ESMAD tiene nuevo uniforme, nombre y prop\u00f3sito | P\u00e1gina10\" \/>\n<meta property=\"og:description\" content=\"En las \u00faltimas horas, fueron expuestos algunos de los cambios que tendr\u00e1 el Escuadr\u00f3n M\u00f3vil Antidisturbios (ESMAD), como cumplimiento a las promesas de campa\u00f1a realizadas por el presidente Gustavo Petro. La profunda transformaci\u00f3n de esta divisi\u00f3n de la Polic\u00eda Nacional incluye, el cambio de nombre a Unidad del Di\u00e1logo y del Mantenimiento del Orden (Undmo) [&hellip;]\" \/>\n<meta property=\"og:url\" content=\"https:\/\/pagina10.com\/web\/esmad-tiene-nuevo-uniforme-nombre-y-proposito\/\" \/>\n<meta property=\"og:site_name\" content=\"P\u00e1gina10\" \/>\n<meta property=\"article:publisher\" content=\"https:\/\/www.facebook.com\/pag10com\" \/>\n<meta property=\"article:published_time\" content=\"2023-05-31T17:05:12+00:00\" \/>\n<meta property=\"og:image\" content=\"https:\/\/pagina10.com\/web\/wp-content\/uploads\/2023\/05\/colprensa.jpg\" \/>\n\t<meta property=\"og:image:width\" content=\"780\" \/>\n\t<meta property=\"og:image:height\" content=\"565\" \/>\n\t<meta property=\"og:image:type\" content=\"image\/jpeg\" \/>\n<meta name=\"author\" content=\"P\u00e1gina 10\" \/>\n<meta name=\"twitter:card\" content=\"summary_large_image\" \/>\n<meta name=\"twitter:creator\" content=\"@Pag10com\" \/>\n<meta name=\"twitter:site\" content=\"@Pag10com\" \/>\n<meta name=\"twitter:label1\" content=\"Escrito por\" \/>\n\t<meta name=\"twitter:data1\" content=\"P\u00e1gina 10\" \/>\n\t<meta name=\"twitter:label2\" content=\"Tiempo de lectura\" \/>\n\t<meta name=\"twitter:data2\" content=\"1 minuto\" \/>\n<script type=\"application\/ld+json\" class=\"yoast-schema-graph\">{\"@context\":\"https:\/\/schema.org\",\"@graph\":[{\"@type\":\"Article\",\"@id\":\"https:\/\/pagina10.com\/web\/esmad-tiene-nuevo-uniforme-nombre-y-proposito\/#article\",\"isPartOf\":{\"@id\":\"https:\/\/pagina10.com\/web\/esmad-tiene-nuevo-uniforme-nombre-y-proposito\/\"},\"author\":{\"name\":\"P\u00e1gina 10\",\"@id\":\"https:\/\/pagina10.com\/web\/#\/schema\/person\/2efc4a090d25b667d3bc796798a3a81b\"},\"headline\":\"ESMAD tiene nuevo uniforme, nombre y prop\u00f3sito\",\"datePublished\":\"2023-05-31T17:05:12+00:00\",\"mainEntityOfPage\":{\"@id\":\"https:\/\/pagina10.com\/web\/esmad-tiene-nuevo-uniforme-nombre-y-proposito\/\"},\"wordCount\":249,\"commentCount\":0,\"publisher\":{\"@id\":\"https:\/\/pagina10.com\/web\/#organization\"},\"image\":{\"@id\":\"https:\/\/pagina10.com\/web\/esmad-tiene-nuevo-uniforme-nombre-y-proposito\/#primaryimage\"},\"thumbnailUrl\":\"https:\/\/pagina10.com\/web\/wp-content\/uploads\/2023\/05\/colprensa.jpg\",\"keywords\":[\"derechos humanos\",\"ESMAD\",\"manifestacion\",\"primera linea\",\"Protestas\",\"Undmo\"],\"articleSection\":[\"Nacional\"],\"inLanguage\":\"es\",\"potentialAction\":[{\"@type\":\"CommentAction\",\"name\":\"Comment\",\"target\":[\"https:\/\/pagina10.com\/web\/esmad-tiene-nuevo-uniforme-nombre-y-proposito\/#respond\"]}]},{\"@type\":\"WebPage\",\"@id\":\"https:\/\/pagina10.com\/web\/esmad-tiene-nuevo-uniforme-nombre-y-proposito\/\",\"url\":\"https:\/\/pagina10.com\/web\/esmad-tiene-nuevo-uniforme-nombre-y-proposito\/\",\"name\":\"ESMAD tiene nuevo uniforme, nombre y prop\u00f3sito | P\u00e1gina10\",\"isPartOf\":{\"@id\":\"https:\/\/pagina10.com\/web\/#website\"},\"primaryImageOfPage\":{\"@id\":\"https:\/\/pagina10.com\/web\/esmad-tiene-nuevo-uniforme-nombre-y-proposito\/#primaryimage\"},\"image\":{\"@id\":\"https:\/\/pagina10.com\/web\/esmad-tiene-nuevo-uniforme-nombre-y-proposito\/#primaryimage\"},\"thumbnailUrl\":\"https:\/\/pagina10.com\/web\/wp-content\/uploads\/2023\/05\/colprensa.jpg\",\"datePublished\":\"2023-05-31T17:05:12+00:00\",\"breadcrumb\":{\"@id\":\"https:\/\/pagina10.com\/web\/esmad-tiene-nuevo-uniforme-nombre-y-proposito\/#breadcrumb\"},\"inLanguage\":\"es\",\"potentialAction\":[{\"@type\":\"ReadAction\",\"target\":[\"https:\/\/pagina10.com\/web\/esmad-tiene-nuevo-uniforme-nombre-y-proposito\/\"]}]},{\"@type\":\"ImageObject\",\"inLanguage\":\"es\",\"@id\":\"https:\/\/pagina10.com\/web\/esmad-tiene-nuevo-uniforme-nombre-y-proposito\/#primaryimage\",\"url\":\"https:\/\/pagina10.com\/web\/wp-content\/uploads\/2023\/05\/colprensa.jpg\",\"contentUrl\":\"https:\/\/pagina10.com\/web\/wp-content\/uploads\/2023\/05\/colprensa.jpg\",\"width\":780,\"height\":565,\"caption\":\"Nuevo uniforme ESMAD\"},{\"@type\":\"BreadcrumbList\",\"@id\":\"https:\/\/pagina10.com\/web\/esmad-tiene-nuevo-uniforme-nombre-y-proposito\/#breadcrumb\",\"itemListElement\":[{\"@type\":\"ListItem\",\"position\":1,\"name\":\"Portada\",\"item\":\"https:\/\/pagina10.com\/web\/\"},{\"@type\":\"ListItem\",\"position\":2,\"name\":\"ESMAD tiene nuevo uniforme, nombre y prop\u00f3sito\"}]},{\"@type\":\"WebSite\",\"@id\":\"https:\/\/pagina10.com\/web\/#website\",\"url\":\"https:\/\/pagina10.com\/web\/\",\"name\":\"P\u00e1gina10\",\"description\":\"Peri\u00f3dico Regional\",\"publisher\":{\"@id\":\"https:\/\/pagina10.com\/web\/#organization\"},\"alternateName\":\"P\u00e1gina10 Peri\u00f3dico Regional\",\"potentialAction\":[{\"@type\":\"SearchAction\",\"target\":{\"@type\":\"EntryPoint\",\"urlTemplate\":\"https:\/\/pagina10.com\/web\/?s={search_term_string}\"},\"query-input\":{\"@type\":\"PropertyValueSpecification\",\"valueRequired\":true,\"valueName\":\"search_term_string\"}}],\"inLanguage\":\"es\"},{\"@type\":\"Organization\",\"@id\":\"https:\/\/pagina10.com\/web\/#organization\",\"name\":\"P\u00e1gina10\",\"alternateName\":\"P\u00e1gina10 Peri\u00f3dico Regional\",\"url\":\"https:\/\/pagina10.com\/web\/\",\"logo\":{\"@type\":\"ImageObject\",\"inLanguage\":\"es\",\"@id\":\"https:\/\/pagina10.com\/web\/#\/schema\/logo\/image\/\",\"url\":\"https:\/\/pagina10.com\/web\/wp-content\/uploads\/2024\/01\/40-pagina-10-periodico-regional-pasto.jpg\",\"contentUrl\":\"https:\/\/pagina10.com\/web\/wp-content\/uploads\/2024\/01\/40-pagina-10-periodico-regional-pasto.jpg\",\"width\":1280,\"height\":720,\"caption\":\"P\u00e1gina10\"},\"image\":{\"@id\":\"https:\/\/pagina10.com\/web\/#\/schema\/logo\/image\/\"},\"sameAs\":[\"https:\/\/www.facebook.com\/pag10com\",\"https:\/\/x.com\/Pag10com\",\"https:\/\/www.instagram.com\/pagina10col\/\",\"https:\/\/youtube.com\/channel\/pag10\",\"https:\/\/www.tiktok.com\/@p10col\"]},{\"@type\":\"Person\",\"@id\":\"https:\/\/pagina10.com\/web\/#\/schema\/person\/2efc4a090d25b667d3bc796798a3a81b\",\"name\":\"P\u00e1gina 10\",\"description\":\"P\u00e1gina 10 es un peri\u00f3dico regional que nace en Colombia, en el departamento de Nari\u00f1o, con un enfoque global, fundamentado en cuatro pilares esenciales: la libertad, el pluralismo, la inclusi\u00f3n y la independencia. P\u00e1gina 10 hace referencia a Nari\u00f1o como el d\u00e9cimo departamento creado en Colombia, despu\u00e9s de un proceso pol\u00edtico liderado por actores y actrices regionales con el fin de obtener la independencia y autonom\u00eda de nuestros territorios. Con la creaci\u00f3n de P\u00e1gina 10 se pretende abrir un escenario para el dialogo, la reflexi\u00f3n y el debate que se extienda a otras geograf\u00edas de Am\u00e9rica Latina y del planeta, en una apuesta por transformar colectivamente los desaf\u00edos de un mundo contempor\u00e1neo, m\u00e1s all\u00e1 de las fronteras impuestas.\",\"url\":\"https:\/\/pagina10.com\/web\/author\/pdiezadmin\/\"}]}<\/script>\n<!-- \/ Yoast SEO plugin. -->","yoast_head_json":{"title":"ESMAD tiene nuevo uniforme, nombre y prop\u00f3sito | P\u00e1gina10","robots":{"index":"index","follow":"follow","max-snippet":"max-snippet:-1","max-image-preview":"max-image-preview:large","max-video-preview":"max-video-preview:-1"},"canonical":"https:\/\/pagina10.com\/web\/esmad-tiene-nuevo-uniforme-nombre-y-proposito\/","og_locale":"es_ES","og_type":"article","og_title":"ESMAD tiene nuevo uniforme, nombre y prop\u00f3sito | P\u00e1gina10","og_description":"En las \u00faltimas horas, fueron expuestos algunos de los cambios que tendr\u00e1 el Escuadr\u00f3n M\u00f3vil Antidisturbios (ESMAD), como cumplimiento a las promesas de campa\u00f1a realizadas por el presidente Gustavo Petro. La profunda transformaci\u00f3n de esta divisi\u00f3n de la Polic\u00eda Nacional incluye, el cambio de nombre a Unidad del Di\u00e1logo y del Mantenimiento del Orden (Undmo) [&hellip;]","og_url":"https:\/\/pagina10.com\/web\/esmad-tiene-nuevo-uniforme-nombre-y-proposito\/","og_site_name":"P\u00e1gina10","article_publisher":"https:\/\/www.facebook.com\/pag10com","article_published_time":"2023-05-31T17:05:12+00:00","og_image":[{"width":780,"height":565,"url":"https:\/\/pagina10.com\/web\/wp-content\/uploads\/2023\/05\/colprensa.jpg","type":"image\/jpeg"}],"author":"P\u00e1gina 10","twitter_card":"summary_large_image","twitter_creator":"@Pag10com","twitter_site":"@Pag10com","twitter_misc":{"Escrito por":"P\u00e1gina 10","Tiempo de lectura":"1 minuto"},"schema":{"@context":"https:\/\/schema.org","@graph":[{"@type":"Article","@id":"https:\/\/pagina10.com\/web\/esmad-tiene-nuevo-uniforme-nombre-y-proposito\/#article","isPartOf":{"@id":"https:\/\/pagina10.com\/web\/esmad-tiene-nuevo-uniforme-nombre-y-proposito\/"},"author":{"name":"P\u00e1gina 10","@id":"https:\/\/pagina10.com\/web\/#\/schema\/person\/2efc4a090d25b667d3bc796798a3a81b"},"headline":"ESMAD tiene nuevo uniforme, nombre y prop\u00f3sito","datePublished":"2023-05-31T17:05:12+00:00","mainEntityOfPage":{"@id":"https:\/\/pagina10.com\/web\/esmad-tiene-nuevo-uniforme-nombre-y-proposito\/"},"wordCount":249,"commentCount":0,"publisher":{"@id":"https:\/\/pagina10.com\/web\/#organization"},"image":{"@id":"https:\/\/pagina10.com\/web\/esmad-tiene-nuevo-uniforme-nombre-y-proposito\/#primaryimage"},"thumbnailUrl":"https:\/\/pagina10.com\/web\/wp-content\/uploads\/2023\/05\/colprensa.jpg","keywords":["derechos humanos","ESMAD","manifestacion","primera linea","Protestas","Undmo"],"articleSection":["Nacional"],"inLanguage":"es","potentialAction":[{"@type":"CommentAction","name":"Comment","target":["https:\/\/pagina10.com\/web\/esmad-tiene-nuevo-uniforme-nombre-y-proposito\/#respond"]}]},{"@type":"WebPage","@id":"https:\/\/pagina10.com\/web\/esmad-tiene-nuevo-uniforme-nombre-y-proposito\/","url":"https:\/\/pagina10.com\/web\/esmad-tiene-nuevo-uniforme-nombre-y-proposito\/","name":"ESMAD tiene nuevo uniforme, nombre y prop\u00f3sito | P\u00e1gina10","isPartOf":{"@id":"https:\/\/pagina10.com\/web\/#website"},"primaryImageOfPage":{"@id":"https:\/\/pagina10.com\/web\/esmad-tiene-nuevo-uniforme-nombre-y-proposito\/#primaryimage"},"image":{"@id":"https:\/\/pagina10.com\/web\/esmad-tiene-nuevo-uniforme-nombre-y-proposito\/#primaryimage"},"thumbnailUrl":"https:\/\/pagina10.com\/web\/wp-content\/uploads\/2023\/05\/colprensa.jpg","datePublished":"2023-05-31T17:05:12+00:00","breadcrumb":{"@id":"https:\/\/pagina10.com\/web\/esmad-tiene-nuevo-uniforme-nombre-y-proposito\/#breadcrumb"},"inLanguage":"es","potentialAction":[{"@type":"ReadAction","target":["https:\/\/pagina10.com\/web\/esmad-tiene-nuevo-uniforme-nombre-y-proposito\/"]}]},{"@type":"ImageObject","inLanguage":"es","@id":"https:\/\/pagina10.com\/web\/esmad-tiene-nuevo-uniforme-nombre-y-proposito\/#primaryimage","url":"https:\/\/pagina10.com\/web\/wp-content\/uploads\/2023\/05\/colprensa.jpg","contentUrl":"https:\/\/pagina10.com\/web\/wp-content\/uploads\/2023\/05\/colprensa.jpg","width":780,"height":565,"caption":"Nuevo uniforme ESMAD"},{"@type":"BreadcrumbList","@id":"https:\/\/pagina10.com\/web\/esmad-tiene-nuevo-uniforme-nombre-y-proposito\/#breadcrumb","itemListElement":[{"@type":"ListItem","position":1,"name":"Portada","item":"https:\/\/pagina10.com\/web\/"},{"@type":"ListItem","position":2,"name":"ESMAD tiene nuevo uniforme, nombre y prop\u00f3sito"}]},{"@type":"WebSite","@id":"https:\/\/pagina10.com\/web\/#website","url":"https:\/\/pagina10.com\/web\/","name":"P\u00e1gina10","description":"Peri\u00f3dico Regional","publisher":{"@id":"https:\/\/pagina10.com\/web\/#organization"},"alternateName":"P\u00e1gina10 Peri\u00f3dico Regional","potentialAction":[{"@type":"SearchAction","target":{"@type":"EntryPoint","urlTemplate":"https:\/\/pagina10.com\/web\/?s={search_term_string}"},"query-input":{"@type":"PropertyValueSpecification","valueRequired":true,"valueName":"search_term_string"}}],"inLanguage":"es"},{"@type":"Organization","@id":"https:\/\/pagina10.com\/web\/#organization","name":"P\u00e1gina10","alternateName":"P\u00e1gina10 Peri\u00f3dico Regional","url":"https:\/\/pagina10.com\/web\/","logo":{"@type":"ImageObject","inLanguage":"es","@id":"https:\/\/pagina10.com\/web\/#\/schema\/logo\/image\/","url":"https:\/\/pagina10.com\/web\/wp-content\/uploads\/2024\/01\/40-pagina-10-periodico-regional-pasto.jpg","contentUrl":"https:\/\/pagina10.com\/web\/wp-content\/uploads\/2024\/01\/40-pagina-10-periodico-regional-pasto.jpg","width":1280,"height":720,"caption":"P\u00e1gina10"},"image":{"@id":"https:\/\/pagina10.com\/web\/#\/schema\/logo\/image\/"},"sameAs":["https:\/\/www.facebook.com\/pag10com","https:\/\/x.com\/Pag10com","https:\/\/www.instagram.com\/pagina10col\/","https:\/\/youtube.com\/channel\/pag10","https:\/\/www.tiktok.com\/@p10col"]},{"@type":"Person","@id":"https:\/\/pagina10.com\/web\/#\/schema\/person\/2efc4a090d25b667d3bc796798a3a81b","name":"P\u00e1gina 10","description":"P\u00e1gina 10 es un peri\u00f3dico regional que nace en Colombia, en el departamento de Nari\u00f1o, con un enfoque global, fundamentado en cuatro pilares esenciales: la libertad, el pluralismo, la inclusi\u00f3n y la independencia. P\u00e1gina 10 hace referencia a Nari\u00f1o como el d\u00e9cimo departamento creado en Colombia, despu\u00e9s de un proceso pol\u00edtico liderado por actores y actrices regionales con el fin de obtener la independencia y autonom\u00eda de nuestros territorios. Con la creaci\u00f3n de P\u00e1gina 10 se pretende abrir un escenario para el dialogo, la reflexi\u00f3n y el debate que se extienda a otras geograf\u00edas de Am\u00e9rica Latina y del planeta, en una apuesta por transformar colectivamente los desaf\u00edos de un mundo contempor\u00e1neo, m\u00e1s all\u00e1 de las fronteras impuestas.","url":"https:\/\/pagina10.com\/web\/author\/pdiezadmin\/"}]}},"_links":{"self":[{"href":"https:\/\/pagina10.com\/web\/wp-json\/wp\/v2\/posts\/66225","targetHints":{"allow":["GET"]}}],"collection":[{"href":"https:\/\/pagina10.com\/web\/wp-json\/wp\/v2\/posts"}],"about":[{"href":"https:\/\/pagina10.com\/web\/wp-json\/wp\/v2\/types\/post"}],"author":[{"embeddable":true,"href":"https:\/\/pagina10.com\/web\/wp-json\/wp\/v2\/users\/1"}],"replies":[{"embeddable":true,"href":"https:\/\/pagina10.com\/web\/wp-json\/wp\/v2\/comments?post=66225"}],"version-history":[{"count":1,"href":"https:\/\/pagina10.com\/web\/wp-json\/wp\/v2\/posts\/66225\/revisions"}],"predecessor-version":[{"id":66228,"href":"https:\/\/pagina10.com\/web\/wp-json\/wp\/v2\/posts\/66225\/revisions\/66228"}],"wp:featuredmedia":[{"embeddable":true,"href":"https:\/\/pagina10.com\/web\/wp-json\/wp\/v2\/media\/66226"}],"wp:attachment":[{"href":"https:\/\/pagina10.com\/web\/wp-json\/wp\/v2\/media?parent=66225"}],"wp:term":[{"taxonomy":"category","embeddable":true,"href":"https:\/\/pagina10.com\/web\/wp-json\/wp\/v2\/categories?post=66225"},{"taxonomy":"post_tag","embeddable":true,"href":"https:\/\/pagina10.com\/web\/wp-json\/wp\/v2\/tags?post=66225"}],"curies":[{"name":"wp","href":"https:\/\/api.w.org\/{rel}","templated":true}]}}