{"id":66232,"date":"2023-05-31T12:19:22","date_gmt":"2023-05-31T17:19:22","guid":{"rendered":"https:\/\/pagina10.com\/web\/?p=66232"},"modified":"2023-05-31T12:19:22","modified_gmt":"2023-05-31T17:19:22","slug":"gobierno-nacional-asegura-que-los-artesanos-en-el-pais-estan-en-via-de-extincion","status":"publish","type":"post","link":"https:\/\/pagina10.com\/web\/gobierno-nacional-asegura-que-los-artesanos-en-el-pais-estan-en-via-de-extincion\/","title":{"rendered":"Gobierno nacional asegura que los artesanos en el pa\u00eds est\u00e1n en v\u00eda de extinci\u00f3n"},"content":{"rendered":"<p style=\"text-align: justify;\">La directora de Artesan\u00edas de Colombia, Adriana Mej\u00eda Aguado, anunci\u00f3 que los <strong>artesanos est\u00e1n en peligro de extinci\u00f3n<\/strong> y el Gobierno est\u00e1 implementando diversas iniciativas para preservar el sector.<\/p>\n<p style=\"text-align: justify;\">Mej\u00eda, mencion\u00f3 que el <strong>73.4% de los artesanos son adultos y adultos mayores<\/strong>, y resalt\u00f3 que \u201caqu\u00ed lo grave, lo doloroso, lo preocupante es que tan solo el 2.4 % de esos artesanos son menores de 30 a\u00f1os, j\u00f3venes y adolescentes\u201d. Esto quiere decir que la poblaci\u00f3n joven que hace parte del sector artesanal en el pa\u00eds no igualar\u00e1 el porcentaje de adultos y adultos mayores en a\u00f1os siguientes, a menos que m\u00e1s j\u00f3venes, adolescentes y ni\u00f1os decidan en estos momentos formarse y capacitarse laboralmente en esta labor, la formaci\u00f3n permitir\u00e1 mantener en el tiempo su puesta en pr\u00e1ctica.<\/p>\n<p style=\"text-align: justify;\">Para abordar esta problem\u00e1tica, la directora, a trav\u00e9s de Artesan\u00edas de Colombia ofrece capacitaci\u00f3n laboral durante nueve meses para obtener certificaci\u00f3n. Adem\u00e1s, destac\u00f3 la importancia de Expo artesan\u00edas, la feria m\u00e1s importante de Am\u00e9rica Latina en este campo, que representa el 60% de los ingresos anuales de los artesanos y artesanas.<\/p>\n<p style=\"text-align: justify;\">La funcionaria destac\u00f3 en entrevista el 30 de mayo, que el <strong>gobierno nacional est\u00e1 \u201chaciendo grandes capacitaciones<\/strong> y queremos promover las ferias regionales\u201d.<\/p>\n","protected":false},"excerpt":{"rendered":"<p>La directora de Artesan\u00edas de Colombia, Adriana Mej\u00eda Aguado, anunci\u00f3 que los artesanos est\u00e1n en peligro de extinci\u00f3n y el Gobierno est\u00e1 implementando diversas iniciativas para preservar el sector. Mej\u00eda, mencion\u00f3 que el 73.4% de los artesanos son adultos y adultos mayores, y resalt\u00f3 que \u201caqu\u00ed lo grave, lo doloroso, lo preocupante es que tan [&hellip;]<\/p>\n","protected":false},"author":1,"featured_media":66233,"comment_status":"open","ping_status":"open","sticky":false,"template":"","format":"standard","meta":{"footnotes":""},"categories":[94],"tags":[1738,1737,1736],"class_list":["post-66232","post","type-post","status-publish","format-standard","has-post-thumbnail","hentry","category-nacional-global-2","tag-adultos","tag-artesanias-de-colombia","tag-artesanos"],"yoast_head":"<!-- This site is optimized with the Yoast SEO plugin v27.1.1 - https:\/\/yoast.com\/product\/yoast-seo-wordpress\/ -->\n<title>Gobierno nacional asegura que los artesanos en el pa\u00eds est\u00e1n en v\u00eda de extinci\u00f3n | P\u00e1gina10<\/title>\n<meta name=\"robots\" content=\"index, follow, max-snippet:-1, max-image-preview:large, max-video-preview:-1\" \/>\n<link rel=\"canonical\" href=\"https:\/\/pagina10.com\/web\/gobierno-nacional-asegura-que-los-artesanos-en-el-pais-estan-en-via-de-extincion\/\" \/>\n<meta property=\"og:locale\" content=\"es_ES\" \/>\n<meta property=\"og:type\" content=\"article\" \/>\n<meta property=\"og:title\" content=\"Gobierno nacional asegura que los artesanos en el pa\u00eds est\u00e1n en v\u00eda de extinci\u00f3n | P\u00e1gina10\" \/>\n<meta property=\"og:description\" content=\"La directora de Artesan\u00edas de Colombia, Adriana Mej\u00eda Aguado, anunci\u00f3 que los artesanos est\u00e1n en peligro de extinci\u00f3n y el Gobierno est\u00e1 implementando diversas iniciativas para preservar el sector. Mej\u00eda, mencion\u00f3 que el 73.4% de los artesanos son adultos y adultos mayores, y resalt\u00f3 que \u201caqu\u00ed lo grave, lo doloroso, lo preocupante es que tan [&hellip;]\" \/>\n<meta property=\"og:url\" content=\"https:\/\/pagina10.com\/web\/gobierno-nacional-asegura-que-los-artesanos-en-el-pais-estan-en-via-de-extincion\/\" \/>\n<meta property=\"og:site_name\" content=\"P\u00e1gina10\" \/>\n<meta property=\"article:publisher\" content=\"https:\/\/www.facebook.com\/pag10com\" \/>\n<meta property=\"article:published_time\" content=\"2023-05-31T17:19:22+00:00\" \/>\n<meta property=\"og:image\" content=\"https:\/\/pagina10.com\/web\/wp-content\/uploads\/2023\/05\/arte.png\" \/>\n\t<meta property=\"og:image:width\" content=\"1030\" \/>\n\t<meta property=\"og:image:height\" content=\"552\" \/>\n\t<meta property=\"og:image:type\" content=\"image\/png\" \/>\n<meta name=\"author\" content=\"P\u00e1gina 10\" \/>\n<meta name=\"twitter:card\" content=\"summary_large_image\" \/>\n<meta name=\"twitter:creator\" content=\"@Pag10com\" \/>\n<meta name=\"twitter:site\" content=\"@Pag10com\" \/>\n<meta name=\"twitter:label1\" content=\"Escrito por\" \/>\n\t<meta name=\"twitter:data1\" content=\"P\u00e1gina 10\" \/>\n\t<meta name=\"twitter:label2\" content=\"Tiempo de lectura\" \/>\n\t<meta name=\"twitter:data2\" content=\"1 minuto\" \/>\n<script type=\"application\/ld+json\" class=\"yoast-schema-graph\">{\"@context\":\"https:\/\/schema.org\",\"@graph\":[{\"@type\":\"Article\",\"@id\":\"https:\/\/pagina10.com\/web\/gobierno-nacional-asegura-que-los-artesanos-en-el-pais-estan-en-via-de-extincion\/#article\",\"isPartOf\":{\"@id\":\"https:\/\/pagina10.com\/web\/gobierno-nacional-asegura-que-los-artesanos-en-el-pais-estan-en-via-de-extincion\/\"},\"author\":{\"name\":\"P\u00e1gina 10\",\"@id\":\"https:\/\/pagina10.com\/web\/#\/schema\/person\/2efc4a090d25b667d3bc796798a3a81b\"},\"headline\":\"Gobierno nacional asegura que los artesanos en el pa\u00eds est\u00e1n en v\u00eda de extinci\u00f3n\",\"datePublished\":\"2023-05-31T17:19:22+00:00\",\"mainEntityOfPage\":{\"@id\":\"https:\/\/pagina10.com\/web\/gobierno-nacional-asegura-que-los-artesanos-en-el-pais-estan-en-via-de-extincion\/\"},\"wordCount\":238,\"commentCount\":0,\"publisher\":{\"@id\":\"https:\/\/pagina10.com\/web\/#organization\"},\"image\":{\"@id\":\"https:\/\/pagina10.com\/web\/gobierno-nacional-asegura-que-los-artesanos-en-el-pais-estan-en-via-de-extincion\/#primaryimage\"},\"thumbnailUrl\":\"https:\/\/pagina10.com\/web\/wp-content\/uploads\/2023\/05\/arte.png\",\"keywords\":[\"adultos\",\"artesanias de colombia\",\"artesanos\"],\"articleSection\":[\"Nacional\"],\"inLanguage\":\"es\",\"potentialAction\":[{\"@type\":\"CommentAction\",\"name\":\"Comment\",\"target\":[\"https:\/\/pagina10.com\/web\/gobierno-nacional-asegura-que-los-artesanos-en-el-pais-estan-en-via-de-extincion\/#respond\"]}]},{\"@type\":\"WebPage\",\"@id\":\"https:\/\/pagina10.com\/web\/gobierno-nacional-asegura-que-los-artesanos-en-el-pais-estan-en-via-de-extincion\/\",\"url\":\"https:\/\/pagina10.com\/web\/gobierno-nacional-asegura-que-los-artesanos-en-el-pais-estan-en-via-de-extincion\/\",\"name\":\"Gobierno nacional asegura que los artesanos en el pa\u00eds est\u00e1n en v\u00eda de extinci\u00f3n | P\u00e1gina10\",\"isPartOf\":{\"@id\":\"https:\/\/pagina10.com\/web\/#website\"},\"primaryImageOfPage\":{\"@id\":\"https:\/\/pagina10.com\/web\/gobierno-nacional-asegura-que-los-artesanos-en-el-pais-estan-en-via-de-extincion\/#primaryimage\"},\"image\":{\"@id\":\"https:\/\/pagina10.com\/web\/gobierno-nacional-asegura-que-los-artesanos-en-el-pais-estan-en-via-de-extincion\/#primaryimage\"},\"thumbnailUrl\":\"https:\/\/pagina10.com\/web\/wp-content\/uploads\/2023\/05\/arte.png\",\"datePublished\":\"2023-05-31T17:19:22+00:00\",\"breadcrumb\":{\"@id\":\"https:\/\/pagina10.com\/web\/gobierno-nacional-asegura-que-los-artesanos-en-el-pais-estan-en-via-de-extincion\/#breadcrumb\"},\"inLanguage\":\"es\",\"potentialAction\":[{\"@type\":\"ReadAction\",\"target\":[\"https:\/\/pagina10.com\/web\/gobierno-nacional-asegura-que-los-artesanos-en-el-pais-estan-en-via-de-extincion\/\"]}]},{\"@type\":\"ImageObject\",\"inLanguage\":\"es\",\"@id\":\"https:\/\/pagina10.com\/web\/gobierno-nacional-asegura-que-los-artesanos-en-el-pais-estan-en-via-de-extincion\/#primaryimage\",\"url\":\"https:\/\/pagina10.com\/web\/wp-content\/uploads\/2023\/05\/arte.png\",\"contentUrl\":\"https:\/\/pagina10.com\/web\/wp-content\/uploads\/2023\/05\/arte.png\",\"width\":1030,\"height\":552},{\"@type\":\"BreadcrumbList\",\"@id\":\"https:\/\/pagina10.com\/web\/gobierno-nacional-asegura-que-los-artesanos-en-el-pais-estan-en-via-de-extincion\/#breadcrumb\",\"itemListElement\":[{\"@type\":\"ListItem\",\"position\":1,\"name\":\"Portada\",\"item\":\"https:\/\/pagina10.com\/web\/\"},{\"@type\":\"ListItem\",\"position\":2,\"name\":\"Gobierno nacional asegura que los artesanos en el pa\u00eds est\u00e1n en v\u00eda de extinci\u00f3n\"}]},{\"@type\":\"WebSite\",\"@id\":\"https:\/\/pagina10.com\/web\/#website\",\"url\":\"https:\/\/pagina10.com\/web\/\",\"name\":\"P\u00e1gina10\",\"description\":\"Peri\u00f3dico Regional\",\"publisher\":{\"@id\":\"https:\/\/pagina10.com\/web\/#organization\"},\"alternateName\":\"P\u00e1gina10 Peri\u00f3dico Regional\",\"potentialAction\":[{\"@type\":\"SearchAction\",\"target\":{\"@type\":\"EntryPoint\",\"urlTemplate\":\"https:\/\/pagina10.com\/web\/?s={search_term_string}\"},\"query-input\":{\"@type\":\"PropertyValueSpecification\",\"valueRequired\":true,\"valueName\":\"search_term_string\"}}],\"inLanguage\":\"es\"},{\"@type\":\"Organization\",\"@id\":\"https:\/\/pagina10.com\/web\/#organization\",\"name\":\"P\u00e1gina10\",\"alternateName\":\"P\u00e1gina10 Peri\u00f3dico Regional\",\"url\":\"https:\/\/pagina10.com\/web\/\",\"logo\":{\"@type\":\"ImageObject\",\"inLanguage\":\"es\",\"@id\":\"https:\/\/pagina10.com\/web\/#\/schema\/logo\/image\/\",\"url\":\"https:\/\/pagina10.com\/web\/wp-content\/uploads\/2024\/01\/40-pagina-10-periodico-regional-pasto.jpg\",\"contentUrl\":\"https:\/\/pagina10.com\/web\/wp-content\/uploads\/2024\/01\/40-pagina-10-periodico-regional-pasto.jpg\",\"width\":1280,\"height\":720,\"caption\":\"P\u00e1gina10\"},\"image\":{\"@id\":\"https:\/\/pagina10.com\/web\/#\/schema\/logo\/image\/\"},\"sameAs\":[\"https:\/\/www.facebook.com\/pag10com\",\"https:\/\/x.com\/Pag10com\",\"https:\/\/www.instagram.com\/pagina10col\/\",\"https:\/\/youtube.com\/channel\/pag10\",\"https:\/\/www.tiktok.com\/@p10col\"]},{\"@type\":\"Person\",\"@id\":\"https:\/\/pagina10.com\/web\/#\/schema\/person\/2efc4a090d25b667d3bc796798a3a81b\",\"name\":\"P\u00e1gina 10\",\"description\":\"P\u00e1gina 10 es un peri\u00f3dico regional que nace en Colombia, en el departamento de Nari\u00f1o, con un enfoque global, fundamentado en cuatro pilares esenciales: la libertad, el pluralismo, la inclusi\u00f3n y la independencia. P\u00e1gina 10 hace referencia a Nari\u00f1o como el d\u00e9cimo departamento creado en Colombia, despu\u00e9s de un proceso pol\u00edtico liderado por actores y actrices regionales con el fin de obtener la independencia y autonom\u00eda de nuestros territorios. Con la creaci\u00f3n de P\u00e1gina 10 se pretende abrir un escenario para el dialogo, la reflexi\u00f3n y el debate que se extienda a otras geograf\u00edas de Am\u00e9rica Latina y del planeta, en una apuesta por transformar colectivamente los desaf\u00edos de un mundo contempor\u00e1neo, m\u00e1s all\u00e1 de las fronteras impuestas.\",\"url\":\"https:\/\/pagina10.com\/web\/author\/pdiezadmin\/\"}]}<\/script>\n<!-- \/ Yoast SEO plugin. -->","yoast_head_json":{"title":"Gobierno nacional asegura que los artesanos en el pa\u00eds est\u00e1n en v\u00eda de extinci\u00f3n | P\u00e1gina10","robots":{"index":"index","follow":"follow","max-snippet":"max-snippet:-1","max-image-preview":"max-image-preview:large","max-video-preview":"max-video-preview:-1"},"canonical":"https:\/\/pagina10.com\/web\/gobierno-nacional-asegura-que-los-artesanos-en-el-pais-estan-en-via-de-extincion\/","og_locale":"es_ES","og_type":"article","og_title":"Gobierno nacional asegura que los artesanos en el pa\u00eds est\u00e1n en v\u00eda de extinci\u00f3n | P\u00e1gina10","og_description":"La directora de Artesan\u00edas de Colombia, Adriana Mej\u00eda Aguado, anunci\u00f3 que los artesanos est\u00e1n en peligro de extinci\u00f3n y el Gobierno est\u00e1 implementando diversas iniciativas para preservar el sector. Mej\u00eda, mencion\u00f3 que el 73.4% de los artesanos son adultos y adultos mayores, y resalt\u00f3 que \u201caqu\u00ed lo grave, lo doloroso, lo preocupante es que tan [&hellip;]","og_url":"https:\/\/pagina10.com\/web\/gobierno-nacional-asegura-que-los-artesanos-en-el-pais-estan-en-via-de-extincion\/","og_site_name":"P\u00e1gina10","article_publisher":"https:\/\/www.facebook.com\/pag10com","article_published_time":"2023-05-31T17:19:22+00:00","og_image":[{"width":1030,"height":552,"url":"https:\/\/pagina10.com\/web\/wp-content\/uploads\/2023\/05\/arte.png","type":"image\/png"}],"author":"P\u00e1gina 10","twitter_card":"summary_large_image","twitter_creator":"@Pag10com","twitter_site":"@Pag10com","twitter_misc":{"Escrito por":"P\u00e1gina 10","Tiempo de lectura":"1 minuto"},"schema":{"@context":"https:\/\/schema.org","@graph":[{"@type":"Article","@id":"https:\/\/pagina10.com\/web\/gobierno-nacional-asegura-que-los-artesanos-en-el-pais-estan-en-via-de-extincion\/#article","isPartOf":{"@id":"https:\/\/pagina10.com\/web\/gobierno-nacional-asegura-que-los-artesanos-en-el-pais-estan-en-via-de-extincion\/"},"author":{"name":"P\u00e1gina 10","@id":"https:\/\/pagina10.com\/web\/#\/schema\/person\/2efc4a090d25b667d3bc796798a3a81b"},"headline":"Gobierno nacional asegura que los artesanos en el pa\u00eds est\u00e1n en v\u00eda de extinci\u00f3n","datePublished":"2023-05-31T17:19:22+00:00","mainEntityOfPage":{"@id":"https:\/\/pagina10.com\/web\/gobierno-nacional-asegura-que-los-artesanos-en-el-pais-estan-en-via-de-extincion\/"},"wordCount":238,"commentCount":0,"publisher":{"@id":"https:\/\/pagina10.com\/web\/#organization"},"image":{"@id":"https:\/\/pagina10.com\/web\/gobierno-nacional-asegura-que-los-artesanos-en-el-pais-estan-en-via-de-extincion\/#primaryimage"},"thumbnailUrl":"https:\/\/pagina10.com\/web\/wp-content\/uploads\/2023\/05\/arte.png","keywords":["adultos","artesanias de colombia","artesanos"],"articleSection":["Nacional"],"inLanguage":"es","potentialAction":[{"@type":"CommentAction","name":"Comment","target":["https:\/\/pagina10.com\/web\/gobierno-nacional-asegura-que-los-artesanos-en-el-pais-estan-en-via-de-extincion\/#respond"]}]},{"@type":"WebPage","@id":"https:\/\/pagina10.com\/web\/gobierno-nacional-asegura-que-los-artesanos-en-el-pais-estan-en-via-de-extincion\/","url":"https:\/\/pagina10.com\/web\/gobierno-nacional-asegura-que-los-artesanos-en-el-pais-estan-en-via-de-extincion\/","name":"Gobierno nacional asegura que los artesanos en el pa\u00eds est\u00e1n en v\u00eda de extinci\u00f3n | P\u00e1gina10","isPartOf":{"@id":"https:\/\/pagina10.com\/web\/#website"},"primaryImageOfPage":{"@id":"https:\/\/pagina10.com\/web\/gobierno-nacional-asegura-que-los-artesanos-en-el-pais-estan-en-via-de-extincion\/#primaryimage"},"image":{"@id":"https:\/\/pagina10.com\/web\/gobierno-nacional-asegura-que-los-artesanos-en-el-pais-estan-en-via-de-extincion\/#primaryimage"},"thumbnailUrl":"https:\/\/pagina10.com\/web\/wp-content\/uploads\/2023\/05\/arte.png","datePublished":"2023-05-31T17:19:22+00:00","breadcrumb":{"@id":"https:\/\/pagina10.com\/web\/gobierno-nacional-asegura-que-los-artesanos-en-el-pais-estan-en-via-de-extincion\/#breadcrumb"},"inLanguage":"es","potentialAction":[{"@type":"ReadAction","target":["https:\/\/pagina10.com\/web\/gobierno-nacional-asegura-que-los-artesanos-en-el-pais-estan-en-via-de-extincion\/"]}]},{"@type":"ImageObject","inLanguage":"es","@id":"https:\/\/pagina10.com\/web\/gobierno-nacional-asegura-que-los-artesanos-en-el-pais-estan-en-via-de-extincion\/#primaryimage","url":"https:\/\/pagina10.com\/web\/wp-content\/uploads\/2023\/05\/arte.png","contentUrl":"https:\/\/pagina10.com\/web\/wp-content\/uploads\/2023\/05\/arte.png","width":1030,"height":552},{"@type":"BreadcrumbList","@id":"https:\/\/pagina10.com\/web\/gobierno-nacional-asegura-que-los-artesanos-en-el-pais-estan-en-via-de-extincion\/#breadcrumb","itemListElement":[{"@type":"ListItem","position":1,"name":"Portada","item":"https:\/\/pagina10.com\/web\/"},{"@type":"ListItem","position":2,"name":"Gobierno nacional asegura que los artesanos en el pa\u00eds est\u00e1n en v\u00eda de extinci\u00f3n"}]},{"@type":"WebSite","@id":"https:\/\/pagina10.com\/web\/#website","url":"https:\/\/pagina10.com\/web\/","name":"P\u00e1gina10","description":"Peri\u00f3dico Regional","publisher":{"@id":"https:\/\/pagina10.com\/web\/#organization"},"alternateName":"P\u00e1gina10 Peri\u00f3dico Regional","potentialAction":[{"@type":"SearchAction","target":{"@type":"EntryPoint","urlTemplate":"https:\/\/pagina10.com\/web\/?s={search_term_string}"},"query-input":{"@type":"PropertyValueSpecification","valueRequired":true,"valueName":"search_term_string"}}],"inLanguage":"es"},{"@type":"Organization","@id":"https:\/\/pagina10.com\/web\/#organization","name":"P\u00e1gina10","alternateName":"P\u00e1gina10 Peri\u00f3dico Regional","url":"https:\/\/pagina10.com\/web\/","logo":{"@type":"ImageObject","inLanguage":"es","@id":"https:\/\/pagina10.com\/web\/#\/schema\/logo\/image\/","url":"https:\/\/pagina10.com\/web\/wp-content\/uploads\/2024\/01\/40-pagina-10-periodico-regional-pasto.jpg","contentUrl":"https:\/\/pagina10.com\/web\/wp-content\/uploads\/2024\/01\/40-pagina-10-periodico-regional-pasto.jpg","width":1280,"height":720,"caption":"P\u00e1gina10"},"image":{"@id":"https:\/\/pagina10.com\/web\/#\/schema\/logo\/image\/"},"sameAs":["https:\/\/www.facebook.com\/pag10com","https:\/\/x.com\/Pag10com","https:\/\/www.instagram.com\/pagina10col\/","https:\/\/youtube.com\/channel\/pag10","https:\/\/www.tiktok.com\/@p10col"]},{"@type":"Person","@id":"https:\/\/pagina10.com\/web\/#\/schema\/person\/2efc4a090d25b667d3bc796798a3a81b","name":"P\u00e1gina 10","description":"P\u00e1gina 10 es un peri\u00f3dico regional que nace en Colombia, en el departamento de Nari\u00f1o, con un enfoque global, fundamentado en cuatro pilares esenciales: la libertad, el pluralismo, la inclusi\u00f3n y la independencia. P\u00e1gina 10 hace referencia a Nari\u00f1o como el d\u00e9cimo departamento creado en Colombia, despu\u00e9s de un proceso pol\u00edtico liderado por actores y actrices regionales con el fin de obtener la independencia y autonom\u00eda de nuestros territorios. Con la creaci\u00f3n de P\u00e1gina 10 se pretende abrir un escenario para el dialogo, la reflexi\u00f3n y el debate que se extienda a otras geograf\u00edas de Am\u00e9rica Latina y del planeta, en una apuesta por transformar colectivamente los desaf\u00edos de un mundo contempor\u00e1neo, m\u00e1s all\u00e1 de las fronteras impuestas.","url":"https:\/\/pagina10.com\/web\/author\/pdiezadmin\/"}]}},"_links":{"self":[{"href":"https:\/\/pagina10.com\/web\/wp-json\/wp\/v2\/posts\/66232","targetHints":{"allow":["GET"]}}],"collection":[{"href":"https:\/\/pagina10.com\/web\/wp-json\/wp\/v2\/posts"}],"about":[{"href":"https:\/\/pagina10.com\/web\/wp-json\/wp\/v2\/types\/post"}],"author":[{"embeddable":true,"href":"https:\/\/pagina10.com\/web\/wp-json\/wp\/v2\/users\/1"}],"replies":[{"embeddable":true,"href":"https:\/\/pagina10.com\/web\/wp-json\/wp\/v2\/comments?post=66232"}],"version-history":[{"count":1,"href":"https:\/\/pagina10.com\/web\/wp-json\/wp\/v2\/posts\/66232\/revisions"}],"predecessor-version":[{"id":66234,"href":"https:\/\/pagina10.com\/web\/wp-json\/wp\/v2\/posts\/66232\/revisions\/66234"}],"wp:featuredmedia":[{"embeddable":true,"href":"https:\/\/pagina10.com\/web\/wp-json\/wp\/v2\/media\/66233"}],"wp:attachment":[{"href":"https:\/\/pagina10.com\/web\/wp-json\/wp\/v2\/media?parent=66232"}],"wp:term":[{"taxonomy":"category","embeddable":true,"href":"https:\/\/pagina10.com\/web\/wp-json\/wp\/v2\/categories?post=66232"},{"taxonomy":"post_tag","embeddable":true,"href":"https:\/\/pagina10.com\/web\/wp-json\/wp\/v2\/tags?post=66232"}],"curies":[{"name":"wp","href":"https:\/\/api.w.org\/{rel}","templated":true}]}}