{"id":6626,"date":"2014-02-12T14:22:05","date_gmt":"2014-02-12T14:22:05","guid":{"rendered":"https:\/\/pagina10.com\/web\/en-pasto-van-73-sancionados-por-conducir-en-estado-de-embriaguez-en-2014\/"},"modified":"2014-02-12T14:22:05","modified_gmt":"2014-02-12T14:22:05","slug":"en-pasto-van-73-sancionados-por-conducir-en-estado-de-embriaguez-en-2014","status":"publish","type":"post","link":"https:\/\/pagina10.com\/web\/en-pasto-van-73-sancionados-por-conducir-en-estado-de-embriaguez-en-2014\/","title":{"rendered":"En Pasto van 73 sancionados por conducir en estado de embriaguez en 2014"},"content":{"rendered":"<p><img fetchpriority=\"high\" decoding=\"async\" class=\" size-full wp-image-6625\" src=\"https:\/\/pagina10.com\/web\/wp-content\/uploads\/2014\/02\/749feda64ec088facaa4f2cf915bfc07.jpg\" alt=\"\" width=\"500\" height=\"326\" srcset=\"https:\/\/pagina10.com\/web\/wp-content\/uploads\/2014\/02\/749feda64ec088facaa4f2cf915bfc07.jpg 500w, https:\/\/pagina10.com\/web\/wp-content\/uploads\/2014\/02\/749feda64ec088facaa4f2cf915bfc07-300x196.jpg 300w, https:\/\/pagina10.com\/web\/wp-content\/uploads\/2014\/02\/749feda64ec088facaa4f2cf915bfc07-210x136.jpg 210w\" sizes=\"(max-width: 500px) 100vw, 500px\" \/><\/p>\n<p style=\"text-align: justify;\">Seg\u00fan la Secretar\u00eda de Tr\u00e1nsito Municipal, en lo corrido de este a\u00f1o, 73 personas han sido sancionadas por conducir en estado de embriaguez. De los infractores, el 60% son conductores de veh\u00edculo tipo carro y el 40% son motociclistas.&nbsp;<\/p>\n<p style=\"text-align: justify;\">&nbsp;<\/p>\n<p style=\"text-align: justify;\">Seg\u00fan Fernando Bastidas Tobar, subsecretario Operativo de Tr\u00e1nsito Municipal, a pesar que la nueva Ley para los conductores ebrios que a partir del 2013 es la m\u00e1s rigurosa en sancionar este tipo de infracci\u00f3n, las personas en su condici\u00f3n de conductores contin\u00faan haciendo caso omiso. \u201cLos conductores deben entender que sus veh\u00edculos no son bares ambulantes y que se debe asumir la responsabilidad a la hora de maniobrar un carro o motocicleta por cuanto esta actividad necesita de los cinco sentidos para evitar accidentes o siniestros de tr\u00e1nsito\u201d, precis\u00f3 el funcionario.<\/p>\n<p style=\"text-align: justify;\">Cabe se\u00f1alar que en el 2013 se presentaron 760 accidentes de tr\u00e1nsito, en los cuales perdieron la vida 48 personas. Por esta raz\u00f3n, el Subsecretario Operativo invit\u00f3 a la comunidad para que denuncie al 127 o 123 los conductores en estado de embriaguez o hechos que pongan en riesgo la seguridad vial.<\/p>\n<p style=\"text-align: justify;\">&nbsp;<\/p>\n<p style=\"text-align: justify;\">&nbsp;<\/p>\n","protected":false},"excerpt":{"rendered":"<p>Seg\u00fan la Secretar\u00eda de Tr\u00e1nsito Municipal, en lo corrido de este a\u00f1o, 73 personas han sido sancionadas por conducir en estado de embriaguez. De los infractores, el 60% son conductores de veh\u00edculo tipo carro y el 40% son motociclistas.&nbsp; &nbsp; Seg\u00fan Fernando Bastidas Tobar, subsecretario Operativo de Tr\u00e1nsito Municipal, a pesar que la nueva Ley [&hellip;]<\/p>\n","protected":false},"author":29,"featured_media":6625,"comment_status":"open","ping_status":"open","sticky":false,"template":"","format":"standard","meta":{"footnotes":""},"categories":[82],"tags":[],"class_list":["post-6626","post","type-post","status-publish","format-standard","has-post-thumbnail","hentry","category-ciudad-2"],"yoast_head":"<!-- This site is optimized with the Yoast SEO plugin v27.1.1 - https:\/\/yoast.com\/product\/yoast-seo-wordpress\/ -->\n<title>En Pasto van 73 sancionados por conducir en estado de embriaguez en 2014 | P\u00e1gina10<\/title>\n<meta name=\"robots\" content=\"index, follow, max-snippet:-1, max-image-preview:large, max-video-preview:-1\" \/>\n<link rel=\"canonical\" href=\"https:\/\/pagina10.com\/web\/en-pasto-van-73-sancionados-por-conducir-en-estado-de-embriaguez-en-2014\/\" \/>\n<meta property=\"og:locale\" content=\"es_ES\" \/>\n<meta property=\"og:type\" content=\"article\" \/>\n<meta property=\"og:title\" content=\"En Pasto van 73 sancionados por conducir en estado de embriaguez en 2014 | P\u00e1gina10\" \/>\n<meta property=\"og:description\" content=\"Seg\u00fan la Secretar\u00eda de Tr\u00e1nsito Municipal, en lo corrido de este a\u00f1o, 73 personas han sido sancionadas por conducir en estado de embriaguez. De los infractores, el 60% son conductores de veh\u00edculo tipo carro y el 40% son motociclistas.&nbsp; &nbsp; Seg\u00fan Fernando Bastidas Tobar, subsecretario Operativo de Tr\u00e1nsito Municipal, a pesar que la nueva Ley [&hellip;]\" \/>\n<meta property=\"og:url\" content=\"https:\/\/pagina10.com\/web\/en-pasto-van-73-sancionados-por-conducir-en-estado-de-embriaguez-en-2014\/\" \/>\n<meta property=\"og:site_name\" content=\"P\u00e1gina10\" \/>\n<meta property=\"article:publisher\" content=\"https:\/\/www.facebook.com\/pag10com\" \/>\n<meta property=\"article:published_time\" content=\"2014-02-12T14:22:05+00:00\" \/>\n<meta property=\"og:image\" content=\"https:\/\/pagina10.com\/web\/wp-content\/uploads\/2014\/02\/749feda64ec088facaa4f2cf915bfc07.jpg\" \/>\n\t<meta property=\"og:image:width\" content=\"500\" \/>\n\t<meta property=\"og:image:height\" content=\"326\" \/>\n\t<meta property=\"og:image:type\" content=\"image\/jpeg\" \/>\n<meta name=\"author\" content=\"P\u00e1gina 10\" \/>\n<meta name=\"twitter:card\" content=\"summary_large_image\" \/>\n<meta name=\"twitter:creator\" content=\"@Pag10com\" \/>\n<meta name=\"twitter:site\" content=\"@Pag10com\" \/>\n<meta name=\"twitter:label1\" content=\"Escrito por\" \/>\n\t<meta name=\"twitter:data1\" content=\"P\u00e1gina 10\" \/>\n\t<meta name=\"twitter:label2\" content=\"Tiempo de lectura\" \/>\n\t<meta name=\"twitter:data2\" content=\"1 minuto\" \/>\n<script type=\"application\/ld+json\" class=\"yoast-schema-graph\">{\"@context\":\"https:\/\/schema.org\",\"@graph\":[{\"@type\":\"Article\",\"@id\":\"https:\/\/pagina10.com\/web\/en-pasto-van-73-sancionados-por-conducir-en-estado-de-embriaguez-en-2014\/#article\",\"isPartOf\":{\"@id\":\"https:\/\/pagina10.com\/web\/en-pasto-van-73-sancionados-por-conducir-en-estado-de-embriaguez-en-2014\/\"},\"author\":{\"name\":\"P\u00e1gina 10\",\"@id\":\"https:\/\/pagina10.com\/web\/#\/schema\/person\/a7a5d38f0629dfc107f619fbae4f6cc3\"},\"headline\":\"En Pasto van 73 sancionados por conducir en estado de embriaguez en 2014\",\"datePublished\":\"2014-02-12T14:22:05+00:00\",\"mainEntityOfPage\":{\"@id\":\"https:\/\/pagina10.com\/web\/en-pasto-van-73-sancionados-por-conducir-en-estado-de-embriaguez-en-2014\/\"},\"wordCount\":204,\"commentCount\":0,\"publisher\":{\"@id\":\"https:\/\/pagina10.com\/web\/#organization\"},\"image\":{\"@id\":\"https:\/\/pagina10.com\/web\/en-pasto-van-73-sancionados-por-conducir-en-estado-de-embriaguez-en-2014\/#primaryimage\"},\"thumbnailUrl\":\"https:\/\/pagina10.com\/web\/wp-content\/uploads\/2014\/02\/749feda64ec088facaa4f2cf915bfc07.jpg\",\"articleSection\":[\"Ciudad\"],\"inLanguage\":\"es\",\"potentialAction\":[{\"@type\":\"CommentAction\",\"name\":\"Comment\",\"target\":[\"https:\/\/pagina10.com\/web\/en-pasto-van-73-sancionados-por-conducir-en-estado-de-embriaguez-en-2014\/#respond\"]}]},{\"@type\":\"WebPage\",\"@id\":\"https:\/\/pagina10.com\/web\/en-pasto-van-73-sancionados-por-conducir-en-estado-de-embriaguez-en-2014\/\",\"url\":\"https:\/\/pagina10.com\/web\/en-pasto-van-73-sancionados-por-conducir-en-estado-de-embriaguez-en-2014\/\",\"name\":\"En Pasto van 73 sancionados por conducir en estado de embriaguez en 2014 | P\u00e1gina10\",\"isPartOf\":{\"@id\":\"https:\/\/pagina10.com\/web\/#website\"},\"primaryImageOfPage\":{\"@id\":\"https:\/\/pagina10.com\/web\/en-pasto-van-73-sancionados-por-conducir-en-estado-de-embriaguez-en-2014\/#primaryimage\"},\"image\":{\"@id\":\"https:\/\/pagina10.com\/web\/en-pasto-van-73-sancionados-por-conducir-en-estado-de-embriaguez-en-2014\/#primaryimage\"},\"thumbnailUrl\":\"https:\/\/pagina10.com\/web\/wp-content\/uploads\/2014\/02\/749feda64ec088facaa4f2cf915bfc07.jpg\",\"datePublished\":\"2014-02-12T14:22:05+00:00\",\"breadcrumb\":{\"@id\":\"https:\/\/pagina10.com\/web\/en-pasto-van-73-sancionados-por-conducir-en-estado-de-embriaguez-en-2014\/#breadcrumb\"},\"inLanguage\":\"es\",\"potentialAction\":[{\"@type\":\"ReadAction\",\"target\":[\"https:\/\/pagina10.com\/web\/en-pasto-van-73-sancionados-por-conducir-en-estado-de-embriaguez-en-2014\/\"]}]},{\"@type\":\"ImageObject\",\"inLanguage\":\"es\",\"@id\":\"https:\/\/pagina10.com\/web\/en-pasto-van-73-sancionados-por-conducir-en-estado-de-embriaguez-en-2014\/#primaryimage\",\"url\":\"https:\/\/pagina10.com\/web\/wp-content\/uploads\/2014\/02\/749feda64ec088facaa4f2cf915bfc07.jpg\",\"contentUrl\":\"https:\/\/pagina10.com\/web\/wp-content\/uploads\/2014\/02\/749feda64ec088facaa4f2cf915bfc07.jpg\",\"width\":500,\"height\":326},{\"@type\":\"BreadcrumbList\",\"@id\":\"https:\/\/pagina10.com\/web\/en-pasto-van-73-sancionados-por-conducir-en-estado-de-embriaguez-en-2014\/#breadcrumb\",\"itemListElement\":[{\"@type\":\"ListItem\",\"position\":1,\"name\":\"Portada\",\"item\":\"https:\/\/pagina10.com\/web\/\"},{\"@type\":\"ListItem\",\"position\":2,\"name\":\"En Pasto van 73 sancionados por conducir en estado de embriaguez en 2014\"}]},{\"@type\":\"WebSite\",\"@id\":\"https:\/\/pagina10.com\/web\/#website\",\"url\":\"https:\/\/pagina10.com\/web\/\",\"name\":\"P\u00e1gina10\",\"description\":\"Peri\u00f3dico Regional\",\"publisher\":{\"@id\":\"https:\/\/pagina10.com\/web\/#organization\"},\"alternateName\":\"P\u00e1gina10 Peri\u00f3dico Regional\",\"potentialAction\":[{\"@type\":\"SearchAction\",\"target\":{\"@type\":\"EntryPoint\",\"urlTemplate\":\"https:\/\/pagina10.com\/web\/?s={search_term_string}\"},\"query-input\":{\"@type\":\"PropertyValueSpecification\",\"valueRequired\":true,\"valueName\":\"search_term_string\"}}],\"inLanguage\":\"es\"},{\"@type\":\"Organization\",\"@id\":\"https:\/\/pagina10.com\/web\/#organization\",\"name\":\"P\u00e1gina10\",\"alternateName\":\"P\u00e1gina10 Peri\u00f3dico Regional\",\"url\":\"https:\/\/pagina10.com\/web\/\",\"logo\":{\"@type\":\"ImageObject\",\"inLanguage\":\"es\",\"@id\":\"https:\/\/pagina10.com\/web\/#\/schema\/logo\/image\/\",\"url\":\"https:\/\/pagina10.com\/web\/wp-content\/uploads\/2024\/01\/40-pagina-10-periodico-regional-pasto.jpg\",\"contentUrl\":\"https:\/\/pagina10.com\/web\/wp-content\/uploads\/2024\/01\/40-pagina-10-periodico-regional-pasto.jpg\",\"width\":1280,\"height\":720,\"caption\":\"P\u00e1gina10\"},\"image\":{\"@id\":\"https:\/\/pagina10.com\/web\/#\/schema\/logo\/image\/\"},\"sameAs\":[\"https:\/\/www.facebook.com\/pag10com\",\"https:\/\/x.com\/Pag10com\",\"https:\/\/www.instagram.com\/pagina10col\/\",\"https:\/\/youtube.com\/channel\/pag10\",\"https:\/\/www.tiktok.com\/@p10col\"]},{\"@type\":\"Person\",\"@id\":\"https:\/\/pagina10.com\/web\/#\/schema\/person\/a7a5d38f0629dfc107f619fbae4f6cc3\",\"name\":\"P\u00e1gina 10\",\"description\":\"P\u00e1gina10.com es un peri\u00f3dico digital que nace en Colombia, en el departamento de Nari\u00f1o, con un enfoque global, fundamentado en cuatro pilares esenciales: la libertad, el pluralismo, la inclusi\u00f3n y la independencia. P\u00e1gina10.com hace referencia a Nari\u00f1o como el d\u00e9cimo departamento creado en Colombia, despu\u00e9s de un proceso pol\u00edtico liderado por actores y actrices regionales con el fin de obtener la independencia y autonom\u00eda de nuestros territorios. Con la creaci\u00f3n de P\u00e1gina10.com se pretende abrir un escenario para el dialogo, la reflexi\u00f3n y el debate que se extienda a otras geograf\u00edas de Am\u00e9rica Latina y del planeta, en una apuesta por transformar colectivamente los desaf\u00edos de un mundo contempor\u00e1neo, m\u00e1s all\u00e1 de las fronteras impuestas.\",\"url\":\"https:\/\/pagina10.com\/web\/author\/mcepeda\/\"}]}<\/script>\n<!-- \/ Yoast SEO plugin. -->","yoast_head_json":{"title":"En Pasto van 73 sancionados por conducir en estado de embriaguez en 2014 | P\u00e1gina10","robots":{"index":"index","follow":"follow","max-snippet":"max-snippet:-1","max-image-preview":"max-image-preview:large","max-video-preview":"max-video-preview:-1"},"canonical":"https:\/\/pagina10.com\/web\/en-pasto-van-73-sancionados-por-conducir-en-estado-de-embriaguez-en-2014\/","og_locale":"es_ES","og_type":"article","og_title":"En Pasto van 73 sancionados por conducir en estado de embriaguez en 2014 | P\u00e1gina10","og_description":"Seg\u00fan la Secretar\u00eda de Tr\u00e1nsito Municipal, en lo corrido de este a\u00f1o, 73 personas han sido sancionadas por conducir en estado de embriaguez. De los infractores, el 60% son conductores de veh\u00edculo tipo carro y el 40% son motociclistas.&nbsp; &nbsp; Seg\u00fan Fernando Bastidas Tobar, subsecretario Operativo de Tr\u00e1nsito Municipal, a pesar que la nueva Ley [&hellip;]","og_url":"https:\/\/pagina10.com\/web\/en-pasto-van-73-sancionados-por-conducir-en-estado-de-embriaguez-en-2014\/","og_site_name":"P\u00e1gina10","article_publisher":"https:\/\/www.facebook.com\/pag10com","article_published_time":"2014-02-12T14:22:05+00:00","og_image":[{"width":500,"height":326,"url":"https:\/\/pagina10.com\/web\/wp-content\/uploads\/2014\/02\/749feda64ec088facaa4f2cf915bfc07.jpg","type":"image\/jpeg"}],"author":"P\u00e1gina 10","twitter_card":"summary_large_image","twitter_creator":"@Pag10com","twitter_site":"@Pag10com","twitter_misc":{"Escrito por":"P\u00e1gina 10","Tiempo de lectura":"1 minuto"},"schema":{"@context":"https:\/\/schema.org","@graph":[{"@type":"Article","@id":"https:\/\/pagina10.com\/web\/en-pasto-van-73-sancionados-por-conducir-en-estado-de-embriaguez-en-2014\/#article","isPartOf":{"@id":"https:\/\/pagina10.com\/web\/en-pasto-van-73-sancionados-por-conducir-en-estado-de-embriaguez-en-2014\/"},"author":{"name":"P\u00e1gina 10","@id":"https:\/\/pagina10.com\/web\/#\/schema\/person\/a7a5d38f0629dfc107f619fbae4f6cc3"},"headline":"En Pasto van 73 sancionados por conducir en estado de embriaguez en 2014","datePublished":"2014-02-12T14:22:05+00:00","mainEntityOfPage":{"@id":"https:\/\/pagina10.com\/web\/en-pasto-van-73-sancionados-por-conducir-en-estado-de-embriaguez-en-2014\/"},"wordCount":204,"commentCount":0,"publisher":{"@id":"https:\/\/pagina10.com\/web\/#organization"},"image":{"@id":"https:\/\/pagina10.com\/web\/en-pasto-van-73-sancionados-por-conducir-en-estado-de-embriaguez-en-2014\/#primaryimage"},"thumbnailUrl":"https:\/\/pagina10.com\/web\/wp-content\/uploads\/2014\/02\/749feda64ec088facaa4f2cf915bfc07.jpg","articleSection":["Ciudad"],"inLanguage":"es","potentialAction":[{"@type":"CommentAction","name":"Comment","target":["https:\/\/pagina10.com\/web\/en-pasto-van-73-sancionados-por-conducir-en-estado-de-embriaguez-en-2014\/#respond"]}]},{"@type":"WebPage","@id":"https:\/\/pagina10.com\/web\/en-pasto-van-73-sancionados-por-conducir-en-estado-de-embriaguez-en-2014\/","url":"https:\/\/pagina10.com\/web\/en-pasto-van-73-sancionados-por-conducir-en-estado-de-embriaguez-en-2014\/","name":"En Pasto van 73 sancionados por conducir en estado de embriaguez en 2014 | P\u00e1gina10","isPartOf":{"@id":"https:\/\/pagina10.com\/web\/#website"},"primaryImageOfPage":{"@id":"https:\/\/pagina10.com\/web\/en-pasto-van-73-sancionados-por-conducir-en-estado-de-embriaguez-en-2014\/#primaryimage"},"image":{"@id":"https:\/\/pagina10.com\/web\/en-pasto-van-73-sancionados-por-conducir-en-estado-de-embriaguez-en-2014\/#primaryimage"},"thumbnailUrl":"https:\/\/pagina10.com\/web\/wp-content\/uploads\/2014\/02\/749feda64ec088facaa4f2cf915bfc07.jpg","datePublished":"2014-02-12T14:22:05+00:00","breadcrumb":{"@id":"https:\/\/pagina10.com\/web\/en-pasto-van-73-sancionados-por-conducir-en-estado-de-embriaguez-en-2014\/#breadcrumb"},"inLanguage":"es","potentialAction":[{"@type":"ReadAction","target":["https:\/\/pagina10.com\/web\/en-pasto-van-73-sancionados-por-conducir-en-estado-de-embriaguez-en-2014\/"]}]},{"@type":"ImageObject","inLanguage":"es","@id":"https:\/\/pagina10.com\/web\/en-pasto-van-73-sancionados-por-conducir-en-estado-de-embriaguez-en-2014\/#primaryimage","url":"https:\/\/pagina10.com\/web\/wp-content\/uploads\/2014\/02\/749feda64ec088facaa4f2cf915bfc07.jpg","contentUrl":"https:\/\/pagina10.com\/web\/wp-content\/uploads\/2014\/02\/749feda64ec088facaa4f2cf915bfc07.jpg","width":500,"height":326},{"@type":"BreadcrumbList","@id":"https:\/\/pagina10.com\/web\/en-pasto-van-73-sancionados-por-conducir-en-estado-de-embriaguez-en-2014\/#breadcrumb","itemListElement":[{"@type":"ListItem","position":1,"name":"Portada","item":"https:\/\/pagina10.com\/web\/"},{"@type":"ListItem","position":2,"name":"En Pasto van 73 sancionados por conducir en estado de embriaguez en 2014"}]},{"@type":"WebSite","@id":"https:\/\/pagina10.com\/web\/#website","url":"https:\/\/pagina10.com\/web\/","name":"P\u00e1gina10","description":"Peri\u00f3dico Regional","publisher":{"@id":"https:\/\/pagina10.com\/web\/#organization"},"alternateName":"P\u00e1gina10 Peri\u00f3dico Regional","potentialAction":[{"@type":"SearchAction","target":{"@type":"EntryPoint","urlTemplate":"https:\/\/pagina10.com\/web\/?s={search_term_string}"},"query-input":{"@type":"PropertyValueSpecification","valueRequired":true,"valueName":"search_term_string"}}],"inLanguage":"es"},{"@type":"Organization","@id":"https:\/\/pagina10.com\/web\/#organization","name":"P\u00e1gina10","alternateName":"P\u00e1gina10 Peri\u00f3dico Regional","url":"https:\/\/pagina10.com\/web\/","logo":{"@type":"ImageObject","inLanguage":"es","@id":"https:\/\/pagina10.com\/web\/#\/schema\/logo\/image\/","url":"https:\/\/pagina10.com\/web\/wp-content\/uploads\/2024\/01\/40-pagina-10-periodico-regional-pasto.jpg","contentUrl":"https:\/\/pagina10.com\/web\/wp-content\/uploads\/2024\/01\/40-pagina-10-periodico-regional-pasto.jpg","width":1280,"height":720,"caption":"P\u00e1gina10"},"image":{"@id":"https:\/\/pagina10.com\/web\/#\/schema\/logo\/image\/"},"sameAs":["https:\/\/www.facebook.com\/pag10com","https:\/\/x.com\/Pag10com","https:\/\/www.instagram.com\/pagina10col\/","https:\/\/youtube.com\/channel\/pag10","https:\/\/www.tiktok.com\/@p10col"]},{"@type":"Person","@id":"https:\/\/pagina10.com\/web\/#\/schema\/person\/a7a5d38f0629dfc107f619fbae4f6cc3","name":"P\u00e1gina 10","description":"P\u00e1gina10.com es un peri\u00f3dico digital que nace en Colombia, en el departamento de Nari\u00f1o, con un enfoque global, fundamentado en cuatro pilares esenciales: la libertad, el pluralismo, la inclusi\u00f3n y la independencia. P\u00e1gina10.com hace referencia a Nari\u00f1o como el d\u00e9cimo departamento creado en Colombia, despu\u00e9s de un proceso pol\u00edtico liderado por actores y actrices regionales con el fin de obtener la independencia y autonom\u00eda de nuestros territorios. Con la creaci\u00f3n de P\u00e1gina10.com se pretende abrir un escenario para el dialogo, la reflexi\u00f3n y el debate que se extienda a otras geograf\u00edas de Am\u00e9rica Latina y del planeta, en una apuesta por transformar colectivamente los desaf\u00edos de un mundo contempor\u00e1neo, m\u00e1s all\u00e1 de las fronteras impuestas.","url":"https:\/\/pagina10.com\/web\/author\/mcepeda\/"}]}},"_links":{"self":[{"href":"https:\/\/pagina10.com\/web\/wp-json\/wp\/v2\/posts\/6626","targetHints":{"allow":["GET"]}}],"collection":[{"href":"https:\/\/pagina10.com\/web\/wp-json\/wp\/v2\/posts"}],"about":[{"href":"https:\/\/pagina10.com\/web\/wp-json\/wp\/v2\/types\/post"}],"author":[{"embeddable":true,"href":"https:\/\/pagina10.com\/web\/wp-json\/wp\/v2\/users\/29"}],"replies":[{"embeddable":true,"href":"https:\/\/pagina10.com\/web\/wp-json\/wp\/v2\/comments?post=6626"}],"version-history":[{"count":0,"href":"https:\/\/pagina10.com\/web\/wp-json\/wp\/v2\/posts\/6626\/revisions"}],"wp:featuredmedia":[{"embeddable":true,"href":"https:\/\/pagina10.com\/web\/wp-json\/wp\/v2\/media\/6625"}],"wp:attachment":[{"href":"https:\/\/pagina10.com\/web\/wp-json\/wp\/v2\/media?parent=6626"}],"wp:term":[{"taxonomy":"category","embeddable":true,"href":"https:\/\/pagina10.com\/web\/wp-json\/wp\/v2\/categories?post=6626"},{"taxonomy":"post_tag","embeddable":true,"href":"https:\/\/pagina10.com\/web\/wp-json\/wp\/v2\/tags?post=6626"}],"curies":[{"name":"wp","href":"https:\/\/api.w.org\/{rel}","templated":true}]}}