{"id":66272,"date":"2023-06-01T15:15:09","date_gmt":"2023-06-01T20:15:09","guid":{"rendered":"https:\/\/pagina10.com\/web\/?p=66272"},"modified":"2023-06-01T15:15:09","modified_gmt":"2023-06-01T20:15:09","slug":"catalina-ortiz-dio-a-conocer-que-el-video-de-violencia-machista-es-un-performance","status":"publish","type":"post","link":"https:\/\/pagina10.com\/web\/catalina-ortiz-dio-a-conocer-que-el-video-de-violencia-machista-es-un-performance\/","title":{"rendered":"Catalina Ortiz dio a conocer que el video de violencia machista es un \u2018performance&#8217;"},"content":{"rendered":"<p style=\"text-align: justify;\">La candidata a la alcald\u00eda de Cali, Catalina Ortiz, reconoci\u00f3 p\u00fablicamente que el video difundido en redes sociales y m\u00faltiples medios de comunicaci\u00f3n es un montaje. El video registra un ataque machista contra Ortiz por parte de un hombre en la calle mientras ella hac\u00eda campa\u00f1a pol\u00edtica.<\/p>\n<p style=\"text-align: justify;\">\u201cReitero que no conoc\u00eda que lo que acontecido fuera una puesta en escena. Nunca fui informada, ni pagu\u00e9 por esto, ni tuve conocimiento de que no fuera real hasta ahora que surge un video\u201d, asegur\u00f3 la candidata en respuesta a las cr\u00edticas de la ciudadan\u00eda y de medios de comunicaci\u00f3n que en principio se solidarizaron con lo ocurrido.<\/p>\n<p style=\"text-align: justify;\">Seg\u00fan la candidata el video es resultado de un \u201cperformance\u201d que decidi\u00f3 hacer su publicista y la agencia Mulatos, sin su previo consentimiento y en respuesta a otras presuntas agresiones recibidas a lo largo de la campa\u00f1a.<\/p>\n<p style=\"text-align: justify;\">Catalina tambi\u00e9n confirm\u00f3 que realiz\u00f3 la denuncia de la agresi\u00f3n antes de conocer la verdad entorno al video.<\/p>\n","protected":false},"excerpt":{"rendered":"<p>La candidata a la alcald\u00eda de Cali, Catalina Ortiz, reconoci\u00f3 p\u00fablicamente que el video difundido en redes sociales y m\u00faltiples medios de comunicaci\u00f3n es un montaje. El video registra un ataque machista contra Ortiz por parte de un hombre en la calle mientras ella hac\u00eda campa\u00f1a pol\u00edtica. \u201cReitero que no conoc\u00eda que lo que acontecido [&hellip;]<\/p>\n","protected":false},"author":1,"featured_media":66273,"comment_status":"open","ping_status":"open","sticky":false,"template":"","format":"standard","meta":{"footnotes":""},"categories":[94],"tags":[],"class_list":["post-66272","post","type-post","status-publish","format-standard","has-post-thumbnail","hentry","category-nacional-global-2"],"yoast_head":"<!-- This site is optimized with the Yoast SEO plugin v27.1.1 - https:\/\/yoast.com\/product\/yoast-seo-wordpress\/ -->\n<title>Catalina Ortiz dio a conocer que el video de violencia machista es un \u2018performance&#039; | P\u00e1gina10<\/title>\n<meta name=\"robots\" content=\"index, follow, max-snippet:-1, max-image-preview:large, max-video-preview:-1\" \/>\n<link rel=\"canonical\" href=\"https:\/\/pagina10.com\/web\/catalina-ortiz-dio-a-conocer-que-el-video-de-violencia-machista-es-un-performance\/\" \/>\n<meta property=\"og:locale\" content=\"es_ES\" \/>\n<meta property=\"og:type\" content=\"article\" \/>\n<meta property=\"og:title\" content=\"Catalina Ortiz dio a conocer que el video de violencia machista es un \u2018performance&#039; | P\u00e1gina10\" \/>\n<meta property=\"og:description\" content=\"La candidata a la alcald\u00eda de Cali, Catalina Ortiz, reconoci\u00f3 p\u00fablicamente que el video difundido en redes sociales y m\u00faltiples medios de comunicaci\u00f3n es un montaje. El video registra un ataque machista contra Ortiz por parte de un hombre en la calle mientras ella hac\u00eda campa\u00f1a pol\u00edtica. \u201cReitero que no conoc\u00eda que lo que acontecido [&hellip;]\" \/>\n<meta property=\"og:url\" content=\"https:\/\/pagina10.com\/web\/catalina-ortiz-dio-a-conocer-que-el-video-de-violencia-machista-es-un-performance\/\" \/>\n<meta property=\"og:site_name\" content=\"P\u00e1gina10\" \/>\n<meta property=\"article:publisher\" content=\"https:\/\/www.facebook.com\/pag10com\" \/>\n<meta property=\"article:published_time\" content=\"2023-06-01T20:15:09+00:00\" \/>\n<meta property=\"og:image\" content=\"https:\/\/pagina10.com\/web\/wp-content\/uploads\/2023\/06\/catalina-ortiz.jpg\" \/>\n\t<meta property=\"og:image:width\" content=\"750\" \/>\n\t<meta property=\"og:image:height\" content=\"450\" \/>\n\t<meta property=\"og:image:type\" content=\"image\/jpeg\" \/>\n<meta name=\"author\" content=\"P\u00e1gina 10\" \/>\n<meta name=\"twitter:card\" content=\"summary_large_image\" \/>\n<meta name=\"twitter:creator\" content=\"@Pag10com\" \/>\n<meta name=\"twitter:site\" content=\"@Pag10com\" \/>\n<meta name=\"twitter:label1\" content=\"Escrito por\" \/>\n\t<meta name=\"twitter:data1\" content=\"P\u00e1gina 10\" \/>\n\t<meta name=\"twitter:label2\" content=\"Tiempo de lectura\" \/>\n\t<meta name=\"twitter:data2\" content=\"1 minuto\" \/>\n<script type=\"application\/ld+json\" class=\"yoast-schema-graph\">{\"@context\":\"https:\/\/schema.org\",\"@graph\":[{\"@type\":\"Article\",\"@id\":\"https:\/\/pagina10.com\/web\/catalina-ortiz-dio-a-conocer-que-el-video-de-violencia-machista-es-un-performance\/#article\",\"isPartOf\":{\"@id\":\"https:\/\/pagina10.com\/web\/catalina-ortiz-dio-a-conocer-que-el-video-de-violencia-machista-es-un-performance\/\"},\"author\":{\"name\":\"P\u00e1gina 10\",\"@id\":\"https:\/\/pagina10.com\/web\/#\/schema\/person\/2efc4a090d25b667d3bc796798a3a81b\"},\"headline\":\"Catalina Ortiz dio a conocer que el video de violencia machista es un \u2018performance&#8217;\",\"datePublished\":\"2023-06-01T20:15:09+00:00\",\"mainEntityOfPage\":{\"@id\":\"https:\/\/pagina10.com\/web\/catalina-ortiz-dio-a-conocer-que-el-video-de-violencia-machista-es-un-performance\/\"},\"wordCount\":189,\"commentCount\":0,\"publisher\":{\"@id\":\"https:\/\/pagina10.com\/web\/#organization\"},\"image\":{\"@id\":\"https:\/\/pagina10.com\/web\/catalina-ortiz-dio-a-conocer-que-el-video-de-violencia-machista-es-un-performance\/#primaryimage\"},\"thumbnailUrl\":\"https:\/\/pagina10.com\/web\/wp-content\/uploads\/2023\/06\/catalina-ortiz.jpg\",\"articleSection\":[\"Nacional\"],\"inLanguage\":\"es\",\"potentialAction\":[{\"@type\":\"CommentAction\",\"name\":\"Comment\",\"target\":[\"https:\/\/pagina10.com\/web\/catalina-ortiz-dio-a-conocer-que-el-video-de-violencia-machista-es-un-performance\/#respond\"]}]},{\"@type\":\"WebPage\",\"@id\":\"https:\/\/pagina10.com\/web\/catalina-ortiz-dio-a-conocer-que-el-video-de-violencia-machista-es-un-performance\/\",\"url\":\"https:\/\/pagina10.com\/web\/catalina-ortiz-dio-a-conocer-que-el-video-de-violencia-machista-es-un-performance\/\",\"name\":\"Catalina Ortiz dio a conocer que el video de violencia machista es un \u2018performance' | P\u00e1gina10\",\"isPartOf\":{\"@id\":\"https:\/\/pagina10.com\/web\/#website\"},\"primaryImageOfPage\":{\"@id\":\"https:\/\/pagina10.com\/web\/catalina-ortiz-dio-a-conocer-que-el-video-de-violencia-machista-es-un-performance\/#primaryimage\"},\"image\":{\"@id\":\"https:\/\/pagina10.com\/web\/catalina-ortiz-dio-a-conocer-que-el-video-de-violencia-machista-es-un-performance\/#primaryimage\"},\"thumbnailUrl\":\"https:\/\/pagina10.com\/web\/wp-content\/uploads\/2023\/06\/catalina-ortiz.jpg\",\"datePublished\":\"2023-06-01T20:15:09+00:00\",\"breadcrumb\":{\"@id\":\"https:\/\/pagina10.com\/web\/catalina-ortiz-dio-a-conocer-que-el-video-de-violencia-machista-es-un-performance\/#breadcrumb\"},\"inLanguage\":\"es\",\"potentialAction\":[{\"@type\":\"ReadAction\",\"target\":[\"https:\/\/pagina10.com\/web\/catalina-ortiz-dio-a-conocer-que-el-video-de-violencia-machista-es-un-performance\/\"]}]},{\"@type\":\"ImageObject\",\"inLanguage\":\"es\",\"@id\":\"https:\/\/pagina10.com\/web\/catalina-ortiz-dio-a-conocer-que-el-video-de-violencia-machista-es-un-performance\/#primaryimage\",\"url\":\"https:\/\/pagina10.com\/web\/wp-content\/uploads\/2023\/06\/catalina-ortiz.jpg\",\"contentUrl\":\"https:\/\/pagina10.com\/web\/wp-content\/uploads\/2023\/06\/catalina-ortiz.jpg\",\"width\":750,\"height\":450},{\"@type\":\"BreadcrumbList\",\"@id\":\"https:\/\/pagina10.com\/web\/catalina-ortiz-dio-a-conocer-que-el-video-de-violencia-machista-es-un-performance\/#breadcrumb\",\"itemListElement\":[{\"@type\":\"ListItem\",\"position\":1,\"name\":\"Portada\",\"item\":\"https:\/\/pagina10.com\/web\/\"},{\"@type\":\"ListItem\",\"position\":2,\"name\":\"Catalina Ortiz dio a conocer que el video de violencia machista es un \u2018performance&#8217;\"}]},{\"@type\":\"WebSite\",\"@id\":\"https:\/\/pagina10.com\/web\/#website\",\"url\":\"https:\/\/pagina10.com\/web\/\",\"name\":\"P\u00e1gina10\",\"description\":\"Peri\u00f3dico Regional\",\"publisher\":{\"@id\":\"https:\/\/pagina10.com\/web\/#organization\"},\"alternateName\":\"P\u00e1gina10 Peri\u00f3dico Regional\",\"potentialAction\":[{\"@type\":\"SearchAction\",\"target\":{\"@type\":\"EntryPoint\",\"urlTemplate\":\"https:\/\/pagina10.com\/web\/?s={search_term_string}\"},\"query-input\":{\"@type\":\"PropertyValueSpecification\",\"valueRequired\":true,\"valueName\":\"search_term_string\"}}],\"inLanguage\":\"es\"},{\"@type\":\"Organization\",\"@id\":\"https:\/\/pagina10.com\/web\/#organization\",\"name\":\"P\u00e1gina10\",\"alternateName\":\"P\u00e1gina10 Peri\u00f3dico Regional\",\"url\":\"https:\/\/pagina10.com\/web\/\",\"logo\":{\"@type\":\"ImageObject\",\"inLanguage\":\"es\",\"@id\":\"https:\/\/pagina10.com\/web\/#\/schema\/logo\/image\/\",\"url\":\"https:\/\/pagina10.com\/web\/wp-content\/uploads\/2024\/01\/40-pagina-10-periodico-regional-pasto.jpg\",\"contentUrl\":\"https:\/\/pagina10.com\/web\/wp-content\/uploads\/2024\/01\/40-pagina-10-periodico-regional-pasto.jpg\",\"width\":1280,\"height\":720,\"caption\":\"P\u00e1gina10\"},\"image\":{\"@id\":\"https:\/\/pagina10.com\/web\/#\/schema\/logo\/image\/\"},\"sameAs\":[\"https:\/\/www.facebook.com\/pag10com\",\"https:\/\/x.com\/Pag10com\",\"https:\/\/www.instagram.com\/pagina10col\/\",\"https:\/\/youtube.com\/channel\/pag10\",\"https:\/\/www.tiktok.com\/@p10col\"]},{\"@type\":\"Person\",\"@id\":\"https:\/\/pagina10.com\/web\/#\/schema\/person\/2efc4a090d25b667d3bc796798a3a81b\",\"name\":\"P\u00e1gina 10\",\"description\":\"P\u00e1gina 10 es un peri\u00f3dico regional que nace en Colombia, en el departamento de Nari\u00f1o, con un enfoque global, fundamentado en cuatro pilares esenciales: la libertad, el pluralismo, la inclusi\u00f3n y la independencia. P\u00e1gina 10 hace referencia a Nari\u00f1o como el d\u00e9cimo departamento creado en Colombia, despu\u00e9s de un proceso pol\u00edtico liderado por actores y actrices regionales con el fin de obtener la independencia y autonom\u00eda de nuestros territorios. Con la creaci\u00f3n de P\u00e1gina 10 se pretende abrir un escenario para el dialogo, la reflexi\u00f3n y el debate que se extienda a otras geograf\u00edas de Am\u00e9rica Latina y del planeta, en una apuesta por transformar colectivamente los desaf\u00edos de un mundo contempor\u00e1neo, m\u00e1s all\u00e1 de las fronteras impuestas.\",\"url\":\"https:\/\/pagina10.com\/web\/author\/pdiezadmin\/\"}]}<\/script>\n<!-- \/ Yoast SEO plugin. -->","yoast_head_json":{"title":"Catalina Ortiz dio a conocer que el video de violencia machista es un \u2018performance' | P\u00e1gina10","robots":{"index":"index","follow":"follow","max-snippet":"max-snippet:-1","max-image-preview":"max-image-preview:large","max-video-preview":"max-video-preview:-1"},"canonical":"https:\/\/pagina10.com\/web\/catalina-ortiz-dio-a-conocer-que-el-video-de-violencia-machista-es-un-performance\/","og_locale":"es_ES","og_type":"article","og_title":"Catalina Ortiz dio a conocer que el video de violencia machista es un \u2018performance' | P\u00e1gina10","og_description":"La candidata a la alcald\u00eda de Cali, Catalina Ortiz, reconoci\u00f3 p\u00fablicamente que el video difundido en redes sociales y m\u00faltiples medios de comunicaci\u00f3n es un montaje. El video registra un ataque machista contra Ortiz por parte de un hombre en la calle mientras ella hac\u00eda campa\u00f1a pol\u00edtica. \u201cReitero que no conoc\u00eda que lo que acontecido [&hellip;]","og_url":"https:\/\/pagina10.com\/web\/catalina-ortiz-dio-a-conocer-que-el-video-de-violencia-machista-es-un-performance\/","og_site_name":"P\u00e1gina10","article_publisher":"https:\/\/www.facebook.com\/pag10com","article_published_time":"2023-06-01T20:15:09+00:00","og_image":[{"width":750,"height":450,"url":"https:\/\/pagina10.com\/web\/wp-content\/uploads\/2023\/06\/catalina-ortiz.jpg","type":"image\/jpeg"}],"author":"P\u00e1gina 10","twitter_card":"summary_large_image","twitter_creator":"@Pag10com","twitter_site":"@Pag10com","twitter_misc":{"Escrito por":"P\u00e1gina 10","Tiempo de lectura":"1 minuto"},"schema":{"@context":"https:\/\/schema.org","@graph":[{"@type":"Article","@id":"https:\/\/pagina10.com\/web\/catalina-ortiz-dio-a-conocer-que-el-video-de-violencia-machista-es-un-performance\/#article","isPartOf":{"@id":"https:\/\/pagina10.com\/web\/catalina-ortiz-dio-a-conocer-que-el-video-de-violencia-machista-es-un-performance\/"},"author":{"name":"P\u00e1gina 10","@id":"https:\/\/pagina10.com\/web\/#\/schema\/person\/2efc4a090d25b667d3bc796798a3a81b"},"headline":"Catalina Ortiz dio a conocer que el video de violencia machista es un \u2018performance&#8217;","datePublished":"2023-06-01T20:15:09+00:00","mainEntityOfPage":{"@id":"https:\/\/pagina10.com\/web\/catalina-ortiz-dio-a-conocer-que-el-video-de-violencia-machista-es-un-performance\/"},"wordCount":189,"commentCount":0,"publisher":{"@id":"https:\/\/pagina10.com\/web\/#organization"},"image":{"@id":"https:\/\/pagina10.com\/web\/catalina-ortiz-dio-a-conocer-que-el-video-de-violencia-machista-es-un-performance\/#primaryimage"},"thumbnailUrl":"https:\/\/pagina10.com\/web\/wp-content\/uploads\/2023\/06\/catalina-ortiz.jpg","articleSection":["Nacional"],"inLanguage":"es","potentialAction":[{"@type":"CommentAction","name":"Comment","target":["https:\/\/pagina10.com\/web\/catalina-ortiz-dio-a-conocer-que-el-video-de-violencia-machista-es-un-performance\/#respond"]}]},{"@type":"WebPage","@id":"https:\/\/pagina10.com\/web\/catalina-ortiz-dio-a-conocer-que-el-video-de-violencia-machista-es-un-performance\/","url":"https:\/\/pagina10.com\/web\/catalina-ortiz-dio-a-conocer-que-el-video-de-violencia-machista-es-un-performance\/","name":"Catalina Ortiz dio a conocer que el video de violencia machista es un \u2018performance' | P\u00e1gina10","isPartOf":{"@id":"https:\/\/pagina10.com\/web\/#website"},"primaryImageOfPage":{"@id":"https:\/\/pagina10.com\/web\/catalina-ortiz-dio-a-conocer-que-el-video-de-violencia-machista-es-un-performance\/#primaryimage"},"image":{"@id":"https:\/\/pagina10.com\/web\/catalina-ortiz-dio-a-conocer-que-el-video-de-violencia-machista-es-un-performance\/#primaryimage"},"thumbnailUrl":"https:\/\/pagina10.com\/web\/wp-content\/uploads\/2023\/06\/catalina-ortiz.jpg","datePublished":"2023-06-01T20:15:09+00:00","breadcrumb":{"@id":"https:\/\/pagina10.com\/web\/catalina-ortiz-dio-a-conocer-que-el-video-de-violencia-machista-es-un-performance\/#breadcrumb"},"inLanguage":"es","potentialAction":[{"@type":"ReadAction","target":["https:\/\/pagina10.com\/web\/catalina-ortiz-dio-a-conocer-que-el-video-de-violencia-machista-es-un-performance\/"]}]},{"@type":"ImageObject","inLanguage":"es","@id":"https:\/\/pagina10.com\/web\/catalina-ortiz-dio-a-conocer-que-el-video-de-violencia-machista-es-un-performance\/#primaryimage","url":"https:\/\/pagina10.com\/web\/wp-content\/uploads\/2023\/06\/catalina-ortiz.jpg","contentUrl":"https:\/\/pagina10.com\/web\/wp-content\/uploads\/2023\/06\/catalina-ortiz.jpg","width":750,"height":450},{"@type":"BreadcrumbList","@id":"https:\/\/pagina10.com\/web\/catalina-ortiz-dio-a-conocer-que-el-video-de-violencia-machista-es-un-performance\/#breadcrumb","itemListElement":[{"@type":"ListItem","position":1,"name":"Portada","item":"https:\/\/pagina10.com\/web\/"},{"@type":"ListItem","position":2,"name":"Catalina Ortiz dio a conocer que el video de violencia machista es un \u2018performance&#8217;"}]},{"@type":"WebSite","@id":"https:\/\/pagina10.com\/web\/#website","url":"https:\/\/pagina10.com\/web\/","name":"P\u00e1gina10","description":"Peri\u00f3dico Regional","publisher":{"@id":"https:\/\/pagina10.com\/web\/#organization"},"alternateName":"P\u00e1gina10 Peri\u00f3dico Regional","potentialAction":[{"@type":"SearchAction","target":{"@type":"EntryPoint","urlTemplate":"https:\/\/pagina10.com\/web\/?s={search_term_string}"},"query-input":{"@type":"PropertyValueSpecification","valueRequired":true,"valueName":"search_term_string"}}],"inLanguage":"es"},{"@type":"Organization","@id":"https:\/\/pagina10.com\/web\/#organization","name":"P\u00e1gina10","alternateName":"P\u00e1gina10 Peri\u00f3dico Regional","url":"https:\/\/pagina10.com\/web\/","logo":{"@type":"ImageObject","inLanguage":"es","@id":"https:\/\/pagina10.com\/web\/#\/schema\/logo\/image\/","url":"https:\/\/pagina10.com\/web\/wp-content\/uploads\/2024\/01\/40-pagina-10-periodico-regional-pasto.jpg","contentUrl":"https:\/\/pagina10.com\/web\/wp-content\/uploads\/2024\/01\/40-pagina-10-periodico-regional-pasto.jpg","width":1280,"height":720,"caption":"P\u00e1gina10"},"image":{"@id":"https:\/\/pagina10.com\/web\/#\/schema\/logo\/image\/"},"sameAs":["https:\/\/www.facebook.com\/pag10com","https:\/\/x.com\/Pag10com","https:\/\/www.instagram.com\/pagina10col\/","https:\/\/youtube.com\/channel\/pag10","https:\/\/www.tiktok.com\/@p10col"]},{"@type":"Person","@id":"https:\/\/pagina10.com\/web\/#\/schema\/person\/2efc4a090d25b667d3bc796798a3a81b","name":"P\u00e1gina 10","description":"P\u00e1gina 10 es un peri\u00f3dico regional que nace en Colombia, en el departamento de Nari\u00f1o, con un enfoque global, fundamentado en cuatro pilares esenciales: la libertad, el pluralismo, la inclusi\u00f3n y la independencia. P\u00e1gina 10 hace referencia a Nari\u00f1o como el d\u00e9cimo departamento creado en Colombia, despu\u00e9s de un proceso pol\u00edtico liderado por actores y actrices regionales con el fin de obtener la independencia y autonom\u00eda de nuestros territorios. Con la creaci\u00f3n de P\u00e1gina 10 se pretende abrir un escenario para el dialogo, la reflexi\u00f3n y el debate que se extienda a otras geograf\u00edas de Am\u00e9rica Latina y del planeta, en una apuesta por transformar colectivamente los desaf\u00edos de un mundo contempor\u00e1neo, m\u00e1s all\u00e1 de las fronteras impuestas.","url":"https:\/\/pagina10.com\/web\/author\/pdiezadmin\/"}]}},"_links":{"self":[{"href":"https:\/\/pagina10.com\/web\/wp-json\/wp\/v2\/posts\/66272","targetHints":{"allow":["GET"]}}],"collection":[{"href":"https:\/\/pagina10.com\/web\/wp-json\/wp\/v2\/posts"}],"about":[{"href":"https:\/\/pagina10.com\/web\/wp-json\/wp\/v2\/types\/post"}],"author":[{"embeddable":true,"href":"https:\/\/pagina10.com\/web\/wp-json\/wp\/v2\/users\/1"}],"replies":[{"embeddable":true,"href":"https:\/\/pagina10.com\/web\/wp-json\/wp\/v2\/comments?post=66272"}],"version-history":[{"count":1,"href":"https:\/\/pagina10.com\/web\/wp-json\/wp\/v2\/posts\/66272\/revisions"}],"predecessor-version":[{"id":66274,"href":"https:\/\/pagina10.com\/web\/wp-json\/wp\/v2\/posts\/66272\/revisions\/66274"}],"wp:featuredmedia":[{"embeddable":true,"href":"https:\/\/pagina10.com\/web\/wp-json\/wp\/v2\/media\/66273"}],"wp:attachment":[{"href":"https:\/\/pagina10.com\/web\/wp-json\/wp\/v2\/media?parent=66272"}],"wp:term":[{"taxonomy":"category","embeddable":true,"href":"https:\/\/pagina10.com\/web\/wp-json\/wp\/v2\/categories?post=66272"},{"taxonomy":"post_tag","embeddable":true,"href":"https:\/\/pagina10.com\/web\/wp-json\/wp\/v2\/tags?post=66272"}],"curies":[{"name":"wp","href":"https:\/\/api.w.org\/{rel}","templated":true}]}}