{"id":66282,"date":"2023-06-02T11:59:18","date_gmt":"2023-06-02T16:59:18","guid":{"rendered":"https:\/\/pagina10.com\/web\/?p=66282"},"modified":"2023-06-02T11:59:18","modified_gmt":"2023-06-02T16:59:18","slug":"maria-fernanda-cabal-podria-ser-la-primera-candidata-a-la-presidencia-para-2026","status":"publish","type":"post","link":"https:\/\/pagina10.com\/web\/maria-fernanda-cabal-podria-ser-la-primera-candidata-a-la-presidencia-para-2026\/","title":{"rendered":"Mar\u00eda Fernanda Cabal podr\u00eda ser la primera candidata a la Presidencia para 2026"},"content":{"rendered":"<p style=\"text-align: justify;\">La actual Senadora de la Rep\u00fablica, Mar\u00eda Fernanda Cabal particip\u00f3 a la opini\u00f3n p\u00fablica, a trav\u00e9s de una entrevista, que podr\u00eda ser la primera candidata a la Presidencia de Colombia para el a\u00f1o 2026.<\/p>\n<p style=\"text-align: justify;\">A tres a\u00f1os de terminar la presidencia de Gustavo Petro, Cabal puntualiz\u00f3 que \u201cSi es la voluntad de Dios, ser\u00e9 presidenta de Colombia. Es mi momento\u201d.<\/p>\n<p style=\"text-align: justify;\">La cabeza visible del Centro Democr\u00e1tico y oposici\u00f3n del gobierno actual, explic\u00f3 que su candidatura sigue en pie, incluso luego de ser vencida por \u00d3scar Iv\u00e1n Zuluaga, en un proceso interno para suceder al uribista Iv\u00e1n Duque, que en ese entonces era presidente.<\/p>\n","protected":false},"excerpt":{"rendered":"<p>La actual Senadora de la Rep\u00fablica, Mar\u00eda Fernanda Cabal particip\u00f3 a la opini\u00f3n p\u00fablica, a trav\u00e9s de una entrevista, que podr\u00eda ser la primera candidata a la Presidencia de Colombia para el a\u00f1o 2026. A tres a\u00f1os de terminar la presidencia de Gustavo Petro, Cabal puntualiz\u00f3 que \u201cSi es la voluntad de Dios, ser\u00e9 presidenta [&hellip;]<\/p>\n","protected":false},"author":1,"featured_media":66283,"comment_status":"open","ping_status":"open","sticky":false,"template":"","format":"standard","meta":{"footnotes":""},"categories":[94],"tags":[],"class_list":["post-66282","post","type-post","status-publish","format-standard","has-post-thumbnail","hentry","category-nacional-global-2"],"yoast_head":"<!-- This site is optimized with the Yoast SEO plugin v27.1.1 - https:\/\/yoast.com\/product\/yoast-seo-wordpress\/ -->\n<title>Mar\u00eda Fernanda Cabal podr\u00eda ser la primera candidata a la Presidencia para 2026 | P\u00e1gina10<\/title>\n<meta name=\"robots\" content=\"index, follow, max-snippet:-1, max-image-preview:large, max-video-preview:-1\" \/>\n<link rel=\"canonical\" href=\"https:\/\/pagina10.com\/web\/maria-fernanda-cabal-podria-ser-la-primera-candidata-a-la-presidencia-para-2026\/\" \/>\n<meta property=\"og:locale\" content=\"es_ES\" \/>\n<meta property=\"og:type\" content=\"article\" \/>\n<meta property=\"og:title\" content=\"Mar\u00eda Fernanda Cabal podr\u00eda ser la primera candidata a la Presidencia para 2026 | P\u00e1gina10\" \/>\n<meta property=\"og:description\" content=\"La actual Senadora de la Rep\u00fablica, Mar\u00eda Fernanda Cabal particip\u00f3 a la opini\u00f3n p\u00fablica, a trav\u00e9s de una entrevista, que podr\u00eda ser la primera candidata a la Presidencia de Colombia para el a\u00f1o 2026. A tres a\u00f1os de terminar la presidencia de Gustavo Petro, Cabal puntualiz\u00f3 que \u201cSi es la voluntad de Dios, ser\u00e9 presidenta [&hellip;]\" \/>\n<meta property=\"og:url\" content=\"https:\/\/pagina10.com\/web\/maria-fernanda-cabal-podria-ser-la-primera-candidata-a-la-presidencia-para-2026\/\" \/>\n<meta property=\"og:site_name\" content=\"P\u00e1gina10\" \/>\n<meta property=\"article:publisher\" content=\"https:\/\/www.facebook.com\/pag10com\" \/>\n<meta property=\"article:published_time\" content=\"2023-06-02T16:59:18+00:00\" \/>\n<meta property=\"og:image\" content=\"https:\/\/pagina10.com\/web\/wp-content\/uploads\/2023\/06\/cabal-lafaurie.jpg\" \/>\n\t<meta property=\"og:image:width\" content=\"1200\" \/>\n\t<meta property=\"og:image:height\" content=\"681\" \/>\n\t<meta property=\"og:image:type\" content=\"image\/jpeg\" \/>\n<meta name=\"author\" content=\"P\u00e1gina 10\" \/>\n<meta name=\"twitter:card\" content=\"summary_large_image\" \/>\n<meta name=\"twitter:creator\" content=\"@Pag10com\" \/>\n<meta name=\"twitter:site\" content=\"@Pag10com\" \/>\n<meta name=\"twitter:label1\" content=\"Escrito por\" \/>\n\t<meta name=\"twitter:data1\" content=\"P\u00e1gina 10\" \/>\n\t<meta name=\"twitter:label2\" content=\"Tiempo de lectura\" \/>\n\t<meta name=\"twitter:data2\" content=\"1 minuto\" \/>\n<script type=\"application\/ld+json\" class=\"yoast-schema-graph\">{\"@context\":\"https:\/\/schema.org\",\"@graph\":[{\"@type\":\"Article\",\"@id\":\"https:\/\/pagina10.com\/web\/maria-fernanda-cabal-podria-ser-la-primera-candidata-a-la-presidencia-para-2026\/#article\",\"isPartOf\":{\"@id\":\"https:\/\/pagina10.com\/web\/maria-fernanda-cabal-podria-ser-la-primera-candidata-a-la-presidencia-para-2026\/\"},\"author\":{\"name\":\"P\u00e1gina 10\",\"@id\":\"https:\/\/pagina10.com\/web\/#\/schema\/person\/2efc4a090d25b667d3bc796798a3a81b\"},\"headline\":\"Mar\u00eda Fernanda Cabal podr\u00eda ser la primera candidata a la Presidencia para 2026\",\"datePublished\":\"2023-06-02T16:59:18+00:00\",\"mainEntityOfPage\":{\"@id\":\"https:\/\/pagina10.com\/web\/maria-fernanda-cabal-podria-ser-la-primera-candidata-a-la-presidencia-para-2026\/\"},\"wordCount\":128,\"commentCount\":0,\"publisher\":{\"@id\":\"https:\/\/pagina10.com\/web\/#organization\"},\"image\":{\"@id\":\"https:\/\/pagina10.com\/web\/maria-fernanda-cabal-podria-ser-la-primera-candidata-a-la-presidencia-para-2026\/#primaryimage\"},\"thumbnailUrl\":\"https:\/\/pagina10.com\/web\/wp-content\/uploads\/2023\/06\/cabal-lafaurie.jpg\",\"articleSection\":[\"Nacional\"],\"inLanguage\":\"es\",\"potentialAction\":[{\"@type\":\"CommentAction\",\"name\":\"Comment\",\"target\":[\"https:\/\/pagina10.com\/web\/maria-fernanda-cabal-podria-ser-la-primera-candidata-a-la-presidencia-para-2026\/#respond\"]}]},{\"@type\":\"WebPage\",\"@id\":\"https:\/\/pagina10.com\/web\/maria-fernanda-cabal-podria-ser-la-primera-candidata-a-la-presidencia-para-2026\/\",\"url\":\"https:\/\/pagina10.com\/web\/maria-fernanda-cabal-podria-ser-la-primera-candidata-a-la-presidencia-para-2026\/\",\"name\":\"Mar\u00eda Fernanda Cabal podr\u00eda ser la primera candidata a la Presidencia para 2026 | P\u00e1gina10\",\"isPartOf\":{\"@id\":\"https:\/\/pagina10.com\/web\/#website\"},\"primaryImageOfPage\":{\"@id\":\"https:\/\/pagina10.com\/web\/maria-fernanda-cabal-podria-ser-la-primera-candidata-a-la-presidencia-para-2026\/#primaryimage\"},\"image\":{\"@id\":\"https:\/\/pagina10.com\/web\/maria-fernanda-cabal-podria-ser-la-primera-candidata-a-la-presidencia-para-2026\/#primaryimage\"},\"thumbnailUrl\":\"https:\/\/pagina10.com\/web\/wp-content\/uploads\/2023\/06\/cabal-lafaurie.jpg\",\"datePublished\":\"2023-06-02T16:59:18+00:00\",\"breadcrumb\":{\"@id\":\"https:\/\/pagina10.com\/web\/maria-fernanda-cabal-podria-ser-la-primera-candidata-a-la-presidencia-para-2026\/#breadcrumb\"},\"inLanguage\":\"es\",\"potentialAction\":[{\"@type\":\"ReadAction\",\"target\":[\"https:\/\/pagina10.com\/web\/maria-fernanda-cabal-podria-ser-la-primera-candidata-a-la-presidencia-para-2026\/\"]}]},{\"@type\":\"ImageObject\",\"inLanguage\":\"es\",\"@id\":\"https:\/\/pagina10.com\/web\/maria-fernanda-cabal-podria-ser-la-primera-candidata-a-la-presidencia-para-2026\/#primaryimage\",\"url\":\"https:\/\/pagina10.com\/web\/wp-content\/uploads\/2023\/06\/cabal-lafaurie.jpg\",\"contentUrl\":\"https:\/\/pagina10.com\/web\/wp-content\/uploads\/2023\/06\/cabal-lafaurie.jpg\",\"width\":1200,\"height\":681},{\"@type\":\"BreadcrumbList\",\"@id\":\"https:\/\/pagina10.com\/web\/maria-fernanda-cabal-podria-ser-la-primera-candidata-a-la-presidencia-para-2026\/#breadcrumb\",\"itemListElement\":[{\"@type\":\"ListItem\",\"position\":1,\"name\":\"Portada\",\"item\":\"https:\/\/pagina10.com\/web\/\"},{\"@type\":\"ListItem\",\"position\":2,\"name\":\"Mar\u00eda Fernanda Cabal podr\u00eda ser la primera candidata a la Presidencia para 2026\"}]},{\"@type\":\"WebSite\",\"@id\":\"https:\/\/pagina10.com\/web\/#website\",\"url\":\"https:\/\/pagina10.com\/web\/\",\"name\":\"P\u00e1gina10\",\"description\":\"Peri\u00f3dico Regional\",\"publisher\":{\"@id\":\"https:\/\/pagina10.com\/web\/#organization\"},\"alternateName\":\"P\u00e1gina10 Peri\u00f3dico Regional\",\"potentialAction\":[{\"@type\":\"SearchAction\",\"target\":{\"@type\":\"EntryPoint\",\"urlTemplate\":\"https:\/\/pagina10.com\/web\/?s={search_term_string}\"},\"query-input\":{\"@type\":\"PropertyValueSpecification\",\"valueRequired\":true,\"valueName\":\"search_term_string\"}}],\"inLanguage\":\"es\"},{\"@type\":\"Organization\",\"@id\":\"https:\/\/pagina10.com\/web\/#organization\",\"name\":\"P\u00e1gina10\",\"alternateName\":\"P\u00e1gina10 Peri\u00f3dico Regional\",\"url\":\"https:\/\/pagina10.com\/web\/\",\"logo\":{\"@type\":\"ImageObject\",\"inLanguage\":\"es\",\"@id\":\"https:\/\/pagina10.com\/web\/#\/schema\/logo\/image\/\",\"url\":\"https:\/\/pagina10.com\/web\/wp-content\/uploads\/2024\/01\/40-pagina-10-periodico-regional-pasto.jpg\",\"contentUrl\":\"https:\/\/pagina10.com\/web\/wp-content\/uploads\/2024\/01\/40-pagina-10-periodico-regional-pasto.jpg\",\"width\":1280,\"height\":720,\"caption\":\"P\u00e1gina10\"},\"image\":{\"@id\":\"https:\/\/pagina10.com\/web\/#\/schema\/logo\/image\/\"},\"sameAs\":[\"https:\/\/www.facebook.com\/pag10com\",\"https:\/\/x.com\/Pag10com\",\"https:\/\/www.instagram.com\/pagina10col\/\",\"https:\/\/youtube.com\/channel\/pag10\",\"https:\/\/www.tiktok.com\/@p10col\"]},{\"@type\":\"Person\",\"@id\":\"https:\/\/pagina10.com\/web\/#\/schema\/person\/2efc4a090d25b667d3bc796798a3a81b\",\"name\":\"P\u00e1gina 10\",\"description\":\"P\u00e1gina 10 es un peri\u00f3dico regional que nace en Colombia, en el departamento de Nari\u00f1o, con un enfoque global, fundamentado en cuatro pilares esenciales: la libertad, el pluralismo, la inclusi\u00f3n y la independencia. P\u00e1gina 10 hace referencia a Nari\u00f1o como el d\u00e9cimo departamento creado en Colombia, despu\u00e9s de un proceso pol\u00edtico liderado por actores y actrices regionales con el fin de obtener la independencia y autonom\u00eda de nuestros territorios. Con la creaci\u00f3n de P\u00e1gina 10 se pretende abrir un escenario para el dialogo, la reflexi\u00f3n y el debate que se extienda a otras geograf\u00edas de Am\u00e9rica Latina y del planeta, en una apuesta por transformar colectivamente los desaf\u00edos de un mundo contempor\u00e1neo, m\u00e1s all\u00e1 de las fronteras impuestas.\",\"url\":\"https:\/\/pagina10.com\/web\/author\/pdiezadmin\/\"}]}<\/script>\n<!-- \/ Yoast SEO plugin. -->","yoast_head_json":{"title":"Mar\u00eda Fernanda Cabal podr\u00eda ser la primera candidata a la Presidencia para 2026 | P\u00e1gina10","robots":{"index":"index","follow":"follow","max-snippet":"max-snippet:-1","max-image-preview":"max-image-preview:large","max-video-preview":"max-video-preview:-1"},"canonical":"https:\/\/pagina10.com\/web\/maria-fernanda-cabal-podria-ser-la-primera-candidata-a-la-presidencia-para-2026\/","og_locale":"es_ES","og_type":"article","og_title":"Mar\u00eda Fernanda Cabal podr\u00eda ser la primera candidata a la Presidencia para 2026 | P\u00e1gina10","og_description":"La actual Senadora de la Rep\u00fablica, Mar\u00eda Fernanda Cabal particip\u00f3 a la opini\u00f3n p\u00fablica, a trav\u00e9s de una entrevista, que podr\u00eda ser la primera candidata a la Presidencia de Colombia para el a\u00f1o 2026. A tres a\u00f1os de terminar la presidencia de Gustavo Petro, Cabal puntualiz\u00f3 que \u201cSi es la voluntad de Dios, ser\u00e9 presidenta [&hellip;]","og_url":"https:\/\/pagina10.com\/web\/maria-fernanda-cabal-podria-ser-la-primera-candidata-a-la-presidencia-para-2026\/","og_site_name":"P\u00e1gina10","article_publisher":"https:\/\/www.facebook.com\/pag10com","article_published_time":"2023-06-02T16:59:18+00:00","og_image":[{"width":1200,"height":681,"url":"https:\/\/pagina10.com\/web\/wp-content\/uploads\/2023\/06\/cabal-lafaurie.jpg","type":"image\/jpeg"}],"author":"P\u00e1gina 10","twitter_card":"summary_large_image","twitter_creator":"@Pag10com","twitter_site":"@Pag10com","twitter_misc":{"Escrito por":"P\u00e1gina 10","Tiempo de lectura":"1 minuto"},"schema":{"@context":"https:\/\/schema.org","@graph":[{"@type":"Article","@id":"https:\/\/pagina10.com\/web\/maria-fernanda-cabal-podria-ser-la-primera-candidata-a-la-presidencia-para-2026\/#article","isPartOf":{"@id":"https:\/\/pagina10.com\/web\/maria-fernanda-cabal-podria-ser-la-primera-candidata-a-la-presidencia-para-2026\/"},"author":{"name":"P\u00e1gina 10","@id":"https:\/\/pagina10.com\/web\/#\/schema\/person\/2efc4a090d25b667d3bc796798a3a81b"},"headline":"Mar\u00eda Fernanda Cabal podr\u00eda ser la primera candidata a la Presidencia para 2026","datePublished":"2023-06-02T16:59:18+00:00","mainEntityOfPage":{"@id":"https:\/\/pagina10.com\/web\/maria-fernanda-cabal-podria-ser-la-primera-candidata-a-la-presidencia-para-2026\/"},"wordCount":128,"commentCount":0,"publisher":{"@id":"https:\/\/pagina10.com\/web\/#organization"},"image":{"@id":"https:\/\/pagina10.com\/web\/maria-fernanda-cabal-podria-ser-la-primera-candidata-a-la-presidencia-para-2026\/#primaryimage"},"thumbnailUrl":"https:\/\/pagina10.com\/web\/wp-content\/uploads\/2023\/06\/cabal-lafaurie.jpg","articleSection":["Nacional"],"inLanguage":"es","potentialAction":[{"@type":"CommentAction","name":"Comment","target":["https:\/\/pagina10.com\/web\/maria-fernanda-cabal-podria-ser-la-primera-candidata-a-la-presidencia-para-2026\/#respond"]}]},{"@type":"WebPage","@id":"https:\/\/pagina10.com\/web\/maria-fernanda-cabal-podria-ser-la-primera-candidata-a-la-presidencia-para-2026\/","url":"https:\/\/pagina10.com\/web\/maria-fernanda-cabal-podria-ser-la-primera-candidata-a-la-presidencia-para-2026\/","name":"Mar\u00eda Fernanda Cabal podr\u00eda ser la primera candidata a la Presidencia para 2026 | P\u00e1gina10","isPartOf":{"@id":"https:\/\/pagina10.com\/web\/#website"},"primaryImageOfPage":{"@id":"https:\/\/pagina10.com\/web\/maria-fernanda-cabal-podria-ser-la-primera-candidata-a-la-presidencia-para-2026\/#primaryimage"},"image":{"@id":"https:\/\/pagina10.com\/web\/maria-fernanda-cabal-podria-ser-la-primera-candidata-a-la-presidencia-para-2026\/#primaryimage"},"thumbnailUrl":"https:\/\/pagina10.com\/web\/wp-content\/uploads\/2023\/06\/cabal-lafaurie.jpg","datePublished":"2023-06-02T16:59:18+00:00","breadcrumb":{"@id":"https:\/\/pagina10.com\/web\/maria-fernanda-cabal-podria-ser-la-primera-candidata-a-la-presidencia-para-2026\/#breadcrumb"},"inLanguage":"es","potentialAction":[{"@type":"ReadAction","target":["https:\/\/pagina10.com\/web\/maria-fernanda-cabal-podria-ser-la-primera-candidata-a-la-presidencia-para-2026\/"]}]},{"@type":"ImageObject","inLanguage":"es","@id":"https:\/\/pagina10.com\/web\/maria-fernanda-cabal-podria-ser-la-primera-candidata-a-la-presidencia-para-2026\/#primaryimage","url":"https:\/\/pagina10.com\/web\/wp-content\/uploads\/2023\/06\/cabal-lafaurie.jpg","contentUrl":"https:\/\/pagina10.com\/web\/wp-content\/uploads\/2023\/06\/cabal-lafaurie.jpg","width":1200,"height":681},{"@type":"BreadcrumbList","@id":"https:\/\/pagina10.com\/web\/maria-fernanda-cabal-podria-ser-la-primera-candidata-a-la-presidencia-para-2026\/#breadcrumb","itemListElement":[{"@type":"ListItem","position":1,"name":"Portada","item":"https:\/\/pagina10.com\/web\/"},{"@type":"ListItem","position":2,"name":"Mar\u00eda Fernanda Cabal podr\u00eda ser la primera candidata a la Presidencia para 2026"}]},{"@type":"WebSite","@id":"https:\/\/pagina10.com\/web\/#website","url":"https:\/\/pagina10.com\/web\/","name":"P\u00e1gina10","description":"Peri\u00f3dico Regional","publisher":{"@id":"https:\/\/pagina10.com\/web\/#organization"},"alternateName":"P\u00e1gina10 Peri\u00f3dico Regional","potentialAction":[{"@type":"SearchAction","target":{"@type":"EntryPoint","urlTemplate":"https:\/\/pagina10.com\/web\/?s={search_term_string}"},"query-input":{"@type":"PropertyValueSpecification","valueRequired":true,"valueName":"search_term_string"}}],"inLanguage":"es"},{"@type":"Organization","@id":"https:\/\/pagina10.com\/web\/#organization","name":"P\u00e1gina10","alternateName":"P\u00e1gina10 Peri\u00f3dico Regional","url":"https:\/\/pagina10.com\/web\/","logo":{"@type":"ImageObject","inLanguage":"es","@id":"https:\/\/pagina10.com\/web\/#\/schema\/logo\/image\/","url":"https:\/\/pagina10.com\/web\/wp-content\/uploads\/2024\/01\/40-pagina-10-periodico-regional-pasto.jpg","contentUrl":"https:\/\/pagina10.com\/web\/wp-content\/uploads\/2024\/01\/40-pagina-10-periodico-regional-pasto.jpg","width":1280,"height":720,"caption":"P\u00e1gina10"},"image":{"@id":"https:\/\/pagina10.com\/web\/#\/schema\/logo\/image\/"},"sameAs":["https:\/\/www.facebook.com\/pag10com","https:\/\/x.com\/Pag10com","https:\/\/www.instagram.com\/pagina10col\/","https:\/\/youtube.com\/channel\/pag10","https:\/\/www.tiktok.com\/@p10col"]},{"@type":"Person","@id":"https:\/\/pagina10.com\/web\/#\/schema\/person\/2efc4a090d25b667d3bc796798a3a81b","name":"P\u00e1gina 10","description":"P\u00e1gina 10 es un peri\u00f3dico regional que nace en Colombia, en el departamento de Nari\u00f1o, con un enfoque global, fundamentado en cuatro pilares esenciales: la libertad, el pluralismo, la inclusi\u00f3n y la independencia. P\u00e1gina 10 hace referencia a Nari\u00f1o como el d\u00e9cimo departamento creado en Colombia, despu\u00e9s de un proceso pol\u00edtico liderado por actores y actrices regionales con el fin de obtener la independencia y autonom\u00eda de nuestros territorios. Con la creaci\u00f3n de P\u00e1gina 10 se pretende abrir un escenario para el dialogo, la reflexi\u00f3n y el debate que se extienda a otras geograf\u00edas de Am\u00e9rica Latina y del planeta, en una apuesta por transformar colectivamente los desaf\u00edos de un mundo contempor\u00e1neo, m\u00e1s all\u00e1 de las fronteras impuestas.","url":"https:\/\/pagina10.com\/web\/author\/pdiezadmin\/"}]}},"_links":{"self":[{"href":"https:\/\/pagina10.com\/web\/wp-json\/wp\/v2\/posts\/66282","targetHints":{"allow":["GET"]}}],"collection":[{"href":"https:\/\/pagina10.com\/web\/wp-json\/wp\/v2\/posts"}],"about":[{"href":"https:\/\/pagina10.com\/web\/wp-json\/wp\/v2\/types\/post"}],"author":[{"embeddable":true,"href":"https:\/\/pagina10.com\/web\/wp-json\/wp\/v2\/users\/1"}],"replies":[{"embeddable":true,"href":"https:\/\/pagina10.com\/web\/wp-json\/wp\/v2\/comments?post=66282"}],"version-history":[{"count":1,"href":"https:\/\/pagina10.com\/web\/wp-json\/wp\/v2\/posts\/66282\/revisions"}],"predecessor-version":[{"id":66284,"href":"https:\/\/pagina10.com\/web\/wp-json\/wp\/v2\/posts\/66282\/revisions\/66284"}],"wp:featuredmedia":[{"embeddable":true,"href":"https:\/\/pagina10.com\/web\/wp-json\/wp\/v2\/media\/66283"}],"wp:attachment":[{"href":"https:\/\/pagina10.com\/web\/wp-json\/wp\/v2\/media?parent=66282"}],"wp:term":[{"taxonomy":"category","embeddable":true,"href":"https:\/\/pagina10.com\/web\/wp-json\/wp\/v2\/categories?post=66282"},{"taxonomy":"post_tag","embeddable":true,"href":"https:\/\/pagina10.com\/web\/wp-json\/wp\/v2\/tags?post=66282"}],"curies":[{"name":"wp","href":"https:\/\/api.w.org\/{rel}","templated":true}]}}