{"id":66324,"date":"2023-06-03T14:41:46","date_gmt":"2023-06-03T19:41:46","guid":{"rendered":"https:\/\/pagina10.com\/web\/?p=66324"},"modified":"2023-06-03T14:41:46","modified_gmt":"2023-06-03T19:41:46","slug":"en-junio-la-gasolina-aumenta-600-pesos","status":"publish","type":"post","link":"https:\/\/pagina10.com\/web\/en-junio-la-gasolina-aumenta-600-pesos\/","title":{"rendered":"En junio, la gasolina aumenta 600 pesos"},"content":{"rendered":"<p style=\"text-align: justify;\">A partir de este s\u00e1bado, 3 de junio, en Colombia se aumentar\u00e1 el precio del gal\u00f3n de gasolina corriente. As\u00ed lo anunci\u00f3 la ministra de Minas y Energ\u00eda, Irene V\u00e9lez. Respecto al mes de mayo, el aumento fijado para gasolina es de 600 pesos, por su parte el gal\u00f3n de ACPM (di\u00e9sel) mantendr\u00e1 su precio.<\/p>\n<p style=\"text-align: justify;\">Este ajuste para el mes de mayo tiene un incremento adicional de $200 si se tiene en cuenta que para el mes de abril fue de $400.<\/p>\n<p style=\"text-align: justify;\">El ministro de Hacienda, Ricardo Bonilla, asegur\u00f3 que el precio del gal\u00f3n seguir\u00eda subiendo a lo largo de estos meses y explic\u00f3 que &#8220;El presidente Duque no lo subi\u00f3, nos dej\u00f3 un hueco de 30 billones de pesos. Ese es el hueco que se est\u00e1 curando. El precio de la gasolina corriente debe llegar al orden de los 15, 16.000 pesos. Pero va a llegar en tres a\u00f1os&#8221;<\/p>\n<p style=\"text-align: justify;\">El incremento lograr\u00e1 reducir el d\u00e9ficit que tiene en la actualidad el fondo de estabilizaci\u00f3n de precios de los combustibles. Por esta raz\u00f3n se busca nivelar la tarifa a los est\u00e1ndares internacionales.<\/p>\n","protected":false},"excerpt":{"rendered":"<p>A partir de este s\u00e1bado, 3 de junio, en Colombia se aumentar\u00e1 el precio del gal\u00f3n de gasolina corriente. As\u00ed lo anunci\u00f3 la ministra de Minas y Energ\u00eda, Irene V\u00e9lez. Respecto al mes de mayo, el aumento fijado para gasolina es de 600 pesos, por su parte el gal\u00f3n de ACPM (di\u00e9sel) mantendr\u00e1 su precio. [&hellip;]<\/p>\n","protected":false},"author":1,"featured_media":66325,"comment_status":"open","ping_status":"open","sticky":false,"template":"","format":"standard","meta":{"footnotes":""},"categories":[94],"tags":[],"class_list":["post-66324","post","type-post","status-publish","format-standard","has-post-thumbnail","hentry","category-nacional-global-2"],"yoast_head":"<!-- This site is optimized with the Yoast SEO plugin v27.1.1 - https:\/\/yoast.com\/product\/yoast-seo-wordpress\/ -->\n<title>En junio, la gasolina aumenta 600 pesos | P\u00e1gina10<\/title>\n<meta name=\"robots\" content=\"index, follow, max-snippet:-1, max-image-preview:large, max-video-preview:-1\" \/>\n<link rel=\"canonical\" href=\"https:\/\/pagina10.com\/web\/en-junio-la-gasolina-aumenta-600-pesos\/\" \/>\n<meta property=\"og:locale\" content=\"es_ES\" \/>\n<meta property=\"og:type\" content=\"article\" \/>\n<meta property=\"og:title\" content=\"En junio, la gasolina aumenta 600 pesos | P\u00e1gina10\" \/>\n<meta property=\"og:description\" content=\"A partir de este s\u00e1bado, 3 de junio, en Colombia se aumentar\u00e1 el precio del gal\u00f3n de gasolina corriente. As\u00ed lo anunci\u00f3 la ministra de Minas y Energ\u00eda, Irene V\u00e9lez. Respecto al mes de mayo, el aumento fijado para gasolina es de 600 pesos, por su parte el gal\u00f3n de ACPM (di\u00e9sel) mantendr\u00e1 su precio. [&hellip;]\" \/>\n<meta property=\"og:url\" content=\"https:\/\/pagina10.com\/web\/en-junio-la-gasolina-aumenta-600-pesos\/\" \/>\n<meta property=\"og:site_name\" content=\"P\u00e1gina10\" \/>\n<meta property=\"article:publisher\" content=\"https:\/\/www.facebook.com\/pag10com\" \/>\n<meta property=\"article:published_time\" content=\"2023-06-03T19:41:46+00:00\" \/>\n<meta property=\"og:image\" content=\"https:\/\/pagina10.com\/web\/wp-content\/uploads\/2023\/06\/YUCBT5JTIREGDEUWYEMTURVV2M.jpg\" \/>\n\t<meta property=\"og:image:width\" content=\"1440\" \/>\n\t<meta property=\"og:image:height\" content=\"980\" \/>\n\t<meta property=\"og:image:type\" content=\"image\/jpeg\" \/>\n<meta name=\"author\" content=\"P\u00e1gina 10\" \/>\n<meta name=\"twitter:card\" content=\"summary_large_image\" \/>\n<meta name=\"twitter:creator\" content=\"@Pag10com\" \/>\n<meta name=\"twitter:site\" content=\"@Pag10com\" \/>\n<meta name=\"twitter:label1\" content=\"Escrito por\" \/>\n\t<meta name=\"twitter:data1\" content=\"P\u00e1gina 10\" \/>\n\t<meta name=\"twitter:label2\" content=\"Tiempo de lectura\" \/>\n\t<meta name=\"twitter:data2\" content=\"1 minuto\" \/>\n<script type=\"application\/ld+json\" class=\"yoast-schema-graph\">{\"@context\":\"https:\/\/schema.org\",\"@graph\":[{\"@type\":\"Article\",\"@id\":\"https:\/\/pagina10.com\/web\/en-junio-la-gasolina-aumenta-600-pesos\/#article\",\"isPartOf\":{\"@id\":\"https:\/\/pagina10.com\/web\/en-junio-la-gasolina-aumenta-600-pesos\/\"},\"author\":{\"name\":\"P\u00e1gina 10\",\"@id\":\"https:\/\/pagina10.com\/web\/#\/schema\/person\/2efc4a090d25b667d3bc796798a3a81b\"},\"headline\":\"En junio, la gasolina aumenta 600 pesos\",\"datePublished\":\"2023-06-03T19:41:46+00:00\",\"mainEntityOfPage\":{\"@id\":\"https:\/\/pagina10.com\/web\/en-junio-la-gasolina-aumenta-600-pesos\/\"},\"wordCount\":194,\"commentCount\":0,\"publisher\":{\"@id\":\"https:\/\/pagina10.com\/web\/#organization\"},\"image\":{\"@id\":\"https:\/\/pagina10.com\/web\/en-junio-la-gasolina-aumenta-600-pesos\/#primaryimage\"},\"thumbnailUrl\":\"https:\/\/pagina10.com\/web\/wp-content\/uploads\/2023\/06\/YUCBT5JTIREGDEUWYEMTURVV2M.jpg\",\"articleSection\":[\"Nacional\"],\"inLanguage\":\"es\",\"potentialAction\":[{\"@type\":\"CommentAction\",\"name\":\"Comment\",\"target\":[\"https:\/\/pagina10.com\/web\/en-junio-la-gasolina-aumenta-600-pesos\/#respond\"]}]},{\"@type\":\"WebPage\",\"@id\":\"https:\/\/pagina10.com\/web\/en-junio-la-gasolina-aumenta-600-pesos\/\",\"url\":\"https:\/\/pagina10.com\/web\/en-junio-la-gasolina-aumenta-600-pesos\/\",\"name\":\"En junio, la gasolina aumenta 600 pesos | P\u00e1gina10\",\"isPartOf\":{\"@id\":\"https:\/\/pagina10.com\/web\/#website\"},\"primaryImageOfPage\":{\"@id\":\"https:\/\/pagina10.com\/web\/en-junio-la-gasolina-aumenta-600-pesos\/#primaryimage\"},\"image\":{\"@id\":\"https:\/\/pagina10.com\/web\/en-junio-la-gasolina-aumenta-600-pesos\/#primaryimage\"},\"thumbnailUrl\":\"https:\/\/pagina10.com\/web\/wp-content\/uploads\/2023\/06\/YUCBT5JTIREGDEUWYEMTURVV2M.jpg\",\"datePublished\":\"2023-06-03T19:41:46+00:00\",\"breadcrumb\":{\"@id\":\"https:\/\/pagina10.com\/web\/en-junio-la-gasolina-aumenta-600-pesos\/#breadcrumb\"},\"inLanguage\":\"es\",\"potentialAction\":[{\"@type\":\"ReadAction\",\"target\":[\"https:\/\/pagina10.com\/web\/en-junio-la-gasolina-aumenta-600-pesos\/\"]}]},{\"@type\":\"ImageObject\",\"inLanguage\":\"es\",\"@id\":\"https:\/\/pagina10.com\/web\/en-junio-la-gasolina-aumenta-600-pesos\/#primaryimage\",\"url\":\"https:\/\/pagina10.com\/web\/wp-content\/uploads\/2023\/06\/YUCBT5JTIREGDEUWYEMTURVV2M.jpg\",\"contentUrl\":\"https:\/\/pagina10.com\/web\/wp-content\/uploads\/2023\/06\/YUCBT5JTIREGDEUWYEMTURVV2M.jpg\",\"width\":1440,\"height\":980},{\"@type\":\"BreadcrumbList\",\"@id\":\"https:\/\/pagina10.com\/web\/en-junio-la-gasolina-aumenta-600-pesos\/#breadcrumb\",\"itemListElement\":[{\"@type\":\"ListItem\",\"position\":1,\"name\":\"Portada\",\"item\":\"https:\/\/pagina10.com\/web\/\"},{\"@type\":\"ListItem\",\"position\":2,\"name\":\"En junio, la gasolina aumenta 600 pesos\"}]},{\"@type\":\"WebSite\",\"@id\":\"https:\/\/pagina10.com\/web\/#website\",\"url\":\"https:\/\/pagina10.com\/web\/\",\"name\":\"P\u00e1gina10\",\"description\":\"Peri\u00f3dico Regional\",\"publisher\":{\"@id\":\"https:\/\/pagina10.com\/web\/#organization\"},\"alternateName\":\"P\u00e1gina10 Peri\u00f3dico Regional\",\"potentialAction\":[{\"@type\":\"SearchAction\",\"target\":{\"@type\":\"EntryPoint\",\"urlTemplate\":\"https:\/\/pagina10.com\/web\/?s={search_term_string}\"},\"query-input\":{\"@type\":\"PropertyValueSpecification\",\"valueRequired\":true,\"valueName\":\"search_term_string\"}}],\"inLanguage\":\"es\"},{\"@type\":\"Organization\",\"@id\":\"https:\/\/pagina10.com\/web\/#organization\",\"name\":\"P\u00e1gina10\",\"alternateName\":\"P\u00e1gina10 Peri\u00f3dico Regional\",\"url\":\"https:\/\/pagina10.com\/web\/\",\"logo\":{\"@type\":\"ImageObject\",\"inLanguage\":\"es\",\"@id\":\"https:\/\/pagina10.com\/web\/#\/schema\/logo\/image\/\",\"url\":\"https:\/\/pagina10.com\/web\/wp-content\/uploads\/2024\/01\/40-pagina-10-periodico-regional-pasto.jpg\",\"contentUrl\":\"https:\/\/pagina10.com\/web\/wp-content\/uploads\/2024\/01\/40-pagina-10-periodico-regional-pasto.jpg\",\"width\":1280,\"height\":720,\"caption\":\"P\u00e1gina10\"},\"image\":{\"@id\":\"https:\/\/pagina10.com\/web\/#\/schema\/logo\/image\/\"},\"sameAs\":[\"https:\/\/www.facebook.com\/pag10com\",\"https:\/\/x.com\/Pag10com\",\"https:\/\/www.instagram.com\/pagina10col\/\",\"https:\/\/youtube.com\/channel\/pag10\",\"https:\/\/www.tiktok.com\/@p10col\"]},{\"@type\":\"Person\",\"@id\":\"https:\/\/pagina10.com\/web\/#\/schema\/person\/2efc4a090d25b667d3bc796798a3a81b\",\"name\":\"P\u00e1gina 10\",\"description\":\"P\u00e1gina 10 es un peri\u00f3dico regional que nace en Colombia, en el departamento de Nari\u00f1o, con un enfoque global, fundamentado en cuatro pilares esenciales: la libertad, el pluralismo, la inclusi\u00f3n y la independencia. P\u00e1gina 10 hace referencia a Nari\u00f1o como el d\u00e9cimo departamento creado en Colombia, despu\u00e9s de un proceso pol\u00edtico liderado por actores y actrices regionales con el fin de obtener la independencia y autonom\u00eda de nuestros territorios. Con la creaci\u00f3n de P\u00e1gina 10 se pretende abrir un escenario para el dialogo, la reflexi\u00f3n y el debate que se extienda a otras geograf\u00edas de Am\u00e9rica Latina y del planeta, en una apuesta por transformar colectivamente los desaf\u00edos de un mundo contempor\u00e1neo, m\u00e1s all\u00e1 de las fronteras impuestas.\",\"url\":\"https:\/\/pagina10.com\/web\/author\/pdiezadmin\/\"}]}<\/script>\n<!-- \/ Yoast SEO plugin. -->","yoast_head_json":{"title":"En junio, la gasolina aumenta 600 pesos | P\u00e1gina10","robots":{"index":"index","follow":"follow","max-snippet":"max-snippet:-1","max-image-preview":"max-image-preview:large","max-video-preview":"max-video-preview:-1"},"canonical":"https:\/\/pagina10.com\/web\/en-junio-la-gasolina-aumenta-600-pesos\/","og_locale":"es_ES","og_type":"article","og_title":"En junio, la gasolina aumenta 600 pesos | P\u00e1gina10","og_description":"A partir de este s\u00e1bado, 3 de junio, en Colombia se aumentar\u00e1 el precio del gal\u00f3n de gasolina corriente. As\u00ed lo anunci\u00f3 la ministra de Minas y Energ\u00eda, Irene V\u00e9lez. Respecto al mes de mayo, el aumento fijado para gasolina es de 600 pesos, por su parte el gal\u00f3n de ACPM (di\u00e9sel) mantendr\u00e1 su precio. [&hellip;]","og_url":"https:\/\/pagina10.com\/web\/en-junio-la-gasolina-aumenta-600-pesos\/","og_site_name":"P\u00e1gina10","article_publisher":"https:\/\/www.facebook.com\/pag10com","article_published_time":"2023-06-03T19:41:46+00:00","og_image":[{"width":1440,"height":980,"url":"https:\/\/pagina10.com\/web\/wp-content\/uploads\/2023\/06\/YUCBT5JTIREGDEUWYEMTURVV2M.jpg","type":"image\/jpeg"}],"author":"P\u00e1gina 10","twitter_card":"summary_large_image","twitter_creator":"@Pag10com","twitter_site":"@Pag10com","twitter_misc":{"Escrito por":"P\u00e1gina 10","Tiempo de lectura":"1 minuto"},"schema":{"@context":"https:\/\/schema.org","@graph":[{"@type":"Article","@id":"https:\/\/pagina10.com\/web\/en-junio-la-gasolina-aumenta-600-pesos\/#article","isPartOf":{"@id":"https:\/\/pagina10.com\/web\/en-junio-la-gasolina-aumenta-600-pesos\/"},"author":{"name":"P\u00e1gina 10","@id":"https:\/\/pagina10.com\/web\/#\/schema\/person\/2efc4a090d25b667d3bc796798a3a81b"},"headline":"En junio, la gasolina aumenta 600 pesos","datePublished":"2023-06-03T19:41:46+00:00","mainEntityOfPage":{"@id":"https:\/\/pagina10.com\/web\/en-junio-la-gasolina-aumenta-600-pesos\/"},"wordCount":194,"commentCount":0,"publisher":{"@id":"https:\/\/pagina10.com\/web\/#organization"},"image":{"@id":"https:\/\/pagina10.com\/web\/en-junio-la-gasolina-aumenta-600-pesos\/#primaryimage"},"thumbnailUrl":"https:\/\/pagina10.com\/web\/wp-content\/uploads\/2023\/06\/YUCBT5JTIREGDEUWYEMTURVV2M.jpg","articleSection":["Nacional"],"inLanguage":"es","potentialAction":[{"@type":"CommentAction","name":"Comment","target":["https:\/\/pagina10.com\/web\/en-junio-la-gasolina-aumenta-600-pesos\/#respond"]}]},{"@type":"WebPage","@id":"https:\/\/pagina10.com\/web\/en-junio-la-gasolina-aumenta-600-pesos\/","url":"https:\/\/pagina10.com\/web\/en-junio-la-gasolina-aumenta-600-pesos\/","name":"En junio, la gasolina aumenta 600 pesos | P\u00e1gina10","isPartOf":{"@id":"https:\/\/pagina10.com\/web\/#website"},"primaryImageOfPage":{"@id":"https:\/\/pagina10.com\/web\/en-junio-la-gasolina-aumenta-600-pesos\/#primaryimage"},"image":{"@id":"https:\/\/pagina10.com\/web\/en-junio-la-gasolina-aumenta-600-pesos\/#primaryimage"},"thumbnailUrl":"https:\/\/pagina10.com\/web\/wp-content\/uploads\/2023\/06\/YUCBT5JTIREGDEUWYEMTURVV2M.jpg","datePublished":"2023-06-03T19:41:46+00:00","breadcrumb":{"@id":"https:\/\/pagina10.com\/web\/en-junio-la-gasolina-aumenta-600-pesos\/#breadcrumb"},"inLanguage":"es","potentialAction":[{"@type":"ReadAction","target":["https:\/\/pagina10.com\/web\/en-junio-la-gasolina-aumenta-600-pesos\/"]}]},{"@type":"ImageObject","inLanguage":"es","@id":"https:\/\/pagina10.com\/web\/en-junio-la-gasolina-aumenta-600-pesos\/#primaryimage","url":"https:\/\/pagina10.com\/web\/wp-content\/uploads\/2023\/06\/YUCBT5JTIREGDEUWYEMTURVV2M.jpg","contentUrl":"https:\/\/pagina10.com\/web\/wp-content\/uploads\/2023\/06\/YUCBT5JTIREGDEUWYEMTURVV2M.jpg","width":1440,"height":980},{"@type":"BreadcrumbList","@id":"https:\/\/pagina10.com\/web\/en-junio-la-gasolina-aumenta-600-pesos\/#breadcrumb","itemListElement":[{"@type":"ListItem","position":1,"name":"Portada","item":"https:\/\/pagina10.com\/web\/"},{"@type":"ListItem","position":2,"name":"En junio, la gasolina aumenta 600 pesos"}]},{"@type":"WebSite","@id":"https:\/\/pagina10.com\/web\/#website","url":"https:\/\/pagina10.com\/web\/","name":"P\u00e1gina10","description":"Peri\u00f3dico Regional","publisher":{"@id":"https:\/\/pagina10.com\/web\/#organization"},"alternateName":"P\u00e1gina10 Peri\u00f3dico Regional","potentialAction":[{"@type":"SearchAction","target":{"@type":"EntryPoint","urlTemplate":"https:\/\/pagina10.com\/web\/?s={search_term_string}"},"query-input":{"@type":"PropertyValueSpecification","valueRequired":true,"valueName":"search_term_string"}}],"inLanguage":"es"},{"@type":"Organization","@id":"https:\/\/pagina10.com\/web\/#organization","name":"P\u00e1gina10","alternateName":"P\u00e1gina10 Peri\u00f3dico Regional","url":"https:\/\/pagina10.com\/web\/","logo":{"@type":"ImageObject","inLanguage":"es","@id":"https:\/\/pagina10.com\/web\/#\/schema\/logo\/image\/","url":"https:\/\/pagina10.com\/web\/wp-content\/uploads\/2024\/01\/40-pagina-10-periodico-regional-pasto.jpg","contentUrl":"https:\/\/pagina10.com\/web\/wp-content\/uploads\/2024\/01\/40-pagina-10-periodico-regional-pasto.jpg","width":1280,"height":720,"caption":"P\u00e1gina10"},"image":{"@id":"https:\/\/pagina10.com\/web\/#\/schema\/logo\/image\/"},"sameAs":["https:\/\/www.facebook.com\/pag10com","https:\/\/x.com\/Pag10com","https:\/\/www.instagram.com\/pagina10col\/","https:\/\/youtube.com\/channel\/pag10","https:\/\/www.tiktok.com\/@p10col"]},{"@type":"Person","@id":"https:\/\/pagina10.com\/web\/#\/schema\/person\/2efc4a090d25b667d3bc796798a3a81b","name":"P\u00e1gina 10","description":"P\u00e1gina 10 es un peri\u00f3dico regional que nace en Colombia, en el departamento de Nari\u00f1o, con un enfoque global, fundamentado en cuatro pilares esenciales: la libertad, el pluralismo, la inclusi\u00f3n y la independencia. P\u00e1gina 10 hace referencia a Nari\u00f1o como el d\u00e9cimo departamento creado en Colombia, despu\u00e9s de un proceso pol\u00edtico liderado por actores y actrices regionales con el fin de obtener la independencia y autonom\u00eda de nuestros territorios. Con la creaci\u00f3n de P\u00e1gina 10 se pretende abrir un escenario para el dialogo, la reflexi\u00f3n y el debate que se extienda a otras geograf\u00edas de Am\u00e9rica Latina y del planeta, en una apuesta por transformar colectivamente los desaf\u00edos de un mundo contempor\u00e1neo, m\u00e1s all\u00e1 de las fronteras impuestas.","url":"https:\/\/pagina10.com\/web\/author\/pdiezadmin\/"}]}},"_links":{"self":[{"href":"https:\/\/pagina10.com\/web\/wp-json\/wp\/v2\/posts\/66324","targetHints":{"allow":["GET"]}}],"collection":[{"href":"https:\/\/pagina10.com\/web\/wp-json\/wp\/v2\/posts"}],"about":[{"href":"https:\/\/pagina10.com\/web\/wp-json\/wp\/v2\/types\/post"}],"author":[{"embeddable":true,"href":"https:\/\/pagina10.com\/web\/wp-json\/wp\/v2\/users\/1"}],"replies":[{"embeddable":true,"href":"https:\/\/pagina10.com\/web\/wp-json\/wp\/v2\/comments?post=66324"}],"version-history":[{"count":1,"href":"https:\/\/pagina10.com\/web\/wp-json\/wp\/v2\/posts\/66324\/revisions"}],"predecessor-version":[{"id":66326,"href":"https:\/\/pagina10.com\/web\/wp-json\/wp\/v2\/posts\/66324\/revisions\/66326"}],"wp:featuredmedia":[{"embeddable":true,"href":"https:\/\/pagina10.com\/web\/wp-json\/wp\/v2\/media\/66325"}],"wp:attachment":[{"href":"https:\/\/pagina10.com\/web\/wp-json\/wp\/v2\/media?parent=66324"}],"wp:term":[{"taxonomy":"category","embeddable":true,"href":"https:\/\/pagina10.com\/web\/wp-json\/wp\/v2\/categories?post=66324"},{"taxonomy":"post_tag","embeddable":true,"href":"https:\/\/pagina10.com\/web\/wp-json\/wp\/v2\/tags?post=66324"}],"curies":[{"name":"wp","href":"https:\/\/api.w.org\/{rel}","templated":true}]}}