{"id":66355,"date":"2023-06-05T11:48:26","date_gmt":"2023-06-05T16:48:26","guid":{"rendered":"https:\/\/pagina10.com\/web\/?p=66355"},"modified":"2023-06-05T14:59:10","modified_gmt":"2023-06-05T19:59:10","slug":"defensoria-del-pueblo-alerto-la-grave-situacion-en-choco-por-paro-armado","status":"publish","type":"post","link":"https:\/\/pagina10.com\/web\/defensoria-del-pueblo-alerto-la-grave-situacion-en-choco-por-paro-armado\/","title":{"rendered":"Defensor\u00eda del Pueblo alert\u00f3 la grave situaci\u00f3n en Choc\u00f3 por paro armado"},"content":{"rendered":"<p style=\"text-align: justify;\">La situaci\u00f3n en el departamento de Choc\u00f3 se ha vuelto cr\u00edtica debido al paro armado decretado por el ELN (Ej\u00e9rcito de Liberaci\u00f3n Nacional), as\u00ed lo anunci\u00f3 la Defensor\u00eda del Pueblo, que ha emitido en las \u00faltimas horas una alerta, por los 5.000 habitantes del municipio de N\u00f3vita que se encuentran confinados desde el 27 de mayo, sumado a esto, se reporta el desplazamiento de otras 600 personas debido a los enfrentamientos armados entre el ELN y el Clan del Golfo.<\/p>\n<p style=\"text-align: justify;\">El casco urbano de N\u00f3vita se ha convertido en una zona de alto riesgo. El paro armado ha paralizado por completo el transporte fluvial y terrestre en el municipio, entorpeciendo la movilizaci\u00f3n de caravanas que buscan llevar asistencia humanitaria a los afectados. Muchas familias han tenido que abrir sus puertas para brindar vivienda temporal a quienes han tenido que abandonar sus hogares.<\/p>\n<p style=\"text-align: justify;\">A trav\u00e9s de un comunicado, la Defensor\u00eda del Pueblo ha hecho un llamado urgente para proteger y garantizar estos derechos fundamentales de los afectados y ha expresado su preocupaci\u00f3n por la falta de acceso a alimentos, agua potable, atenci\u00f3n m\u00e9dica y la libre movilidad de las personas confinadas en condiciones cada vez m\u00e1s precarias.<\/p>\n","protected":false},"excerpt":{"rendered":"<p>La situaci\u00f3n en el departamento de Choc\u00f3 se ha vuelto cr\u00edtica debido al paro armado decretado por el ELN (Ej\u00e9rcito de Liberaci\u00f3n Nacional), as\u00ed lo anunci\u00f3 la Defensor\u00eda del Pueblo, que ha emitido en las \u00faltimas horas una alerta, por los 5.000 habitantes del municipio de N\u00f3vita que se encuentran confinados desde el 27 de [&hellip;]<\/p>\n","protected":false},"author":1,"featured_media":66356,"comment_status":"open","ping_status":"open","sticky":false,"template":"","format":"standard","meta":{"footnotes":""},"categories":[94],"tags":[],"class_list":["post-66355","post","type-post","status-publish","format-standard","has-post-thumbnail","hentry","category-nacional-global-2"],"yoast_head":"<!-- This site is optimized with the Yoast SEO plugin v27.1.1 - https:\/\/yoast.com\/product\/yoast-seo-wordpress\/ -->\n<title>Defensor\u00eda del Pueblo alert\u00f3 la grave situaci\u00f3n en Choc\u00f3 por paro armado | P\u00e1gina10<\/title>\n<meta name=\"robots\" content=\"index, follow, max-snippet:-1, max-image-preview:large, max-video-preview:-1\" \/>\n<link rel=\"canonical\" href=\"https:\/\/pagina10.com\/web\/defensoria-del-pueblo-alerto-la-grave-situacion-en-choco-por-paro-armado\/\" \/>\n<meta property=\"og:locale\" content=\"es_ES\" \/>\n<meta property=\"og:type\" content=\"article\" \/>\n<meta property=\"og:title\" content=\"Defensor\u00eda del Pueblo alert\u00f3 la grave situaci\u00f3n en Choc\u00f3 por paro armado | P\u00e1gina10\" \/>\n<meta property=\"og:description\" content=\"La situaci\u00f3n en el departamento de Choc\u00f3 se ha vuelto cr\u00edtica debido al paro armado decretado por el ELN (Ej\u00e9rcito de Liberaci\u00f3n Nacional), as\u00ed lo anunci\u00f3 la Defensor\u00eda del Pueblo, que ha emitido en las \u00faltimas horas una alerta, por los 5.000 habitantes del municipio de N\u00f3vita que se encuentran confinados desde el 27 de [&hellip;]\" \/>\n<meta property=\"og:url\" content=\"https:\/\/pagina10.com\/web\/defensoria-del-pueblo-alerto-la-grave-situacion-en-choco-por-paro-armado\/\" \/>\n<meta property=\"og:site_name\" content=\"P\u00e1gina10\" \/>\n<meta property=\"article:publisher\" content=\"https:\/\/www.facebook.com\/pag10com\" \/>\n<meta property=\"article:published_time\" content=\"2023-06-05T16:48:26+00:00\" \/>\n<meta property=\"article:modified_time\" content=\"2023-06-05T19:59:10+00:00\" \/>\n<meta property=\"og:image\" content=\"https:\/\/pagina10.com\/web\/wp-content\/uploads\/2023\/06\/b61d1c0d95fe000c263f309c4d54cd77_L.jpg\" \/>\n\t<meta property=\"og:image:width\" content=\"600\" \/>\n\t<meta property=\"og:image:height\" content=\"600\" \/>\n\t<meta property=\"og:image:type\" content=\"image\/jpeg\" \/>\n<meta name=\"author\" content=\"P\u00e1gina 10\" \/>\n<meta name=\"twitter:card\" content=\"summary_large_image\" \/>\n<meta name=\"twitter:creator\" content=\"@Pag10com\" \/>\n<meta name=\"twitter:site\" content=\"@Pag10com\" \/>\n<meta name=\"twitter:label1\" content=\"Escrito por\" \/>\n\t<meta name=\"twitter:data1\" content=\"P\u00e1gina 10\" \/>\n\t<meta name=\"twitter:label2\" content=\"Tiempo de lectura\" \/>\n\t<meta name=\"twitter:data2\" content=\"1 minuto\" \/>\n<script type=\"application\/ld+json\" class=\"yoast-schema-graph\">{\"@context\":\"https:\/\/schema.org\",\"@graph\":[{\"@type\":\"Article\",\"@id\":\"https:\/\/pagina10.com\/web\/defensoria-del-pueblo-alerto-la-grave-situacion-en-choco-por-paro-armado\/#article\",\"isPartOf\":{\"@id\":\"https:\/\/pagina10.com\/web\/defensoria-del-pueblo-alerto-la-grave-situacion-en-choco-por-paro-armado\/\"},\"author\":{\"name\":\"P\u00e1gina 10\",\"@id\":\"https:\/\/pagina10.com\/web\/#\/schema\/person\/2efc4a090d25b667d3bc796798a3a81b\"},\"headline\":\"Defensor\u00eda del Pueblo alert\u00f3 la grave situaci\u00f3n en Choc\u00f3 por paro armado\",\"datePublished\":\"2023-06-05T16:48:26+00:00\",\"dateModified\":\"2023-06-05T19:59:10+00:00\",\"mainEntityOfPage\":{\"@id\":\"https:\/\/pagina10.com\/web\/defensoria-del-pueblo-alerto-la-grave-situacion-en-choco-por-paro-armado\/\"},\"wordCount\":221,\"commentCount\":0,\"publisher\":{\"@id\":\"https:\/\/pagina10.com\/web\/#organization\"},\"image\":{\"@id\":\"https:\/\/pagina10.com\/web\/defensoria-del-pueblo-alerto-la-grave-situacion-en-choco-por-paro-armado\/#primaryimage\"},\"thumbnailUrl\":\"https:\/\/pagina10.com\/web\/wp-content\/uploads\/2023\/06\/b61d1c0d95fe000c263f309c4d54cd77_L.jpg\",\"articleSection\":[\"Nacional\"],\"inLanguage\":\"es\",\"potentialAction\":[{\"@type\":\"CommentAction\",\"name\":\"Comment\",\"target\":[\"https:\/\/pagina10.com\/web\/defensoria-del-pueblo-alerto-la-grave-situacion-en-choco-por-paro-armado\/#respond\"]}]},{\"@type\":\"WebPage\",\"@id\":\"https:\/\/pagina10.com\/web\/defensoria-del-pueblo-alerto-la-grave-situacion-en-choco-por-paro-armado\/\",\"url\":\"https:\/\/pagina10.com\/web\/defensoria-del-pueblo-alerto-la-grave-situacion-en-choco-por-paro-armado\/\",\"name\":\"Defensor\u00eda del Pueblo alert\u00f3 la grave situaci\u00f3n en Choc\u00f3 por paro armado | P\u00e1gina10\",\"isPartOf\":{\"@id\":\"https:\/\/pagina10.com\/web\/#website\"},\"primaryImageOfPage\":{\"@id\":\"https:\/\/pagina10.com\/web\/defensoria-del-pueblo-alerto-la-grave-situacion-en-choco-por-paro-armado\/#primaryimage\"},\"image\":{\"@id\":\"https:\/\/pagina10.com\/web\/defensoria-del-pueblo-alerto-la-grave-situacion-en-choco-por-paro-armado\/#primaryimage\"},\"thumbnailUrl\":\"https:\/\/pagina10.com\/web\/wp-content\/uploads\/2023\/06\/b61d1c0d95fe000c263f309c4d54cd77_L.jpg\",\"datePublished\":\"2023-06-05T16:48:26+00:00\",\"dateModified\":\"2023-06-05T19:59:10+00:00\",\"breadcrumb\":{\"@id\":\"https:\/\/pagina10.com\/web\/defensoria-del-pueblo-alerto-la-grave-situacion-en-choco-por-paro-armado\/#breadcrumb\"},\"inLanguage\":\"es\",\"potentialAction\":[{\"@type\":\"ReadAction\",\"target\":[\"https:\/\/pagina10.com\/web\/defensoria-del-pueblo-alerto-la-grave-situacion-en-choco-por-paro-armado\/\"]}]},{\"@type\":\"ImageObject\",\"inLanguage\":\"es\",\"@id\":\"https:\/\/pagina10.com\/web\/defensoria-del-pueblo-alerto-la-grave-situacion-en-choco-por-paro-armado\/#primaryimage\",\"url\":\"https:\/\/pagina10.com\/web\/wp-content\/uploads\/2023\/06\/b61d1c0d95fe000c263f309c4d54cd77_L.jpg\",\"contentUrl\":\"https:\/\/pagina10.com\/web\/wp-content\/uploads\/2023\/06\/b61d1c0d95fe000c263f309c4d54cd77_L.jpg\",\"width\":600,\"height\":600},{\"@type\":\"BreadcrumbList\",\"@id\":\"https:\/\/pagina10.com\/web\/defensoria-del-pueblo-alerto-la-grave-situacion-en-choco-por-paro-armado\/#breadcrumb\",\"itemListElement\":[{\"@type\":\"ListItem\",\"position\":1,\"name\":\"Portada\",\"item\":\"https:\/\/pagina10.com\/web\/\"},{\"@type\":\"ListItem\",\"position\":2,\"name\":\"Defensor\u00eda del Pueblo alert\u00f3 la grave situaci\u00f3n en Choc\u00f3 por paro armado\"}]},{\"@type\":\"WebSite\",\"@id\":\"https:\/\/pagina10.com\/web\/#website\",\"url\":\"https:\/\/pagina10.com\/web\/\",\"name\":\"P\u00e1gina10\",\"description\":\"Peri\u00f3dico Regional\",\"publisher\":{\"@id\":\"https:\/\/pagina10.com\/web\/#organization\"},\"alternateName\":\"P\u00e1gina10 Peri\u00f3dico Regional\",\"potentialAction\":[{\"@type\":\"SearchAction\",\"target\":{\"@type\":\"EntryPoint\",\"urlTemplate\":\"https:\/\/pagina10.com\/web\/?s={search_term_string}\"},\"query-input\":{\"@type\":\"PropertyValueSpecification\",\"valueRequired\":true,\"valueName\":\"search_term_string\"}}],\"inLanguage\":\"es\"},{\"@type\":\"Organization\",\"@id\":\"https:\/\/pagina10.com\/web\/#organization\",\"name\":\"P\u00e1gina10\",\"alternateName\":\"P\u00e1gina10 Peri\u00f3dico Regional\",\"url\":\"https:\/\/pagina10.com\/web\/\",\"logo\":{\"@type\":\"ImageObject\",\"inLanguage\":\"es\",\"@id\":\"https:\/\/pagina10.com\/web\/#\/schema\/logo\/image\/\",\"url\":\"https:\/\/pagina10.com\/web\/wp-content\/uploads\/2024\/01\/40-pagina-10-periodico-regional-pasto.jpg\",\"contentUrl\":\"https:\/\/pagina10.com\/web\/wp-content\/uploads\/2024\/01\/40-pagina-10-periodico-regional-pasto.jpg\",\"width\":1280,\"height\":720,\"caption\":\"P\u00e1gina10\"},\"image\":{\"@id\":\"https:\/\/pagina10.com\/web\/#\/schema\/logo\/image\/\"},\"sameAs\":[\"https:\/\/www.facebook.com\/pag10com\",\"https:\/\/x.com\/Pag10com\",\"https:\/\/www.instagram.com\/pagina10col\/\",\"https:\/\/youtube.com\/channel\/pag10\",\"https:\/\/www.tiktok.com\/@p10col\"]},{\"@type\":\"Person\",\"@id\":\"https:\/\/pagina10.com\/web\/#\/schema\/person\/2efc4a090d25b667d3bc796798a3a81b\",\"name\":\"P\u00e1gina 10\",\"description\":\"P\u00e1gina 10 es un peri\u00f3dico regional que nace en Colombia, en el departamento de Nari\u00f1o, con un enfoque global, fundamentado en cuatro pilares esenciales: la libertad, el pluralismo, la inclusi\u00f3n y la independencia. P\u00e1gina 10 hace referencia a Nari\u00f1o como el d\u00e9cimo departamento creado en Colombia, despu\u00e9s de un proceso pol\u00edtico liderado por actores y actrices regionales con el fin de obtener la independencia y autonom\u00eda de nuestros territorios. Con la creaci\u00f3n de P\u00e1gina 10 se pretende abrir un escenario para el dialogo, la reflexi\u00f3n y el debate que se extienda a otras geograf\u00edas de Am\u00e9rica Latina y del planeta, en una apuesta por transformar colectivamente los desaf\u00edos de un mundo contempor\u00e1neo, m\u00e1s all\u00e1 de las fronteras impuestas.\",\"url\":\"https:\/\/pagina10.com\/web\/author\/pdiezadmin\/\"}]}<\/script>\n<!-- \/ Yoast SEO plugin. -->","yoast_head_json":{"title":"Defensor\u00eda del Pueblo alert\u00f3 la grave situaci\u00f3n en Choc\u00f3 por paro armado | P\u00e1gina10","robots":{"index":"index","follow":"follow","max-snippet":"max-snippet:-1","max-image-preview":"max-image-preview:large","max-video-preview":"max-video-preview:-1"},"canonical":"https:\/\/pagina10.com\/web\/defensoria-del-pueblo-alerto-la-grave-situacion-en-choco-por-paro-armado\/","og_locale":"es_ES","og_type":"article","og_title":"Defensor\u00eda del Pueblo alert\u00f3 la grave situaci\u00f3n en Choc\u00f3 por paro armado | P\u00e1gina10","og_description":"La situaci\u00f3n en el departamento de Choc\u00f3 se ha vuelto cr\u00edtica debido al paro armado decretado por el ELN (Ej\u00e9rcito de Liberaci\u00f3n Nacional), as\u00ed lo anunci\u00f3 la Defensor\u00eda del Pueblo, que ha emitido en las \u00faltimas horas una alerta, por los 5.000 habitantes del municipio de N\u00f3vita que se encuentran confinados desde el 27 de [&hellip;]","og_url":"https:\/\/pagina10.com\/web\/defensoria-del-pueblo-alerto-la-grave-situacion-en-choco-por-paro-armado\/","og_site_name":"P\u00e1gina10","article_publisher":"https:\/\/www.facebook.com\/pag10com","article_published_time":"2023-06-05T16:48:26+00:00","article_modified_time":"2023-06-05T19:59:10+00:00","og_image":[{"width":600,"height":600,"url":"https:\/\/pagina10.com\/web\/wp-content\/uploads\/2023\/06\/b61d1c0d95fe000c263f309c4d54cd77_L.jpg","type":"image\/jpeg"}],"author":"P\u00e1gina 10","twitter_card":"summary_large_image","twitter_creator":"@Pag10com","twitter_site":"@Pag10com","twitter_misc":{"Escrito por":"P\u00e1gina 10","Tiempo de lectura":"1 minuto"},"schema":{"@context":"https:\/\/schema.org","@graph":[{"@type":"Article","@id":"https:\/\/pagina10.com\/web\/defensoria-del-pueblo-alerto-la-grave-situacion-en-choco-por-paro-armado\/#article","isPartOf":{"@id":"https:\/\/pagina10.com\/web\/defensoria-del-pueblo-alerto-la-grave-situacion-en-choco-por-paro-armado\/"},"author":{"name":"P\u00e1gina 10","@id":"https:\/\/pagina10.com\/web\/#\/schema\/person\/2efc4a090d25b667d3bc796798a3a81b"},"headline":"Defensor\u00eda del Pueblo alert\u00f3 la grave situaci\u00f3n en Choc\u00f3 por paro armado","datePublished":"2023-06-05T16:48:26+00:00","dateModified":"2023-06-05T19:59:10+00:00","mainEntityOfPage":{"@id":"https:\/\/pagina10.com\/web\/defensoria-del-pueblo-alerto-la-grave-situacion-en-choco-por-paro-armado\/"},"wordCount":221,"commentCount":0,"publisher":{"@id":"https:\/\/pagina10.com\/web\/#organization"},"image":{"@id":"https:\/\/pagina10.com\/web\/defensoria-del-pueblo-alerto-la-grave-situacion-en-choco-por-paro-armado\/#primaryimage"},"thumbnailUrl":"https:\/\/pagina10.com\/web\/wp-content\/uploads\/2023\/06\/b61d1c0d95fe000c263f309c4d54cd77_L.jpg","articleSection":["Nacional"],"inLanguage":"es","potentialAction":[{"@type":"CommentAction","name":"Comment","target":["https:\/\/pagina10.com\/web\/defensoria-del-pueblo-alerto-la-grave-situacion-en-choco-por-paro-armado\/#respond"]}]},{"@type":"WebPage","@id":"https:\/\/pagina10.com\/web\/defensoria-del-pueblo-alerto-la-grave-situacion-en-choco-por-paro-armado\/","url":"https:\/\/pagina10.com\/web\/defensoria-del-pueblo-alerto-la-grave-situacion-en-choco-por-paro-armado\/","name":"Defensor\u00eda del Pueblo alert\u00f3 la grave situaci\u00f3n en Choc\u00f3 por paro armado | P\u00e1gina10","isPartOf":{"@id":"https:\/\/pagina10.com\/web\/#website"},"primaryImageOfPage":{"@id":"https:\/\/pagina10.com\/web\/defensoria-del-pueblo-alerto-la-grave-situacion-en-choco-por-paro-armado\/#primaryimage"},"image":{"@id":"https:\/\/pagina10.com\/web\/defensoria-del-pueblo-alerto-la-grave-situacion-en-choco-por-paro-armado\/#primaryimage"},"thumbnailUrl":"https:\/\/pagina10.com\/web\/wp-content\/uploads\/2023\/06\/b61d1c0d95fe000c263f309c4d54cd77_L.jpg","datePublished":"2023-06-05T16:48:26+00:00","dateModified":"2023-06-05T19:59:10+00:00","breadcrumb":{"@id":"https:\/\/pagina10.com\/web\/defensoria-del-pueblo-alerto-la-grave-situacion-en-choco-por-paro-armado\/#breadcrumb"},"inLanguage":"es","potentialAction":[{"@type":"ReadAction","target":["https:\/\/pagina10.com\/web\/defensoria-del-pueblo-alerto-la-grave-situacion-en-choco-por-paro-armado\/"]}]},{"@type":"ImageObject","inLanguage":"es","@id":"https:\/\/pagina10.com\/web\/defensoria-del-pueblo-alerto-la-grave-situacion-en-choco-por-paro-armado\/#primaryimage","url":"https:\/\/pagina10.com\/web\/wp-content\/uploads\/2023\/06\/b61d1c0d95fe000c263f309c4d54cd77_L.jpg","contentUrl":"https:\/\/pagina10.com\/web\/wp-content\/uploads\/2023\/06\/b61d1c0d95fe000c263f309c4d54cd77_L.jpg","width":600,"height":600},{"@type":"BreadcrumbList","@id":"https:\/\/pagina10.com\/web\/defensoria-del-pueblo-alerto-la-grave-situacion-en-choco-por-paro-armado\/#breadcrumb","itemListElement":[{"@type":"ListItem","position":1,"name":"Portada","item":"https:\/\/pagina10.com\/web\/"},{"@type":"ListItem","position":2,"name":"Defensor\u00eda del Pueblo alert\u00f3 la grave situaci\u00f3n en Choc\u00f3 por paro armado"}]},{"@type":"WebSite","@id":"https:\/\/pagina10.com\/web\/#website","url":"https:\/\/pagina10.com\/web\/","name":"P\u00e1gina10","description":"Peri\u00f3dico Regional","publisher":{"@id":"https:\/\/pagina10.com\/web\/#organization"},"alternateName":"P\u00e1gina10 Peri\u00f3dico Regional","potentialAction":[{"@type":"SearchAction","target":{"@type":"EntryPoint","urlTemplate":"https:\/\/pagina10.com\/web\/?s={search_term_string}"},"query-input":{"@type":"PropertyValueSpecification","valueRequired":true,"valueName":"search_term_string"}}],"inLanguage":"es"},{"@type":"Organization","@id":"https:\/\/pagina10.com\/web\/#organization","name":"P\u00e1gina10","alternateName":"P\u00e1gina10 Peri\u00f3dico Regional","url":"https:\/\/pagina10.com\/web\/","logo":{"@type":"ImageObject","inLanguage":"es","@id":"https:\/\/pagina10.com\/web\/#\/schema\/logo\/image\/","url":"https:\/\/pagina10.com\/web\/wp-content\/uploads\/2024\/01\/40-pagina-10-periodico-regional-pasto.jpg","contentUrl":"https:\/\/pagina10.com\/web\/wp-content\/uploads\/2024\/01\/40-pagina-10-periodico-regional-pasto.jpg","width":1280,"height":720,"caption":"P\u00e1gina10"},"image":{"@id":"https:\/\/pagina10.com\/web\/#\/schema\/logo\/image\/"},"sameAs":["https:\/\/www.facebook.com\/pag10com","https:\/\/x.com\/Pag10com","https:\/\/www.instagram.com\/pagina10col\/","https:\/\/youtube.com\/channel\/pag10","https:\/\/www.tiktok.com\/@p10col"]},{"@type":"Person","@id":"https:\/\/pagina10.com\/web\/#\/schema\/person\/2efc4a090d25b667d3bc796798a3a81b","name":"P\u00e1gina 10","description":"P\u00e1gina 10 es un peri\u00f3dico regional que nace en Colombia, en el departamento de Nari\u00f1o, con un enfoque global, fundamentado en cuatro pilares esenciales: la libertad, el pluralismo, la inclusi\u00f3n y la independencia. P\u00e1gina 10 hace referencia a Nari\u00f1o como el d\u00e9cimo departamento creado en Colombia, despu\u00e9s de un proceso pol\u00edtico liderado por actores y actrices regionales con el fin de obtener la independencia y autonom\u00eda de nuestros territorios. Con la creaci\u00f3n de P\u00e1gina 10 se pretende abrir un escenario para el dialogo, la reflexi\u00f3n y el debate que se extienda a otras geograf\u00edas de Am\u00e9rica Latina y del planeta, en una apuesta por transformar colectivamente los desaf\u00edos de un mundo contempor\u00e1neo, m\u00e1s all\u00e1 de las fronteras impuestas.","url":"https:\/\/pagina10.com\/web\/author\/pdiezadmin\/"}]}},"_links":{"self":[{"href":"https:\/\/pagina10.com\/web\/wp-json\/wp\/v2\/posts\/66355","targetHints":{"allow":["GET"]}}],"collection":[{"href":"https:\/\/pagina10.com\/web\/wp-json\/wp\/v2\/posts"}],"about":[{"href":"https:\/\/pagina10.com\/web\/wp-json\/wp\/v2\/types\/post"}],"author":[{"embeddable":true,"href":"https:\/\/pagina10.com\/web\/wp-json\/wp\/v2\/users\/1"}],"replies":[{"embeddable":true,"href":"https:\/\/pagina10.com\/web\/wp-json\/wp\/v2\/comments?post=66355"}],"version-history":[{"count":2,"href":"https:\/\/pagina10.com\/web\/wp-json\/wp\/v2\/posts\/66355\/revisions"}],"predecessor-version":[{"id":66366,"href":"https:\/\/pagina10.com\/web\/wp-json\/wp\/v2\/posts\/66355\/revisions\/66366"}],"wp:featuredmedia":[{"embeddable":true,"href":"https:\/\/pagina10.com\/web\/wp-json\/wp\/v2\/media\/66356"}],"wp:attachment":[{"href":"https:\/\/pagina10.com\/web\/wp-json\/wp\/v2\/media?parent=66355"}],"wp:term":[{"taxonomy":"category","embeddable":true,"href":"https:\/\/pagina10.com\/web\/wp-json\/wp\/v2\/categories?post=66355"},{"taxonomy":"post_tag","embeddable":true,"href":"https:\/\/pagina10.com\/web\/wp-json\/wp\/v2\/tags?post=66355"}],"curies":[{"name":"wp","href":"https:\/\/api.w.org\/{rel}","templated":true}]}}