{"id":66362,"date":"2023-06-05T12:03:48","date_gmt":"2023-06-05T17:03:48","guid":{"rendered":"https:\/\/pagina10.com\/web\/?p=66362"},"modified":"2023-06-05T12:10:59","modified_gmt":"2023-06-05T17:10:59","slug":"en-grave-accidente-murio-el-ciclista-colombiano-german-chaves-y-su-padre","status":"publish","type":"post","link":"https:\/\/pagina10.com\/web\/en-grave-accidente-murio-el-ciclista-colombiano-german-chaves-y-su-padre\/","title":{"rendered":"En grave accidente muri\u00f3 el ciclista colombiano Germ\u00e1n Chaves y su Padre"},"content":{"rendered":"<p style=\"text-align: justify;\">El ciclista profesional de 27 a\u00f1os, Germ\u00e1n Chaves, sufri\u00f3 este domingo un accidente fatal con un cami\u00f3n, mientras entrenaba con su Padre en la v\u00eda Bogot\u00e1 -Tunja, cerca de Chocont\u00e1 en el departamento de Cundinamarca.<\/p>\n<p style=\"text-align: justify;\">El comunicado difundido por la escuadra a la que pertenec\u00eda Chaves, explico lo sucedido: el deportista falleci\u00f3 casi de manera instant\u00e1nea luego que un veh\u00edculo de carga pesada ocupara el carril del ciclista, ocasionando el accidente. Ya en horas de la tarde del mismo domingo se conoci\u00f3 que el padre tambi\u00e9n falleci\u00f3 debido a la gravedad de sus heridas, en la Cl\u00ednica de la Universidad de la Sabana.<\/p>\n<p style=\"text-align: justify;\">Luego de la difusi\u00f3n de la noticia, se conocieron varias voces de apoyo y condolencias, incluida la del presidente Petro, que menciono a trav\u00e9s de sus redes sociales: \u201cConoc\u00ed a Germ\u00e1n siendo alcalde. Mi m\u00e1s sentido p\u00e9same. QEPD.\u201d<\/p>\n<p>&nbsp;<\/p>\n","protected":false},"excerpt":{"rendered":"<p>El ciclista profesional de 27 a\u00f1os, Germ\u00e1n Chaves, sufri\u00f3 este domingo un accidente fatal con un cami\u00f3n, mientras entrenaba con su Padre en la v\u00eda Bogot\u00e1 -Tunja, cerca de Chocont\u00e1 en el departamento de Cundinamarca. El comunicado difundido por la escuadra a la que pertenec\u00eda Chaves, explico lo sucedido: el deportista falleci\u00f3 casi de manera [&hellip;]<\/p>\n","protected":false},"author":1,"featured_media":66365,"comment_status":"open","ping_status":"open","sticky":false,"template":"","format":"standard","meta":{"footnotes":""},"categories":[94],"tags":[],"class_list":["post-66362","post","type-post","status-publish","format-standard","has-post-thumbnail","hentry","category-nacional-global-2"],"yoast_head":"<!-- This site is optimized with the Yoast SEO plugin v27.1.1 - https:\/\/yoast.com\/product\/yoast-seo-wordpress\/ -->\n<title>En grave accidente muri\u00f3 el ciclista colombiano Germ\u00e1n Chaves y su Padre | P\u00e1gina10<\/title>\n<meta name=\"robots\" content=\"index, follow, max-snippet:-1, max-image-preview:large, max-video-preview:-1\" \/>\n<link rel=\"canonical\" href=\"https:\/\/pagina10.com\/web\/en-grave-accidente-murio-el-ciclista-colombiano-german-chaves-y-su-padre\/\" \/>\n<meta property=\"og:locale\" content=\"es_ES\" \/>\n<meta property=\"og:type\" content=\"article\" \/>\n<meta property=\"og:title\" content=\"En grave accidente muri\u00f3 el ciclista colombiano Germ\u00e1n Chaves y su Padre | P\u00e1gina10\" \/>\n<meta property=\"og:description\" content=\"El ciclista profesional de 27 a\u00f1os, Germ\u00e1n Chaves, sufri\u00f3 este domingo un accidente fatal con un cami\u00f3n, mientras entrenaba con su Padre en la v\u00eda Bogot\u00e1 -Tunja, cerca de Chocont\u00e1 en el departamento de Cundinamarca. El comunicado difundido por la escuadra a la que pertenec\u00eda Chaves, explico lo sucedido: el deportista falleci\u00f3 casi de manera [&hellip;]\" \/>\n<meta property=\"og:url\" content=\"https:\/\/pagina10.com\/web\/en-grave-accidente-murio-el-ciclista-colombiano-german-chaves-y-su-padre\/\" \/>\n<meta property=\"og:site_name\" content=\"P\u00e1gina10\" \/>\n<meta property=\"article:publisher\" content=\"https:\/\/www.facebook.com\/pag10com\" \/>\n<meta property=\"article:published_time\" content=\"2023-06-05T17:03:48+00:00\" \/>\n<meta property=\"article:modified_time\" content=\"2023-06-05T17:10:59+00:00\" \/>\n<meta property=\"og:image\" content=\"https:\/\/pagina10.com\/web\/wp-content\/uploads\/2023\/06\/d.jpg\" \/>\n\t<meta property=\"og:image:width\" content=\"640\" \/>\n\t<meta property=\"og:image:height\" content=\"543\" \/>\n\t<meta property=\"og:image:type\" content=\"image\/jpeg\" \/>\n<meta name=\"author\" content=\"P\u00e1gina 10\" \/>\n<meta name=\"twitter:card\" content=\"summary_large_image\" \/>\n<meta name=\"twitter:creator\" content=\"@Pag10com\" \/>\n<meta name=\"twitter:site\" content=\"@Pag10com\" \/>\n<meta name=\"twitter:label1\" content=\"Escrito por\" \/>\n\t<meta name=\"twitter:data1\" content=\"P\u00e1gina 10\" \/>\n\t<meta name=\"twitter:label2\" content=\"Tiempo de lectura\" \/>\n\t<meta name=\"twitter:data2\" content=\"1 minuto\" \/>\n<script type=\"application\/ld+json\" class=\"yoast-schema-graph\">{\"@context\":\"https:\/\/schema.org\",\"@graph\":[{\"@type\":\"Article\",\"@id\":\"https:\/\/pagina10.com\/web\/en-grave-accidente-murio-el-ciclista-colombiano-german-chaves-y-su-padre\/#article\",\"isPartOf\":{\"@id\":\"https:\/\/pagina10.com\/web\/en-grave-accidente-murio-el-ciclista-colombiano-german-chaves-y-su-padre\/\"},\"author\":{\"name\":\"P\u00e1gina 10\",\"@id\":\"https:\/\/pagina10.com\/web\/#\/schema\/person\/2efc4a090d25b667d3bc796798a3a81b\"},\"headline\":\"En grave accidente muri\u00f3 el ciclista colombiano Germ\u00e1n Chaves y su Padre\",\"datePublished\":\"2023-06-05T17:03:48+00:00\",\"dateModified\":\"2023-06-05T17:10:59+00:00\",\"mainEntityOfPage\":{\"@id\":\"https:\/\/pagina10.com\/web\/en-grave-accidente-murio-el-ciclista-colombiano-german-chaves-y-su-padre\/\"},\"wordCount\":168,\"commentCount\":0,\"publisher\":{\"@id\":\"https:\/\/pagina10.com\/web\/#organization\"},\"image\":{\"@id\":\"https:\/\/pagina10.com\/web\/en-grave-accidente-murio-el-ciclista-colombiano-german-chaves-y-su-padre\/#primaryimage\"},\"thumbnailUrl\":\"https:\/\/pagina10.com\/web\/wp-content\/uploads\/2023\/06\/d.jpg\",\"articleSection\":[\"Nacional\"],\"inLanguage\":\"es\",\"potentialAction\":[{\"@type\":\"CommentAction\",\"name\":\"Comment\",\"target\":[\"https:\/\/pagina10.com\/web\/en-grave-accidente-murio-el-ciclista-colombiano-german-chaves-y-su-padre\/#respond\"]}]},{\"@type\":\"WebPage\",\"@id\":\"https:\/\/pagina10.com\/web\/en-grave-accidente-murio-el-ciclista-colombiano-german-chaves-y-su-padre\/\",\"url\":\"https:\/\/pagina10.com\/web\/en-grave-accidente-murio-el-ciclista-colombiano-german-chaves-y-su-padre\/\",\"name\":\"En grave accidente muri\u00f3 el ciclista colombiano Germ\u00e1n Chaves y su Padre | P\u00e1gina10\",\"isPartOf\":{\"@id\":\"https:\/\/pagina10.com\/web\/#website\"},\"primaryImageOfPage\":{\"@id\":\"https:\/\/pagina10.com\/web\/en-grave-accidente-murio-el-ciclista-colombiano-german-chaves-y-su-padre\/#primaryimage\"},\"image\":{\"@id\":\"https:\/\/pagina10.com\/web\/en-grave-accidente-murio-el-ciclista-colombiano-german-chaves-y-su-padre\/#primaryimage\"},\"thumbnailUrl\":\"https:\/\/pagina10.com\/web\/wp-content\/uploads\/2023\/06\/d.jpg\",\"datePublished\":\"2023-06-05T17:03:48+00:00\",\"dateModified\":\"2023-06-05T17:10:59+00:00\",\"breadcrumb\":{\"@id\":\"https:\/\/pagina10.com\/web\/en-grave-accidente-murio-el-ciclista-colombiano-german-chaves-y-su-padre\/#breadcrumb\"},\"inLanguage\":\"es\",\"potentialAction\":[{\"@type\":\"ReadAction\",\"target\":[\"https:\/\/pagina10.com\/web\/en-grave-accidente-murio-el-ciclista-colombiano-german-chaves-y-su-padre\/\"]}]},{\"@type\":\"ImageObject\",\"inLanguage\":\"es\",\"@id\":\"https:\/\/pagina10.com\/web\/en-grave-accidente-murio-el-ciclista-colombiano-german-chaves-y-su-padre\/#primaryimage\",\"url\":\"https:\/\/pagina10.com\/web\/wp-content\/uploads\/2023\/06\/d.jpg\",\"contentUrl\":\"https:\/\/pagina10.com\/web\/wp-content\/uploads\/2023\/06\/d.jpg\",\"width\":640,\"height\":543},{\"@type\":\"BreadcrumbList\",\"@id\":\"https:\/\/pagina10.com\/web\/en-grave-accidente-murio-el-ciclista-colombiano-german-chaves-y-su-padre\/#breadcrumb\",\"itemListElement\":[{\"@type\":\"ListItem\",\"position\":1,\"name\":\"Portada\",\"item\":\"https:\/\/pagina10.com\/web\/\"},{\"@type\":\"ListItem\",\"position\":2,\"name\":\"En grave accidente muri\u00f3 el ciclista colombiano Germ\u00e1n Chaves y su Padre\"}]},{\"@type\":\"WebSite\",\"@id\":\"https:\/\/pagina10.com\/web\/#website\",\"url\":\"https:\/\/pagina10.com\/web\/\",\"name\":\"P\u00e1gina10\",\"description\":\"Peri\u00f3dico Regional\",\"publisher\":{\"@id\":\"https:\/\/pagina10.com\/web\/#organization\"},\"alternateName\":\"P\u00e1gina10 Peri\u00f3dico Regional\",\"potentialAction\":[{\"@type\":\"SearchAction\",\"target\":{\"@type\":\"EntryPoint\",\"urlTemplate\":\"https:\/\/pagina10.com\/web\/?s={search_term_string}\"},\"query-input\":{\"@type\":\"PropertyValueSpecification\",\"valueRequired\":true,\"valueName\":\"search_term_string\"}}],\"inLanguage\":\"es\"},{\"@type\":\"Organization\",\"@id\":\"https:\/\/pagina10.com\/web\/#organization\",\"name\":\"P\u00e1gina10\",\"alternateName\":\"P\u00e1gina10 Peri\u00f3dico Regional\",\"url\":\"https:\/\/pagina10.com\/web\/\",\"logo\":{\"@type\":\"ImageObject\",\"inLanguage\":\"es\",\"@id\":\"https:\/\/pagina10.com\/web\/#\/schema\/logo\/image\/\",\"url\":\"https:\/\/pagina10.com\/web\/wp-content\/uploads\/2024\/01\/40-pagina-10-periodico-regional-pasto.jpg\",\"contentUrl\":\"https:\/\/pagina10.com\/web\/wp-content\/uploads\/2024\/01\/40-pagina-10-periodico-regional-pasto.jpg\",\"width\":1280,\"height\":720,\"caption\":\"P\u00e1gina10\"},\"image\":{\"@id\":\"https:\/\/pagina10.com\/web\/#\/schema\/logo\/image\/\"},\"sameAs\":[\"https:\/\/www.facebook.com\/pag10com\",\"https:\/\/x.com\/Pag10com\",\"https:\/\/www.instagram.com\/pagina10col\/\",\"https:\/\/youtube.com\/channel\/pag10\",\"https:\/\/www.tiktok.com\/@p10col\"]},{\"@type\":\"Person\",\"@id\":\"https:\/\/pagina10.com\/web\/#\/schema\/person\/2efc4a090d25b667d3bc796798a3a81b\",\"name\":\"P\u00e1gina 10\",\"description\":\"P\u00e1gina 10 es un peri\u00f3dico regional que nace en Colombia, en el departamento de Nari\u00f1o, con un enfoque global, fundamentado en cuatro pilares esenciales: la libertad, el pluralismo, la inclusi\u00f3n y la independencia. P\u00e1gina 10 hace referencia a Nari\u00f1o como el d\u00e9cimo departamento creado en Colombia, despu\u00e9s de un proceso pol\u00edtico liderado por actores y actrices regionales con el fin de obtener la independencia y autonom\u00eda de nuestros territorios. Con la creaci\u00f3n de P\u00e1gina 10 se pretende abrir un escenario para el dialogo, la reflexi\u00f3n y el debate que se extienda a otras geograf\u00edas de Am\u00e9rica Latina y del planeta, en una apuesta por transformar colectivamente los desaf\u00edos de un mundo contempor\u00e1neo, m\u00e1s all\u00e1 de las fronteras impuestas.\",\"url\":\"https:\/\/pagina10.com\/web\/author\/pdiezadmin\/\"}]}<\/script>\n<!-- \/ Yoast SEO plugin. -->","yoast_head_json":{"title":"En grave accidente muri\u00f3 el ciclista colombiano Germ\u00e1n Chaves y su Padre | P\u00e1gina10","robots":{"index":"index","follow":"follow","max-snippet":"max-snippet:-1","max-image-preview":"max-image-preview:large","max-video-preview":"max-video-preview:-1"},"canonical":"https:\/\/pagina10.com\/web\/en-grave-accidente-murio-el-ciclista-colombiano-german-chaves-y-su-padre\/","og_locale":"es_ES","og_type":"article","og_title":"En grave accidente muri\u00f3 el ciclista colombiano Germ\u00e1n Chaves y su Padre | P\u00e1gina10","og_description":"El ciclista profesional de 27 a\u00f1os, Germ\u00e1n Chaves, sufri\u00f3 este domingo un accidente fatal con un cami\u00f3n, mientras entrenaba con su Padre en la v\u00eda Bogot\u00e1 -Tunja, cerca de Chocont\u00e1 en el departamento de Cundinamarca. El comunicado difundido por la escuadra a la que pertenec\u00eda Chaves, explico lo sucedido: el deportista falleci\u00f3 casi de manera [&hellip;]","og_url":"https:\/\/pagina10.com\/web\/en-grave-accidente-murio-el-ciclista-colombiano-german-chaves-y-su-padre\/","og_site_name":"P\u00e1gina10","article_publisher":"https:\/\/www.facebook.com\/pag10com","article_published_time":"2023-06-05T17:03:48+00:00","article_modified_time":"2023-06-05T17:10:59+00:00","og_image":[{"width":640,"height":543,"url":"https:\/\/pagina10.com\/web\/wp-content\/uploads\/2023\/06\/d.jpg","type":"image\/jpeg"}],"author":"P\u00e1gina 10","twitter_card":"summary_large_image","twitter_creator":"@Pag10com","twitter_site":"@Pag10com","twitter_misc":{"Escrito por":"P\u00e1gina 10","Tiempo de lectura":"1 minuto"},"schema":{"@context":"https:\/\/schema.org","@graph":[{"@type":"Article","@id":"https:\/\/pagina10.com\/web\/en-grave-accidente-murio-el-ciclista-colombiano-german-chaves-y-su-padre\/#article","isPartOf":{"@id":"https:\/\/pagina10.com\/web\/en-grave-accidente-murio-el-ciclista-colombiano-german-chaves-y-su-padre\/"},"author":{"name":"P\u00e1gina 10","@id":"https:\/\/pagina10.com\/web\/#\/schema\/person\/2efc4a090d25b667d3bc796798a3a81b"},"headline":"En grave accidente muri\u00f3 el ciclista colombiano Germ\u00e1n Chaves y su Padre","datePublished":"2023-06-05T17:03:48+00:00","dateModified":"2023-06-05T17:10:59+00:00","mainEntityOfPage":{"@id":"https:\/\/pagina10.com\/web\/en-grave-accidente-murio-el-ciclista-colombiano-german-chaves-y-su-padre\/"},"wordCount":168,"commentCount":0,"publisher":{"@id":"https:\/\/pagina10.com\/web\/#organization"},"image":{"@id":"https:\/\/pagina10.com\/web\/en-grave-accidente-murio-el-ciclista-colombiano-german-chaves-y-su-padre\/#primaryimage"},"thumbnailUrl":"https:\/\/pagina10.com\/web\/wp-content\/uploads\/2023\/06\/d.jpg","articleSection":["Nacional"],"inLanguage":"es","potentialAction":[{"@type":"CommentAction","name":"Comment","target":["https:\/\/pagina10.com\/web\/en-grave-accidente-murio-el-ciclista-colombiano-german-chaves-y-su-padre\/#respond"]}]},{"@type":"WebPage","@id":"https:\/\/pagina10.com\/web\/en-grave-accidente-murio-el-ciclista-colombiano-german-chaves-y-su-padre\/","url":"https:\/\/pagina10.com\/web\/en-grave-accidente-murio-el-ciclista-colombiano-german-chaves-y-su-padre\/","name":"En grave accidente muri\u00f3 el ciclista colombiano Germ\u00e1n Chaves y su Padre | P\u00e1gina10","isPartOf":{"@id":"https:\/\/pagina10.com\/web\/#website"},"primaryImageOfPage":{"@id":"https:\/\/pagina10.com\/web\/en-grave-accidente-murio-el-ciclista-colombiano-german-chaves-y-su-padre\/#primaryimage"},"image":{"@id":"https:\/\/pagina10.com\/web\/en-grave-accidente-murio-el-ciclista-colombiano-german-chaves-y-su-padre\/#primaryimage"},"thumbnailUrl":"https:\/\/pagina10.com\/web\/wp-content\/uploads\/2023\/06\/d.jpg","datePublished":"2023-06-05T17:03:48+00:00","dateModified":"2023-06-05T17:10:59+00:00","breadcrumb":{"@id":"https:\/\/pagina10.com\/web\/en-grave-accidente-murio-el-ciclista-colombiano-german-chaves-y-su-padre\/#breadcrumb"},"inLanguage":"es","potentialAction":[{"@type":"ReadAction","target":["https:\/\/pagina10.com\/web\/en-grave-accidente-murio-el-ciclista-colombiano-german-chaves-y-su-padre\/"]}]},{"@type":"ImageObject","inLanguage":"es","@id":"https:\/\/pagina10.com\/web\/en-grave-accidente-murio-el-ciclista-colombiano-german-chaves-y-su-padre\/#primaryimage","url":"https:\/\/pagina10.com\/web\/wp-content\/uploads\/2023\/06\/d.jpg","contentUrl":"https:\/\/pagina10.com\/web\/wp-content\/uploads\/2023\/06\/d.jpg","width":640,"height":543},{"@type":"BreadcrumbList","@id":"https:\/\/pagina10.com\/web\/en-grave-accidente-murio-el-ciclista-colombiano-german-chaves-y-su-padre\/#breadcrumb","itemListElement":[{"@type":"ListItem","position":1,"name":"Portada","item":"https:\/\/pagina10.com\/web\/"},{"@type":"ListItem","position":2,"name":"En grave accidente muri\u00f3 el ciclista colombiano Germ\u00e1n Chaves y su Padre"}]},{"@type":"WebSite","@id":"https:\/\/pagina10.com\/web\/#website","url":"https:\/\/pagina10.com\/web\/","name":"P\u00e1gina10","description":"Peri\u00f3dico Regional","publisher":{"@id":"https:\/\/pagina10.com\/web\/#organization"},"alternateName":"P\u00e1gina10 Peri\u00f3dico Regional","potentialAction":[{"@type":"SearchAction","target":{"@type":"EntryPoint","urlTemplate":"https:\/\/pagina10.com\/web\/?s={search_term_string}"},"query-input":{"@type":"PropertyValueSpecification","valueRequired":true,"valueName":"search_term_string"}}],"inLanguage":"es"},{"@type":"Organization","@id":"https:\/\/pagina10.com\/web\/#organization","name":"P\u00e1gina10","alternateName":"P\u00e1gina10 Peri\u00f3dico Regional","url":"https:\/\/pagina10.com\/web\/","logo":{"@type":"ImageObject","inLanguage":"es","@id":"https:\/\/pagina10.com\/web\/#\/schema\/logo\/image\/","url":"https:\/\/pagina10.com\/web\/wp-content\/uploads\/2024\/01\/40-pagina-10-periodico-regional-pasto.jpg","contentUrl":"https:\/\/pagina10.com\/web\/wp-content\/uploads\/2024\/01\/40-pagina-10-periodico-regional-pasto.jpg","width":1280,"height":720,"caption":"P\u00e1gina10"},"image":{"@id":"https:\/\/pagina10.com\/web\/#\/schema\/logo\/image\/"},"sameAs":["https:\/\/www.facebook.com\/pag10com","https:\/\/x.com\/Pag10com","https:\/\/www.instagram.com\/pagina10col\/","https:\/\/youtube.com\/channel\/pag10","https:\/\/www.tiktok.com\/@p10col"]},{"@type":"Person","@id":"https:\/\/pagina10.com\/web\/#\/schema\/person\/2efc4a090d25b667d3bc796798a3a81b","name":"P\u00e1gina 10","description":"P\u00e1gina 10 es un peri\u00f3dico regional que nace en Colombia, en el departamento de Nari\u00f1o, con un enfoque global, fundamentado en cuatro pilares esenciales: la libertad, el pluralismo, la inclusi\u00f3n y la independencia. P\u00e1gina 10 hace referencia a Nari\u00f1o como el d\u00e9cimo departamento creado en Colombia, despu\u00e9s de un proceso pol\u00edtico liderado por actores y actrices regionales con el fin de obtener la independencia y autonom\u00eda de nuestros territorios. Con la creaci\u00f3n de P\u00e1gina 10 se pretende abrir un escenario para el dialogo, la reflexi\u00f3n y el debate que se extienda a otras geograf\u00edas de Am\u00e9rica Latina y del planeta, en una apuesta por transformar colectivamente los desaf\u00edos de un mundo contempor\u00e1neo, m\u00e1s all\u00e1 de las fronteras impuestas.","url":"https:\/\/pagina10.com\/web\/author\/pdiezadmin\/"}]}},"_links":{"self":[{"href":"https:\/\/pagina10.com\/web\/wp-json\/wp\/v2\/posts\/66362","targetHints":{"allow":["GET"]}}],"collection":[{"href":"https:\/\/pagina10.com\/web\/wp-json\/wp\/v2\/posts"}],"about":[{"href":"https:\/\/pagina10.com\/web\/wp-json\/wp\/v2\/types\/post"}],"author":[{"embeddable":true,"href":"https:\/\/pagina10.com\/web\/wp-json\/wp\/v2\/users\/1"}],"replies":[{"embeddable":true,"href":"https:\/\/pagina10.com\/web\/wp-json\/wp\/v2\/comments?post=66362"}],"version-history":[{"count":1,"href":"https:\/\/pagina10.com\/web\/wp-json\/wp\/v2\/posts\/66362\/revisions"}],"predecessor-version":[{"id":66364,"href":"https:\/\/pagina10.com\/web\/wp-json\/wp\/v2\/posts\/66362\/revisions\/66364"}],"wp:featuredmedia":[{"embeddable":true,"href":"https:\/\/pagina10.com\/web\/wp-json\/wp\/v2\/media\/66365"}],"wp:attachment":[{"href":"https:\/\/pagina10.com\/web\/wp-json\/wp\/v2\/media?parent=66362"}],"wp:term":[{"taxonomy":"category","embeddable":true,"href":"https:\/\/pagina10.com\/web\/wp-json\/wp\/v2\/categories?post=66362"},{"taxonomy":"post_tag","embeddable":true,"href":"https:\/\/pagina10.com\/web\/wp-json\/wp\/v2\/tags?post=66362"}],"curies":[{"name":"wp","href":"https:\/\/api.w.org\/{rel}","templated":true}]}}