{"id":66400,"date":"2023-06-07T09:35:59","date_gmt":"2023-06-07T14:35:59","guid":{"rendered":"https:\/\/pagina10.com\/web\/?p=66400"},"modified":"2023-06-07T09:35:59","modified_gmt":"2023-06-07T14:35:59","slug":"mas-cortinas-de-humo","status":"publish","type":"post","link":"https:\/\/pagina10.com\/web\/mas-cortinas-de-humo\/","title":{"rendered":"M\u00e1s cortinas de humo"},"content":{"rendered":"<p style=\"text-align: justify;\">\n<p style=\"text-align: justify;\">\n<p style=\"text-align: justify;\">\n<p style=\"text-align: justify;\">En los \u00faltimos d\u00edas, todos los medios de comunicaci\u00f3n nacionales se dedicaron a entretejer un novel\u00f3n sobre el tema de la p\u00e9rdida del dinero de la jefe de gabinete, Laura Sarabia, en su casa. Y con ello se deriva una serie de situaciones que han servido para que el fiscal Barbosa acusara al gobierno de Gustavo Petro de estar chuzando.<\/p>\n<p style=\"text-align: justify;\">\n<p style=\"text-align: justify;\">El contenido del caso el pa\u00eds entero lo conoce de pe a pa por la cantidad de veces que lo han mencionado los medios de comunicaci\u00f3n. El problema de fondo es que le dan tantas vueltas a un tema que no tiene representatividad para el pueblo colombiano, sirviendo de cortina de humo para uno de los casos verdaderamente representativos para el pa\u00eds, como las confesiones que hizo el ex paramilitar Salvatore Mancuso, quien salpica a expresidentes, pol\u00edticos y militares involucrados con el tema de las masacres y la ejecuci\u00f3n extrajudicial de mandatarios regionales y gente inocente.<\/p>\n<p style=\"text-align: justify;\">\n<p style=\"text-align: justify;\">Con este caso medi\u00e1tico se le est\u00e1 ocultando la verdad al pa\u00eds, llevando a la tras escena los hechos verdaderamente trascendentes, como son las tres reformas que se tramitan en el Senado de la Rep\u00fablica. De todas maneras, ello implic\u00f3 la salida de dos de sus funcionarios, como son la jefe de gabinete, Laura Sarabia, y el embajador de Venezuela, Armando Benedetti. Una decisi\u00f3n que era necesaria cuando hay funcionarios que son ruedas sueltas y no caminan de manera sincronizada con el plan de desarrollo y el prop\u00f3sito del pueblo colombiano de ser el gobierno del cambio.<\/p>\n<p style=\"text-align: justify;\">\n<p style=\"text-align: justify;\">De todas maneras, los medios de comunicaci\u00f3n buscan narcotizar a la audiencia con chismes, con los cuales buscan penetrar a ciertos sectores de la poblaci\u00f3n colombiana con los esc\u00e1ndalos y no se ocupan de temas verdaderamente trascendentes; de ah\u00ed nacen los paneles de opini\u00f3n para darle la oportunidad a la oposici\u00f3n para que se refiera en t\u00e9rminos peyorativos del presidente Gustavo Petro.<\/p>\n<p style=\"text-align: justify;\">\n<p style=\"text-align: justify;\">Ah\u00ed tenemos al fiscal general de la Naci\u00f3n, Francisco Barbosa, atacando a la figura m\u00e1s importante del pa\u00eds para hacerse visible ante los medios de comunicaci\u00f3n; entre ellos tenemos la acusaci\u00f3n de la infiltraci\u00f3n a las l\u00edneas telef\u00f3nicas de la ni\u00f1era y una empleada, que aparecieron involucradas con una lista del Clan del Gofo. Al respecto, seg\u00fan la declaraci\u00f3n del polic\u00eda de la Dijin, las escuchas se hicieron por autorizaci\u00f3n de la Fiscal\u00eda General de la Naci\u00f3n, que est\u00e1 al mando de Francisco Barbosa. En otras palabras, el fiscal Barbosa autoriz\u00f3 las chuzadas, pero el agua sucia se la echa a Petro.<\/p>\n<p style=\"text-align: justify;\">\n<p style=\"text-align: justify;\">Claramente lo que vemos es que el fiscal busca es hacerse visible controvirtiendo al presidente Petro, haci\u00e9ndose el perseguido, para despertar l\u00e1stima de los colombianos. El fiscal evidentemente est\u00e1 en una campa\u00f1a pol\u00edtica, pues vemos que aspira a la Presidencia de la Rep\u00fablica buscando obtener r\u00e9ditos pol\u00edticos mediante la condena de sus opositores.<\/p>\n<p style=\"text-align: justify;\">\n<p style=\"text-align: justify;\">Pero lo que el fiscal no hace es presentarle el informe que est\u00e1 solicitando el presidente de la Rep\u00fablica sobre los resultados en las investigaciones de la impunidad reinante y la flexibilidad con la que se act\u00faa frente a las muertes ocasionadas por los grupos criminales. El presidente lo ha insistido en repetidas veces que ha oficiado al fiscal, sin que este d\u00e9 una respuesta. El presidente dice que necesita el informe sobre impunidad para presentarlo a un alto funcionario de la Comisi\u00f3n Interamericana de los Derechos Humanos.<\/p>\n<p style=\"text-align: justify;\">\n<p style=\"text-align: justify;\">Pero estos esc\u00e1ndalos son dragones: una noticia se engulle a otra noticia. Ahora aparece la guachafita del vulgar Armando Benedetti, quien dice que su andanada de vocabulario ruin lo hizo embriagado. La verdad es que en \u00e9l no se sabe si cuando esta sobrio est\u00e1 borracho o viceversa. Intenta reivindicar de la manera m\u00e1s rastrera presuntos compromisos por su apoyo a la campa\u00f1a de Gustavo Petro. Mientras tanto, el Presidente no se ve afectado en mayor medida, por m\u00e1s que Miguel Uribe Turbay salga todas las ma\u00f1anas a manifestar su odio a Petro. Otro tanto lo hacen las alfiles del uribismo y la extrema derecha, como son Paloma y la Cabal.<\/p>\n<p style=\"text-align: justify;\">\n<p style=\"text-align: justify;\">El pa\u00eds debe entender que lo importante en este momento es apoyar las reformas de Gustavo Petro que se adelantan en el Congreso de la Rep\u00fablica, m\u00e1s que esas cortinas de humo que impulsan los medios de comunicaci\u00f3n al servicio de una minor\u00eda que solo piensa en acumular riqueza.<\/p>\n<p style=\"text-align: justify;\">\n","protected":false},"excerpt":{"rendered":"<p>En los \u00faltimos d\u00edas, todos los medios de comunicaci\u00f3n nacionales se dedicaron a entretejer un novel\u00f3n sobre el tema de la p\u00e9rdida del dinero de la jefe de gabinete, Laura Sarabia, en su casa. Y con ello se deriva una serie de situaciones que han servido para que el fiscal Barbosa acusara al gobierno de [&hellip;]<\/p>\n","protected":false},"author":65,"featured_media":66401,"comment_status":"open","ping_status":"open","sticky":false,"template":"","format":"standard","meta":{"footnotes":""},"categories":[94],"tags":[],"class_list":["post-66400","post","type-post","status-publish","format-standard","has-post-thumbnail","hentry","category-nacional-global-2"],"yoast_head":"<!-- This site is optimized with the Yoast SEO plugin v27.1.1 - https:\/\/yoast.com\/product\/yoast-seo-wordpress\/ -->\n<title>M\u00e1s cortinas de humo | P\u00e1gina10<\/title>\n<meta name=\"robots\" content=\"index, follow, max-snippet:-1, max-image-preview:large, max-video-preview:-1\" \/>\n<link rel=\"canonical\" href=\"https:\/\/pagina10.com\/web\/mas-cortinas-de-humo\/\" \/>\n<meta property=\"og:locale\" content=\"es_ES\" \/>\n<meta property=\"og:type\" content=\"article\" \/>\n<meta property=\"og:title\" content=\"M\u00e1s cortinas de humo | P\u00e1gina10\" \/>\n<meta property=\"og:description\" content=\"En los \u00faltimos d\u00edas, todos los medios de comunicaci\u00f3n nacionales se dedicaron a entretejer un novel\u00f3n sobre el tema de la p\u00e9rdida del dinero de la jefe de gabinete, Laura Sarabia, en su casa. Y con ello se deriva una serie de situaciones que han servido para que el fiscal Barbosa acusara al gobierno de [&hellip;]\" \/>\n<meta property=\"og:url\" content=\"https:\/\/pagina10.com\/web\/mas-cortinas-de-humo\/\" \/>\n<meta property=\"og:site_name\" content=\"P\u00e1gina10\" \/>\n<meta property=\"article:publisher\" content=\"https:\/\/www.facebook.com\/pag10com\" \/>\n<meta property=\"article:published_time\" content=\"2023-06-07T14:35:59+00:00\" \/>\n<meta property=\"og:image\" content=\"https:\/\/pagina10.com\/web\/wp-content\/uploads\/2023\/06\/WhatsApp-Image-2023-06-07-at-9.30.27-AM.jpeg\" \/>\n\t<meta property=\"og:image:width\" content=\"1080\" \/>\n\t<meta property=\"og:image:height\" content=\"626\" \/>\n\t<meta property=\"og:image:type\" content=\"image\/jpeg\" \/>\n<meta name=\"author\" content=\"Anibal Ar\u00e9valo Rosero\" \/>\n<meta name=\"twitter:card\" content=\"summary_large_image\" \/>\n<meta name=\"twitter:creator\" content=\"@Pag10com\" \/>\n<meta name=\"twitter:site\" content=\"@Pag10com\" \/>\n<meta name=\"twitter:label1\" content=\"Escrito por\" \/>\n\t<meta name=\"twitter:data1\" content=\"Anibal Ar\u00e9valo Rosero\" \/>\n\t<meta name=\"twitter:label2\" content=\"Tiempo de lectura\" \/>\n\t<meta name=\"twitter:data2\" content=\"4 minutos\" \/>\n<script type=\"application\/ld+json\" class=\"yoast-schema-graph\">{\"@context\":\"https:\/\/schema.org\",\"@graph\":[{\"@type\":\"Article\",\"@id\":\"https:\/\/pagina10.com\/web\/mas-cortinas-de-humo\/#article\",\"isPartOf\":{\"@id\":\"https:\/\/pagina10.com\/web\/mas-cortinas-de-humo\/\"},\"author\":{\"name\":\"Anibal Ar\u00e9valo Rosero\",\"@id\":\"https:\/\/pagina10.com\/web\/#\/schema\/person\/9ec3e2b432363a195d2d01bf820c66fe\"},\"headline\":\"M\u00e1s cortinas de humo\",\"datePublished\":\"2023-06-07T14:35:59+00:00\",\"mainEntityOfPage\":{\"@id\":\"https:\/\/pagina10.com\/web\/mas-cortinas-de-humo\/\"},\"wordCount\":778,\"commentCount\":0,\"publisher\":{\"@id\":\"https:\/\/pagina10.com\/web\/#organization\"},\"image\":{\"@id\":\"https:\/\/pagina10.com\/web\/mas-cortinas-de-humo\/#primaryimage\"},\"thumbnailUrl\":\"https:\/\/pagina10.com\/web\/wp-content\/uploads\/2023\/06\/WhatsApp-Image-2023-06-07-at-9.30.27-AM.jpeg\",\"articleSection\":[\"Nacional\"],\"inLanguage\":\"es\",\"potentialAction\":[{\"@type\":\"CommentAction\",\"name\":\"Comment\",\"target\":[\"https:\/\/pagina10.com\/web\/mas-cortinas-de-humo\/#respond\"]}]},{\"@type\":\"WebPage\",\"@id\":\"https:\/\/pagina10.com\/web\/mas-cortinas-de-humo\/\",\"url\":\"https:\/\/pagina10.com\/web\/mas-cortinas-de-humo\/\",\"name\":\"M\u00e1s cortinas de humo | P\u00e1gina10\",\"isPartOf\":{\"@id\":\"https:\/\/pagina10.com\/web\/#website\"},\"primaryImageOfPage\":{\"@id\":\"https:\/\/pagina10.com\/web\/mas-cortinas-de-humo\/#primaryimage\"},\"image\":{\"@id\":\"https:\/\/pagina10.com\/web\/mas-cortinas-de-humo\/#primaryimage\"},\"thumbnailUrl\":\"https:\/\/pagina10.com\/web\/wp-content\/uploads\/2023\/06\/WhatsApp-Image-2023-06-07-at-9.30.27-AM.jpeg\",\"datePublished\":\"2023-06-07T14:35:59+00:00\",\"breadcrumb\":{\"@id\":\"https:\/\/pagina10.com\/web\/mas-cortinas-de-humo\/#breadcrumb\"},\"inLanguage\":\"es\",\"potentialAction\":[{\"@type\":\"ReadAction\",\"target\":[\"https:\/\/pagina10.com\/web\/mas-cortinas-de-humo\/\"]}]},{\"@type\":\"ImageObject\",\"inLanguage\":\"es\",\"@id\":\"https:\/\/pagina10.com\/web\/mas-cortinas-de-humo\/#primaryimage\",\"url\":\"https:\/\/pagina10.com\/web\/wp-content\/uploads\/2023\/06\/WhatsApp-Image-2023-06-07-at-9.30.27-AM.jpeg\",\"contentUrl\":\"https:\/\/pagina10.com\/web\/wp-content\/uploads\/2023\/06\/WhatsApp-Image-2023-06-07-at-9.30.27-AM.jpeg\",\"width\":1080,\"height\":626},{\"@type\":\"BreadcrumbList\",\"@id\":\"https:\/\/pagina10.com\/web\/mas-cortinas-de-humo\/#breadcrumb\",\"itemListElement\":[{\"@type\":\"ListItem\",\"position\":1,\"name\":\"Portada\",\"item\":\"https:\/\/pagina10.com\/web\/\"},{\"@type\":\"ListItem\",\"position\":2,\"name\":\"M\u00e1s cortinas de humo\"}]},{\"@type\":\"WebSite\",\"@id\":\"https:\/\/pagina10.com\/web\/#website\",\"url\":\"https:\/\/pagina10.com\/web\/\",\"name\":\"P\u00e1gina10\",\"description\":\"Peri\u00f3dico Regional\",\"publisher\":{\"@id\":\"https:\/\/pagina10.com\/web\/#organization\"},\"alternateName\":\"P\u00e1gina10 Peri\u00f3dico Regional\",\"potentialAction\":[{\"@type\":\"SearchAction\",\"target\":{\"@type\":\"EntryPoint\",\"urlTemplate\":\"https:\/\/pagina10.com\/web\/?s={search_term_string}\"},\"query-input\":{\"@type\":\"PropertyValueSpecification\",\"valueRequired\":true,\"valueName\":\"search_term_string\"}}],\"inLanguage\":\"es\"},{\"@type\":\"Organization\",\"@id\":\"https:\/\/pagina10.com\/web\/#organization\",\"name\":\"P\u00e1gina10\",\"alternateName\":\"P\u00e1gina10 Peri\u00f3dico Regional\",\"url\":\"https:\/\/pagina10.com\/web\/\",\"logo\":{\"@type\":\"ImageObject\",\"inLanguage\":\"es\",\"@id\":\"https:\/\/pagina10.com\/web\/#\/schema\/logo\/image\/\",\"url\":\"https:\/\/pagina10.com\/web\/wp-content\/uploads\/2024\/01\/40-pagina-10-periodico-regional-pasto.jpg\",\"contentUrl\":\"https:\/\/pagina10.com\/web\/wp-content\/uploads\/2024\/01\/40-pagina-10-periodico-regional-pasto.jpg\",\"width\":1280,\"height\":720,\"caption\":\"P\u00e1gina10\"},\"image\":{\"@id\":\"https:\/\/pagina10.com\/web\/#\/schema\/logo\/image\/\"},\"sameAs\":[\"https:\/\/www.facebook.com\/pag10com\",\"https:\/\/x.com\/Pag10com\",\"https:\/\/www.instagram.com\/pagina10col\/\",\"https:\/\/youtube.com\/channel\/pag10\",\"https:\/\/www.tiktok.com\/@p10col\"]},{\"@type\":\"Person\",\"@id\":\"https:\/\/pagina10.com\/web\/#\/schema\/person\/9ec3e2b432363a195d2d01bf820c66fe\",\"name\":\"Anibal Ar\u00e9valo Rosero\",\"description\":\"An\u00edbal Ar\u00e9valo Rosero a trav\u00e9s de su vida ha realizado diversas actividades tendientes a reivindicar al ser humano en su conciencia plena. Durante su vida ha hecho teatro, a escrito poes\u00eda y en sus tiempos de universitario realiz\u00f3 varias publicaciones entre las que se recuerda la revista Quinde. Junto con otros compa\u00f1eros fund\u00f3 el Taller Cultural El Cueche, equipo con el que se hicieron varias publicaciones. De este mismo grupo hay que resaltar que se hizo un trabajo pionero en la difusi\u00f3n de la m\u00fasica andina, latinoamericana y del caribe. Despu\u00e9s de terminar sus estudios de biolog\u00eda en la Universidad de Nari\u00f1o entr\u00f3 a laborar en emisoras de la ciudad de Pasto como en RCN, donde se desempe\u00f1aba como locutor de planta. Dirigi\u00f3 programas en la extinta Ondas del Mayo, en varias oportunidades; tambi\u00e9n en Ecos de Pasto. Fue colaborador de el Noticias RCN y dirigi\u00f3 el programa Simana al D\u00eda, del Sindicato del Magisterio de Nari\u00f1o, en dos \u00e9pocas. En el a\u00f1o de 1992 funda el Comit\u00e9 de Solidaridad con Cuba Jos\u00e9 Mart\u00ed, cuyo objetivo era divulgar la realidad cubana y expresar apoyo moral, pol\u00edtico y material al pa\u00eds caribe\u00f1o. Ante la mala interpretaci\u00f3n que la gente le daba a este tipo de acciones, se decide promover viajes de solidad a Cuba para participar en la Brigada Latinoamericana de Trabajo Voluntario, en el Festival Cuba Vive y, de manera especia,l en el 14 Festival Mundial de la Juventud y los Estudiantes, que se desarroll\u00f3 en la isla en el a\u00f1o de 1997. Con esta experiencia impulsa el turismo al pa\u00eds caribe\u00f1o con el resultado de que miles de personas han participado de las excursiones organizadas por Ar\u00e9valo Rosero. Asimismo ha venido impulsando las Brigadas de Salud en Cuba, tendiente a llevar pacientes de c\u00e1ncer a ese destino con el fin de que reciban atenci\u00f3n m\u00e9dica, teniendo en cuenta que la experiencia cubana en el tema ha sido bastante favorable. Veinte a\u00f1os despu\u00e9s de estas nutritivas experiencias, le permiten impulsar excursiones adem\u00e1s a M\u00e9xico, Machu Picchu, Argentina, Ecuador, Panam\u00e1 y Tierra Santa. En cuanto al desempe\u00f1o period\u00edstico, adem\u00e1s de los medios radiales y de televisi\u00f3n, en los canales de la universidades de Nari\u00f1o y Mariana, se ha desempe\u00f1ado como columnista en Diario del Sur durante 6 a\u00f1os y en algunos medios virtuales. Tambi\u00e9n es colaborador de el Diario del Cauca. Considera que la pr\u00e1ctica de la lectura es beber de la fuente nutricia que permite apropiarse de manera consciente del ejercicio de la democracia; y la posibilidad de escribir y ser le\u00eddo, acceder al poder, por que considera la palabra como el mayor instrumento de acci\u00f3n cuando est\u00e1 bien encamina al leg\u00edtimo servicio social. En la actualidad adem\u00e1s de so\u00f1ar con viajar por el mundo se desempe\u00f1a como docente del departamento de ciencias de Inem Luis Delf\u00edn Insuasty de Pasto. Correo: Esta direcci\u00f3n de correo electr\u00f3nico est\u00e1 protegida contra spambots. Usted necesita tener Javascript activado para poder verla.\\\" target=\\\"_blank\\\" style=\\\"color: #1155cc; text-align: justify; font-family: arial, sans-serif; font-size: 13px; line-height: normal;\\\"&gt;fundacionecosofia@gmail.com\",\"url\":\"https:\/\/pagina10.com\/web\/author\/anibal\/\"}]}<\/script>\n<!-- \/ Yoast SEO plugin. -->","yoast_head_json":{"title":"M\u00e1s cortinas de humo | P\u00e1gina10","robots":{"index":"index","follow":"follow","max-snippet":"max-snippet:-1","max-image-preview":"max-image-preview:large","max-video-preview":"max-video-preview:-1"},"canonical":"https:\/\/pagina10.com\/web\/mas-cortinas-de-humo\/","og_locale":"es_ES","og_type":"article","og_title":"M\u00e1s cortinas de humo | P\u00e1gina10","og_description":"En los \u00faltimos d\u00edas, todos los medios de comunicaci\u00f3n nacionales se dedicaron a entretejer un novel\u00f3n sobre el tema de la p\u00e9rdida del dinero de la jefe de gabinete, Laura Sarabia, en su casa. Y con ello se deriva una serie de situaciones que han servido para que el fiscal Barbosa acusara al gobierno de [&hellip;]","og_url":"https:\/\/pagina10.com\/web\/mas-cortinas-de-humo\/","og_site_name":"P\u00e1gina10","article_publisher":"https:\/\/www.facebook.com\/pag10com","article_published_time":"2023-06-07T14:35:59+00:00","og_image":[{"width":1080,"height":626,"url":"https:\/\/pagina10.com\/web\/wp-content\/uploads\/2023\/06\/WhatsApp-Image-2023-06-07-at-9.30.27-AM.jpeg","type":"image\/jpeg"}],"author":"Anibal Ar\u00e9valo Rosero","twitter_card":"summary_large_image","twitter_creator":"@Pag10com","twitter_site":"@Pag10com","twitter_misc":{"Escrito por":"Anibal Ar\u00e9valo Rosero","Tiempo de lectura":"4 minutos"},"schema":{"@context":"https:\/\/schema.org","@graph":[{"@type":"Article","@id":"https:\/\/pagina10.com\/web\/mas-cortinas-de-humo\/#article","isPartOf":{"@id":"https:\/\/pagina10.com\/web\/mas-cortinas-de-humo\/"},"author":{"name":"Anibal Ar\u00e9valo Rosero","@id":"https:\/\/pagina10.com\/web\/#\/schema\/person\/9ec3e2b432363a195d2d01bf820c66fe"},"headline":"M\u00e1s cortinas de humo","datePublished":"2023-06-07T14:35:59+00:00","mainEntityOfPage":{"@id":"https:\/\/pagina10.com\/web\/mas-cortinas-de-humo\/"},"wordCount":778,"commentCount":0,"publisher":{"@id":"https:\/\/pagina10.com\/web\/#organization"},"image":{"@id":"https:\/\/pagina10.com\/web\/mas-cortinas-de-humo\/#primaryimage"},"thumbnailUrl":"https:\/\/pagina10.com\/web\/wp-content\/uploads\/2023\/06\/WhatsApp-Image-2023-06-07-at-9.30.27-AM.jpeg","articleSection":["Nacional"],"inLanguage":"es","potentialAction":[{"@type":"CommentAction","name":"Comment","target":["https:\/\/pagina10.com\/web\/mas-cortinas-de-humo\/#respond"]}]},{"@type":"WebPage","@id":"https:\/\/pagina10.com\/web\/mas-cortinas-de-humo\/","url":"https:\/\/pagina10.com\/web\/mas-cortinas-de-humo\/","name":"M\u00e1s cortinas de humo | P\u00e1gina10","isPartOf":{"@id":"https:\/\/pagina10.com\/web\/#website"},"primaryImageOfPage":{"@id":"https:\/\/pagina10.com\/web\/mas-cortinas-de-humo\/#primaryimage"},"image":{"@id":"https:\/\/pagina10.com\/web\/mas-cortinas-de-humo\/#primaryimage"},"thumbnailUrl":"https:\/\/pagina10.com\/web\/wp-content\/uploads\/2023\/06\/WhatsApp-Image-2023-06-07-at-9.30.27-AM.jpeg","datePublished":"2023-06-07T14:35:59+00:00","breadcrumb":{"@id":"https:\/\/pagina10.com\/web\/mas-cortinas-de-humo\/#breadcrumb"},"inLanguage":"es","potentialAction":[{"@type":"ReadAction","target":["https:\/\/pagina10.com\/web\/mas-cortinas-de-humo\/"]}]},{"@type":"ImageObject","inLanguage":"es","@id":"https:\/\/pagina10.com\/web\/mas-cortinas-de-humo\/#primaryimage","url":"https:\/\/pagina10.com\/web\/wp-content\/uploads\/2023\/06\/WhatsApp-Image-2023-06-07-at-9.30.27-AM.jpeg","contentUrl":"https:\/\/pagina10.com\/web\/wp-content\/uploads\/2023\/06\/WhatsApp-Image-2023-06-07-at-9.30.27-AM.jpeg","width":1080,"height":626},{"@type":"BreadcrumbList","@id":"https:\/\/pagina10.com\/web\/mas-cortinas-de-humo\/#breadcrumb","itemListElement":[{"@type":"ListItem","position":1,"name":"Portada","item":"https:\/\/pagina10.com\/web\/"},{"@type":"ListItem","position":2,"name":"M\u00e1s cortinas de humo"}]},{"@type":"WebSite","@id":"https:\/\/pagina10.com\/web\/#website","url":"https:\/\/pagina10.com\/web\/","name":"P\u00e1gina10","description":"Peri\u00f3dico Regional","publisher":{"@id":"https:\/\/pagina10.com\/web\/#organization"},"alternateName":"P\u00e1gina10 Peri\u00f3dico Regional","potentialAction":[{"@type":"SearchAction","target":{"@type":"EntryPoint","urlTemplate":"https:\/\/pagina10.com\/web\/?s={search_term_string}"},"query-input":{"@type":"PropertyValueSpecification","valueRequired":true,"valueName":"search_term_string"}}],"inLanguage":"es"},{"@type":"Organization","@id":"https:\/\/pagina10.com\/web\/#organization","name":"P\u00e1gina10","alternateName":"P\u00e1gina10 Peri\u00f3dico Regional","url":"https:\/\/pagina10.com\/web\/","logo":{"@type":"ImageObject","inLanguage":"es","@id":"https:\/\/pagina10.com\/web\/#\/schema\/logo\/image\/","url":"https:\/\/pagina10.com\/web\/wp-content\/uploads\/2024\/01\/40-pagina-10-periodico-regional-pasto.jpg","contentUrl":"https:\/\/pagina10.com\/web\/wp-content\/uploads\/2024\/01\/40-pagina-10-periodico-regional-pasto.jpg","width":1280,"height":720,"caption":"P\u00e1gina10"},"image":{"@id":"https:\/\/pagina10.com\/web\/#\/schema\/logo\/image\/"},"sameAs":["https:\/\/www.facebook.com\/pag10com","https:\/\/x.com\/Pag10com","https:\/\/www.instagram.com\/pagina10col\/","https:\/\/youtube.com\/channel\/pag10","https:\/\/www.tiktok.com\/@p10col"]},{"@type":"Person","@id":"https:\/\/pagina10.com\/web\/#\/schema\/person\/9ec3e2b432363a195d2d01bf820c66fe","name":"Anibal Ar\u00e9valo Rosero","description":"An\u00edbal Ar\u00e9valo Rosero a trav\u00e9s de su vida ha realizado diversas actividades tendientes a reivindicar al ser humano en su conciencia plena. Durante su vida ha hecho teatro, a escrito poes\u00eda y en sus tiempos de universitario realiz\u00f3 varias publicaciones entre las que se recuerda la revista Quinde. Junto con otros compa\u00f1eros fund\u00f3 el Taller Cultural El Cueche, equipo con el que se hicieron varias publicaciones. De este mismo grupo hay que resaltar que se hizo un trabajo pionero en la difusi\u00f3n de la m\u00fasica andina, latinoamericana y del caribe. Despu\u00e9s de terminar sus estudios de biolog\u00eda en la Universidad de Nari\u00f1o entr\u00f3 a laborar en emisoras de la ciudad de Pasto como en RCN, donde se desempe\u00f1aba como locutor de planta. Dirigi\u00f3 programas en la extinta Ondas del Mayo, en varias oportunidades; tambi\u00e9n en Ecos de Pasto. Fue colaborador de el Noticias RCN y dirigi\u00f3 el programa Simana al D\u00eda, del Sindicato del Magisterio de Nari\u00f1o, en dos \u00e9pocas. En el a\u00f1o de 1992 funda el Comit\u00e9 de Solidaridad con Cuba Jos\u00e9 Mart\u00ed, cuyo objetivo era divulgar la realidad cubana y expresar apoyo moral, pol\u00edtico y material al pa\u00eds caribe\u00f1o. Ante la mala interpretaci\u00f3n que la gente le daba a este tipo de acciones, se decide promover viajes de solidad a Cuba para participar en la Brigada Latinoamericana de Trabajo Voluntario, en el Festival Cuba Vive y, de manera especia,l en el 14 Festival Mundial de la Juventud y los Estudiantes, que se desarroll\u00f3 en la isla en el a\u00f1o de 1997. Con esta experiencia impulsa el turismo al pa\u00eds caribe\u00f1o con el resultado de que miles de personas han participado de las excursiones organizadas por Ar\u00e9valo Rosero. Asimismo ha venido impulsando las Brigadas de Salud en Cuba, tendiente a llevar pacientes de c\u00e1ncer a ese destino con el fin de que reciban atenci\u00f3n m\u00e9dica, teniendo en cuenta que la experiencia cubana en el tema ha sido bastante favorable. Veinte a\u00f1os despu\u00e9s de estas nutritivas experiencias, le permiten impulsar excursiones adem\u00e1s a M\u00e9xico, Machu Picchu, Argentina, Ecuador, Panam\u00e1 y Tierra Santa. En cuanto al desempe\u00f1o period\u00edstico, adem\u00e1s de los medios radiales y de televisi\u00f3n, en los canales de la universidades de Nari\u00f1o y Mariana, se ha desempe\u00f1ado como columnista en Diario del Sur durante 6 a\u00f1os y en algunos medios virtuales. Tambi\u00e9n es colaborador de el Diario del Cauca. Considera que la pr\u00e1ctica de la lectura es beber de la fuente nutricia que permite apropiarse de manera consciente del ejercicio de la democracia; y la posibilidad de escribir y ser le\u00eddo, acceder al poder, por que considera la palabra como el mayor instrumento de acci\u00f3n cuando est\u00e1 bien encamina al leg\u00edtimo servicio social. En la actualidad adem\u00e1s de so\u00f1ar con viajar por el mundo se desempe\u00f1a como docente del departamento de ciencias de Inem Luis Delf\u00edn Insuasty de Pasto. Correo: Esta direcci\u00f3n de correo electr\u00f3nico est\u00e1 protegida contra spambots. Usted necesita tener Javascript activado para poder verla.\" target=\"_blank\" style=\"color: #1155cc; text-align: justify; font-family: arial, sans-serif; font-size: 13px; line-height: normal;\"&gt;fundacionecosofia@gmail.com","url":"https:\/\/pagina10.com\/web\/author\/anibal\/"}]}},"_links":{"self":[{"href":"https:\/\/pagina10.com\/web\/wp-json\/wp\/v2\/posts\/66400","targetHints":{"allow":["GET"]}}],"collection":[{"href":"https:\/\/pagina10.com\/web\/wp-json\/wp\/v2\/posts"}],"about":[{"href":"https:\/\/pagina10.com\/web\/wp-json\/wp\/v2\/types\/post"}],"author":[{"embeddable":true,"href":"https:\/\/pagina10.com\/web\/wp-json\/wp\/v2\/users\/65"}],"replies":[{"embeddable":true,"href":"https:\/\/pagina10.com\/web\/wp-json\/wp\/v2\/comments?post=66400"}],"version-history":[{"count":1,"href":"https:\/\/pagina10.com\/web\/wp-json\/wp\/v2\/posts\/66400\/revisions"}],"predecessor-version":[{"id":66402,"href":"https:\/\/pagina10.com\/web\/wp-json\/wp\/v2\/posts\/66400\/revisions\/66402"}],"wp:featuredmedia":[{"embeddable":true,"href":"https:\/\/pagina10.com\/web\/wp-json\/wp\/v2\/media\/66401"}],"wp:attachment":[{"href":"https:\/\/pagina10.com\/web\/wp-json\/wp\/v2\/media?parent=66400"}],"wp:term":[{"taxonomy":"category","embeddable":true,"href":"https:\/\/pagina10.com\/web\/wp-json\/wp\/v2\/categories?post=66400"},{"taxonomy":"post_tag","embeddable":true,"href":"https:\/\/pagina10.com\/web\/wp-json\/wp\/v2\/tags?post=66400"}],"curies":[{"name":"wp","href":"https:\/\/api.w.org\/{rel}","templated":true}]}}