{"id":66405,"date":"2023-06-07T11:32:19","date_gmt":"2023-06-07T16:32:19","guid":{"rendered":"https:\/\/pagina10.com\/web\/?p=66405"},"modified":"2023-06-07T11:33:05","modified_gmt":"2023-06-07T16:33:05","slug":"fue-aprobado-en-penultimo-debate-la-regularizacion-del-cannabis-de-uso-adulto","status":"publish","type":"post","link":"https:\/\/pagina10.com\/web\/fue-aprobado-en-penultimo-debate-la-regularizacion-del-cannabis-de-uso-adulto\/","title":{"rendered":"Fue aprobado en pen\u00faltimo debate la regularizaci\u00f3n del Cannabis de uso Adulto"},"content":{"rendered":"<p style=\"text-align: justify;\">En s\u00e9ptimo debate, la Comisi\u00f3n Primera del Senado <strong>aprob\u00f3 la iniciativa de la regularizaci\u00f3n del cannabis de uso adulto en Colombia<\/strong>. Esta es la pen\u00faltima discusi\u00f3n que se tiene sobre el proyecto de acto legislativo, que la acerca cada vez m\u00e1s a ser realidad.<\/p>\n<p style=\"text-align: justify;\">El pr\u00f3ximo debate se realizar\u00e1 antes del 20 de junio en Plenaria del Senado. Por su parte, la senadora Mar\u00eda Jos\u00e9 Pizarro,\u00a0 destac\u00f3 que este proceso permitir\u00e1 abordar la \u201cfracasada lucha contra las drogas en Colombia\u201d de una manera diferente.\u00a0 Si el proyecto no es aprobado hasta el 20 de junio, la iniciativa ser\u00e1 archivada.<\/p>\n<p style=\"text-align: justify;\">\u00a0\u201cAcabamos de aprobar en el pen\u00faltimo debate el proyecto de regularizaci\u00f3n del cannabis de uso adulto. Nos queda el \u00faltimo reto, el m\u00e1s importante y tal vez el m\u00e1s dif\u00edcil, que ser\u00e1 el Senado de la Rep\u00fablica, pero confiamos en que podremos sacarlo adelante\u201d, mencion\u00f3 Pizarro, a trav\u00e9s de un video posteado en sus redes sociales.<\/p>\n<p style=\"text-align: justify;\">Entre tanto, Juan Carlos Losada qui\u00e9n tambi\u00e9n present\u00f3 la iniciativa, se pronunci\u00f3 al respecto: \u201cVamos con toda, nos quedan dos semanas para lograrlo\u201d<\/p>\n","protected":false},"excerpt":{"rendered":"<p>En s\u00e9ptimo debate, la Comisi\u00f3n Primera del Senado aprob\u00f3 la iniciativa de la regularizaci\u00f3n del cannabis de uso adulto en Colombia. Esta es la pen\u00faltima discusi\u00f3n que se tiene sobre el proyecto de acto legislativo, que la acerca cada vez m\u00e1s a ser realidad. El pr\u00f3ximo debate se realizar\u00e1 antes del 20 de junio en [&hellip;]<\/p>\n","protected":false},"author":1,"featured_media":66407,"comment_status":"open","ping_status":"open","sticky":false,"template":"","format":"standard","meta":{"footnotes":""},"categories":[94],"tags":[1754,1757,1756,1755],"class_list":["post-66405","post","type-post","status-publish","format-standard","has-post-thumbnail","hentry","category-nacional-global-2","tag-cannabis","tag-juan-carlos-losada","tag-maria-jose-pizarro","tag-proyecto-de-acto-legislativo"],"yoast_head":"<!-- This site is optimized with the Yoast SEO plugin v27.1.1 - https:\/\/yoast.com\/product\/yoast-seo-wordpress\/ -->\n<title>Fue aprobado en pen\u00faltimo debate la regularizaci\u00f3n del Cannabis de uso Adulto | P\u00e1gina10<\/title>\n<meta name=\"robots\" content=\"index, follow, max-snippet:-1, max-image-preview:large, max-video-preview:-1\" \/>\n<link rel=\"canonical\" href=\"https:\/\/pagina10.com\/web\/fue-aprobado-en-penultimo-debate-la-regularizacion-del-cannabis-de-uso-adulto\/\" \/>\n<meta property=\"og:locale\" content=\"es_ES\" \/>\n<meta property=\"og:type\" content=\"article\" \/>\n<meta property=\"og:title\" content=\"Fue aprobado en pen\u00faltimo debate la regularizaci\u00f3n del Cannabis de uso Adulto | P\u00e1gina10\" \/>\n<meta property=\"og:description\" content=\"En s\u00e9ptimo debate, la Comisi\u00f3n Primera del Senado aprob\u00f3 la iniciativa de la regularizaci\u00f3n del cannabis de uso adulto en Colombia. Esta es la pen\u00faltima discusi\u00f3n que se tiene sobre el proyecto de acto legislativo, que la acerca cada vez m\u00e1s a ser realidad. El pr\u00f3ximo debate se realizar\u00e1 antes del 20 de junio en [&hellip;]\" \/>\n<meta property=\"og:url\" content=\"https:\/\/pagina10.com\/web\/fue-aprobado-en-penultimo-debate-la-regularizacion-del-cannabis-de-uso-adulto\/\" \/>\n<meta property=\"og:site_name\" content=\"P\u00e1gina10\" \/>\n<meta property=\"article:publisher\" content=\"https:\/\/www.facebook.com\/pag10com\" \/>\n<meta property=\"article:published_time\" content=\"2023-06-07T16:32:19+00:00\" \/>\n<meta property=\"article:modified_time\" content=\"2023-06-07T16:33:05+00:00\" \/>\n<meta property=\"og:image\" content=\"https:\/\/pagina10.com\/web\/wp-content\/uploads\/2023\/06\/aprueban-cannabis-uso-adulto-senado.webp\" \/>\n\t<meta property=\"og:image:width\" content=\"826\" \/>\n\t<meta property=\"og:image:height\" content=\"460\" \/>\n\t<meta property=\"og:image:type\" content=\"image\/webp\" \/>\n<meta name=\"author\" content=\"P\u00e1gina 10\" \/>\n<meta name=\"twitter:card\" content=\"summary_large_image\" \/>\n<meta name=\"twitter:creator\" content=\"@Pag10com\" \/>\n<meta name=\"twitter:site\" content=\"@Pag10com\" \/>\n<meta name=\"twitter:label1\" content=\"Escrito por\" \/>\n\t<meta name=\"twitter:data1\" content=\"P\u00e1gina 10\" \/>\n\t<meta name=\"twitter:label2\" content=\"Tiempo de lectura\" \/>\n\t<meta name=\"twitter:data2\" content=\"1 minuto\" \/>\n<script type=\"application\/ld+json\" class=\"yoast-schema-graph\">{\"@context\":\"https:\/\/schema.org\",\"@graph\":[{\"@type\":\"Article\",\"@id\":\"https:\/\/pagina10.com\/web\/fue-aprobado-en-penultimo-debate-la-regularizacion-del-cannabis-de-uso-adulto\/#article\",\"isPartOf\":{\"@id\":\"https:\/\/pagina10.com\/web\/fue-aprobado-en-penultimo-debate-la-regularizacion-del-cannabis-de-uso-adulto\/\"},\"author\":{\"name\":\"P\u00e1gina 10\",\"@id\":\"https:\/\/pagina10.com\/web\/#\/schema\/person\/2efc4a090d25b667d3bc796798a3a81b\"},\"headline\":\"Fue aprobado en pen\u00faltimo debate la regularizaci\u00f3n del Cannabis de uso Adulto\",\"datePublished\":\"2023-06-07T16:32:19+00:00\",\"dateModified\":\"2023-06-07T16:33:05+00:00\",\"mainEntityOfPage\":{\"@id\":\"https:\/\/pagina10.com\/web\/fue-aprobado-en-penultimo-debate-la-regularizacion-del-cannabis-de-uso-adulto\/\"},\"wordCount\":207,\"commentCount\":0,\"publisher\":{\"@id\":\"https:\/\/pagina10.com\/web\/#organization\"},\"image\":{\"@id\":\"https:\/\/pagina10.com\/web\/fue-aprobado-en-penultimo-debate-la-regularizacion-del-cannabis-de-uso-adulto\/#primaryimage\"},\"thumbnailUrl\":\"https:\/\/pagina10.com\/web\/wp-content\/uploads\/2023\/06\/aprueban-cannabis-uso-adulto-senado.webp\",\"keywords\":[\"cannabis\",\"Juan Carlos Losada\",\"maria jose pizarro\",\"proyecto de acto legislativo\"],\"articleSection\":[\"Nacional\"],\"inLanguage\":\"es\",\"potentialAction\":[{\"@type\":\"CommentAction\",\"name\":\"Comment\",\"target\":[\"https:\/\/pagina10.com\/web\/fue-aprobado-en-penultimo-debate-la-regularizacion-del-cannabis-de-uso-adulto\/#respond\"]}]},{\"@type\":\"WebPage\",\"@id\":\"https:\/\/pagina10.com\/web\/fue-aprobado-en-penultimo-debate-la-regularizacion-del-cannabis-de-uso-adulto\/\",\"url\":\"https:\/\/pagina10.com\/web\/fue-aprobado-en-penultimo-debate-la-regularizacion-del-cannabis-de-uso-adulto\/\",\"name\":\"Fue aprobado en pen\u00faltimo debate la regularizaci\u00f3n del Cannabis de uso Adulto | P\u00e1gina10\",\"isPartOf\":{\"@id\":\"https:\/\/pagina10.com\/web\/#website\"},\"primaryImageOfPage\":{\"@id\":\"https:\/\/pagina10.com\/web\/fue-aprobado-en-penultimo-debate-la-regularizacion-del-cannabis-de-uso-adulto\/#primaryimage\"},\"image\":{\"@id\":\"https:\/\/pagina10.com\/web\/fue-aprobado-en-penultimo-debate-la-regularizacion-del-cannabis-de-uso-adulto\/#primaryimage\"},\"thumbnailUrl\":\"https:\/\/pagina10.com\/web\/wp-content\/uploads\/2023\/06\/aprueban-cannabis-uso-adulto-senado.webp\",\"datePublished\":\"2023-06-07T16:32:19+00:00\",\"dateModified\":\"2023-06-07T16:33:05+00:00\",\"breadcrumb\":{\"@id\":\"https:\/\/pagina10.com\/web\/fue-aprobado-en-penultimo-debate-la-regularizacion-del-cannabis-de-uso-adulto\/#breadcrumb\"},\"inLanguage\":\"es\",\"potentialAction\":[{\"@type\":\"ReadAction\",\"target\":[\"https:\/\/pagina10.com\/web\/fue-aprobado-en-penultimo-debate-la-regularizacion-del-cannabis-de-uso-adulto\/\"]}]},{\"@type\":\"ImageObject\",\"inLanguage\":\"es\",\"@id\":\"https:\/\/pagina10.com\/web\/fue-aprobado-en-penultimo-debate-la-regularizacion-del-cannabis-de-uso-adulto\/#primaryimage\",\"url\":\"https:\/\/pagina10.com\/web\/wp-content\/uploads\/2023\/06\/aprueban-cannabis-uso-adulto-senado.webp\",\"contentUrl\":\"https:\/\/pagina10.com\/web\/wp-content\/uploads\/2023\/06\/aprueban-cannabis-uso-adulto-senado.webp\",\"width\":826,\"height\":460},{\"@type\":\"BreadcrumbList\",\"@id\":\"https:\/\/pagina10.com\/web\/fue-aprobado-en-penultimo-debate-la-regularizacion-del-cannabis-de-uso-adulto\/#breadcrumb\",\"itemListElement\":[{\"@type\":\"ListItem\",\"position\":1,\"name\":\"Portada\",\"item\":\"https:\/\/pagina10.com\/web\/\"},{\"@type\":\"ListItem\",\"position\":2,\"name\":\"Fue aprobado en pen\u00faltimo debate la regularizaci\u00f3n del Cannabis de uso Adulto\"}]},{\"@type\":\"WebSite\",\"@id\":\"https:\/\/pagina10.com\/web\/#website\",\"url\":\"https:\/\/pagina10.com\/web\/\",\"name\":\"P\u00e1gina10\",\"description\":\"Peri\u00f3dico Regional\",\"publisher\":{\"@id\":\"https:\/\/pagina10.com\/web\/#organization\"},\"alternateName\":\"P\u00e1gina10 Peri\u00f3dico Regional\",\"potentialAction\":[{\"@type\":\"SearchAction\",\"target\":{\"@type\":\"EntryPoint\",\"urlTemplate\":\"https:\/\/pagina10.com\/web\/?s={search_term_string}\"},\"query-input\":{\"@type\":\"PropertyValueSpecification\",\"valueRequired\":true,\"valueName\":\"search_term_string\"}}],\"inLanguage\":\"es\"},{\"@type\":\"Organization\",\"@id\":\"https:\/\/pagina10.com\/web\/#organization\",\"name\":\"P\u00e1gina10\",\"alternateName\":\"P\u00e1gina10 Peri\u00f3dico Regional\",\"url\":\"https:\/\/pagina10.com\/web\/\",\"logo\":{\"@type\":\"ImageObject\",\"inLanguage\":\"es\",\"@id\":\"https:\/\/pagina10.com\/web\/#\/schema\/logo\/image\/\",\"url\":\"https:\/\/pagina10.com\/web\/wp-content\/uploads\/2024\/01\/40-pagina-10-periodico-regional-pasto.jpg\",\"contentUrl\":\"https:\/\/pagina10.com\/web\/wp-content\/uploads\/2024\/01\/40-pagina-10-periodico-regional-pasto.jpg\",\"width\":1280,\"height\":720,\"caption\":\"P\u00e1gina10\"},\"image\":{\"@id\":\"https:\/\/pagina10.com\/web\/#\/schema\/logo\/image\/\"},\"sameAs\":[\"https:\/\/www.facebook.com\/pag10com\",\"https:\/\/x.com\/Pag10com\",\"https:\/\/www.instagram.com\/pagina10col\/\",\"https:\/\/youtube.com\/channel\/pag10\",\"https:\/\/www.tiktok.com\/@p10col\"]},{\"@type\":\"Person\",\"@id\":\"https:\/\/pagina10.com\/web\/#\/schema\/person\/2efc4a090d25b667d3bc796798a3a81b\",\"name\":\"P\u00e1gina 10\",\"description\":\"P\u00e1gina 10 es un peri\u00f3dico regional que nace en Colombia, en el departamento de Nari\u00f1o, con un enfoque global, fundamentado en cuatro pilares esenciales: la libertad, el pluralismo, la inclusi\u00f3n y la independencia. P\u00e1gina 10 hace referencia a Nari\u00f1o como el d\u00e9cimo departamento creado en Colombia, despu\u00e9s de un proceso pol\u00edtico liderado por actores y actrices regionales con el fin de obtener la independencia y autonom\u00eda de nuestros territorios. Con la creaci\u00f3n de P\u00e1gina 10 se pretende abrir un escenario para el dialogo, la reflexi\u00f3n y el debate que se extienda a otras geograf\u00edas de Am\u00e9rica Latina y del planeta, en una apuesta por transformar colectivamente los desaf\u00edos de un mundo contempor\u00e1neo, m\u00e1s all\u00e1 de las fronteras impuestas.\",\"url\":\"https:\/\/pagina10.com\/web\/author\/pdiezadmin\/\"}]}<\/script>\n<!-- \/ Yoast SEO plugin. -->","yoast_head_json":{"title":"Fue aprobado en pen\u00faltimo debate la regularizaci\u00f3n del Cannabis de uso Adulto | P\u00e1gina10","robots":{"index":"index","follow":"follow","max-snippet":"max-snippet:-1","max-image-preview":"max-image-preview:large","max-video-preview":"max-video-preview:-1"},"canonical":"https:\/\/pagina10.com\/web\/fue-aprobado-en-penultimo-debate-la-regularizacion-del-cannabis-de-uso-adulto\/","og_locale":"es_ES","og_type":"article","og_title":"Fue aprobado en pen\u00faltimo debate la regularizaci\u00f3n del Cannabis de uso Adulto | P\u00e1gina10","og_description":"En s\u00e9ptimo debate, la Comisi\u00f3n Primera del Senado aprob\u00f3 la iniciativa de la regularizaci\u00f3n del cannabis de uso adulto en Colombia. Esta es la pen\u00faltima discusi\u00f3n que se tiene sobre el proyecto de acto legislativo, que la acerca cada vez m\u00e1s a ser realidad. El pr\u00f3ximo debate se realizar\u00e1 antes del 20 de junio en [&hellip;]","og_url":"https:\/\/pagina10.com\/web\/fue-aprobado-en-penultimo-debate-la-regularizacion-del-cannabis-de-uso-adulto\/","og_site_name":"P\u00e1gina10","article_publisher":"https:\/\/www.facebook.com\/pag10com","article_published_time":"2023-06-07T16:32:19+00:00","article_modified_time":"2023-06-07T16:33:05+00:00","og_image":[{"width":826,"height":460,"url":"https:\/\/pagina10.com\/web\/wp-content\/uploads\/2023\/06\/aprueban-cannabis-uso-adulto-senado.webp","type":"image\/webp"}],"author":"P\u00e1gina 10","twitter_card":"summary_large_image","twitter_creator":"@Pag10com","twitter_site":"@Pag10com","twitter_misc":{"Escrito por":"P\u00e1gina 10","Tiempo de lectura":"1 minuto"},"schema":{"@context":"https:\/\/schema.org","@graph":[{"@type":"Article","@id":"https:\/\/pagina10.com\/web\/fue-aprobado-en-penultimo-debate-la-regularizacion-del-cannabis-de-uso-adulto\/#article","isPartOf":{"@id":"https:\/\/pagina10.com\/web\/fue-aprobado-en-penultimo-debate-la-regularizacion-del-cannabis-de-uso-adulto\/"},"author":{"name":"P\u00e1gina 10","@id":"https:\/\/pagina10.com\/web\/#\/schema\/person\/2efc4a090d25b667d3bc796798a3a81b"},"headline":"Fue aprobado en pen\u00faltimo debate la regularizaci\u00f3n del Cannabis de uso Adulto","datePublished":"2023-06-07T16:32:19+00:00","dateModified":"2023-06-07T16:33:05+00:00","mainEntityOfPage":{"@id":"https:\/\/pagina10.com\/web\/fue-aprobado-en-penultimo-debate-la-regularizacion-del-cannabis-de-uso-adulto\/"},"wordCount":207,"commentCount":0,"publisher":{"@id":"https:\/\/pagina10.com\/web\/#organization"},"image":{"@id":"https:\/\/pagina10.com\/web\/fue-aprobado-en-penultimo-debate-la-regularizacion-del-cannabis-de-uso-adulto\/#primaryimage"},"thumbnailUrl":"https:\/\/pagina10.com\/web\/wp-content\/uploads\/2023\/06\/aprueban-cannabis-uso-adulto-senado.webp","keywords":["cannabis","Juan Carlos Losada","maria jose pizarro","proyecto de acto legislativo"],"articleSection":["Nacional"],"inLanguage":"es","potentialAction":[{"@type":"CommentAction","name":"Comment","target":["https:\/\/pagina10.com\/web\/fue-aprobado-en-penultimo-debate-la-regularizacion-del-cannabis-de-uso-adulto\/#respond"]}]},{"@type":"WebPage","@id":"https:\/\/pagina10.com\/web\/fue-aprobado-en-penultimo-debate-la-regularizacion-del-cannabis-de-uso-adulto\/","url":"https:\/\/pagina10.com\/web\/fue-aprobado-en-penultimo-debate-la-regularizacion-del-cannabis-de-uso-adulto\/","name":"Fue aprobado en pen\u00faltimo debate la regularizaci\u00f3n del Cannabis de uso Adulto | P\u00e1gina10","isPartOf":{"@id":"https:\/\/pagina10.com\/web\/#website"},"primaryImageOfPage":{"@id":"https:\/\/pagina10.com\/web\/fue-aprobado-en-penultimo-debate-la-regularizacion-del-cannabis-de-uso-adulto\/#primaryimage"},"image":{"@id":"https:\/\/pagina10.com\/web\/fue-aprobado-en-penultimo-debate-la-regularizacion-del-cannabis-de-uso-adulto\/#primaryimage"},"thumbnailUrl":"https:\/\/pagina10.com\/web\/wp-content\/uploads\/2023\/06\/aprueban-cannabis-uso-adulto-senado.webp","datePublished":"2023-06-07T16:32:19+00:00","dateModified":"2023-06-07T16:33:05+00:00","breadcrumb":{"@id":"https:\/\/pagina10.com\/web\/fue-aprobado-en-penultimo-debate-la-regularizacion-del-cannabis-de-uso-adulto\/#breadcrumb"},"inLanguage":"es","potentialAction":[{"@type":"ReadAction","target":["https:\/\/pagina10.com\/web\/fue-aprobado-en-penultimo-debate-la-regularizacion-del-cannabis-de-uso-adulto\/"]}]},{"@type":"ImageObject","inLanguage":"es","@id":"https:\/\/pagina10.com\/web\/fue-aprobado-en-penultimo-debate-la-regularizacion-del-cannabis-de-uso-adulto\/#primaryimage","url":"https:\/\/pagina10.com\/web\/wp-content\/uploads\/2023\/06\/aprueban-cannabis-uso-adulto-senado.webp","contentUrl":"https:\/\/pagina10.com\/web\/wp-content\/uploads\/2023\/06\/aprueban-cannabis-uso-adulto-senado.webp","width":826,"height":460},{"@type":"BreadcrumbList","@id":"https:\/\/pagina10.com\/web\/fue-aprobado-en-penultimo-debate-la-regularizacion-del-cannabis-de-uso-adulto\/#breadcrumb","itemListElement":[{"@type":"ListItem","position":1,"name":"Portada","item":"https:\/\/pagina10.com\/web\/"},{"@type":"ListItem","position":2,"name":"Fue aprobado en pen\u00faltimo debate la regularizaci\u00f3n del Cannabis de uso Adulto"}]},{"@type":"WebSite","@id":"https:\/\/pagina10.com\/web\/#website","url":"https:\/\/pagina10.com\/web\/","name":"P\u00e1gina10","description":"Peri\u00f3dico Regional","publisher":{"@id":"https:\/\/pagina10.com\/web\/#organization"},"alternateName":"P\u00e1gina10 Peri\u00f3dico Regional","potentialAction":[{"@type":"SearchAction","target":{"@type":"EntryPoint","urlTemplate":"https:\/\/pagina10.com\/web\/?s={search_term_string}"},"query-input":{"@type":"PropertyValueSpecification","valueRequired":true,"valueName":"search_term_string"}}],"inLanguage":"es"},{"@type":"Organization","@id":"https:\/\/pagina10.com\/web\/#organization","name":"P\u00e1gina10","alternateName":"P\u00e1gina10 Peri\u00f3dico Regional","url":"https:\/\/pagina10.com\/web\/","logo":{"@type":"ImageObject","inLanguage":"es","@id":"https:\/\/pagina10.com\/web\/#\/schema\/logo\/image\/","url":"https:\/\/pagina10.com\/web\/wp-content\/uploads\/2024\/01\/40-pagina-10-periodico-regional-pasto.jpg","contentUrl":"https:\/\/pagina10.com\/web\/wp-content\/uploads\/2024\/01\/40-pagina-10-periodico-regional-pasto.jpg","width":1280,"height":720,"caption":"P\u00e1gina10"},"image":{"@id":"https:\/\/pagina10.com\/web\/#\/schema\/logo\/image\/"},"sameAs":["https:\/\/www.facebook.com\/pag10com","https:\/\/x.com\/Pag10com","https:\/\/www.instagram.com\/pagina10col\/","https:\/\/youtube.com\/channel\/pag10","https:\/\/www.tiktok.com\/@p10col"]},{"@type":"Person","@id":"https:\/\/pagina10.com\/web\/#\/schema\/person\/2efc4a090d25b667d3bc796798a3a81b","name":"P\u00e1gina 10","description":"P\u00e1gina 10 es un peri\u00f3dico regional que nace en Colombia, en el departamento de Nari\u00f1o, con un enfoque global, fundamentado en cuatro pilares esenciales: la libertad, el pluralismo, la inclusi\u00f3n y la independencia. P\u00e1gina 10 hace referencia a Nari\u00f1o como el d\u00e9cimo departamento creado en Colombia, despu\u00e9s de un proceso pol\u00edtico liderado por actores y actrices regionales con el fin de obtener la independencia y autonom\u00eda de nuestros territorios. Con la creaci\u00f3n de P\u00e1gina 10 se pretende abrir un escenario para el dialogo, la reflexi\u00f3n y el debate que se extienda a otras geograf\u00edas de Am\u00e9rica Latina y del planeta, en una apuesta por transformar colectivamente los desaf\u00edos de un mundo contempor\u00e1neo, m\u00e1s all\u00e1 de las fronteras impuestas.","url":"https:\/\/pagina10.com\/web\/author\/pdiezadmin\/"}]}},"_links":{"self":[{"href":"https:\/\/pagina10.com\/web\/wp-json\/wp\/v2\/posts\/66405","targetHints":{"allow":["GET"]}}],"collection":[{"href":"https:\/\/pagina10.com\/web\/wp-json\/wp\/v2\/posts"}],"about":[{"href":"https:\/\/pagina10.com\/web\/wp-json\/wp\/v2\/types\/post"}],"author":[{"embeddable":true,"href":"https:\/\/pagina10.com\/web\/wp-json\/wp\/v2\/users\/1"}],"replies":[{"embeddable":true,"href":"https:\/\/pagina10.com\/web\/wp-json\/wp\/v2\/comments?post=66405"}],"version-history":[{"count":1,"href":"https:\/\/pagina10.com\/web\/wp-json\/wp\/v2\/posts\/66405\/revisions"}],"predecessor-version":[{"id":66408,"href":"https:\/\/pagina10.com\/web\/wp-json\/wp\/v2\/posts\/66405\/revisions\/66408"}],"wp:featuredmedia":[{"embeddable":true,"href":"https:\/\/pagina10.com\/web\/wp-json\/wp\/v2\/media\/66407"}],"wp:attachment":[{"href":"https:\/\/pagina10.com\/web\/wp-json\/wp\/v2\/media?parent=66405"}],"wp:term":[{"taxonomy":"category","embeddable":true,"href":"https:\/\/pagina10.com\/web\/wp-json\/wp\/v2\/categories?post=66405"},{"taxonomy":"post_tag","embeddable":true,"href":"https:\/\/pagina10.com\/web\/wp-json\/wp\/v2\/tags?post=66405"}],"curies":[{"name":"wp","href":"https:\/\/api.w.org\/{rel}","templated":true}]}}