{"id":66412,"date":"2023-06-07T11:46:37","date_gmt":"2023-06-07T16:46:37","guid":{"rendered":"https:\/\/pagina10.com\/web\/?p=66412"},"modified":"2023-06-07T11:49:01","modified_gmt":"2023-06-07T16:49:01","slug":"marta-lucia-ramirez-involucrada-en-escandalo-por-compra-de-naves-y-aeronaves-militares-a-italia","status":"publish","type":"post","link":"https:\/\/pagina10.com\/web\/marta-lucia-ramirez-involucrada-en-escandalo-por-compra-de-naves-y-aeronaves-militares-a-italia\/","title":{"rendered":"Marta Lucia Ram\u00edrez involucrada en esc\u00e1ndalo por compra de naves y aeronaves militares a Italia"},"content":{"rendered":"<p style=\"text-align: justify;\">El diario italiano \u2018Corriere della Sera\u2019, <a href=\"https:\/\/roma.corriere.it\/notizie\/cronaca\/23_giugno_06\/massimo-d-alema-alessandro-profumo-indagati-perquisiti-armi-colombia-07077ce7-c0e7-454e-adf9-8c6a69a65xlk.shtml?refresh_ce\">revel\u00f3 este martes<\/a> que el ex primer ministro italiano Massimo D&#8217;Alema es investigado por la fiscal\u00eda de N\u00e1poles (Italia), a ra\u00edz de la venta de naves y aeronaves militares a Colombia, investigaci\u00f3n en la cual <strong>mencionan a Marta Luc\u00eda Ram\u00edrez, ex vicepresidenta en el gobierno Duque<\/strong>, por presuntamente intentar mediar (sobornar) por la compra de las naves a dos empresas italianas. En este canje se buscar\u00eda <strong>repartir 80 millones de euros con otros \u201cparticipantes de la mediaci\u00f3n\u201d.<\/strong><\/p>\n<p style=\"text-align: justify;\"><a href=\"https:\/\/roma.corriere.it\/notizie\/cronaca\/23_giugno_06\/massimo-d-alema-alessandro-profumo-indagati-perquisiti-armi-colombia-07077ce7-c0e7-454e-adf9-8c6a69a65xlk.shtml?refresh_ce\">Seg\u00fan lo revelado<\/a> por el medio europeo la acusaci\u00f3n asegura que &#8220;los sospechosos actuaron en diversas capacidades como promotores de la iniciativa econ\u00f3mica comercial de vender al gobierno <strong>colombiano productos de empresas italianas con participaci\u00f3n p\u00fablica<\/strong>: Leonardo, en particular aviones M 346, y Fincantieri, en particular Corvettes y peque\u00f1os submarinos&#8221;. y construcci\u00f3n de astilleros- con el fin de obtener de las autoridades colombianas la celebraci\u00f3n de los acuerdos formales y definitivos relativos a los suministros descritos y cuyo valor econ\u00f3mico global ascend\u00eda a m\u00e1s de 4.000 millones de euros&#8221;.<\/p>\n<p style=\"text-align: justify;\">\u2018Corriere della Sera\u2019, explica que el decreto de b\u00fasqueda especifica que \u201cEsta operaci\u00f3n ten\u00eda como objetivo incentivar y obtener de las autoridades colombianas la celebraci\u00f3n de acuerdos por un valor total de m\u00e1s de 4.000 millones de euros. Para conseguirlo, ofrecieron y prometieron a otras personas la contraprestaci\u00f3n il\u00edcita de <strong>40 millones de euros correspondientes al 50% de la comisi\u00f3n total de 80 millones de euros<\/strong>\u201d.<\/p>\n<p style=\"text-align: justify;\">El medio tambi\u00e9n revel\u00f3 que esta investigaci\u00f3n involucra a &#8221; <strong>Edgardo Fierro Flores<\/strong> jefe del grupo de trabajo para la presentaci\u00f3n de oportunidades en Colombia, <strong>Marta Luc\u00eda Ram\u00edrez<\/strong>, canciller y ex vicepresidenta de Colombia, <strong>Germ\u00e1n Monroy Ram\u00edrez<\/strong> y <strong>Francisco Joya Prieto<\/strong>, delegados de la comisi\u00f3n del Senado de Colombia&#8221;.<\/p>\n","protected":false},"excerpt":{"rendered":"<p>El diario italiano \u2018Corriere della Sera\u2019, revel\u00f3 este martes que el ex primer ministro italiano Massimo D&#8217;Alema es investigado por la fiscal\u00eda de N\u00e1poles (Italia), a ra\u00edz de la venta de naves y aeronaves militares a Colombia, investigaci\u00f3n en la cual mencionan a Marta Luc\u00eda Ram\u00edrez, ex vicepresidenta en el gobierno Duque, por presuntamente intentar [&hellip;]<\/p>\n","protected":false},"author":1,"featured_media":66414,"comment_status":"open","ping_status":"open","sticky":false,"template":"","format":"standard","meta":{"footnotes":""},"categories":[94],"tags":[],"class_list":["post-66412","post","type-post","status-publish","format-standard","has-post-thumbnail","hentry","category-nacional-global-2"],"yoast_head":"<!-- This site is optimized with the Yoast SEO plugin v27.1.1 - https:\/\/yoast.com\/product\/yoast-seo-wordpress\/ -->\n<title>Marta Lucia Ram\u00edrez involucrada en esc\u00e1ndalo por compra de naves y aeronaves militares a Italia | P\u00e1gina10<\/title>\n<meta name=\"robots\" content=\"index, follow, max-snippet:-1, max-image-preview:large, max-video-preview:-1\" \/>\n<link rel=\"canonical\" href=\"https:\/\/pagina10.com\/web\/marta-lucia-ramirez-involucrada-en-escandalo-por-compra-de-naves-y-aeronaves-militares-a-italia\/\" \/>\n<meta property=\"og:locale\" content=\"es_ES\" \/>\n<meta property=\"og:type\" content=\"article\" \/>\n<meta property=\"og:title\" content=\"Marta Lucia Ram\u00edrez involucrada en esc\u00e1ndalo por compra de naves y aeronaves militares a Italia | P\u00e1gina10\" \/>\n<meta property=\"og:description\" content=\"El diario italiano \u2018Corriere della Sera\u2019, revel\u00f3 este martes que el ex primer ministro italiano Massimo D&#8217;Alema es investigado por la fiscal\u00eda de N\u00e1poles (Italia), a ra\u00edz de la venta de naves y aeronaves militares a Colombia, investigaci\u00f3n en la cual mencionan a Marta Luc\u00eda Ram\u00edrez, ex vicepresidenta en el gobierno Duque, por presuntamente intentar [&hellip;]\" \/>\n<meta property=\"og:url\" content=\"https:\/\/pagina10.com\/web\/marta-lucia-ramirez-involucrada-en-escandalo-por-compra-de-naves-y-aeronaves-militares-a-italia\/\" \/>\n<meta property=\"og:site_name\" content=\"P\u00e1gina10\" \/>\n<meta property=\"article:publisher\" content=\"https:\/\/www.facebook.com\/pag10com\" \/>\n<meta property=\"article:published_time\" content=\"2023-06-07T16:46:37+00:00\" \/>\n<meta property=\"article:modified_time\" content=\"2023-06-07T16:49:01+00:00\" \/>\n<meta property=\"og:image\" content=\"https:\/\/pagina10.com\/web\/wp-content\/uploads\/2023\/06\/7H5A25ZCF5A25PXAECF6QKI2AQ.jpg\" \/>\n\t<meta property=\"og:image:width\" content=\"480\" \/>\n\t<meta property=\"og:image:height\" content=\"320\" \/>\n\t<meta property=\"og:image:type\" content=\"image\/jpeg\" \/>\n<meta name=\"author\" content=\"P\u00e1gina 10\" \/>\n<meta name=\"twitter:card\" content=\"summary_large_image\" \/>\n<meta name=\"twitter:creator\" content=\"@Pag10com\" \/>\n<meta name=\"twitter:site\" content=\"@Pag10com\" \/>\n<meta name=\"twitter:label1\" content=\"Escrito por\" \/>\n\t<meta name=\"twitter:data1\" content=\"P\u00e1gina 10\" \/>\n\t<meta name=\"twitter:label2\" content=\"Tiempo de lectura\" \/>\n\t<meta name=\"twitter:data2\" content=\"2 minutos\" \/>\n<script type=\"application\/ld+json\" class=\"yoast-schema-graph\">{\"@context\":\"https:\/\/schema.org\",\"@graph\":[{\"@type\":\"Article\",\"@id\":\"https:\/\/pagina10.com\/web\/marta-lucia-ramirez-involucrada-en-escandalo-por-compra-de-naves-y-aeronaves-militares-a-italia\/#article\",\"isPartOf\":{\"@id\":\"https:\/\/pagina10.com\/web\/marta-lucia-ramirez-involucrada-en-escandalo-por-compra-de-naves-y-aeronaves-militares-a-italia\/\"},\"author\":{\"name\":\"P\u00e1gina 10\",\"@id\":\"https:\/\/pagina10.com\/web\/#\/schema\/person\/2efc4a090d25b667d3bc796798a3a81b\"},\"headline\":\"Marta Lucia Ram\u00edrez involucrada en esc\u00e1ndalo por compra de naves y aeronaves militares a Italia\",\"datePublished\":\"2023-06-07T16:46:37+00:00\",\"dateModified\":\"2023-06-07T16:49:01+00:00\",\"mainEntityOfPage\":{\"@id\":\"https:\/\/pagina10.com\/web\/marta-lucia-ramirez-involucrada-en-escandalo-por-compra-de-naves-y-aeronaves-militares-a-italia\/\"},\"wordCount\":332,\"commentCount\":0,\"publisher\":{\"@id\":\"https:\/\/pagina10.com\/web\/#organization\"},\"image\":{\"@id\":\"https:\/\/pagina10.com\/web\/marta-lucia-ramirez-involucrada-en-escandalo-por-compra-de-naves-y-aeronaves-militares-a-italia\/#primaryimage\"},\"thumbnailUrl\":\"https:\/\/pagina10.com\/web\/wp-content\/uploads\/2023\/06\/7H5A25ZCF5A25PXAECF6QKI2AQ.jpg\",\"articleSection\":[\"Nacional\"],\"inLanguage\":\"es\",\"potentialAction\":[{\"@type\":\"CommentAction\",\"name\":\"Comment\",\"target\":[\"https:\/\/pagina10.com\/web\/marta-lucia-ramirez-involucrada-en-escandalo-por-compra-de-naves-y-aeronaves-militares-a-italia\/#respond\"]}]},{\"@type\":\"WebPage\",\"@id\":\"https:\/\/pagina10.com\/web\/marta-lucia-ramirez-involucrada-en-escandalo-por-compra-de-naves-y-aeronaves-militares-a-italia\/\",\"url\":\"https:\/\/pagina10.com\/web\/marta-lucia-ramirez-involucrada-en-escandalo-por-compra-de-naves-y-aeronaves-militares-a-italia\/\",\"name\":\"Marta Lucia Ram\u00edrez involucrada en esc\u00e1ndalo por compra de naves y aeronaves militares a Italia | P\u00e1gina10\",\"isPartOf\":{\"@id\":\"https:\/\/pagina10.com\/web\/#website\"},\"primaryImageOfPage\":{\"@id\":\"https:\/\/pagina10.com\/web\/marta-lucia-ramirez-involucrada-en-escandalo-por-compra-de-naves-y-aeronaves-militares-a-italia\/#primaryimage\"},\"image\":{\"@id\":\"https:\/\/pagina10.com\/web\/marta-lucia-ramirez-involucrada-en-escandalo-por-compra-de-naves-y-aeronaves-militares-a-italia\/#primaryimage\"},\"thumbnailUrl\":\"https:\/\/pagina10.com\/web\/wp-content\/uploads\/2023\/06\/7H5A25ZCF5A25PXAECF6QKI2AQ.jpg\",\"datePublished\":\"2023-06-07T16:46:37+00:00\",\"dateModified\":\"2023-06-07T16:49:01+00:00\",\"breadcrumb\":{\"@id\":\"https:\/\/pagina10.com\/web\/marta-lucia-ramirez-involucrada-en-escandalo-por-compra-de-naves-y-aeronaves-militares-a-italia\/#breadcrumb\"},\"inLanguage\":\"es\",\"potentialAction\":[{\"@type\":\"ReadAction\",\"target\":[\"https:\/\/pagina10.com\/web\/marta-lucia-ramirez-involucrada-en-escandalo-por-compra-de-naves-y-aeronaves-militares-a-italia\/\"]}]},{\"@type\":\"ImageObject\",\"inLanguage\":\"es\",\"@id\":\"https:\/\/pagina10.com\/web\/marta-lucia-ramirez-involucrada-en-escandalo-por-compra-de-naves-y-aeronaves-militares-a-italia\/#primaryimage\",\"url\":\"https:\/\/pagina10.com\/web\/wp-content\/uploads\/2023\/06\/7H5A25ZCF5A25PXAECF6QKI2AQ.jpg\",\"contentUrl\":\"https:\/\/pagina10.com\/web\/wp-content\/uploads\/2023\/06\/7H5A25ZCF5A25PXAECF6QKI2AQ.jpg\",\"width\":480,\"height\":320},{\"@type\":\"BreadcrumbList\",\"@id\":\"https:\/\/pagina10.com\/web\/marta-lucia-ramirez-involucrada-en-escandalo-por-compra-de-naves-y-aeronaves-militares-a-italia\/#breadcrumb\",\"itemListElement\":[{\"@type\":\"ListItem\",\"position\":1,\"name\":\"Portada\",\"item\":\"https:\/\/pagina10.com\/web\/\"},{\"@type\":\"ListItem\",\"position\":2,\"name\":\"Marta Lucia Ram\u00edrez involucrada en esc\u00e1ndalo por compra de naves y aeronaves militares a Italia\"}]},{\"@type\":\"WebSite\",\"@id\":\"https:\/\/pagina10.com\/web\/#website\",\"url\":\"https:\/\/pagina10.com\/web\/\",\"name\":\"P\u00e1gina10\",\"description\":\"Peri\u00f3dico Regional\",\"publisher\":{\"@id\":\"https:\/\/pagina10.com\/web\/#organization\"},\"alternateName\":\"P\u00e1gina10 Peri\u00f3dico Regional\",\"potentialAction\":[{\"@type\":\"SearchAction\",\"target\":{\"@type\":\"EntryPoint\",\"urlTemplate\":\"https:\/\/pagina10.com\/web\/?s={search_term_string}\"},\"query-input\":{\"@type\":\"PropertyValueSpecification\",\"valueRequired\":true,\"valueName\":\"search_term_string\"}}],\"inLanguage\":\"es\"},{\"@type\":\"Organization\",\"@id\":\"https:\/\/pagina10.com\/web\/#organization\",\"name\":\"P\u00e1gina10\",\"alternateName\":\"P\u00e1gina10 Peri\u00f3dico Regional\",\"url\":\"https:\/\/pagina10.com\/web\/\",\"logo\":{\"@type\":\"ImageObject\",\"inLanguage\":\"es\",\"@id\":\"https:\/\/pagina10.com\/web\/#\/schema\/logo\/image\/\",\"url\":\"https:\/\/pagina10.com\/web\/wp-content\/uploads\/2024\/01\/40-pagina-10-periodico-regional-pasto.jpg\",\"contentUrl\":\"https:\/\/pagina10.com\/web\/wp-content\/uploads\/2024\/01\/40-pagina-10-periodico-regional-pasto.jpg\",\"width\":1280,\"height\":720,\"caption\":\"P\u00e1gina10\"},\"image\":{\"@id\":\"https:\/\/pagina10.com\/web\/#\/schema\/logo\/image\/\"},\"sameAs\":[\"https:\/\/www.facebook.com\/pag10com\",\"https:\/\/x.com\/Pag10com\",\"https:\/\/www.instagram.com\/pagina10col\/\",\"https:\/\/youtube.com\/channel\/pag10\",\"https:\/\/www.tiktok.com\/@p10col\"]},{\"@type\":\"Person\",\"@id\":\"https:\/\/pagina10.com\/web\/#\/schema\/person\/2efc4a090d25b667d3bc796798a3a81b\",\"name\":\"P\u00e1gina 10\",\"description\":\"P\u00e1gina 10 es un peri\u00f3dico regional que nace en Colombia, en el departamento de Nari\u00f1o, con un enfoque global, fundamentado en cuatro pilares esenciales: la libertad, el pluralismo, la inclusi\u00f3n y la independencia. P\u00e1gina 10 hace referencia a Nari\u00f1o como el d\u00e9cimo departamento creado en Colombia, despu\u00e9s de un proceso pol\u00edtico liderado por actores y actrices regionales con el fin de obtener la independencia y autonom\u00eda de nuestros territorios. Con la creaci\u00f3n de P\u00e1gina 10 se pretende abrir un escenario para el dialogo, la reflexi\u00f3n y el debate que se extienda a otras geograf\u00edas de Am\u00e9rica Latina y del planeta, en una apuesta por transformar colectivamente los desaf\u00edos de un mundo contempor\u00e1neo, m\u00e1s all\u00e1 de las fronteras impuestas.\",\"url\":\"https:\/\/pagina10.com\/web\/author\/pdiezadmin\/\"}]}<\/script>\n<!-- \/ Yoast SEO plugin. -->","yoast_head_json":{"title":"Marta Lucia Ram\u00edrez involucrada en esc\u00e1ndalo por compra de naves y aeronaves militares a Italia | P\u00e1gina10","robots":{"index":"index","follow":"follow","max-snippet":"max-snippet:-1","max-image-preview":"max-image-preview:large","max-video-preview":"max-video-preview:-1"},"canonical":"https:\/\/pagina10.com\/web\/marta-lucia-ramirez-involucrada-en-escandalo-por-compra-de-naves-y-aeronaves-militares-a-italia\/","og_locale":"es_ES","og_type":"article","og_title":"Marta Lucia Ram\u00edrez involucrada en esc\u00e1ndalo por compra de naves y aeronaves militares a Italia | P\u00e1gina10","og_description":"El diario italiano \u2018Corriere della Sera\u2019, revel\u00f3 este martes que el ex primer ministro italiano Massimo D&#8217;Alema es investigado por la fiscal\u00eda de N\u00e1poles (Italia), a ra\u00edz de la venta de naves y aeronaves militares a Colombia, investigaci\u00f3n en la cual mencionan a Marta Luc\u00eda Ram\u00edrez, ex vicepresidenta en el gobierno Duque, por presuntamente intentar [&hellip;]","og_url":"https:\/\/pagina10.com\/web\/marta-lucia-ramirez-involucrada-en-escandalo-por-compra-de-naves-y-aeronaves-militares-a-italia\/","og_site_name":"P\u00e1gina10","article_publisher":"https:\/\/www.facebook.com\/pag10com","article_published_time":"2023-06-07T16:46:37+00:00","article_modified_time":"2023-06-07T16:49:01+00:00","og_image":[{"width":480,"height":320,"url":"https:\/\/pagina10.com\/web\/wp-content\/uploads\/2023\/06\/7H5A25ZCF5A25PXAECF6QKI2AQ.jpg","type":"image\/jpeg"}],"author":"P\u00e1gina 10","twitter_card":"summary_large_image","twitter_creator":"@Pag10com","twitter_site":"@Pag10com","twitter_misc":{"Escrito por":"P\u00e1gina 10","Tiempo de lectura":"2 minutos"},"schema":{"@context":"https:\/\/schema.org","@graph":[{"@type":"Article","@id":"https:\/\/pagina10.com\/web\/marta-lucia-ramirez-involucrada-en-escandalo-por-compra-de-naves-y-aeronaves-militares-a-italia\/#article","isPartOf":{"@id":"https:\/\/pagina10.com\/web\/marta-lucia-ramirez-involucrada-en-escandalo-por-compra-de-naves-y-aeronaves-militares-a-italia\/"},"author":{"name":"P\u00e1gina 10","@id":"https:\/\/pagina10.com\/web\/#\/schema\/person\/2efc4a090d25b667d3bc796798a3a81b"},"headline":"Marta Lucia Ram\u00edrez involucrada en esc\u00e1ndalo por compra de naves y aeronaves militares a Italia","datePublished":"2023-06-07T16:46:37+00:00","dateModified":"2023-06-07T16:49:01+00:00","mainEntityOfPage":{"@id":"https:\/\/pagina10.com\/web\/marta-lucia-ramirez-involucrada-en-escandalo-por-compra-de-naves-y-aeronaves-militares-a-italia\/"},"wordCount":332,"commentCount":0,"publisher":{"@id":"https:\/\/pagina10.com\/web\/#organization"},"image":{"@id":"https:\/\/pagina10.com\/web\/marta-lucia-ramirez-involucrada-en-escandalo-por-compra-de-naves-y-aeronaves-militares-a-italia\/#primaryimage"},"thumbnailUrl":"https:\/\/pagina10.com\/web\/wp-content\/uploads\/2023\/06\/7H5A25ZCF5A25PXAECF6QKI2AQ.jpg","articleSection":["Nacional"],"inLanguage":"es","potentialAction":[{"@type":"CommentAction","name":"Comment","target":["https:\/\/pagina10.com\/web\/marta-lucia-ramirez-involucrada-en-escandalo-por-compra-de-naves-y-aeronaves-militares-a-italia\/#respond"]}]},{"@type":"WebPage","@id":"https:\/\/pagina10.com\/web\/marta-lucia-ramirez-involucrada-en-escandalo-por-compra-de-naves-y-aeronaves-militares-a-italia\/","url":"https:\/\/pagina10.com\/web\/marta-lucia-ramirez-involucrada-en-escandalo-por-compra-de-naves-y-aeronaves-militares-a-italia\/","name":"Marta Lucia Ram\u00edrez involucrada en esc\u00e1ndalo por compra de naves y aeronaves militares a Italia | P\u00e1gina10","isPartOf":{"@id":"https:\/\/pagina10.com\/web\/#website"},"primaryImageOfPage":{"@id":"https:\/\/pagina10.com\/web\/marta-lucia-ramirez-involucrada-en-escandalo-por-compra-de-naves-y-aeronaves-militares-a-italia\/#primaryimage"},"image":{"@id":"https:\/\/pagina10.com\/web\/marta-lucia-ramirez-involucrada-en-escandalo-por-compra-de-naves-y-aeronaves-militares-a-italia\/#primaryimage"},"thumbnailUrl":"https:\/\/pagina10.com\/web\/wp-content\/uploads\/2023\/06\/7H5A25ZCF5A25PXAECF6QKI2AQ.jpg","datePublished":"2023-06-07T16:46:37+00:00","dateModified":"2023-06-07T16:49:01+00:00","breadcrumb":{"@id":"https:\/\/pagina10.com\/web\/marta-lucia-ramirez-involucrada-en-escandalo-por-compra-de-naves-y-aeronaves-militares-a-italia\/#breadcrumb"},"inLanguage":"es","potentialAction":[{"@type":"ReadAction","target":["https:\/\/pagina10.com\/web\/marta-lucia-ramirez-involucrada-en-escandalo-por-compra-de-naves-y-aeronaves-militares-a-italia\/"]}]},{"@type":"ImageObject","inLanguage":"es","@id":"https:\/\/pagina10.com\/web\/marta-lucia-ramirez-involucrada-en-escandalo-por-compra-de-naves-y-aeronaves-militares-a-italia\/#primaryimage","url":"https:\/\/pagina10.com\/web\/wp-content\/uploads\/2023\/06\/7H5A25ZCF5A25PXAECF6QKI2AQ.jpg","contentUrl":"https:\/\/pagina10.com\/web\/wp-content\/uploads\/2023\/06\/7H5A25ZCF5A25PXAECF6QKI2AQ.jpg","width":480,"height":320},{"@type":"BreadcrumbList","@id":"https:\/\/pagina10.com\/web\/marta-lucia-ramirez-involucrada-en-escandalo-por-compra-de-naves-y-aeronaves-militares-a-italia\/#breadcrumb","itemListElement":[{"@type":"ListItem","position":1,"name":"Portada","item":"https:\/\/pagina10.com\/web\/"},{"@type":"ListItem","position":2,"name":"Marta Lucia Ram\u00edrez involucrada en esc\u00e1ndalo por compra de naves y aeronaves militares a Italia"}]},{"@type":"WebSite","@id":"https:\/\/pagina10.com\/web\/#website","url":"https:\/\/pagina10.com\/web\/","name":"P\u00e1gina10","description":"Peri\u00f3dico Regional","publisher":{"@id":"https:\/\/pagina10.com\/web\/#organization"},"alternateName":"P\u00e1gina10 Peri\u00f3dico Regional","potentialAction":[{"@type":"SearchAction","target":{"@type":"EntryPoint","urlTemplate":"https:\/\/pagina10.com\/web\/?s={search_term_string}"},"query-input":{"@type":"PropertyValueSpecification","valueRequired":true,"valueName":"search_term_string"}}],"inLanguage":"es"},{"@type":"Organization","@id":"https:\/\/pagina10.com\/web\/#organization","name":"P\u00e1gina10","alternateName":"P\u00e1gina10 Peri\u00f3dico Regional","url":"https:\/\/pagina10.com\/web\/","logo":{"@type":"ImageObject","inLanguage":"es","@id":"https:\/\/pagina10.com\/web\/#\/schema\/logo\/image\/","url":"https:\/\/pagina10.com\/web\/wp-content\/uploads\/2024\/01\/40-pagina-10-periodico-regional-pasto.jpg","contentUrl":"https:\/\/pagina10.com\/web\/wp-content\/uploads\/2024\/01\/40-pagina-10-periodico-regional-pasto.jpg","width":1280,"height":720,"caption":"P\u00e1gina10"},"image":{"@id":"https:\/\/pagina10.com\/web\/#\/schema\/logo\/image\/"},"sameAs":["https:\/\/www.facebook.com\/pag10com","https:\/\/x.com\/Pag10com","https:\/\/www.instagram.com\/pagina10col\/","https:\/\/youtube.com\/channel\/pag10","https:\/\/www.tiktok.com\/@p10col"]},{"@type":"Person","@id":"https:\/\/pagina10.com\/web\/#\/schema\/person\/2efc4a090d25b667d3bc796798a3a81b","name":"P\u00e1gina 10","description":"P\u00e1gina 10 es un peri\u00f3dico regional que nace en Colombia, en el departamento de Nari\u00f1o, con un enfoque global, fundamentado en cuatro pilares esenciales: la libertad, el pluralismo, la inclusi\u00f3n y la independencia. P\u00e1gina 10 hace referencia a Nari\u00f1o como el d\u00e9cimo departamento creado en Colombia, despu\u00e9s de un proceso pol\u00edtico liderado por actores y actrices regionales con el fin de obtener la independencia y autonom\u00eda de nuestros territorios. Con la creaci\u00f3n de P\u00e1gina 10 se pretende abrir un escenario para el dialogo, la reflexi\u00f3n y el debate que se extienda a otras geograf\u00edas de Am\u00e9rica Latina y del planeta, en una apuesta por transformar colectivamente los desaf\u00edos de un mundo contempor\u00e1neo, m\u00e1s all\u00e1 de las fronteras impuestas.","url":"https:\/\/pagina10.com\/web\/author\/pdiezadmin\/"}]}},"_links":{"self":[{"href":"https:\/\/pagina10.com\/web\/wp-json\/wp\/v2\/posts\/66412","targetHints":{"allow":["GET"]}}],"collection":[{"href":"https:\/\/pagina10.com\/web\/wp-json\/wp\/v2\/posts"}],"about":[{"href":"https:\/\/pagina10.com\/web\/wp-json\/wp\/v2\/types\/post"}],"author":[{"embeddable":true,"href":"https:\/\/pagina10.com\/web\/wp-json\/wp\/v2\/users\/1"}],"replies":[{"embeddable":true,"href":"https:\/\/pagina10.com\/web\/wp-json\/wp\/v2\/comments?post=66412"}],"version-history":[{"count":3,"href":"https:\/\/pagina10.com\/web\/wp-json\/wp\/v2\/posts\/66412\/revisions"}],"predecessor-version":[{"id":66417,"href":"https:\/\/pagina10.com\/web\/wp-json\/wp\/v2\/posts\/66412\/revisions\/66417"}],"wp:featuredmedia":[{"embeddable":true,"href":"https:\/\/pagina10.com\/web\/wp-json\/wp\/v2\/media\/66414"}],"wp:attachment":[{"href":"https:\/\/pagina10.com\/web\/wp-json\/wp\/v2\/media?parent=66412"}],"wp:term":[{"taxonomy":"category","embeddable":true,"href":"https:\/\/pagina10.com\/web\/wp-json\/wp\/v2\/categories?post=66412"},{"taxonomy":"post_tag","embeddable":true,"href":"https:\/\/pagina10.com\/web\/wp-json\/wp\/v2\/tags?post=66412"}],"curies":[{"name":"wp","href":"https:\/\/api.w.org\/{rel}","templated":true}]}}