{"id":66469,"date":"2023-06-09T12:56:41","date_gmt":"2023-06-09T17:56:41","guid":{"rendered":"https:\/\/pagina10.com\/web\/?p=66469"},"modified":"2023-06-09T12:57:24","modified_gmt":"2023-06-09T17:57:24","slug":"camacol-anuncio-disminucion-de-compra-de-vivienda-en-todo-el-pais","status":"publish","type":"post","link":"https:\/\/pagina10.com\/web\/camacol-anuncio-disminucion-de-compra-de-vivienda-en-todo-el-pais\/","title":{"rendered":"CAMACOL anunci\u00f3 disminuci\u00f3n de compra de vivienda en todo el pa\u00eds"},"content":{"rendered":"<p style=\"text-align: justify;\">La industria de la <strong>construcci\u00f3n en Colombia enfrenta una crisis<\/strong> con el desplome en la compra de viviendas. Seg\u00fan informes de la C\u00e1mara Colombiana de la Construcci\u00f3n (Camacol), los primeros cuatro meses del a\u00f1o, se registr\u00f3 una reducci\u00f3n del 66% en el n\u00famero de viviendas compradas.<\/p>\n<p style=\"text-align: justify;\">&#8220;<strong>Hay mucha preocupaci\u00f3n porque los indicadores l\u00edderes del sector<\/strong> nos muestran que se han venido cayendo las ventas de manera pronunciada. Pero tambi\u00e9n se est\u00e1 frenando el lanzamiento de nuevos proyectos de vivienda, algo que se empieza a reflejar en la iniciaci\u00f3n de las obras que ya se hab\u00edan vendido con anterioridad&#8221;, indic\u00f3 Guillermo Herrera, presidente de Camacol.<\/p>\n<p style=\"text-align: justify;\">La inflaci\u00f3n, altas tasas de inter\u00e9s y los cambios en los programas de acceso a vivienda, como &#8220;Mi Casa Ya&#8221;, <strong>han golpeado a esta importante industria<\/strong>, raz\u00f3n por la cual las ventas de viviendas de inter\u00e9s social han disminuido en un 66%.<\/p>\n<p style=\"text-align: justify;\">Tanto el sector de construcci\u00f3n como el Gobierno Nacional est\u00e1n preocupados por esta situaci\u00f3n y buscan soluciones para enfrentar la crisis. El Ministerio de Hacienda ha destinado un bill\u00f3n de pesos para el programa &#8216;Mi Casa Ya&#8217;, sin embargo, la industria tambi\u00e9n solicita acciones concretas por parte del Gobierno para salvar el sector.<\/p>\n<p style=\"text-align: justify;\">Las \u00faltimas cifras del DANE revelan que se han perdido alrededor de 19.000 empleos en toda la industria de la construcci\u00f3n, cifras que podr\u00edan aumentar si no se toman medidas inmediatas para aliviar la situaci\u00f3n.<\/p>\n","protected":false},"excerpt":{"rendered":"<p>La industria de la construcci\u00f3n en Colombia enfrenta una crisis con el desplome en la compra de viviendas. Seg\u00fan informes de la C\u00e1mara Colombiana de la Construcci\u00f3n (Camacol), los primeros cuatro meses del a\u00f1o, se registr\u00f3 una reducci\u00f3n del 66% en el n\u00famero de viviendas compradas. &#8220;Hay mucha preocupaci\u00f3n porque los indicadores l\u00edderes del sector [&hellip;]<\/p>\n","protected":false},"author":1,"featured_media":66470,"comment_status":"open","ping_status":"open","sticky":false,"template":"","format":"standard","meta":{"footnotes":""},"categories":[94],"tags":[],"class_list":["post-66469","post","type-post","status-publish","format-standard","has-post-thumbnail","hentry","category-nacional-global-2"],"yoast_head":"<!-- This site is optimized with the Yoast SEO plugin v27.1.1 - https:\/\/yoast.com\/product\/yoast-seo-wordpress\/ -->\n<title>CAMACOL anunci\u00f3 disminuci\u00f3n de compra de vivienda en todo el pa\u00eds | P\u00e1gina10<\/title>\n<meta name=\"robots\" content=\"index, follow, max-snippet:-1, max-image-preview:large, max-video-preview:-1\" \/>\n<link rel=\"canonical\" href=\"https:\/\/pagina10.com\/web\/camacol-anuncio-disminucion-de-compra-de-vivienda-en-todo-el-pais\/\" \/>\n<meta property=\"og:locale\" content=\"es_ES\" \/>\n<meta property=\"og:type\" content=\"article\" \/>\n<meta property=\"og:title\" content=\"CAMACOL anunci\u00f3 disminuci\u00f3n de compra de vivienda en todo el pa\u00eds | P\u00e1gina10\" \/>\n<meta property=\"og:description\" content=\"La industria de la construcci\u00f3n en Colombia enfrenta una crisis con el desplome en la compra de viviendas. Seg\u00fan informes de la C\u00e1mara Colombiana de la Construcci\u00f3n (Camacol), los primeros cuatro meses del a\u00f1o, se registr\u00f3 una reducci\u00f3n del 66% en el n\u00famero de viviendas compradas. &#8220;Hay mucha preocupaci\u00f3n porque los indicadores l\u00edderes del sector [&hellip;]\" \/>\n<meta property=\"og:url\" content=\"https:\/\/pagina10.com\/web\/camacol-anuncio-disminucion-de-compra-de-vivienda-en-todo-el-pais\/\" \/>\n<meta property=\"og:site_name\" content=\"P\u00e1gina10\" \/>\n<meta property=\"article:publisher\" content=\"https:\/\/www.facebook.com\/pag10com\" \/>\n<meta property=\"article:published_time\" content=\"2023-06-09T17:56:41+00:00\" \/>\n<meta property=\"article:modified_time\" content=\"2023-06-09T17:57:24+00:00\" \/>\n<meta property=\"og:image\" content=\"https:\/\/pagina10.com\/web\/wp-content\/uploads\/2023\/06\/EHGDUW7ZW5F5PPOBQAFQ7YJKIU.jpg\" \/>\n\t<meta property=\"og:image:width\" content=\"1000\" \/>\n\t<meta property=\"og:image:height\" content=\"530\" \/>\n\t<meta property=\"og:image:type\" content=\"image\/jpeg\" \/>\n<meta name=\"author\" content=\"P\u00e1gina 10\" \/>\n<meta name=\"twitter:card\" content=\"summary_large_image\" \/>\n<meta name=\"twitter:creator\" content=\"@Pag10com\" \/>\n<meta name=\"twitter:site\" content=\"@Pag10com\" \/>\n<meta name=\"twitter:label1\" content=\"Escrito por\" \/>\n\t<meta name=\"twitter:data1\" content=\"P\u00e1gina 10\" \/>\n\t<meta name=\"twitter:label2\" content=\"Tiempo de lectura\" \/>\n\t<meta name=\"twitter:data2\" content=\"1 minuto\" \/>\n<script type=\"application\/ld+json\" class=\"yoast-schema-graph\">{\"@context\":\"https:\/\/schema.org\",\"@graph\":[{\"@type\":\"Article\",\"@id\":\"https:\/\/pagina10.com\/web\/camacol-anuncio-disminucion-de-compra-de-vivienda-en-todo-el-pais\/#article\",\"isPartOf\":{\"@id\":\"https:\/\/pagina10.com\/web\/camacol-anuncio-disminucion-de-compra-de-vivienda-en-todo-el-pais\/\"},\"author\":{\"name\":\"P\u00e1gina 10\",\"@id\":\"https:\/\/pagina10.com\/web\/#\/schema\/person\/2efc4a090d25b667d3bc796798a3a81b\"},\"headline\":\"CAMACOL anunci\u00f3 disminuci\u00f3n de compra de vivienda en todo el pa\u00eds\",\"datePublished\":\"2023-06-09T17:56:41+00:00\",\"dateModified\":\"2023-06-09T17:57:24+00:00\",\"mainEntityOfPage\":{\"@id\":\"https:\/\/pagina10.com\/web\/camacol-anuncio-disminucion-de-compra-de-vivienda-en-todo-el-pais\/\"},\"wordCount\":268,\"commentCount\":0,\"publisher\":{\"@id\":\"https:\/\/pagina10.com\/web\/#organization\"},\"image\":{\"@id\":\"https:\/\/pagina10.com\/web\/camacol-anuncio-disminucion-de-compra-de-vivienda-en-todo-el-pais\/#primaryimage\"},\"thumbnailUrl\":\"https:\/\/pagina10.com\/web\/wp-content\/uploads\/2023\/06\/EHGDUW7ZW5F5PPOBQAFQ7YJKIU.jpg\",\"articleSection\":[\"Nacional\"],\"inLanguage\":\"es\",\"potentialAction\":[{\"@type\":\"CommentAction\",\"name\":\"Comment\",\"target\":[\"https:\/\/pagina10.com\/web\/camacol-anuncio-disminucion-de-compra-de-vivienda-en-todo-el-pais\/#respond\"]}]},{\"@type\":\"WebPage\",\"@id\":\"https:\/\/pagina10.com\/web\/camacol-anuncio-disminucion-de-compra-de-vivienda-en-todo-el-pais\/\",\"url\":\"https:\/\/pagina10.com\/web\/camacol-anuncio-disminucion-de-compra-de-vivienda-en-todo-el-pais\/\",\"name\":\"CAMACOL anunci\u00f3 disminuci\u00f3n de compra de vivienda en todo el pa\u00eds | P\u00e1gina10\",\"isPartOf\":{\"@id\":\"https:\/\/pagina10.com\/web\/#website\"},\"primaryImageOfPage\":{\"@id\":\"https:\/\/pagina10.com\/web\/camacol-anuncio-disminucion-de-compra-de-vivienda-en-todo-el-pais\/#primaryimage\"},\"image\":{\"@id\":\"https:\/\/pagina10.com\/web\/camacol-anuncio-disminucion-de-compra-de-vivienda-en-todo-el-pais\/#primaryimage\"},\"thumbnailUrl\":\"https:\/\/pagina10.com\/web\/wp-content\/uploads\/2023\/06\/EHGDUW7ZW5F5PPOBQAFQ7YJKIU.jpg\",\"datePublished\":\"2023-06-09T17:56:41+00:00\",\"dateModified\":\"2023-06-09T17:57:24+00:00\",\"breadcrumb\":{\"@id\":\"https:\/\/pagina10.com\/web\/camacol-anuncio-disminucion-de-compra-de-vivienda-en-todo-el-pais\/#breadcrumb\"},\"inLanguage\":\"es\",\"potentialAction\":[{\"@type\":\"ReadAction\",\"target\":[\"https:\/\/pagina10.com\/web\/camacol-anuncio-disminucion-de-compra-de-vivienda-en-todo-el-pais\/\"]}]},{\"@type\":\"ImageObject\",\"inLanguage\":\"es\",\"@id\":\"https:\/\/pagina10.com\/web\/camacol-anuncio-disminucion-de-compra-de-vivienda-en-todo-el-pais\/#primaryimage\",\"url\":\"https:\/\/pagina10.com\/web\/wp-content\/uploads\/2023\/06\/EHGDUW7ZW5F5PPOBQAFQ7YJKIU.jpg\",\"contentUrl\":\"https:\/\/pagina10.com\/web\/wp-content\/uploads\/2023\/06\/EHGDUW7ZW5F5PPOBQAFQ7YJKIU.jpg\",\"width\":1000,\"height\":530},{\"@type\":\"BreadcrumbList\",\"@id\":\"https:\/\/pagina10.com\/web\/camacol-anuncio-disminucion-de-compra-de-vivienda-en-todo-el-pais\/#breadcrumb\",\"itemListElement\":[{\"@type\":\"ListItem\",\"position\":1,\"name\":\"Portada\",\"item\":\"https:\/\/pagina10.com\/web\/\"},{\"@type\":\"ListItem\",\"position\":2,\"name\":\"CAMACOL anunci\u00f3 disminuci\u00f3n de compra de vivienda en todo el pa\u00eds\"}]},{\"@type\":\"WebSite\",\"@id\":\"https:\/\/pagina10.com\/web\/#website\",\"url\":\"https:\/\/pagina10.com\/web\/\",\"name\":\"P\u00e1gina10\",\"description\":\"Peri\u00f3dico Regional\",\"publisher\":{\"@id\":\"https:\/\/pagina10.com\/web\/#organization\"},\"alternateName\":\"P\u00e1gina10 Peri\u00f3dico Regional\",\"potentialAction\":[{\"@type\":\"SearchAction\",\"target\":{\"@type\":\"EntryPoint\",\"urlTemplate\":\"https:\/\/pagina10.com\/web\/?s={search_term_string}\"},\"query-input\":{\"@type\":\"PropertyValueSpecification\",\"valueRequired\":true,\"valueName\":\"search_term_string\"}}],\"inLanguage\":\"es\"},{\"@type\":\"Organization\",\"@id\":\"https:\/\/pagina10.com\/web\/#organization\",\"name\":\"P\u00e1gina10\",\"alternateName\":\"P\u00e1gina10 Peri\u00f3dico Regional\",\"url\":\"https:\/\/pagina10.com\/web\/\",\"logo\":{\"@type\":\"ImageObject\",\"inLanguage\":\"es\",\"@id\":\"https:\/\/pagina10.com\/web\/#\/schema\/logo\/image\/\",\"url\":\"https:\/\/pagina10.com\/web\/wp-content\/uploads\/2024\/01\/40-pagina-10-periodico-regional-pasto.jpg\",\"contentUrl\":\"https:\/\/pagina10.com\/web\/wp-content\/uploads\/2024\/01\/40-pagina-10-periodico-regional-pasto.jpg\",\"width\":1280,\"height\":720,\"caption\":\"P\u00e1gina10\"},\"image\":{\"@id\":\"https:\/\/pagina10.com\/web\/#\/schema\/logo\/image\/\"},\"sameAs\":[\"https:\/\/www.facebook.com\/pag10com\",\"https:\/\/x.com\/Pag10com\",\"https:\/\/www.instagram.com\/pagina10col\/\",\"https:\/\/youtube.com\/channel\/pag10\",\"https:\/\/www.tiktok.com\/@p10col\"]},{\"@type\":\"Person\",\"@id\":\"https:\/\/pagina10.com\/web\/#\/schema\/person\/2efc4a090d25b667d3bc796798a3a81b\",\"name\":\"P\u00e1gina 10\",\"description\":\"P\u00e1gina 10 es un peri\u00f3dico regional que nace en Colombia, en el departamento de Nari\u00f1o, con un enfoque global, fundamentado en cuatro pilares esenciales: la libertad, el pluralismo, la inclusi\u00f3n y la independencia. P\u00e1gina 10 hace referencia a Nari\u00f1o como el d\u00e9cimo departamento creado en Colombia, despu\u00e9s de un proceso pol\u00edtico liderado por actores y actrices regionales con el fin de obtener la independencia y autonom\u00eda de nuestros territorios. Con la creaci\u00f3n de P\u00e1gina 10 se pretende abrir un escenario para el dialogo, la reflexi\u00f3n y el debate que se extienda a otras geograf\u00edas de Am\u00e9rica Latina y del planeta, en una apuesta por transformar colectivamente los desaf\u00edos de un mundo contempor\u00e1neo, m\u00e1s all\u00e1 de las fronteras impuestas.\",\"url\":\"https:\/\/pagina10.com\/web\/author\/pdiezadmin\/\"}]}<\/script>\n<!-- \/ Yoast SEO plugin. -->","yoast_head_json":{"title":"CAMACOL anunci\u00f3 disminuci\u00f3n de compra de vivienda en todo el pa\u00eds | P\u00e1gina10","robots":{"index":"index","follow":"follow","max-snippet":"max-snippet:-1","max-image-preview":"max-image-preview:large","max-video-preview":"max-video-preview:-1"},"canonical":"https:\/\/pagina10.com\/web\/camacol-anuncio-disminucion-de-compra-de-vivienda-en-todo-el-pais\/","og_locale":"es_ES","og_type":"article","og_title":"CAMACOL anunci\u00f3 disminuci\u00f3n de compra de vivienda en todo el pa\u00eds | P\u00e1gina10","og_description":"La industria de la construcci\u00f3n en Colombia enfrenta una crisis con el desplome en la compra de viviendas. Seg\u00fan informes de la C\u00e1mara Colombiana de la Construcci\u00f3n (Camacol), los primeros cuatro meses del a\u00f1o, se registr\u00f3 una reducci\u00f3n del 66% en el n\u00famero de viviendas compradas. &#8220;Hay mucha preocupaci\u00f3n porque los indicadores l\u00edderes del sector [&hellip;]","og_url":"https:\/\/pagina10.com\/web\/camacol-anuncio-disminucion-de-compra-de-vivienda-en-todo-el-pais\/","og_site_name":"P\u00e1gina10","article_publisher":"https:\/\/www.facebook.com\/pag10com","article_published_time":"2023-06-09T17:56:41+00:00","article_modified_time":"2023-06-09T17:57:24+00:00","og_image":[{"width":1000,"height":530,"url":"https:\/\/pagina10.com\/web\/wp-content\/uploads\/2023\/06\/EHGDUW7ZW5F5PPOBQAFQ7YJKIU.jpg","type":"image\/jpeg"}],"author":"P\u00e1gina 10","twitter_card":"summary_large_image","twitter_creator":"@Pag10com","twitter_site":"@Pag10com","twitter_misc":{"Escrito por":"P\u00e1gina 10","Tiempo de lectura":"1 minuto"},"schema":{"@context":"https:\/\/schema.org","@graph":[{"@type":"Article","@id":"https:\/\/pagina10.com\/web\/camacol-anuncio-disminucion-de-compra-de-vivienda-en-todo-el-pais\/#article","isPartOf":{"@id":"https:\/\/pagina10.com\/web\/camacol-anuncio-disminucion-de-compra-de-vivienda-en-todo-el-pais\/"},"author":{"name":"P\u00e1gina 10","@id":"https:\/\/pagina10.com\/web\/#\/schema\/person\/2efc4a090d25b667d3bc796798a3a81b"},"headline":"CAMACOL anunci\u00f3 disminuci\u00f3n de compra de vivienda en todo el pa\u00eds","datePublished":"2023-06-09T17:56:41+00:00","dateModified":"2023-06-09T17:57:24+00:00","mainEntityOfPage":{"@id":"https:\/\/pagina10.com\/web\/camacol-anuncio-disminucion-de-compra-de-vivienda-en-todo-el-pais\/"},"wordCount":268,"commentCount":0,"publisher":{"@id":"https:\/\/pagina10.com\/web\/#organization"},"image":{"@id":"https:\/\/pagina10.com\/web\/camacol-anuncio-disminucion-de-compra-de-vivienda-en-todo-el-pais\/#primaryimage"},"thumbnailUrl":"https:\/\/pagina10.com\/web\/wp-content\/uploads\/2023\/06\/EHGDUW7ZW5F5PPOBQAFQ7YJKIU.jpg","articleSection":["Nacional"],"inLanguage":"es","potentialAction":[{"@type":"CommentAction","name":"Comment","target":["https:\/\/pagina10.com\/web\/camacol-anuncio-disminucion-de-compra-de-vivienda-en-todo-el-pais\/#respond"]}]},{"@type":"WebPage","@id":"https:\/\/pagina10.com\/web\/camacol-anuncio-disminucion-de-compra-de-vivienda-en-todo-el-pais\/","url":"https:\/\/pagina10.com\/web\/camacol-anuncio-disminucion-de-compra-de-vivienda-en-todo-el-pais\/","name":"CAMACOL anunci\u00f3 disminuci\u00f3n de compra de vivienda en todo el pa\u00eds | P\u00e1gina10","isPartOf":{"@id":"https:\/\/pagina10.com\/web\/#website"},"primaryImageOfPage":{"@id":"https:\/\/pagina10.com\/web\/camacol-anuncio-disminucion-de-compra-de-vivienda-en-todo-el-pais\/#primaryimage"},"image":{"@id":"https:\/\/pagina10.com\/web\/camacol-anuncio-disminucion-de-compra-de-vivienda-en-todo-el-pais\/#primaryimage"},"thumbnailUrl":"https:\/\/pagina10.com\/web\/wp-content\/uploads\/2023\/06\/EHGDUW7ZW5F5PPOBQAFQ7YJKIU.jpg","datePublished":"2023-06-09T17:56:41+00:00","dateModified":"2023-06-09T17:57:24+00:00","breadcrumb":{"@id":"https:\/\/pagina10.com\/web\/camacol-anuncio-disminucion-de-compra-de-vivienda-en-todo-el-pais\/#breadcrumb"},"inLanguage":"es","potentialAction":[{"@type":"ReadAction","target":["https:\/\/pagina10.com\/web\/camacol-anuncio-disminucion-de-compra-de-vivienda-en-todo-el-pais\/"]}]},{"@type":"ImageObject","inLanguage":"es","@id":"https:\/\/pagina10.com\/web\/camacol-anuncio-disminucion-de-compra-de-vivienda-en-todo-el-pais\/#primaryimage","url":"https:\/\/pagina10.com\/web\/wp-content\/uploads\/2023\/06\/EHGDUW7ZW5F5PPOBQAFQ7YJKIU.jpg","contentUrl":"https:\/\/pagina10.com\/web\/wp-content\/uploads\/2023\/06\/EHGDUW7ZW5F5PPOBQAFQ7YJKIU.jpg","width":1000,"height":530},{"@type":"BreadcrumbList","@id":"https:\/\/pagina10.com\/web\/camacol-anuncio-disminucion-de-compra-de-vivienda-en-todo-el-pais\/#breadcrumb","itemListElement":[{"@type":"ListItem","position":1,"name":"Portada","item":"https:\/\/pagina10.com\/web\/"},{"@type":"ListItem","position":2,"name":"CAMACOL anunci\u00f3 disminuci\u00f3n de compra de vivienda en todo el pa\u00eds"}]},{"@type":"WebSite","@id":"https:\/\/pagina10.com\/web\/#website","url":"https:\/\/pagina10.com\/web\/","name":"P\u00e1gina10","description":"Peri\u00f3dico Regional","publisher":{"@id":"https:\/\/pagina10.com\/web\/#organization"},"alternateName":"P\u00e1gina10 Peri\u00f3dico Regional","potentialAction":[{"@type":"SearchAction","target":{"@type":"EntryPoint","urlTemplate":"https:\/\/pagina10.com\/web\/?s={search_term_string}"},"query-input":{"@type":"PropertyValueSpecification","valueRequired":true,"valueName":"search_term_string"}}],"inLanguage":"es"},{"@type":"Organization","@id":"https:\/\/pagina10.com\/web\/#organization","name":"P\u00e1gina10","alternateName":"P\u00e1gina10 Peri\u00f3dico Regional","url":"https:\/\/pagina10.com\/web\/","logo":{"@type":"ImageObject","inLanguage":"es","@id":"https:\/\/pagina10.com\/web\/#\/schema\/logo\/image\/","url":"https:\/\/pagina10.com\/web\/wp-content\/uploads\/2024\/01\/40-pagina-10-periodico-regional-pasto.jpg","contentUrl":"https:\/\/pagina10.com\/web\/wp-content\/uploads\/2024\/01\/40-pagina-10-periodico-regional-pasto.jpg","width":1280,"height":720,"caption":"P\u00e1gina10"},"image":{"@id":"https:\/\/pagina10.com\/web\/#\/schema\/logo\/image\/"},"sameAs":["https:\/\/www.facebook.com\/pag10com","https:\/\/x.com\/Pag10com","https:\/\/www.instagram.com\/pagina10col\/","https:\/\/youtube.com\/channel\/pag10","https:\/\/www.tiktok.com\/@p10col"]},{"@type":"Person","@id":"https:\/\/pagina10.com\/web\/#\/schema\/person\/2efc4a090d25b667d3bc796798a3a81b","name":"P\u00e1gina 10","description":"P\u00e1gina 10 es un peri\u00f3dico regional que nace en Colombia, en el departamento de Nari\u00f1o, con un enfoque global, fundamentado en cuatro pilares esenciales: la libertad, el pluralismo, la inclusi\u00f3n y la independencia. P\u00e1gina 10 hace referencia a Nari\u00f1o como el d\u00e9cimo departamento creado en Colombia, despu\u00e9s de un proceso pol\u00edtico liderado por actores y actrices regionales con el fin de obtener la independencia y autonom\u00eda de nuestros territorios. Con la creaci\u00f3n de P\u00e1gina 10 se pretende abrir un escenario para el dialogo, la reflexi\u00f3n y el debate que se extienda a otras geograf\u00edas de Am\u00e9rica Latina y del planeta, en una apuesta por transformar colectivamente los desaf\u00edos de un mundo contempor\u00e1neo, m\u00e1s all\u00e1 de las fronteras impuestas.","url":"https:\/\/pagina10.com\/web\/author\/pdiezadmin\/"}]}},"_links":{"self":[{"href":"https:\/\/pagina10.com\/web\/wp-json\/wp\/v2\/posts\/66469","targetHints":{"allow":["GET"]}}],"collection":[{"href":"https:\/\/pagina10.com\/web\/wp-json\/wp\/v2\/posts"}],"about":[{"href":"https:\/\/pagina10.com\/web\/wp-json\/wp\/v2\/types\/post"}],"author":[{"embeddable":true,"href":"https:\/\/pagina10.com\/web\/wp-json\/wp\/v2\/users\/1"}],"replies":[{"embeddable":true,"href":"https:\/\/pagina10.com\/web\/wp-json\/wp\/v2\/comments?post=66469"}],"version-history":[{"count":2,"href":"https:\/\/pagina10.com\/web\/wp-json\/wp\/v2\/posts\/66469\/revisions"}],"predecessor-version":[{"id":66472,"href":"https:\/\/pagina10.com\/web\/wp-json\/wp\/v2\/posts\/66469\/revisions\/66472"}],"wp:featuredmedia":[{"embeddable":true,"href":"https:\/\/pagina10.com\/web\/wp-json\/wp\/v2\/media\/66470"}],"wp:attachment":[{"href":"https:\/\/pagina10.com\/web\/wp-json\/wp\/v2\/media?parent=66469"}],"wp:term":[{"taxonomy":"category","embeddable":true,"href":"https:\/\/pagina10.com\/web\/wp-json\/wp\/v2\/categories?post=66469"},{"taxonomy":"post_tag","embeddable":true,"href":"https:\/\/pagina10.com\/web\/wp-json\/wp\/v2\/tags?post=66469"}],"curies":[{"name":"wp","href":"https:\/\/api.w.org\/{rel}","templated":true}]}}