{"id":66495,"date":"2023-06-10T12:45:41","date_gmt":"2023-06-10T17:45:41","guid":{"rendered":"https:\/\/pagina10.com\/web\/?p=66495"},"modified":"2023-06-10T12:46:42","modified_gmt":"2023-06-10T17:46:42","slug":"se-cerro-ciclo-de-dialogos-de-paz-entre-el-gobierno-de-colombia-y-eln-en-la-habana","status":"publish","type":"post","link":"https:\/\/pagina10.com\/web\/se-cerro-ciclo-de-dialogos-de-paz-entre-el-gobierno-de-colombia-y-eln-en-la-habana\/","title":{"rendered":"Se cerr\u00f3 ciclo de di\u00e1logos de paz entre el Gobierno de Colombia y ELN en La Habana"},"content":{"rendered":"<p style=\"text-align: justify;\">En un acto de clausura celebrado en el Sal\u00f3n de Protocolo de Cubanac\u00e1n, se dio por finalizado el <strong>Tercer Ciclo de la Mesa de Di\u00e1logos de Paz entre el Gobierno Nacional de Colombia y el Ej\u00e9rcito de Liberaci\u00f3n Nacional (ELN)<\/strong>. Desde el 2 de mayo, se ha trabajado por el cese el fuego bilateral, la participaci\u00f3n de la sociedad en la construcci\u00f3n de la paz y la implementaci\u00f3n de acciones humanitarias.<\/p>\n<p style=\"text-align: justify;\">El presidente, Gustavo Petro, reafirm\u00f3 la solidez de la Mesa de Di\u00e1logos de Paz y acompa\u00f1\u00f3 los importantes anuncios realizados por los voceros de las delegaciones. El progreso alcanzado en los puntos de la agenda y los logros tangibles obtenidos representan, seg\u00fan el mandatario, un \u00e9xito temprano para este proceso de paz en desarrollo.<\/p>\n<p style=\"text-align: justify;\">Se estableci\u00f3 un plazo para la realizaci\u00f3n de los tres primeros puntos del Acuerdo de M\u00e9xico, que abarcan la participaci\u00f3n de la sociedad, la democracia y las transformaciones para la paz, hasta mayo de 2025. Adem\u00e1s, se crear\u00e1 el Comit\u00e9 Nacional de Participaci\u00f3n, un mecanismo democr\u00e1tico que involucrar\u00e1 a 30 sectores de la sociedad en la construcci\u00f3n del proceso de paz.<\/p>\n<p style=\"text-align: justify;\">Petro acentu\u00f3, que el cese al fuego le permitir\u00e1 a la poblaci\u00f3n civil, incluyendo l\u00edderes sociales, comunidades \u00e9tnicas, mujeres y defensores de los derechos humanos, ejercer sus derechos en territorio. El cese tendr\u00e1 una duraci\u00f3n preliminar de 180 d\u00edas y contar\u00e1 con un mecanismo de monitoreo y verificaci\u00f3n por Naciones Unidas, iglesia cat\u00f3lica, pa\u00edses garantes y delegados de la sociedad civil.<\/p>\n<p style=\"text-align: justify;\">Lo que viene ser\u00e1 el Cuarto Ciclo de la Mesa de Di\u00e1logos de Paz que se realizar\u00eda en las pr\u00f3ximas semanas.<\/p>\n","protected":false},"excerpt":{"rendered":"<p>En un acto de clausura celebrado en el Sal\u00f3n de Protocolo de Cubanac\u00e1n, se dio por finalizado el Tercer Ciclo de la Mesa de Di\u00e1logos de Paz entre el Gobierno Nacional de Colombia y el Ej\u00e9rcito de Liberaci\u00f3n Nacional (ELN). Desde el 2 de mayo, se ha trabajado por el cese el fuego bilateral, la [&hellip;]<\/p>\n","protected":false},"author":1,"featured_media":66496,"comment_status":"open","ping_status":"open","sticky":false,"template":"","format":"standard","meta":{"footnotes":""},"categories":[94],"tags":[],"class_list":["post-66495","post","type-post","status-publish","format-standard","has-post-thumbnail","hentry","category-nacional-global-2"],"yoast_head":"<!-- This site is optimized with the Yoast SEO plugin v27.1.1 - https:\/\/yoast.com\/product\/yoast-seo-wordpress\/ -->\n<title>Se cerr\u00f3 ciclo de di\u00e1logos de paz entre el Gobierno de Colombia y ELN en La Habana | P\u00e1gina10<\/title>\n<meta name=\"robots\" content=\"index, follow, max-snippet:-1, max-image-preview:large, max-video-preview:-1\" \/>\n<link rel=\"canonical\" href=\"https:\/\/pagina10.com\/web\/se-cerro-ciclo-de-dialogos-de-paz-entre-el-gobierno-de-colombia-y-eln-en-la-habana\/\" \/>\n<meta property=\"og:locale\" content=\"es_ES\" \/>\n<meta property=\"og:type\" content=\"article\" \/>\n<meta property=\"og:title\" content=\"Se cerr\u00f3 ciclo de di\u00e1logos de paz entre el Gobierno de Colombia y ELN en La Habana | P\u00e1gina10\" \/>\n<meta property=\"og:description\" content=\"En un acto de clausura celebrado en el Sal\u00f3n de Protocolo de Cubanac\u00e1n, se dio por finalizado el Tercer Ciclo de la Mesa de Di\u00e1logos de Paz entre el Gobierno Nacional de Colombia y el Ej\u00e9rcito de Liberaci\u00f3n Nacional (ELN). Desde el 2 de mayo, se ha trabajado por el cese el fuego bilateral, la [&hellip;]\" \/>\n<meta property=\"og:url\" content=\"https:\/\/pagina10.com\/web\/se-cerro-ciclo-de-dialogos-de-paz-entre-el-gobierno-de-colombia-y-eln-en-la-habana\/\" \/>\n<meta property=\"og:site_name\" content=\"P\u00e1gina10\" \/>\n<meta property=\"article:publisher\" content=\"https:\/\/www.facebook.com\/pag10com\" \/>\n<meta property=\"article:published_time\" content=\"2023-06-10T17:45:41+00:00\" \/>\n<meta property=\"article:modified_time\" content=\"2023-06-10T17:46:42+00:00\" \/>\n<meta property=\"og:image\" content=\"https:\/\/pagina10.com\/web\/wp-content\/uploads\/2023\/06\/230609-08-Ceremonia-clausura-tercer-ciclo-Dialogos-Paz-ELN-1280.jpg\" \/>\n\t<meta property=\"og:image:width\" content=\"1280\" \/>\n\t<meta property=\"og:image:height\" content=\"720\" \/>\n\t<meta property=\"og:image:type\" content=\"image\/jpeg\" \/>\n<meta name=\"author\" content=\"P\u00e1gina 10\" \/>\n<meta name=\"twitter:card\" content=\"summary_large_image\" \/>\n<meta name=\"twitter:creator\" content=\"@Pag10com\" \/>\n<meta name=\"twitter:site\" content=\"@Pag10com\" \/>\n<meta name=\"twitter:label1\" content=\"Escrito por\" \/>\n\t<meta name=\"twitter:data1\" content=\"P\u00e1gina 10\" \/>\n\t<meta name=\"twitter:label2\" content=\"Tiempo de lectura\" \/>\n\t<meta name=\"twitter:data2\" content=\"1 minuto\" \/>\n<script type=\"application\/ld+json\" class=\"yoast-schema-graph\">{\"@context\":\"https:\/\/schema.org\",\"@graph\":[{\"@type\":\"Article\",\"@id\":\"https:\/\/pagina10.com\/web\/se-cerro-ciclo-de-dialogos-de-paz-entre-el-gobierno-de-colombia-y-eln-en-la-habana\/#article\",\"isPartOf\":{\"@id\":\"https:\/\/pagina10.com\/web\/se-cerro-ciclo-de-dialogos-de-paz-entre-el-gobierno-de-colombia-y-eln-en-la-habana\/\"},\"author\":{\"name\":\"P\u00e1gina 10\",\"@id\":\"https:\/\/pagina10.com\/web\/#\/schema\/person\/2efc4a090d25b667d3bc796798a3a81b\"},\"headline\":\"Se cerr\u00f3 ciclo de di\u00e1logos de paz entre el Gobierno de Colombia y ELN en La Habana\",\"datePublished\":\"2023-06-10T17:45:41+00:00\",\"dateModified\":\"2023-06-10T17:46:42+00:00\",\"mainEntityOfPage\":{\"@id\":\"https:\/\/pagina10.com\/web\/se-cerro-ciclo-de-dialogos-de-paz-entre-el-gobierno-de-colombia-y-eln-en-la-habana\/\"},\"wordCount\":309,\"commentCount\":0,\"publisher\":{\"@id\":\"https:\/\/pagina10.com\/web\/#organization\"},\"image\":{\"@id\":\"https:\/\/pagina10.com\/web\/se-cerro-ciclo-de-dialogos-de-paz-entre-el-gobierno-de-colombia-y-eln-en-la-habana\/#primaryimage\"},\"thumbnailUrl\":\"https:\/\/pagina10.com\/web\/wp-content\/uploads\/2023\/06\/230609-08-Ceremonia-clausura-tercer-ciclo-Dialogos-Paz-ELN-1280.jpg\",\"articleSection\":[\"Nacional\"],\"inLanguage\":\"es\",\"potentialAction\":[{\"@type\":\"CommentAction\",\"name\":\"Comment\",\"target\":[\"https:\/\/pagina10.com\/web\/se-cerro-ciclo-de-dialogos-de-paz-entre-el-gobierno-de-colombia-y-eln-en-la-habana\/#respond\"]}]},{\"@type\":\"WebPage\",\"@id\":\"https:\/\/pagina10.com\/web\/se-cerro-ciclo-de-dialogos-de-paz-entre-el-gobierno-de-colombia-y-eln-en-la-habana\/\",\"url\":\"https:\/\/pagina10.com\/web\/se-cerro-ciclo-de-dialogos-de-paz-entre-el-gobierno-de-colombia-y-eln-en-la-habana\/\",\"name\":\"Se cerr\u00f3 ciclo de di\u00e1logos de paz entre el Gobierno de Colombia y ELN en La Habana | P\u00e1gina10\",\"isPartOf\":{\"@id\":\"https:\/\/pagina10.com\/web\/#website\"},\"primaryImageOfPage\":{\"@id\":\"https:\/\/pagina10.com\/web\/se-cerro-ciclo-de-dialogos-de-paz-entre-el-gobierno-de-colombia-y-eln-en-la-habana\/#primaryimage\"},\"image\":{\"@id\":\"https:\/\/pagina10.com\/web\/se-cerro-ciclo-de-dialogos-de-paz-entre-el-gobierno-de-colombia-y-eln-en-la-habana\/#primaryimage\"},\"thumbnailUrl\":\"https:\/\/pagina10.com\/web\/wp-content\/uploads\/2023\/06\/230609-08-Ceremonia-clausura-tercer-ciclo-Dialogos-Paz-ELN-1280.jpg\",\"datePublished\":\"2023-06-10T17:45:41+00:00\",\"dateModified\":\"2023-06-10T17:46:42+00:00\",\"breadcrumb\":{\"@id\":\"https:\/\/pagina10.com\/web\/se-cerro-ciclo-de-dialogos-de-paz-entre-el-gobierno-de-colombia-y-eln-en-la-habana\/#breadcrumb\"},\"inLanguage\":\"es\",\"potentialAction\":[{\"@type\":\"ReadAction\",\"target\":[\"https:\/\/pagina10.com\/web\/se-cerro-ciclo-de-dialogos-de-paz-entre-el-gobierno-de-colombia-y-eln-en-la-habana\/\"]}]},{\"@type\":\"ImageObject\",\"inLanguage\":\"es\",\"@id\":\"https:\/\/pagina10.com\/web\/se-cerro-ciclo-de-dialogos-de-paz-entre-el-gobierno-de-colombia-y-eln-en-la-habana\/#primaryimage\",\"url\":\"https:\/\/pagina10.com\/web\/wp-content\/uploads\/2023\/06\/230609-08-Ceremonia-clausura-tercer-ciclo-Dialogos-Paz-ELN-1280.jpg\",\"contentUrl\":\"https:\/\/pagina10.com\/web\/wp-content\/uploads\/2023\/06\/230609-08-Ceremonia-clausura-tercer-ciclo-Dialogos-Paz-ELN-1280.jpg\",\"width\":1280,\"height\":720},{\"@type\":\"BreadcrumbList\",\"@id\":\"https:\/\/pagina10.com\/web\/se-cerro-ciclo-de-dialogos-de-paz-entre-el-gobierno-de-colombia-y-eln-en-la-habana\/#breadcrumb\",\"itemListElement\":[{\"@type\":\"ListItem\",\"position\":1,\"name\":\"Portada\",\"item\":\"https:\/\/pagina10.com\/web\/\"},{\"@type\":\"ListItem\",\"position\":2,\"name\":\"Se cerr\u00f3 ciclo de di\u00e1logos de paz entre el Gobierno de Colombia y ELN en La Habana\"}]},{\"@type\":\"WebSite\",\"@id\":\"https:\/\/pagina10.com\/web\/#website\",\"url\":\"https:\/\/pagina10.com\/web\/\",\"name\":\"P\u00e1gina10\",\"description\":\"Peri\u00f3dico Regional\",\"publisher\":{\"@id\":\"https:\/\/pagina10.com\/web\/#organization\"},\"alternateName\":\"P\u00e1gina10 Peri\u00f3dico Regional\",\"potentialAction\":[{\"@type\":\"SearchAction\",\"target\":{\"@type\":\"EntryPoint\",\"urlTemplate\":\"https:\/\/pagina10.com\/web\/?s={search_term_string}\"},\"query-input\":{\"@type\":\"PropertyValueSpecification\",\"valueRequired\":true,\"valueName\":\"search_term_string\"}}],\"inLanguage\":\"es\"},{\"@type\":\"Organization\",\"@id\":\"https:\/\/pagina10.com\/web\/#organization\",\"name\":\"P\u00e1gina10\",\"alternateName\":\"P\u00e1gina10 Peri\u00f3dico Regional\",\"url\":\"https:\/\/pagina10.com\/web\/\",\"logo\":{\"@type\":\"ImageObject\",\"inLanguage\":\"es\",\"@id\":\"https:\/\/pagina10.com\/web\/#\/schema\/logo\/image\/\",\"url\":\"https:\/\/pagina10.com\/web\/wp-content\/uploads\/2024\/01\/40-pagina-10-periodico-regional-pasto.jpg\",\"contentUrl\":\"https:\/\/pagina10.com\/web\/wp-content\/uploads\/2024\/01\/40-pagina-10-periodico-regional-pasto.jpg\",\"width\":1280,\"height\":720,\"caption\":\"P\u00e1gina10\"},\"image\":{\"@id\":\"https:\/\/pagina10.com\/web\/#\/schema\/logo\/image\/\"},\"sameAs\":[\"https:\/\/www.facebook.com\/pag10com\",\"https:\/\/x.com\/Pag10com\",\"https:\/\/www.instagram.com\/pagina10col\/\",\"https:\/\/youtube.com\/channel\/pag10\",\"https:\/\/www.tiktok.com\/@p10col\"]},{\"@type\":\"Person\",\"@id\":\"https:\/\/pagina10.com\/web\/#\/schema\/person\/2efc4a090d25b667d3bc796798a3a81b\",\"name\":\"P\u00e1gina 10\",\"description\":\"P\u00e1gina 10 es un peri\u00f3dico regional que nace en Colombia, en el departamento de Nari\u00f1o, con un enfoque global, fundamentado en cuatro pilares esenciales: la libertad, el pluralismo, la inclusi\u00f3n y la independencia. P\u00e1gina 10 hace referencia a Nari\u00f1o como el d\u00e9cimo departamento creado en Colombia, despu\u00e9s de un proceso pol\u00edtico liderado por actores y actrices regionales con el fin de obtener la independencia y autonom\u00eda de nuestros territorios. Con la creaci\u00f3n de P\u00e1gina 10 se pretende abrir un escenario para el dialogo, la reflexi\u00f3n y el debate que se extienda a otras geograf\u00edas de Am\u00e9rica Latina y del planeta, en una apuesta por transformar colectivamente los desaf\u00edos de un mundo contempor\u00e1neo, m\u00e1s all\u00e1 de las fronteras impuestas.\",\"url\":\"https:\/\/pagina10.com\/web\/author\/pdiezadmin\/\"}]}<\/script>\n<!-- \/ Yoast SEO plugin. -->","yoast_head_json":{"title":"Se cerr\u00f3 ciclo de di\u00e1logos de paz entre el Gobierno de Colombia y ELN en La Habana | P\u00e1gina10","robots":{"index":"index","follow":"follow","max-snippet":"max-snippet:-1","max-image-preview":"max-image-preview:large","max-video-preview":"max-video-preview:-1"},"canonical":"https:\/\/pagina10.com\/web\/se-cerro-ciclo-de-dialogos-de-paz-entre-el-gobierno-de-colombia-y-eln-en-la-habana\/","og_locale":"es_ES","og_type":"article","og_title":"Se cerr\u00f3 ciclo de di\u00e1logos de paz entre el Gobierno de Colombia y ELN en La Habana | P\u00e1gina10","og_description":"En un acto de clausura celebrado en el Sal\u00f3n de Protocolo de Cubanac\u00e1n, se dio por finalizado el Tercer Ciclo de la Mesa de Di\u00e1logos de Paz entre el Gobierno Nacional de Colombia y el Ej\u00e9rcito de Liberaci\u00f3n Nacional (ELN). Desde el 2 de mayo, se ha trabajado por el cese el fuego bilateral, la [&hellip;]","og_url":"https:\/\/pagina10.com\/web\/se-cerro-ciclo-de-dialogos-de-paz-entre-el-gobierno-de-colombia-y-eln-en-la-habana\/","og_site_name":"P\u00e1gina10","article_publisher":"https:\/\/www.facebook.com\/pag10com","article_published_time":"2023-06-10T17:45:41+00:00","article_modified_time":"2023-06-10T17:46:42+00:00","og_image":[{"width":1280,"height":720,"url":"https:\/\/pagina10.com\/web\/wp-content\/uploads\/2023\/06\/230609-08-Ceremonia-clausura-tercer-ciclo-Dialogos-Paz-ELN-1280.jpg","type":"image\/jpeg"}],"author":"P\u00e1gina 10","twitter_card":"summary_large_image","twitter_creator":"@Pag10com","twitter_site":"@Pag10com","twitter_misc":{"Escrito por":"P\u00e1gina 10","Tiempo de lectura":"1 minuto"},"schema":{"@context":"https:\/\/schema.org","@graph":[{"@type":"Article","@id":"https:\/\/pagina10.com\/web\/se-cerro-ciclo-de-dialogos-de-paz-entre-el-gobierno-de-colombia-y-eln-en-la-habana\/#article","isPartOf":{"@id":"https:\/\/pagina10.com\/web\/se-cerro-ciclo-de-dialogos-de-paz-entre-el-gobierno-de-colombia-y-eln-en-la-habana\/"},"author":{"name":"P\u00e1gina 10","@id":"https:\/\/pagina10.com\/web\/#\/schema\/person\/2efc4a090d25b667d3bc796798a3a81b"},"headline":"Se cerr\u00f3 ciclo de di\u00e1logos de paz entre el Gobierno de Colombia y ELN en La Habana","datePublished":"2023-06-10T17:45:41+00:00","dateModified":"2023-06-10T17:46:42+00:00","mainEntityOfPage":{"@id":"https:\/\/pagina10.com\/web\/se-cerro-ciclo-de-dialogos-de-paz-entre-el-gobierno-de-colombia-y-eln-en-la-habana\/"},"wordCount":309,"commentCount":0,"publisher":{"@id":"https:\/\/pagina10.com\/web\/#organization"},"image":{"@id":"https:\/\/pagina10.com\/web\/se-cerro-ciclo-de-dialogos-de-paz-entre-el-gobierno-de-colombia-y-eln-en-la-habana\/#primaryimage"},"thumbnailUrl":"https:\/\/pagina10.com\/web\/wp-content\/uploads\/2023\/06\/230609-08-Ceremonia-clausura-tercer-ciclo-Dialogos-Paz-ELN-1280.jpg","articleSection":["Nacional"],"inLanguage":"es","potentialAction":[{"@type":"CommentAction","name":"Comment","target":["https:\/\/pagina10.com\/web\/se-cerro-ciclo-de-dialogos-de-paz-entre-el-gobierno-de-colombia-y-eln-en-la-habana\/#respond"]}]},{"@type":"WebPage","@id":"https:\/\/pagina10.com\/web\/se-cerro-ciclo-de-dialogos-de-paz-entre-el-gobierno-de-colombia-y-eln-en-la-habana\/","url":"https:\/\/pagina10.com\/web\/se-cerro-ciclo-de-dialogos-de-paz-entre-el-gobierno-de-colombia-y-eln-en-la-habana\/","name":"Se cerr\u00f3 ciclo de di\u00e1logos de paz entre el Gobierno de Colombia y ELN en La Habana | P\u00e1gina10","isPartOf":{"@id":"https:\/\/pagina10.com\/web\/#website"},"primaryImageOfPage":{"@id":"https:\/\/pagina10.com\/web\/se-cerro-ciclo-de-dialogos-de-paz-entre-el-gobierno-de-colombia-y-eln-en-la-habana\/#primaryimage"},"image":{"@id":"https:\/\/pagina10.com\/web\/se-cerro-ciclo-de-dialogos-de-paz-entre-el-gobierno-de-colombia-y-eln-en-la-habana\/#primaryimage"},"thumbnailUrl":"https:\/\/pagina10.com\/web\/wp-content\/uploads\/2023\/06\/230609-08-Ceremonia-clausura-tercer-ciclo-Dialogos-Paz-ELN-1280.jpg","datePublished":"2023-06-10T17:45:41+00:00","dateModified":"2023-06-10T17:46:42+00:00","breadcrumb":{"@id":"https:\/\/pagina10.com\/web\/se-cerro-ciclo-de-dialogos-de-paz-entre-el-gobierno-de-colombia-y-eln-en-la-habana\/#breadcrumb"},"inLanguage":"es","potentialAction":[{"@type":"ReadAction","target":["https:\/\/pagina10.com\/web\/se-cerro-ciclo-de-dialogos-de-paz-entre-el-gobierno-de-colombia-y-eln-en-la-habana\/"]}]},{"@type":"ImageObject","inLanguage":"es","@id":"https:\/\/pagina10.com\/web\/se-cerro-ciclo-de-dialogos-de-paz-entre-el-gobierno-de-colombia-y-eln-en-la-habana\/#primaryimage","url":"https:\/\/pagina10.com\/web\/wp-content\/uploads\/2023\/06\/230609-08-Ceremonia-clausura-tercer-ciclo-Dialogos-Paz-ELN-1280.jpg","contentUrl":"https:\/\/pagina10.com\/web\/wp-content\/uploads\/2023\/06\/230609-08-Ceremonia-clausura-tercer-ciclo-Dialogos-Paz-ELN-1280.jpg","width":1280,"height":720},{"@type":"BreadcrumbList","@id":"https:\/\/pagina10.com\/web\/se-cerro-ciclo-de-dialogos-de-paz-entre-el-gobierno-de-colombia-y-eln-en-la-habana\/#breadcrumb","itemListElement":[{"@type":"ListItem","position":1,"name":"Portada","item":"https:\/\/pagina10.com\/web\/"},{"@type":"ListItem","position":2,"name":"Se cerr\u00f3 ciclo de di\u00e1logos de paz entre el Gobierno de Colombia y ELN en La Habana"}]},{"@type":"WebSite","@id":"https:\/\/pagina10.com\/web\/#website","url":"https:\/\/pagina10.com\/web\/","name":"P\u00e1gina10","description":"Peri\u00f3dico Regional","publisher":{"@id":"https:\/\/pagina10.com\/web\/#organization"},"alternateName":"P\u00e1gina10 Peri\u00f3dico Regional","potentialAction":[{"@type":"SearchAction","target":{"@type":"EntryPoint","urlTemplate":"https:\/\/pagina10.com\/web\/?s={search_term_string}"},"query-input":{"@type":"PropertyValueSpecification","valueRequired":true,"valueName":"search_term_string"}}],"inLanguage":"es"},{"@type":"Organization","@id":"https:\/\/pagina10.com\/web\/#organization","name":"P\u00e1gina10","alternateName":"P\u00e1gina10 Peri\u00f3dico Regional","url":"https:\/\/pagina10.com\/web\/","logo":{"@type":"ImageObject","inLanguage":"es","@id":"https:\/\/pagina10.com\/web\/#\/schema\/logo\/image\/","url":"https:\/\/pagina10.com\/web\/wp-content\/uploads\/2024\/01\/40-pagina-10-periodico-regional-pasto.jpg","contentUrl":"https:\/\/pagina10.com\/web\/wp-content\/uploads\/2024\/01\/40-pagina-10-periodico-regional-pasto.jpg","width":1280,"height":720,"caption":"P\u00e1gina10"},"image":{"@id":"https:\/\/pagina10.com\/web\/#\/schema\/logo\/image\/"},"sameAs":["https:\/\/www.facebook.com\/pag10com","https:\/\/x.com\/Pag10com","https:\/\/www.instagram.com\/pagina10col\/","https:\/\/youtube.com\/channel\/pag10","https:\/\/www.tiktok.com\/@p10col"]},{"@type":"Person","@id":"https:\/\/pagina10.com\/web\/#\/schema\/person\/2efc4a090d25b667d3bc796798a3a81b","name":"P\u00e1gina 10","description":"P\u00e1gina 10 es un peri\u00f3dico regional que nace en Colombia, en el departamento de Nari\u00f1o, con un enfoque global, fundamentado en cuatro pilares esenciales: la libertad, el pluralismo, la inclusi\u00f3n y la independencia. P\u00e1gina 10 hace referencia a Nari\u00f1o como el d\u00e9cimo departamento creado en Colombia, despu\u00e9s de un proceso pol\u00edtico liderado por actores y actrices regionales con el fin de obtener la independencia y autonom\u00eda de nuestros territorios. Con la creaci\u00f3n de P\u00e1gina 10 se pretende abrir un escenario para el dialogo, la reflexi\u00f3n y el debate que se extienda a otras geograf\u00edas de Am\u00e9rica Latina y del planeta, en una apuesta por transformar colectivamente los desaf\u00edos de un mundo contempor\u00e1neo, m\u00e1s all\u00e1 de las fronteras impuestas.","url":"https:\/\/pagina10.com\/web\/author\/pdiezadmin\/"}]}},"_links":{"self":[{"href":"https:\/\/pagina10.com\/web\/wp-json\/wp\/v2\/posts\/66495","targetHints":{"allow":["GET"]}}],"collection":[{"href":"https:\/\/pagina10.com\/web\/wp-json\/wp\/v2\/posts"}],"about":[{"href":"https:\/\/pagina10.com\/web\/wp-json\/wp\/v2\/types\/post"}],"author":[{"embeddable":true,"href":"https:\/\/pagina10.com\/web\/wp-json\/wp\/v2\/users\/1"}],"replies":[{"embeddable":true,"href":"https:\/\/pagina10.com\/web\/wp-json\/wp\/v2\/comments?post=66495"}],"version-history":[{"count":2,"href":"https:\/\/pagina10.com\/web\/wp-json\/wp\/v2\/posts\/66495\/revisions"}],"predecessor-version":[{"id":66498,"href":"https:\/\/pagina10.com\/web\/wp-json\/wp\/v2\/posts\/66495\/revisions\/66498"}],"wp:featuredmedia":[{"embeddable":true,"href":"https:\/\/pagina10.com\/web\/wp-json\/wp\/v2\/media\/66496"}],"wp:attachment":[{"href":"https:\/\/pagina10.com\/web\/wp-json\/wp\/v2\/media?parent=66495"}],"wp:term":[{"taxonomy":"category","embeddable":true,"href":"https:\/\/pagina10.com\/web\/wp-json\/wp\/v2\/categories?post=66495"},{"taxonomy":"post_tag","embeddable":true,"href":"https:\/\/pagina10.com\/web\/wp-json\/wp\/v2\/tags?post=66495"}],"curies":[{"name":"wp","href":"https:\/\/api.w.org\/{rel}","templated":true}]}}