{"id":66499,"date":"2023-06-10T12:49:18","date_gmt":"2023-06-10T17:49:18","guid":{"rendered":"https:\/\/pagina10.com\/web\/?p=66499"},"modified":"2023-06-10T12:50:19","modified_gmt":"2023-06-10T17:50:19","slug":"fiscalia-empezara-investigacion-de-presunta-financiacion-de-campana-de-petro","status":"publish","type":"post","link":"https:\/\/pagina10.com\/web\/fiscalia-empezara-investigacion-de-presunta-financiacion-de-campana-de-petro\/","title":{"rendered":"Fiscal\u00eda empezar\u00e1 investigaci\u00f3n de presunta financiaci\u00f3n de campa\u00f1a de Petro"},"content":{"rendered":"<p style=\"text-align: justify;\">La <strong>fiscal\u00eda general de la Naci\u00f3n inform\u00f3 que abri\u00f3 investigaci\u00f3n<\/strong> por presuntas irregularidades en la financiaci\u00f3n de la campa\u00f1a presidencial de Gustavo Petro, tambi\u00e9n revel\u00f3 que los audios del embajador de Colombia en Venezuela, Armando Benedetti, en los que se mencionan dichas irregularidades tambi\u00e9n ser\u00e1n investigados.<\/p>\n<p style=\"text-align: justify;\">Seg\u00fan lo informado en el comunicado emitido por la Fiscal\u00eda, se buscar\u00e1 determinar si se cometieron <strong>delitos relacionados con la posible financiaci\u00f3n ilegal durante la campa\u00f1a electoral de Petro<\/strong> en 2022, para lo cual el ente investigador asign\u00f3 fiscales delegados ante la Corte Suprema de Justicia y la Direcci\u00f3n Especializada contra la Corrupci\u00f3n para llevar a cabo las investigaciones, tanto a personas con fuero como a aquellas sin fuero.<\/p>\n","protected":false},"excerpt":{"rendered":"<p>La fiscal\u00eda general de la Naci\u00f3n inform\u00f3 que abri\u00f3 investigaci\u00f3n por presuntas irregularidades en la financiaci\u00f3n de la campa\u00f1a presidencial de Gustavo Petro, tambi\u00e9n revel\u00f3 que los audios del embajador de Colombia en Venezuela, Armando Benedetti, en los que se mencionan dichas irregularidades tambi\u00e9n ser\u00e1n investigados. Seg\u00fan lo informado en el comunicado emitido por la [&hellip;]<\/p>\n","protected":false},"author":1,"featured_media":66500,"comment_status":"open","ping_status":"open","sticky":false,"template":"","format":"standard","meta":{"footnotes":""},"categories":[94],"tags":[],"class_list":["post-66499","post","type-post","status-publish","format-standard","has-post-thumbnail","hentry","category-nacional-global-2"],"yoast_head":"<!-- This site is optimized with the Yoast SEO plugin v27.1.1 - https:\/\/yoast.com\/product\/yoast-seo-wordpress\/ -->\n<title>Fiscal\u00eda empezar\u00e1 investigaci\u00f3n de presunta financiaci\u00f3n de campa\u00f1a de Petro | P\u00e1gina10<\/title>\n<meta name=\"robots\" content=\"index, follow, max-snippet:-1, max-image-preview:large, max-video-preview:-1\" \/>\n<link rel=\"canonical\" href=\"https:\/\/pagina10.com\/web\/fiscalia-empezara-investigacion-de-presunta-financiacion-de-campana-de-petro\/\" \/>\n<meta property=\"og:locale\" content=\"es_ES\" \/>\n<meta property=\"og:type\" content=\"article\" \/>\n<meta property=\"og:title\" content=\"Fiscal\u00eda empezar\u00e1 investigaci\u00f3n de presunta financiaci\u00f3n de campa\u00f1a de Petro | P\u00e1gina10\" \/>\n<meta property=\"og:description\" content=\"La fiscal\u00eda general de la Naci\u00f3n inform\u00f3 que abri\u00f3 investigaci\u00f3n por presuntas irregularidades en la financiaci\u00f3n de la campa\u00f1a presidencial de Gustavo Petro, tambi\u00e9n revel\u00f3 que los audios del embajador de Colombia en Venezuela, Armando Benedetti, en los que se mencionan dichas irregularidades tambi\u00e9n ser\u00e1n investigados. Seg\u00fan lo informado en el comunicado emitido por la [&hellip;]\" \/>\n<meta property=\"og:url\" content=\"https:\/\/pagina10.com\/web\/fiscalia-empezara-investigacion-de-presunta-financiacion-de-campana-de-petro\/\" \/>\n<meta property=\"og:site_name\" content=\"P\u00e1gina10\" \/>\n<meta property=\"article:publisher\" content=\"https:\/\/www.facebook.com\/pag10com\" \/>\n<meta property=\"article:published_time\" content=\"2023-06-10T17:49:18+00:00\" \/>\n<meta property=\"article:modified_time\" content=\"2023-06-10T17:50:19+00:00\" \/>\n<meta property=\"og:image\" content=\"https:\/\/pagina10.com\/web\/wp-content\/uploads\/2023\/06\/42871146_6.jpg\" \/>\n\t<meta property=\"og:image:width\" content=\"940\" \/>\n\t<meta property=\"og:image:height\" content=\"529\" \/>\n\t<meta property=\"og:image:type\" content=\"image\/jpeg\" \/>\n<meta name=\"author\" content=\"P\u00e1gina 10\" \/>\n<meta name=\"twitter:card\" content=\"summary_large_image\" \/>\n<meta name=\"twitter:creator\" content=\"@Pag10com\" \/>\n<meta name=\"twitter:site\" content=\"@Pag10com\" \/>\n<meta name=\"twitter:label1\" content=\"Escrito por\" \/>\n\t<meta name=\"twitter:data1\" content=\"P\u00e1gina 10\" \/>\n\t<meta name=\"twitter:label2\" content=\"Tiempo de lectura\" \/>\n\t<meta name=\"twitter:data2\" content=\"1 minuto\" \/>\n<script type=\"application\/ld+json\" class=\"yoast-schema-graph\">{\"@context\":\"https:\/\/schema.org\",\"@graph\":[{\"@type\":\"Article\",\"@id\":\"https:\/\/pagina10.com\/web\/fiscalia-empezara-investigacion-de-presunta-financiacion-de-campana-de-petro\/#article\",\"isPartOf\":{\"@id\":\"https:\/\/pagina10.com\/web\/fiscalia-empezara-investigacion-de-presunta-financiacion-de-campana-de-petro\/\"},\"author\":{\"name\":\"P\u00e1gina 10\",\"@id\":\"https:\/\/pagina10.com\/web\/#\/schema\/person\/2efc4a090d25b667d3bc796798a3a81b\"},\"headline\":\"Fiscal\u00eda empezar\u00e1 investigaci\u00f3n de presunta financiaci\u00f3n de campa\u00f1a de Petro\",\"datePublished\":\"2023-06-10T17:49:18+00:00\",\"dateModified\":\"2023-06-10T17:50:19+00:00\",\"mainEntityOfPage\":{\"@id\":\"https:\/\/pagina10.com\/web\/fiscalia-empezara-investigacion-de-presunta-financiacion-de-campana-de-petro\/\"},\"wordCount\":142,\"commentCount\":0,\"publisher\":{\"@id\":\"https:\/\/pagina10.com\/web\/#organization\"},\"image\":{\"@id\":\"https:\/\/pagina10.com\/web\/fiscalia-empezara-investigacion-de-presunta-financiacion-de-campana-de-petro\/#primaryimage\"},\"thumbnailUrl\":\"https:\/\/pagina10.com\/web\/wp-content\/uploads\/2023\/06\/42871146_6.jpg\",\"articleSection\":[\"Nacional\"],\"inLanguage\":\"es\",\"potentialAction\":[{\"@type\":\"CommentAction\",\"name\":\"Comment\",\"target\":[\"https:\/\/pagina10.com\/web\/fiscalia-empezara-investigacion-de-presunta-financiacion-de-campana-de-petro\/#respond\"]}]},{\"@type\":\"WebPage\",\"@id\":\"https:\/\/pagina10.com\/web\/fiscalia-empezara-investigacion-de-presunta-financiacion-de-campana-de-petro\/\",\"url\":\"https:\/\/pagina10.com\/web\/fiscalia-empezara-investigacion-de-presunta-financiacion-de-campana-de-petro\/\",\"name\":\"Fiscal\u00eda empezar\u00e1 investigaci\u00f3n de presunta financiaci\u00f3n de campa\u00f1a de Petro | P\u00e1gina10\",\"isPartOf\":{\"@id\":\"https:\/\/pagina10.com\/web\/#website\"},\"primaryImageOfPage\":{\"@id\":\"https:\/\/pagina10.com\/web\/fiscalia-empezara-investigacion-de-presunta-financiacion-de-campana-de-petro\/#primaryimage\"},\"image\":{\"@id\":\"https:\/\/pagina10.com\/web\/fiscalia-empezara-investigacion-de-presunta-financiacion-de-campana-de-petro\/#primaryimage\"},\"thumbnailUrl\":\"https:\/\/pagina10.com\/web\/wp-content\/uploads\/2023\/06\/42871146_6.jpg\",\"datePublished\":\"2023-06-10T17:49:18+00:00\",\"dateModified\":\"2023-06-10T17:50:19+00:00\",\"breadcrumb\":{\"@id\":\"https:\/\/pagina10.com\/web\/fiscalia-empezara-investigacion-de-presunta-financiacion-de-campana-de-petro\/#breadcrumb\"},\"inLanguage\":\"es\",\"potentialAction\":[{\"@type\":\"ReadAction\",\"target\":[\"https:\/\/pagina10.com\/web\/fiscalia-empezara-investigacion-de-presunta-financiacion-de-campana-de-petro\/\"]}]},{\"@type\":\"ImageObject\",\"inLanguage\":\"es\",\"@id\":\"https:\/\/pagina10.com\/web\/fiscalia-empezara-investigacion-de-presunta-financiacion-de-campana-de-petro\/#primaryimage\",\"url\":\"https:\/\/pagina10.com\/web\/wp-content\/uploads\/2023\/06\/42871146_6.jpg\",\"contentUrl\":\"https:\/\/pagina10.com\/web\/wp-content\/uploads\/2023\/06\/42871146_6.jpg\",\"width\":940,\"height\":529},{\"@type\":\"BreadcrumbList\",\"@id\":\"https:\/\/pagina10.com\/web\/fiscalia-empezara-investigacion-de-presunta-financiacion-de-campana-de-petro\/#breadcrumb\",\"itemListElement\":[{\"@type\":\"ListItem\",\"position\":1,\"name\":\"Portada\",\"item\":\"https:\/\/pagina10.com\/web\/\"},{\"@type\":\"ListItem\",\"position\":2,\"name\":\"Fiscal\u00eda empezar\u00e1 investigaci\u00f3n de presunta financiaci\u00f3n de campa\u00f1a de Petro\"}]},{\"@type\":\"WebSite\",\"@id\":\"https:\/\/pagina10.com\/web\/#website\",\"url\":\"https:\/\/pagina10.com\/web\/\",\"name\":\"P\u00e1gina10\",\"description\":\"Peri\u00f3dico Regional\",\"publisher\":{\"@id\":\"https:\/\/pagina10.com\/web\/#organization\"},\"alternateName\":\"P\u00e1gina10 Peri\u00f3dico Regional\",\"potentialAction\":[{\"@type\":\"SearchAction\",\"target\":{\"@type\":\"EntryPoint\",\"urlTemplate\":\"https:\/\/pagina10.com\/web\/?s={search_term_string}\"},\"query-input\":{\"@type\":\"PropertyValueSpecification\",\"valueRequired\":true,\"valueName\":\"search_term_string\"}}],\"inLanguage\":\"es\"},{\"@type\":\"Organization\",\"@id\":\"https:\/\/pagina10.com\/web\/#organization\",\"name\":\"P\u00e1gina10\",\"alternateName\":\"P\u00e1gina10 Peri\u00f3dico Regional\",\"url\":\"https:\/\/pagina10.com\/web\/\",\"logo\":{\"@type\":\"ImageObject\",\"inLanguage\":\"es\",\"@id\":\"https:\/\/pagina10.com\/web\/#\/schema\/logo\/image\/\",\"url\":\"https:\/\/pagina10.com\/web\/wp-content\/uploads\/2024\/01\/40-pagina-10-periodico-regional-pasto.jpg\",\"contentUrl\":\"https:\/\/pagina10.com\/web\/wp-content\/uploads\/2024\/01\/40-pagina-10-periodico-regional-pasto.jpg\",\"width\":1280,\"height\":720,\"caption\":\"P\u00e1gina10\"},\"image\":{\"@id\":\"https:\/\/pagina10.com\/web\/#\/schema\/logo\/image\/\"},\"sameAs\":[\"https:\/\/www.facebook.com\/pag10com\",\"https:\/\/x.com\/Pag10com\",\"https:\/\/www.instagram.com\/pagina10col\/\",\"https:\/\/youtube.com\/channel\/pag10\",\"https:\/\/www.tiktok.com\/@p10col\"]},{\"@type\":\"Person\",\"@id\":\"https:\/\/pagina10.com\/web\/#\/schema\/person\/2efc4a090d25b667d3bc796798a3a81b\",\"name\":\"P\u00e1gina 10\",\"description\":\"P\u00e1gina 10 es un peri\u00f3dico regional que nace en Colombia, en el departamento de Nari\u00f1o, con un enfoque global, fundamentado en cuatro pilares esenciales: la libertad, el pluralismo, la inclusi\u00f3n y la independencia. P\u00e1gina 10 hace referencia a Nari\u00f1o como el d\u00e9cimo departamento creado en Colombia, despu\u00e9s de un proceso pol\u00edtico liderado por actores y actrices regionales con el fin de obtener la independencia y autonom\u00eda de nuestros territorios. Con la creaci\u00f3n de P\u00e1gina 10 se pretende abrir un escenario para el dialogo, la reflexi\u00f3n y el debate que se extienda a otras geograf\u00edas de Am\u00e9rica Latina y del planeta, en una apuesta por transformar colectivamente los desaf\u00edos de un mundo contempor\u00e1neo, m\u00e1s all\u00e1 de las fronteras impuestas.\",\"url\":\"https:\/\/pagina10.com\/web\/author\/pdiezadmin\/\"}]}<\/script>\n<!-- \/ Yoast SEO plugin. -->","yoast_head_json":{"title":"Fiscal\u00eda empezar\u00e1 investigaci\u00f3n de presunta financiaci\u00f3n de campa\u00f1a de Petro | P\u00e1gina10","robots":{"index":"index","follow":"follow","max-snippet":"max-snippet:-1","max-image-preview":"max-image-preview:large","max-video-preview":"max-video-preview:-1"},"canonical":"https:\/\/pagina10.com\/web\/fiscalia-empezara-investigacion-de-presunta-financiacion-de-campana-de-petro\/","og_locale":"es_ES","og_type":"article","og_title":"Fiscal\u00eda empezar\u00e1 investigaci\u00f3n de presunta financiaci\u00f3n de campa\u00f1a de Petro | P\u00e1gina10","og_description":"La fiscal\u00eda general de la Naci\u00f3n inform\u00f3 que abri\u00f3 investigaci\u00f3n por presuntas irregularidades en la financiaci\u00f3n de la campa\u00f1a presidencial de Gustavo Petro, tambi\u00e9n revel\u00f3 que los audios del embajador de Colombia en Venezuela, Armando Benedetti, en los que se mencionan dichas irregularidades tambi\u00e9n ser\u00e1n investigados. Seg\u00fan lo informado en el comunicado emitido por la [&hellip;]","og_url":"https:\/\/pagina10.com\/web\/fiscalia-empezara-investigacion-de-presunta-financiacion-de-campana-de-petro\/","og_site_name":"P\u00e1gina10","article_publisher":"https:\/\/www.facebook.com\/pag10com","article_published_time":"2023-06-10T17:49:18+00:00","article_modified_time":"2023-06-10T17:50:19+00:00","og_image":[{"width":940,"height":529,"url":"https:\/\/pagina10.com\/web\/wp-content\/uploads\/2023\/06\/42871146_6.jpg","type":"image\/jpeg"}],"author":"P\u00e1gina 10","twitter_card":"summary_large_image","twitter_creator":"@Pag10com","twitter_site":"@Pag10com","twitter_misc":{"Escrito por":"P\u00e1gina 10","Tiempo de lectura":"1 minuto"},"schema":{"@context":"https:\/\/schema.org","@graph":[{"@type":"Article","@id":"https:\/\/pagina10.com\/web\/fiscalia-empezara-investigacion-de-presunta-financiacion-de-campana-de-petro\/#article","isPartOf":{"@id":"https:\/\/pagina10.com\/web\/fiscalia-empezara-investigacion-de-presunta-financiacion-de-campana-de-petro\/"},"author":{"name":"P\u00e1gina 10","@id":"https:\/\/pagina10.com\/web\/#\/schema\/person\/2efc4a090d25b667d3bc796798a3a81b"},"headline":"Fiscal\u00eda empezar\u00e1 investigaci\u00f3n de presunta financiaci\u00f3n de campa\u00f1a de Petro","datePublished":"2023-06-10T17:49:18+00:00","dateModified":"2023-06-10T17:50:19+00:00","mainEntityOfPage":{"@id":"https:\/\/pagina10.com\/web\/fiscalia-empezara-investigacion-de-presunta-financiacion-de-campana-de-petro\/"},"wordCount":142,"commentCount":0,"publisher":{"@id":"https:\/\/pagina10.com\/web\/#organization"},"image":{"@id":"https:\/\/pagina10.com\/web\/fiscalia-empezara-investigacion-de-presunta-financiacion-de-campana-de-petro\/#primaryimage"},"thumbnailUrl":"https:\/\/pagina10.com\/web\/wp-content\/uploads\/2023\/06\/42871146_6.jpg","articleSection":["Nacional"],"inLanguage":"es","potentialAction":[{"@type":"CommentAction","name":"Comment","target":["https:\/\/pagina10.com\/web\/fiscalia-empezara-investigacion-de-presunta-financiacion-de-campana-de-petro\/#respond"]}]},{"@type":"WebPage","@id":"https:\/\/pagina10.com\/web\/fiscalia-empezara-investigacion-de-presunta-financiacion-de-campana-de-petro\/","url":"https:\/\/pagina10.com\/web\/fiscalia-empezara-investigacion-de-presunta-financiacion-de-campana-de-petro\/","name":"Fiscal\u00eda empezar\u00e1 investigaci\u00f3n de presunta financiaci\u00f3n de campa\u00f1a de Petro | P\u00e1gina10","isPartOf":{"@id":"https:\/\/pagina10.com\/web\/#website"},"primaryImageOfPage":{"@id":"https:\/\/pagina10.com\/web\/fiscalia-empezara-investigacion-de-presunta-financiacion-de-campana-de-petro\/#primaryimage"},"image":{"@id":"https:\/\/pagina10.com\/web\/fiscalia-empezara-investigacion-de-presunta-financiacion-de-campana-de-petro\/#primaryimage"},"thumbnailUrl":"https:\/\/pagina10.com\/web\/wp-content\/uploads\/2023\/06\/42871146_6.jpg","datePublished":"2023-06-10T17:49:18+00:00","dateModified":"2023-06-10T17:50:19+00:00","breadcrumb":{"@id":"https:\/\/pagina10.com\/web\/fiscalia-empezara-investigacion-de-presunta-financiacion-de-campana-de-petro\/#breadcrumb"},"inLanguage":"es","potentialAction":[{"@type":"ReadAction","target":["https:\/\/pagina10.com\/web\/fiscalia-empezara-investigacion-de-presunta-financiacion-de-campana-de-petro\/"]}]},{"@type":"ImageObject","inLanguage":"es","@id":"https:\/\/pagina10.com\/web\/fiscalia-empezara-investigacion-de-presunta-financiacion-de-campana-de-petro\/#primaryimage","url":"https:\/\/pagina10.com\/web\/wp-content\/uploads\/2023\/06\/42871146_6.jpg","contentUrl":"https:\/\/pagina10.com\/web\/wp-content\/uploads\/2023\/06\/42871146_6.jpg","width":940,"height":529},{"@type":"BreadcrumbList","@id":"https:\/\/pagina10.com\/web\/fiscalia-empezara-investigacion-de-presunta-financiacion-de-campana-de-petro\/#breadcrumb","itemListElement":[{"@type":"ListItem","position":1,"name":"Portada","item":"https:\/\/pagina10.com\/web\/"},{"@type":"ListItem","position":2,"name":"Fiscal\u00eda empezar\u00e1 investigaci\u00f3n de presunta financiaci\u00f3n de campa\u00f1a de Petro"}]},{"@type":"WebSite","@id":"https:\/\/pagina10.com\/web\/#website","url":"https:\/\/pagina10.com\/web\/","name":"P\u00e1gina10","description":"Peri\u00f3dico Regional","publisher":{"@id":"https:\/\/pagina10.com\/web\/#organization"},"alternateName":"P\u00e1gina10 Peri\u00f3dico Regional","potentialAction":[{"@type":"SearchAction","target":{"@type":"EntryPoint","urlTemplate":"https:\/\/pagina10.com\/web\/?s={search_term_string}"},"query-input":{"@type":"PropertyValueSpecification","valueRequired":true,"valueName":"search_term_string"}}],"inLanguage":"es"},{"@type":"Organization","@id":"https:\/\/pagina10.com\/web\/#organization","name":"P\u00e1gina10","alternateName":"P\u00e1gina10 Peri\u00f3dico Regional","url":"https:\/\/pagina10.com\/web\/","logo":{"@type":"ImageObject","inLanguage":"es","@id":"https:\/\/pagina10.com\/web\/#\/schema\/logo\/image\/","url":"https:\/\/pagina10.com\/web\/wp-content\/uploads\/2024\/01\/40-pagina-10-periodico-regional-pasto.jpg","contentUrl":"https:\/\/pagina10.com\/web\/wp-content\/uploads\/2024\/01\/40-pagina-10-periodico-regional-pasto.jpg","width":1280,"height":720,"caption":"P\u00e1gina10"},"image":{"@id":"https:\/\/pagina10.com\/web\/#\/schema\/logo\/image\/"},"sameAs":["https:\/\/www.facebook.com\/pag10com","https:\/\/x.com\/Pag10com","https:\/\/www.instagram.com\/pagina10col\/","https:\/\/youtube.com\/channel\/pag10","https:\/\/www.tiktok.com\/@p10col"]},{"@type":"Person","@id":"https:\/\/pagina10.com\/web\/#\/schema\/person\/2efc4a090d25b667d3bc796798a3a81b","name":"P\u00e1gina 10","description":"P\u00e1gina 10 es un peri\u00f3dico regional que nace en Colombia, en el departamento de Nari\u00f1o, con un enfoque global, fundamentado en cuatro pilares esenciales: la libertad, el pluralismo, la inclusi\u00f3n y la independencia. P\u00e1gina 10 hace referencia a Nari\u00f1o como el d\u00e9cimo departamento creado en Colombia, despu\u00e9s de un proceso pol\u00edtico liderado por actores y actrices regionales con el fin de obtener la independencia y autonom\u00eda de nuestros territorios. Con la creaci\u00f3n de P\u00e1gina 10 se pretende abrir un escenario para el dialogo, la reflexi\u00f3n y el debate que se extienda a otras geograf\u00edas de Am\u00e9rica Latina y del planeta, en una apuesta por transformar colectivamente los desaf\u00edos de un mundo contempor\u00e1neo, m\u00e1s all\u00e1 de las fronteras impuestas.","url":"https:\/\/pagina10.com\/web\/author\/pdiezadmin\/"}]}},"_links":{"self":[{"href":"https:\/\/pagina10.com\/web\/wp-json\/wp\/v2\/posts\/66499","targetHints":{"allow":["GET"]}}],"collection":[{"href":"https:\/\/pagina10.com\/web\/wp-json\/wp\/v2\/posts"}],"about":[{"href":"https:\/\/pagina10.com\/web\/wp-json\/wp\/v2\/types\/post"}],"author":[{"embeddable":true,"href":"https:\/\/pagina10.com\/web\/wp-json\/wp\/v2\/users\/1"}],"replies":[{"embeddable":true,"href":"https:\/\/pagina10.com\/web\/wp-json\/wp\/v2\/comments?post=66499"}],"version-history":[{"count":2,"href":"https:\/\/pagina10.com\/web\/wp-json\/wp\/v2\/posts\/66499\/revisions"}],"predecessor-version":[{"id":66502,"href":"https:\/\/pagina10.com\/web\/wp-json\/wp\/v2\/posts\/66499\/revisions\/66502"}],"wp:featuredmedia":[{"embeddable":true,"href":"https:\/\/pagina10.com\/web\/wp-json\/wp\/v2\/media\/66500"}],"wp:attachment":[{"href":"https:\/\/pagina10.com\/web\/wp-json\/wp\/v2\/media?parent=66499"}],"wp:term":[{"taxonomy":"category","embeddable":true,"href":"https:\/\/pagina10.com\/web\/wp-json\/wp\/v2\/categories?post=66499"},{"taxonomy":"post_tag","embeddable":true,"href":"https:\/\/pagina10.com\/web\/wp-json\/wp\/v2\/tags?post=66499"}],"curies":[{"name":"wp","href":"https:\/\/api.w.org\/{rel}","templated":true}]}}