{"id":66550,"date":"2023-06-12T11:31:09","date_gmt":"2023-06-12T16:31:09","guid":{"rendered":"https:\/\/pagina10.com\/web\/?p=66550"},"modified":"2023-06-12T11:31:09","modified_gmt":"2023-06-12T16:31:09","slug":"a-juicio-iria-andres-escobar-por-disparar-a-civiles-en-paro-nacional","status":"publish","type":"post","link":"https:\/\/pagina10.com\/web\/a-juicio-iria-andres-escobar-por-disparar-a-civiles-en-paro-nacional\/","title":{"rendered":"A juicio ir\u00eda Andr\u00e9s Escobar por disparar a civiles en paro nacional"},"content":{"rendered":"<p style=\"text-align: justify;\">Andr\u00e9s Escobar y ocho personas m\u00e1s enfrentar\u00e1n juicio por su presunta participaci\u00f3n en actos ilegales durante las protestas del paro nacional de 2021 en Cali, Valle del Cauca. Se les acusa por disparar armas traum\u00e1ticas contra manifestantes, en complicidad con la Polic\u00eda.<\/p>\n<p style=\"text-align: justify;\">La acusaci\u00f3n formal de la fiscal\u00eda es para 5 civiles y 4 integrantes de la Polic\u00eda, quienes estar\u00edan involucrados en la situaci\u00f3n ilegal, incluyendo a escobar, que es el caso m\u00e1s resonado, conocido p\u00fablicamente mediante algunos videos, en los que el involucrado disparaba presuntamente un arma en contra de los manifestantes.<\/p>\n<p style=\"text-align: justify;\">Los cuatro polic\u00edas involucrados tambi\u00e9n fueron acusados por tortura agravada en relaci\u00f3n con el presunto maltrato a un estudiante de m\u00fasica en una estaci\u00f3n de polic\u00eda. Los cargos incluyen usurpaci\u00f3n de funciones p\u00fablicas, empleo o lanzamiento de sustancias u objetos peligrosos, amenazas agravadas y tortura agravada.<\/p>\n","protected":false},"excerpt":{"rendered":"<p>Andr\u00e9s Escobar y ocho personas m\u00e1s enfrentar\u00e1n juicio por su presunta participaci\u00f3n en actos ilegales durante las protestas del paro nacional de 2021 en Cali, Valle del Cauca. Se les acusa por disparar armas traum\u00e1ticas contra manifestantes, en complicidad con la Polic\u00eda. La acusaci\u00f3n formal de la fiscal\u00eda es para 5 civiles y 4 integrantes [&hellip;]<\/p>\n","protected":false},"author":1,"featured_media":66551,"comment_status":"open","ping_status":"open","sticky":false,"template":"","format":"standard","meta":{"footnotes":""},"categories":[94],"tags":[],"class_list":["post-66550","post","type-post","status-publish","format-standard","has-post-thumbnail","hentry","category-nacional-global-2"],"yoast_head":"<!-- This site is optimized with the Yoast SEO plugin v27.1.1 - https:\/\/yoast.com\/product\/yoast-seo-wordpress\/ -->\n<title>A juicio ir\u00eda Andr\u00e9s Escobar por disparar a civiles en paro nacional | P\u00e1gina10<\/title>\n<meta name=\"robots\" content=\"index, follow, max-snippet:-1, max-image-preview:large, max-video-preview:-1\" \/>\n<link rel=\"canonical\" href=\"https:\/\/pagina10.com\/web\/a-juicio-iria-andres-escobar-por-disparar-a-civiles-en-paro-nacional\/\" \/>\n<meta property=\"og:locale\" content=\"es_ES\" \/>\n<meta property=\"og:type\" content=\"article\" \/>\n<meta property=\"og:title\" content=\"A juicio ir\u00eda Andr\u00e9s Escobar por disparar a civiles en paro nacional | P\u00e1gina10\" \/>\n<meta property=\"og:description\" content=\"Andr\u00e9s Escobar y ocho personas m\u00e1s enfrentar\u00e1n juicio por su presunta participaci\u00f3n en actos ilegales durante las protestas del paro nacional de 2021 en Cali, Valle del Cauca. Se les acusa por disparar armas traum\u00e1ticas contra manifestantes, en complicidad con la Polic\u00eda. La acusaci\u00f3n formal de la fiscal\u00eda es para 5 civiles y 4 integrantes [&hellip;]\" \/>\n<meta property=\"og:url\" content=\"https:\/\/pagina10.com\/web\/a-juicio-iria-andres-escobar-por-disparar-a-civiles-en-paro-nacional\/\" \/>\n<meta property=\"og:site_name\" content=\"P\u00e1gina10\" \/>\n<meta property=\"article:publisher\" content=\"https:\/\/www.facebook.com\/pag10com\" \/>\n<meta property=\"article:published_time\" content=\"2023-06-12T16:31:09+00:00\" \/>\n<meta property=\"og:image\" content=\"https:\/\/pagina10.com\/web\/wp-content\/uploads\/2023\/06\/USHUGWPIZFFOXERCOCQUQLU5LQ.jpg\" \/>\n\t<meta property=\"og:image:width\" content=\"1920\" \/>\n\t<meta property=\"og:image:height\" content=\"1080\" \/>\n\t<meta property=\"og:image:type\" content=\"image\/jpeg\" \/>\n<meta name=\"author\" content=\"P\u00e1gina 10\" \/>\n<meta name=\"twitter:card\" content=\"summary_large_image\" \/>\n<meta name=\"twitter:creator\" content=\"@Pag10com\" \/>\n<meta name=\"twitter:site\" content=\"@Pag10com\" \/>\n<meta name=\"twitter:label1\" content=\"Escrito por\" \/>\n\t<meta name=\"twitter:data1\" content=\"P\u00e1gina 10\" \/>\n\t<meta name=\"twitter:label2\" content=\"Tiempo de lectura\" \/>\n\t<meta name=\"twitter:data2\" content=\"1 minuto\" \/>\n<script type=\"application\/ld+json\" class=\"yoast-schema-graph\">{\"@context\":\"https:\/\/schema.org\",\"@graph\":[{\"@type\":\"Article\",\"@id\":\"https:\/\/pagina10.com\/web\/a-juicio-iria-andres-escobar-por-disparar-a-civiles-en-paro-nacional\/#article\",\"isPartOf\":{\"@id\":\"https:\/\/pagina10.com\/web\/a-juicio-iria-andres-escobar-por-disparar-a-civiles-en-paro-nacional\/\"},\"author\":{\"name\":\"P\u00e1gina 10\",\"@id\":\"https:\/\/pagina10.com\/web\/#\/schema\/person\/2efc4a090d25b667d3bc796798a3a81b\"},\"headline\":\"A juicio ir\u00eda Andr\u00e9s Escobar por disparar a civiles en paro nacional\",\"datePublished\":\"2023-06-12T16:31:09+00:00\",\"mainEntityOfPage\":{\"@id\":\"https:\/\/pagina10.com\/web\/a-juicio-iria-andres-escobar-por-disparar-a-civiles-en-paro-nacional\/\"},\"wordCount\":171,\"commentCount\":0,\"publisher\":{\"@id\":\"https:\/\/pagina10.com\/web\/#organization\"},\"image\":{\"@id\":\"https:\/\/pagina10.com\/web\/a-juicio-iria-andres-escobar-por-disparar-a-civiles-en-paro-nacional\/#primaryimage\"},\"thumbnailUrl\":\"https:\/\/pagina10.com\/web\/wp-content\/uploads\/2023\/06\/USHUGWPIZFFOXERCOCQUQLU5LQ.jpg\",\"articleSection\":[\"Nacional\"],\"inLanguage\":\"es\",\"potentialAction\":[{\"@type\":\"CommentAction\",\"name\":\"Comment\",\"target\":[\"https:\/\/pagina10.com\/web\/a-juicio-iria-andres-escobar-por-disparar-a-civiles-en-paro-nacional\/#respond\"]}]},{\"@type\":\"WebPage\",\"@id\":\"https:\/\/pagina10.com\/web\/a-juicio-iria-andres-escobar-por-disparar-a-civiles-en-paro-nacional\/\",\"url\":\"https:\/\/pagina10.com\/web\/a-juicio-iria-andres-escobar-por-disparar-a-civiles-en-paro-nacional\/\",\"name\":\"A juicio ir\u00eda Andr\u00e9s Escobar por disparar a civiles en paro nacional | P\u00e1gina10\",\"isPartOf\":{\"@id\":\"https:\/\/pagina10.com\/web\/#website\"},\"primaryImageOfPage\":{\"@id\":\"https:\/\/pagina10.com\/web\/a-juicio-iria-andres-escobar-por-disparar-a-civiles-en-paro-nacional\/#primaryimage\"},\"image\":{\"@id\":\"https:\/\/pagina10.com\/web\/a-juicio-iria-andres-escobar-por-disparar-a-civiles-en-paro-nacional\/#primaryimage\"},\"thumbnailUrl\":\"https:\/\/pagina10.com\/web\/wp-content\/uploads\/2023\/06\/USHUGWPIZFFOXERCOCQUQLU5LQ.jpg\",\"datePublished\":\"2023-06-12T16:31:09+00:00\",\"breadcrumb\":{\"@id\":\"https:\/\/pagina10.com\/web\/a-juicio-iria-andres-escobar-por-disparar-a-civiles-en-paro-nacional\/#breadcrumb\"},\"inLanguage\":\"es\",\"potentialAction\":[{\"@type\":\"ReadAction\",\"target\":[\"https:\/\/pagina10.com\/web\/a-juicio-iria-andres-escobar-por-disparar-a-civiles-en-paro-nacional\/\"]}]},{\"@type\":\"ImageObject\",\"inLanguage\":\"es\",\"@id\":\"https:\/\/pagina10.com\/web\/a-juicio-iria-andres-escobar-por-disparar-a-civiles-en-paro-nacional\/#primaryimage\",\"url\":\"https:\/\/pagina10.com\/web\/wp-content\/uploads\/2023\/06\/USHUGWPIZFFOXERCOCQUQLU5LQ.jpg\",\"contentUrl\":\"https:\/\/pagina10.com\/web\/wp-content\/uploads\/2023\/06\/USHUGWPIZFFOXERCOCQUQLU5LQ.jpg\",\"width\":1920,\"height\":1080},{\"@type\":\"BreadcrumbList\",\"@id\":\"https:\/\/pagina10.com\/web\/a-juicio-iria-andres-escobar-por-disparar-a-civiles-en-paro-nacional\/#breadcrumb\",\"itemListElement\":[{\"@type\":\"ListItem\",\"position\":1,\"name\":\"Portada\",\"item\":\"https:\/\/pagina10.com\/web\/\"},{\"@type\":\"ListItem\",\"position\":2,\"name\":\"A juicio ir\u00eda Andr\u00e9s Escobar por disparar a civiles en paro nacional\"}]},{\"@type\":\"WebSite\",\"@id\":\"https:\/\/pagina10.com\/web\/#website\",\"url\":\"https:\/\/pagina10.com\/web\/\",\"name\":\"P\u00e1gina10\",\"description\":\"Peri\u00f3dico Regional\",\"publisher\":{\"@id\":\"https:\/\/pagina10.com\/web\/#organization\"},\"alternateName\":\"P\u00e1gina10 Peri\u00f3dico Regional\",\"potentialAction\":[{\"@type\":\"SearchAction\",\"target\":{\"@type\":\"EntryPoint\",\"urlTemplate\":\"https:\/\/pagina10.com\/web\/?s={search_term_string}\"},\"query-input\":{\"@type\":\"PropertyValueSpecification\",\"valueRequired\":true,\"valueName\":\"search_term_string\"}}],\"inLanguage\":\"es\"},{\"@type\":\"Organization\",\"@id\":\"https:\/\/pagina10.com\/web\/#organization\",\"name\":\"P\u00e1gina10\",\"alternateName\":\"P\u00e1gina10 Peri\u00f3dico Regional\",\"url\":\"https:\/\/pagina10.com\/web\/\",\"logo\":{\"@type\":\"ImageObject\",\"inLanguage\":\"es\",\"@id\":\"https:\/\/pagina10.com\/web\/#\/schema\/logo\/image\/\",\"url\":\"https:\/\/pagina10.com\/web\/wp-content\/uploads\/2024\/01\/40-pagina-10-periodico-regional-pasto.jpg\",\"contentUrl\":\"https:\/\/pagina10.com\/web\/wp-content\/uploads\/2024\/01\/40-pagina-10-periodico-regional-pasto.jpg\",\"width\":1280,\"height\":720,\"caption\":\"P\u00e1gina10\"},\"image\":{\"@id\":\"https:\/\/pagina10.com\/web\/#\/schema\/logo\/image\/\"},\"sameAs\":[\"https:\/\/www.facebook.com\/pag10com\",\"https:\/\/x.com\/Pag10com\",\"https:\/\/www.instagram.com\/pagina10col\/\",\"https:\/\/youtube.com\/channel\/pag10\",\"https:\/\/www.tiktok.com\/@p10col\"]},{\"@type\":\"Person\",\"@id\":\"https:\/\/pagina10.com\/web\/#\/schema\/person\/2efc4a090d25b667d3bc796798a3a81b\",\"name\":\"P\u00e1gina 10\",\"description\":\"P\u00e1gina 10 es un peri\u00f3dico regional que nace en Colombia, en el departamento de Nari\u00f1o, con un enfoque global, fundamentado en cuatro pilares esenciales: la libertad, el pluralismo, la inclusi\u00f3n y la independencia. P\u00e1gina 10 hace referencia a Nari\u00f1o como el d\u00e9cimo departamento creado en Colombia, despu\u00e9s de un proceso pol\u00edtico liderado por actores y actrices regionales con el fin de obtener la independencia y autonom\u00eda de nuestros territorios. Con la creaci\u00f3n de P\u00e1gina 10 se pretende abrir un escenario para el dialogo, la reflexi\u00f3n y el debate que se extienda a otras geograf\u00edas de Am\u00e9rica Latina y del planeta, en una apuesta por transformar colectivamente los desaf\u00edos de un mundo contempor\u00e1neo, m\u00e1s all\u00e1 de las fronteras impuestas.\",\"url\":\"https:\/\/pagina10.com\/web\/author\/pdiezadmin\/\"}]}<\/script>\n<!-- \/ Yoast SEO plugin. -->","yoast_head_json":{"title":"A juicio ir\u00eda Andr\u00e9s Escobar por disparar a civiles en paro nacional | P\u00e1gina10","robots":{"index":"index","follow":"follow","max-snippet":"max-snippet:-1","max-image-preview":"max-image-preview:large","max-video-preview":"max-video-preview:-1"},"canonical":"https:\/\/pagina10.com\/web\/a-juicio-iria-andres-escobar-por-disparar-a-civiles-en-paro-nacional\/","og_locale":"es_ES","og_type":"article","og_title":"A juicio ir\u00eda Andr\u00e9s Escobar por disparar a civiles en paro nacional | P\u00e1gina10","og_description":"Andr\u00e9s Escobar y ocho personas m\u00e1s enfrentar\u00e1n juicio por su presunta participaci\u00f3n en actos ilegales durante las protestas del paro nacional de 2021 en Cali, Valle del Cauca. Se les acusa por disparar armas traum\u00e1ticas contra manifestantes, en complicidad con la Polic\u00eda. La acusaci\u00f3n formal de la fiscal\u00eda es para 5 civiles y 4 integrantes [&hellip;]","og_url":"https:\/\/pagina10.com\/web\/a-juicio-iria-andres-escobar-por-disparar-a-civiles-en-paro-nacional\/","og_site_name":"P\u00e1gina10","article_publisher":"https:\/\/www.facebook.com\/pag10com","article_published_time":"2023-06-12T16:31:09+00:00","og_image":[{"width":1920,"height":1080,"url":"https:\/\/pagina10.com\/web\/wp-content\/uploads\/2023\/06\/USHUGWPIZFFOXERCOCQUQLU5LQ.jpg","type":"image\/jpeg"}],"author":"P\u00e1gina 10","twitter_card":"summary_large_image","twitter_creator":"@Pag10com","twitter_site":"@Pag10com","twitter_misc":{"Escrito por":"P\u00e1gina 10","Tiempo de lectura":"1 minuto"},"schema":{"@context":"https:\/\/schema.org","@graph":[{"@type":"Article","@id":"https:\/\/pagina10.com\/web\/a-juicio-iria-andres-escobar-por-disparar-a-civiles-en-paro-nacional\/#article","isPartOf":{"@id":"https:\/\/pagina10.com\/web\/a-juicio-iria-andres-escobar-por-disparar-a-civiles-en-paro-nacional\/"},"author":{"name":"P\u00e1gina 10","@id":"https:\/\/pagina10.com\/web\/#\/schema\/person\/2efc4a090d25b667d3bc796798a3a81b"},"headline":"A juicio ir\u00eda Andr\u00e9s Escobar por disparar a civiles en paro nacional","datePublished":"2023-06-12T16:31:09+00:00","mainEntityOfPage":{"@id":"https:\/\/pagina10.com\/web\/a-juicio-iria-andres-escobar-por-disparar-a-civiles-en-paro-nacional\/"},"wordCount":171,"commentCount":0,"publisher":{"@id":"https:\/\/pagina10.com\/web\/#organization"},"image":{"@id":"https:\/\/pagina10.com\/web\/a-juicio-iria-andres-escobar-por-disparar-a-civiles-en-paro-nacional\/#primaryimage"},"thumbnailUrl":"https:\/\/pagina10.com\/web\/wp-content\/uploads\/2023\/06\/USHUGWPIZFFOXERCOCQUQLU5LQ.jpg","articleSection":["Nacional"],"inLanguage":"es","potentialAction":[{"@type":"CommentAction","name":"Comment","target":["https:\/\/pagina10.com\/web\/a-juicio-iria-andres-escobar-por-disparar-a-civiles-en-paro-nacional\/#respond"]}]},{"@type":"WebPage","@id":"https:\/\/pagina10.com\/web\/a-juicio-iria-andres-escobar-por-disparar-a-civiles-en-paro-nacional\/","url":"https:\/\/pagina10.com\/web\/a-juicio-iria-andres-escobar-por-disparar-a-civiles-en-paro-nacional\/","name":"A juicio ir\u00eda Andr\u00e9s Escobar por disparar a civiles en paro nacional | P\u00e1gina10","isPartOf":{"@id":"https:\/\/pagina10.com\/web\/#website"},"primaryImageOfPage":{"@id":"https:\/\/pagina10.com\/web\/a-juicio-iria-andres-escobar-por-disparar-a-civiles-en-paro-nacional\/#primaryimage"},"image":{"@id":"https:\/\/pagina10.com\/web\/a-juicio-iria-andres-escobar-por-disparar-a-civiles-en-paro-nacional\/#primaryimage"},"thumbnailUrl":"https:\/\/pagina10.com\/web\/wp-content\/uploads\/2023\/06\/USHUGWPIZFFOXERCOCQUQLU5LQ.jpg","datePublished":"2023-06-12T16:31:09+00:00","breadcrumb":{"@id":"https:\/\/pagina10.com\/web\/a-juicio-iria-andres-escobar-por-disparar-a-civiles-en-paro-nacional\/#breadcrumb"},"inLanguage":"es","potentialAction":[{"@type":"ReadAction","target":["https:\/\/pagina10.com\/web\/a-juicio-iria-andres-escobar-por-disparar-a-civiles-en-paro-nacional\/"]}]},{"@type":"ImageObject","inLanguage":"es","@id":"https:\/\/pagina10.com\/web\/a-juicio-iria-andres-escobar-por-disparar-a-civiles-en-paro-nacional\/#primaryimage","url":"https:\/\/pagina10.com\/web\/wp-content\/uploads\/2023\/06\/USHUGWPIZFFOXERCOCQUQLU5LQ.jpg","contentUrl":"https:\/\/pagina10.com\/web\/wp-content\/uploads\/2023\/06\/USHUGWPIZFFOXERCOCQUQLU5LQ.jpg","width":1920,"height":1080},{"@type":"BreadcrumbList","@id":"https:\/\/pagina10.com\/web\/a-juicio-iria-andres-escobar-por-disparar-a-civiles-en-paro-nacional\/#breadcrumb","itemListElement":[{"@type":"ListItem","position":1,"name":"Portada","item":"https:\/\/pagina10.com\/web\/"},{"@type":"ListItem","position":2,"name":"A juicio ir\u00eda Andr\u00e9s Escobar por disparar a civiles en paro nacional"}]},{"@type":"WebSite","@id":"https:\/\/pagina10.com\/web\/#website","url":"https:\/\/pagina10.com\/web\/","name":"P\u00e1gina10","description":"Peri\u00f3dico Regional","publisher":{"@id":"https:\/\/pagina10.com\/web\/#organization"},"alternateName":"P\u00e1gina10 Peri\u00f3dico Regional","potentialAction":[{"@type":"SearchAction","target":{"@type":"EntryPoint","urlTemplate":"https:\/\/pagina10.com\/web\/?s={search_term_string}"},"query-input":{"@type":"PropertyValueSpecification","valueRequired":true,"valueName":"search_term_string"}}],"inLanguage":"es"},{"@type":"Organization","@id":"https:\/\/pagina10.com\/web\/#organization","name":"P\u00e1gina10","alternateName":"P\u00e1gina10 Peri\u00f3dico Regional","url":"https:\/\/pagina10.com\/web\/","logo":{"@type":"ImageObject","inLanguage":"es","@id":"https:\/\/pagina10.com\/web\/#\/schema\/logo\/image\/","url":"https:\/\/pagina10.com\/web\/wp-content\/uploads\/2024\/01\/40-pagina-10-periodico-regional-pasto.jpg","contentUrl":"https:\/\/pagina10.com\/web\/wp-content\/uploads\/2024\/01\/40-pagina-10-periodico-regional-pasto.jpg","width":1280,"height":720,"caption":"P\u00e1gina10"},"image":{"@id":"https:\/\/pagina10.com\/web\/#\/schema\/logo\/image\/"},"sameAs":["https:\/\/www.facebook.com\/pag10com","https:\/\/x.com\/Pag10com","https:\/\/www.instagram.com\/pagina10col\/","https:\/\/youtube.com\/channel\/pag10","https:\/\/www.tiktok.com\/@p10col"]},{"@type":"Person","@id":"https:\/\/pagina10.com\/web\/#\/schema\/person\/2efc4a090d25b667d3bc796798a3a81b","name":"P\u00e1gina 10","description":"P\u00e1gina 10 es un peri\u00f3dico regional que nace en Colombia, en el departamento de Nari\u00f1o, con un enfoque global, fundamentado en cuatro pilares esenciales: la libertad, el pluralismo, la inclusi\u00f3n y la independencia. P\u00e1gina 10 hace referencia a Nari\u00f1o como el d\u00e9cimo departamento creado en Colombia, despu\u00e9s de un proceso pol\u00edtico liderado por actores y actrices regionales con el fin de obtener la independencia y autonom\u00eda de nuestros territorios. Con la creaci\u00f3n de P\u00e1gina 10 se pretende abrir un escenario para el dialogo, la reflexi\u00f3n y el debate que se extienda a otras geograf\u00edas de Am\u00e9rica Latina y del planeta, en una apuesta por transformar colectivamente los desaf\u00edos de un mundo contempor\u00e1neo, m\u00e1s all\u00e1 de las fronteras impuestas.","url":"https:\/\/pagina10.com\/web\/author\/pdiezadmin\/"}]}},"_links":{"self":[{"href":"https:\/\/pagina10.com\/web\/wp-json\/wp\/v2\/posts\/66550","targetHints":{"allow":["GET"]}}],"collection":[{"href":"https:\/\/pagina10.com\/web\/wp-json\/wp\/v2\/posts"}],"about":[{"href":"https:\/\/pagina10.com\/web\/wp-json\/wp\/v2\/types\/post"}],"author":[{"embeddable":true,"href":"https:\/\/pagina10.com\/web\/wp-json\/wp\/v2\/users\/1"}],"replies":[{"embeddable":true,"href":"https:\/\/pagina10.com\/web\/wp-json\/wp\/v2\/comments?post=66550"}],"version-history":[{"count":1,"href":"https:\/\/pagina10.com\/web\/wp-json\/wp\/v2\/posts\/66550\/revisions"}],"predecessor-version":[{"id":66552,"href":"https:\/\/pagina10.com\/web\/wp-json\/wp\/v2\/posts\/66550\/revisions\/66552"}],"wp:featuredmedia":[{"embeddable":true,"href":"https:\/\/pagina10.com\/web\/wp-json\/wp\/v2\/media\/66551"}],"wp:attachment":[{"href":"https:\/\/pagina10.com\/web\/wp-json\/wp\/v2\/media?parent=66550"}],"wp:term":[{"taxonomy":"category","embeddable":true,"href":"https:\/\/pagina10.com\/web\/wp-json\/wp\/v2\/categories?post=66550"},{"taxonomy":"post_tag","embeddable":true,"href":"https:\/\/pagina10.com\/web\/wp-json\/wp\/v2\/tags?post=66550"}],"curies":[{"name":"wp","href":"https:\/\/api.w.org\/{rel}","templated":true}]}}