{"id":66564,"date":"2023-06-12T11:51:38","date_gmt":"2023-06-12T16:51:38","guid":{"rendered":"https:\/\/pagina10.com\/web\/?p=66564"},"modified":"2023-06-12T11:51:38","modified_gmt":"2023-06-12T16:51:38","slug":"presidencia-convoco-asambleas-estudiantiles-para-reformar-la-ley-de-educacion-superior","status":"publish","type":"post","link":"https:\/\/pagina10.com\/web\/presidencia-convoco-asambleas-estudiantiles-para-reformar-la-ley-de-educacion-superior\/","title":{"rendered":"Presidencia convoc\u00f3 asambleas estudiantiles para reformar la Ley de Educaci\u00f3n Superior"},"content":{"rendered":"<p style=\"text-align: justify;\">Durante una jornada de &#8216;Gobierno Escucha&#8217; en el municipio de Paz de R\u00edo, departamento de Boyac\u00e1, el presidente de la Rep\u00fablica, Gustavo Petro, <strong>solicit\u00f3 a estudiantes de Colombia organizar asambleas<\/strong> con el objetivo de preparar una propuesta de reforma a la Ley de Educaci\u00f3n Superior. El mandatario enfatiz\u00f3 la <strong>importancia de la participaci\u00f3n juvenil en la elaboraci\u00f3n de esta reforma<\/strong>, la cual ser\u00e1 presentada en la pr\u00f3xima legislatura.<\/p>\n<p style=\"text-align: justify;\">\u201cTodo el movimiento estudiantil de Colombia debe citarse a asambleas para la reforma de la Ley 30, que debe ser presentada despu\u00e9s del 20 de julio y que debe tener la m\u00e1xima participaci\u00f3n juvenil\u201d, manifest\u00f3 el Mandatario.<\/p>\n<p style=\"text-align: justify;\">Por su parte, la ministra de Educaci\u00f3n, Aurora Vergara Figueroa, anunci\u00f3 la firma del Decreto 846, el cual permite a las juntas de acci\u00f3n comunal y a las madres cabeza de familia asociadas contratar el Programa de Alimentaci\u00f3n Escolar (PAE). Esta medida tiene como objetivo mejorar el servicio alimentario para los estudiantes y abordar los niveles de desnutrici\u00f3n en el pa\u00eds.<\/p>\n","protected":false},"excerpt":{"rendered":"<p>Durante una jornada de &#8216;Gobierno Escucha&#8217; en el municipio de Paz de R\u00edo, departamento de Boyac\u00e1, el presidente de la Rep\u00fablica, Gustavo Petro, solicit\u00f3 a estudiantes de Colombia organizar asambleas con el objetivo de preparar una propuesta de reforma a la Ley de Educaci\u00f3n Superior. El mandatario enfatiz\u00f3 la importancia de la participaci\u00f3n juvenil en [&hellip;]<\/p>\n","protected":false},"author":1,"featured_media":66565,"comment_status":"open","ping_status":"open","sticky":false,"template":"","format":"standard","meta":{"footnotes":""},"categories":[94],"tags":[],"class_list":["post-66564","post","type-post","status-publish","format-standard","has-post-thumbnail","hentry","category-nacional-global-2"],"yoast_head":"<!-- This site is optimized with the Yoast SEO plugin v27.1.1 - https:\/\/yoast.com\/product\/yoast-seo-wordpress\/ -->\n<title>Presidencia convoc\u00f3 asambleas estudiantiles para reformar la Ley de Educaci\u00f3n Superior | P\u00e1gina10<\/title>\n<meta name=\"robots\" content=\"index, follow, max-snippet:-1, max-image-preview:large, max-video-preview:-1\" \/>\n<link rel=\"canonical\" href=\"https:\/\/pagina10.com\/web\/presidencia-convoco-asambleas-estudiantiles-para-reformar-la-ley-de-educacion-superior\/\" \/>\n<meta property=\"og:locale\" content=\"es_ES\" \/>\n<meta property=\"og:type\" content=\"article\" \/>\n<meta property=\"og:title\" content=\"Presidencia convoc\u00f3 asambleas estudiantiles para reformar la Ley de Educaci\u00f3n Superior | P\u00e1gina10\" \/>\n<meta property=\"og:description\" content=\"Durante una jornada de &#8216;Gobierno Escucha&#8217; en el municipio de Paz de R\u00edo, departamento de Boyac\u00e1, el presidente de la Rep\u00fablica, Gustavo Petro, solicit\u00f3 a estudiantes de Colombia organizar asambleas con el objetivo de preparar una propuesta de reforma a la Ley de Educaci\u00f3n Superior. El mandatario enfatiz\u00f3 la importancia de la participaci\u00f3n juvenil en [&hellip;]\" \/>\n<meta property=\"og:url\" content=\"https:\/\/pagina10.com\/web\/presidencia-convoco-asambleas-estudiantiles-para-reformar-la-ley-de-educacion-superior\/\" \/>\n<meta property=\"og:site_name\" content=\"P\u00e1gina10\" \/>\n<meta property=\"article:publisher\" content=\"https:\/\/www.facebook.com\/pag10com\" \/>\n<meta property=\"article:published_time\" content=\"2023-06-12T16:51:38+00:00\" \/>\n<meta property=\"og:image\" content=\"https:\/\/pagina10.com\/web\/wp-content\/uploads\/2023\/06\/230610-07-Gobierno-Escucha-Paz-Rio-Boyaca-1280.jpg\" \/>\n\t<meta property=\"og:image:width\" content=\"1280\" \/>\n\t<meta property=\"og:image:height\" content=\"720\" \/>\n\t<meta property=\"og:image:type\" content=\"image\/jpeg\" \/>\n<meta name=\"author\" content=\"P\u00e1gina 10\" \/>\n<meta name=\"twitter:card\" content=\"summary_large_image\" \/>\n<meta name=\"twitter:creator\" content=\"@Pag10com\" \/>\n<meta name=\"twitter:site\" content=\"@Pag10com\" \/>\n<meta name=\"twitter:label1\" content=\"Escrito por\" \/>\n\t<meta name=\"twitter:data1\" content=\"P\u00e1gina 10\" \/>\n\t<meta name=\"twitter:label2\" content=\"Tiempo de lectura\" \/>\n\t<meta name=\"twitter:data2\" content=\"1 minuto\" \/>\n<script type=\"application\/ld+json\" class=\"yoast-schema-graph\">{\"@context\":\"https:\/\/schema.org\",\"@graph\":[{\"@type\":\"Article\",\"@id\":\"https:\/\/pagina10.com\/web\/presidencia-convoco-asambleas-estudiantiles-para-reformar-la-ley-de-educacion-superior\/#article\",\"isPartOf\":{\"@id\":\"https:\/\/pagina10.com\/web\/presidencia-convoco-asambleas-estudiantiles-para-reformar-la-ley-de-educacion-superior\/\"},\"author\":{\"name\":\"P\u00e1gina 10\",\"@id\":\"https:\/\/pagina10.com\/web\/#\/schema\/person\/2efc4a090d25b667d3bc796798a3a81b\"},\"headline\":\"Presidencia convoc\u00f3 asambleas estudiantiles para reformar la Ley de Educaci\u00f3n Superior\",\"datePublished\":\"2023-06-12T16:51:38+00:00\",\"mainEntityOfPage\":{\"@id\":\"https:\/\/pagina10.com\/web\/presidencia-convoco-asambleas-estudiantiles-para-reformar-la-ley-de-educacion-superior\/\"},\"wordCount\":189,\"commentCount\":0,\"publisher\":{\"@id\":\"https:\/\/pagina10.com\/web\/#organization\"},\"image\":{\"@id\":\"https:\/\/pagina10.com\/web\/presidencia-convoco-asambleas-estudiantiles-para-reformar-la-ley-de-educacion-superior\/#primaryimage\"},\"thumbnailUrl\":\"https:\/\/pagina10.com\/web\/wp-content\/uploads\/2023\/06\/230610-07-Gobierno-Escucha-Paz-Rio-Boyaca-1280.jpg\",\"articleSection\":[\"Nacional\"],\"inLanguage\":\"es\",\"potentialAction\":[{\"@type\":\"CommentAction\",\"name\":\"Comment\",\"target\":[\"https:\/\/pagina10.com\/web\/presidencia-convoco-asambleas-estudiantiles-para-reformar-la-ley-de-educacion-superior\/#respond\"]}]},{\"@type\":\"WebPage\",\"@id\":\"https:\/\/pagina10.com\/web\/presidencia-convoco-asambleas-estudiantiles-para-reformar-la-ley-de-educacion-superior\/\",\"url\":\"https:\/\/pagina10.com\/web\/presidencia-convoco-asambleas-estudiantiles-para-reformar-la-ley-de-educacion-superior\/\",\"name\":\"Presidencia convoc\u00f3 asambleas estudiantiles para reformar la Ley de Educaci\u00f3n Superior | P\u00e1gina10\",\"isPartOf\":{\"@id\":\"https:\/\/pagina10.com\/web\/#website\"},\"primaryImageOfPage\":{\"@id\":\"https:\/\/pagina10.com\/web\/presidencia-convoco-asambleas-estudiantiles-para-reformar-la-ley-de-educacion-superior\/#primaryimage\"},\"image\":{\"@id\":\"https:\/\/pagina10.com\/web\/presidencia-convoco-asambleas-estudiantiles-para-reformar-la-ley-de-educacion-superior\/#primaryimage\"},\"thumbnailUrl\":\"https:\/\/pagina10.com\/web\/wp-content\/uploads\/2023\/06\/230610-07-Gobierno-Escucha-Paz-Rio-Boyaca-1280.jpg\",\"datePublished\":\"2023-06-12T16:51:38+00:00\",\"breadcrumb\":{\"@id\":\"https:\/\/pagina10.com\/web\/presidencia-convoco-asambleas-estudiantiles-para-reformar-la-ley-de-educacion-superior\/#breadcrumb\"},\"inLanguage\":\"es\",\"potentialAction\":[{\"@type\":\"ReadAction\",\"target\":[\"https:\/\/pagina10.com\/web\/presidencia-convoco-asambleas-estudiantiles-para-reformar-la-ley-de-educacion-superior\/\"]}]},{\"@type\":\"ImageObject\",\"inLanguage\":\"es\",\"@id\":\"https:\/\/pagina10.com\/web\/presidencia-convoco-asambleas-estudiantiles-para-reformar-la-ley-de-educacion-superior\/#primaryimage\",\"url\":\"https:\/\/pagina10.com\/web\/wp-content\/uploads\/2023\/06\/230610-07-Gobierno-Escucha-Paz-Rio-Boyaca-1280.jpg\",\"contentUrl\":\"https:\/\/pagina10.com\/web\/wp-content\/uploads\/2023\/06\/230610-07-Gobierno-Escucha-Paz-Rio-Boyaca-1280.jpg\",\"width\":1280,\"height\":720},{\"@type\":\"BreadcrumbList\",\"@id\":\"https:\/\/pagina10.com\/web\/presidencia-convoco-asambleas-estudiantiles-para-reformar-la-ley-de-educacion-superior\/#breadcrumb\",\"itemListElement\":[{\"@type\":\"ListItem\",\"position\":1,\"name\":\"Portada\",\"item\":\"https:\/\/pagina10.com\/web\/\"},{\"@type\":\"ListItem\",\"position\":2,\"name\":\"Presidencia convoc\u00f3 asambleas estudiantiles para reformar la Ley de Educaci\u00f3n Superior\"}]},{\"@type\":\"WebSite\",\"@id\":\"https:\/\/pagina10.com\/web\/#website\",\"url\":\"https:\/\/pagina10.com\/web\/\",\"name\":\"P\u00e1gina10\",\"description\":\"Peri\u00f3dico Regional\",\"publisher\":{\"@id\":\"https:\/\/pagina10.com\/web\/#organization\"},\"alternateName\":\"P\u00e1gina10 Peri\u00f3dico Regional\",\"potentialAction\":[{\"@type\":\"SearchAction\",\"target\":{\"@type\":\"EntryPoint\",\"urlTemplate\":\"https:\/\/pagina10.com\/web\/?s={search_term_string}\"},\"query-input\":{\"@type\":\"PropertyValueSpecification\",\"valueRequired\":true,\"valueName\":\"search_term_string\"}}],\"inLanguage\":\"es\"},{\"@type\":\"Organization\",\"@id\":\"https:\/\/pagina10.com\/web\/#organization\",\"name\":\"P\u00e1gina10\",\"alternateName\":\"P\u00e1gina10 Peri\u00f3dico Regional\",\"url\":\"https:\/\/pagina10.com\/web\/\",\"logo\":{\"@type\":\"ImageObject\",\"inLanguage\":\"es\",\"@id\":\"https:\/\/pagina10.com\/web\/#\/schema\/logo\/image\/\",\"url\":\"https:\/\/pagina10.com\/web\/wp-content\/uploads\/2024\/01\/40-pagina-10-periodico-regional-pasto.jpg\",\"contentUrl\":\"https:\/\/pagina10.com\/web\/wp-content\/uploads\/2024\/01\/40-pagina-10-periodico-regional-pasto.jpg\",\"width\":1280,\"height\":720,\"caption\":\"P\u00e1gina10\"},\"image\":{\"@id\":\"https:\/\/pagina10.com\/web\/#\/schema\/logo\/image\/\"},\"sameAs\":[\"https:\/\/www.facebook.com\/pag10com\",\"https:\/\/x.com\/Pag10com\",\"https:\/\/www.instagram.com\/pagina10col\/\",\"https:\/\/youtube.com\/channel\/pag10\",\"https:\/\/www.tiktok.com\/@p10col\"]},{\"@type\":\"Person\",\"@id\":\"https:\/\/pagina10.com\/web\/#\/schema\/person\/2efc4a090d25b667d3bc796798a3a81b\",\"name\":\"P\u00e1gina 10\",\"description\":\"P\u00e1gina 10 es un peri\u00f3dico regional que nace en Colombia, en el departamento de Nari\u00f1o, con un enfoque global, fundamentado en cuatro pilares esenciales: la libertad, el pluralismo, la inclusi\u00f3n y la independencia. P\u00e1gina 10 hace referencia a Nari\u00f1o como el d\u00e9cimo departamento creado en Colombia, despu\u00e9s de un proceso pol\u00edtico liderado por actores y actrices regionales con el fin de obtener la independencia y autonom\u00eda de nuestros territorios. Con la creaci\u00f3n de P\u00e1gina 10 se pretende abrir un escenario para el dialogo, la reflexi\u00f3n y el debate que se extienda a otras geograf\u00edas de Am\u00e9rica Latina y del planeta, en una apuesta por transformar colectivamente los desaf\u00edos de un mundo contempor\u00e1neo, m\u00e1s all\u00e1 de las fronteras impuestas.\",\"url\":\"https:\/\/pagina10.com\/web\/author\/pdiezadmin\/\"}]}<\/script>\n<!-- \/ Yoast SEO plugin. -->","yoast_head_json":{"title":"Presidencia convoc\u00f3 asambleas estudiantiles para reformar la Ley de Educaci\u00f3n Superior | P\u00e1gina10","robots":{"index":"index","follow":"follow","max-snippet":"max-snippet:-1","max-image-preview":"max-image-preview:large","max-video-preview":"max-video-preview:-1"},"canonical":"https:\/\/pagina10.com\/web\/presidencia-convoco-asambleas-estudiantiles-para-reformar-la-ley-de-educacion-superior\/","og_locale":"es_ES","og_type":"article","og_title":"Presidencia convoc\u00f3 asambleas estudiantiles para reformar la Ley de Educaci\u00f3n Superior | P\u00e1gina10","og_description":"Durante una jornada de &#8216;Gobierno Escucha&#8217; en el municipio de Paz de R\u00edo, departamento de Boyac\u00e1, el presidente de la Rep\u00fablica, Gustavo Petro, solicit\u00f3 a estudiantes de Colombia organizar asambleas con el objetivo de preparar una propuesta de reforma a la Ley de Educaci\u00f3n Superior. El mandatario enfatiz\u00f3 la importancia de la participaci\u00f3n juvenil en [&hellip;]","og_url":"https:\/\/pagina10.com\/web\/presidencia-convoco-asambleas-estudiantiles-para-reformar-la-ley-de-educacion-superior\/","og_site_name":"P\u00e1gina10","article_publisher":"https:\/\/www.facebook.com\/pag10com","article_published_time":"2023-06-12T16:51:38+00:00","og_image":[{"width":1280,"height":720,"url":"https:\/\/pagina10.com\/web\/wp-content\/uploads\/2023\/06\/230610-07-Gobierno-Escucha-Paz-Rio-Boyaca-1280.jpg","type":"image\/jpeg"}],"author":"P\u00e1gina 10","twitter_card":"summary_large_image","twitter_creator":"@Pag10com","twitter_site":"@Pag10com","twitter_misc":{"Escrito por":"P\u00e1gina 10","Tiempo de lectura":"1 minuto"},"schema":{"@context":"https:\/\/schema.org","@graph":[{"@type":"Article","@id":"https:\/\/pagina10.com\/web\/presidencia-convoco-asambleas-estudiantiles-para-reformar-la-ley-de-educacion-superior\/#article","isPartOf":{"@id":"https:\/\/pagina10.com\/web\/presidencia-convoco-asambleas-estudiantiles-para-reformar-la-ley-de-educacion-superior\/"},"author":{"name":"P\u00e1gina 10","@id":"https:\/\/pagina10.com\/web\/#\/schema\/person\/2efc4a090d25b667d3bc796798a3a81b"},"headline":"Presidencia convoc\u00f3 asambleas estudiantiles para reformar la Ley de Educaci\u00f3n Superior","datePublished":"2023-06-12T16:51:38+00:00","mainEntityOfPage":{"@id":"https:\/\/pagina10.com\/web\/presidencia-convoco-asambleas-estudiantiles-para-reformar-la-ley-de-educacion-superior\/"},"wordCount":189,"commentCount":0,"publisher":{"@id":"https:\/\/pagina10.com\/web\/#organization"},"image":{"@id":"https:\/\/pagina10.com\/web\/presidencia-convoco-asambleas-estudiantiles-para-reformar-la-ley-de-educacion-superior\/#primaryimage"},"thumbnailUrl":"https:\/\/pagina10.com\/web\/wp-content\/uploads\/2023\/06\/230610-07-Gobierno-Escucha-Paz-Rio-Boyaca-1280.jpg","articleSection":["Nacional"],"inLanguage":"es","potentialAction":[{"@type":"CommentAction","name":"Comment","target":["https:\/\/pagina10.com\/web\/presidencia-convoco-asambleas-estudiantiles-para-reformar-la-ley-de-educacion-superior\/#respond"]}]},{"@type":"WebPage","@id":"https:\/\/pagina10.com\/web\/presidencia-convoco-asambleas-estudiantiles-para-reformar-la-ley-de-educacion-superior\/","url":"https:\/\/pagina10.com\/web\/presidencia-convoco-asambleas-estudiantiles-para-reformar-la-ley-de-educacion-superior\/","name":"Presidencia convoc\u00f3 asambleas estudiantiles para reformar la Ley de Educaci\u00f3n Superior | P\u00e1gina10","isPartOf":{"@id":"https:\/\/pagina10.com\/web\/#website"},"primaryImageOfPage":{"@id":"https:\/\/pagina10.com\/web\/presidencia-convoco-asambleas-estudiantiles-para-reformar-la-ley-de-educacion-superior\/#primaryimage"},"image":{"@id":"https:\/\/pagina10.com\/web\/presidencia-convoco-asambleas-estudiantiles-para-reformar-la-ley-de-educacion-superior\/#primaryimage"},"thumbnailUrl":"https:\/\/pagina10.com\/web\/wp-content\/uploads\/2023\/06\/230610-07-Gobierno-Escucha-Paz-Rio-Boyaca-1280.jpg","datePublished":"2023-06-12T16:51:38+00:00","breadcrumb":{"@id":"https:\/\/pagina10.com\/web\/presidencia-convoco-asambleas-estudiantiles-para-reformar-la-ley-de-educacion-superior\/#breadcrumb"},"inLanguage":"es","potentialAction":[{"@type":"ReadAction","target":["https:\/\/pagina10.com\/web\/presidencia-convoco-asambleas-estudiantiles-para-reformar-la-ley-de-educacion-superior\/"]}]},{"@type":"ImageObject","inLanguage":"es","@id":"https:\/\/pagina10.com\/web\/presidencia-convoco-asambleas-estudiantiles-para-reformar-la-ley-de-educacion-superior\/#primaryimage","url":"https:\/\/pagina10.com\/web\/wp-content\/uploads\/2023\/06\/230610-07-Gobierno-Escucha-Paz-Rio-Boyaca-1280.jpg","contentUrl":"https:\/\/pagina10.com\/web\/wp-content\/uploads\/2023\/06\/230610-07-Gobierno-Escucha-Paz-Rio-Boyaca-1280.jpg","width":1280,"height":720},{"@type":"BreadcrumbList","@id":"https:\/\/pagina10.com\/web\/presidencia-convoco-asambleas-estudiantiles-para-reformar-la-ley-de-educacion-superior\/#breadcrumb","itemListElement":[{"@type":"ListItem","position":1,"name":"Portada","item":"https:\/\/pagina10.com\/web\/"},{"@type":"ListItem","position":2,"name":"Presidencia convoc\u00f3 asambleas estudiantiles para reformar la Ley de Educaci\u00f3n Superior"}]},{"@type":"WebSite","@id":"https:\/\/pagina10.com\/web\/#website","url":"https:\/\/pagina10.com\/web\/","name":"P\u00e1gina10","description":"Peri\u00f3dico Regional","publisher":{"@id":"https:\/\/pagina10.com\/web\/#organization"},"alternateName":"P\u00e1gina10 Peri\u00f3dico Regional","potentialAction":[{"@type":"SearchAction","target":{"@type":"EntryPoint","urlTemplate":"https:\/\/pagina10.com\/web\/?s={search_term_string}"},"query-input":{"@type":"PropertyValueSpecification","valueRequired":true,"valueName":"search_term_string"}}],"inLanguage":"es"},{"@type":"Organization","@id":"https:\/\/pagina10.com\/web\/#organization","name":"P\u00e1gina10","alternateName":"P\u00e1gina10 Peri\u00f3dico Regional","url":"https:\/\/pagina10.com\/web\/","logo":{"@type":"ImageObject","inLanguage":"es","@id":"https:\/\/pagina10.com\/web\/#\/schema\/logo\/image\/","url":"https:\/\/pagina10.com\/web\/wp-content\/uploads\/2024\/01\/40-pagina-10-periodico-regional-pasto.jpg","contentUrl":"https:\/\/pagina10.com\/web\/wp-content\/uploads\/2024\/01\/40-pagina-10-periodico-regional-pasto.jpg","width":1280,"height":720,"caption":"P\u00e1gina10"},"image":{"@id":"https:\/\/pagina10.com\/web\/#\/schema\/logo\/image\/"},"sameAs":["https:\/\/www.facebook.com\/pag10com","https:\/\/x.com\/Pag10com","https:\/\/www.instagram.com\/pagina10col\/","https:\/\/youtube.com\/channel\/pag10","https:\/\/www.tiktok.com\/@p10col"]},{"@type":"Person","@id":"https:\/\/pagina10.com\/web\/#\/schema\/person\/2efc4a090d25b667d3bc796798a3a81b","name":"P\u00e1gina 10","description":"P\u00e1gina 10 es un peri\u00f3dico regional que nace en Colombia, en el departamento de Nari\u00f1o, con un enfoque global, fundamentado en cuatro pilares esenciales: la libertad, el pluralismo, la inclusi\u00f3n y la independencia. P\u00e1gina 10 hace referencia a Nari\u00f1o como el d\u00e9cimo departamento creado en Colombia, despu\u00e9s de un proceso pol\u00edtico liderado por actores y actrices regionales con el fin de obtener la independencia y autonom\u00eda de nuestros territorios. Con la creaci\u00f3n de P\u00e1gina 10 se pretende abrir un escenario para el dialogo, la reflexi\u00f3n y el debate que se extienda a otras geograf\u00edas de Am\u00e9rica Latina y del planeta, en una apuesta por transformar colectivamente los desaf\u00edos de un mundo contempor\u00e1neo, m\u00e1s all\u00e1 de las fronteras impuestas.","url":"https:\/\/pagina10.com\/web\/author\/pdiezadmin\/"}]}},"_links":{"self":[{"href":"https:\/\/pagina10.com\/web\/wp-json\/wp\/v2\/posts\/66564","targetHints":{"allow":["GET"]}}],"collection":[{"href":"https:\/\/pagina10.com\/web\/wp-json\/wp\/v2\/posts"}],"about":[{"href":"https:\/\/pagina10.com\/web\/wp-json\/wp\/v2\/types\/post"}],"author":[{"embeddable":true,"href":"https:\/\/pagina10.com\/web\/wp-json\/wp\/v2\/users\/1"}],"replies":[{"embeddable":true,"href":"https:\/\/pagina10.com\/web\/wp-json\/wp\/v2\/comments?post=66564"}],"version-history":[{"count":1,"href":"https:\/\/pagina10.com\/web\/wp-json\/wp\/v2\/posts\/66564\/revisions"}],"predecessor-version":[{"id":66566,"href":"https:\/\/pagina10.com\/web\/wp-json\/wp\/v2\/posts\/66564\/revisions\/66566"}],"wp:featuredmedia":[{"embeddable":true,"href":"https:\/\/pagina10.com\/web\/wp-json\/wp\/v2\/media\/66565"}],"wp:attachment":[{"href":"https:\/\/pagina10.com\/web\/wp-json\/wp\/v2\/media?parent=66564"}],"wp:term":[{"taxonomy":"category","embeddable":true,"href":"https:\/\/pagina10.com\/web\/wp-json\/wp\/v2\/categories?post=66564"},{"taxonomy":"post_tag","embeddable":true,"href":"https:\/\/pagina10.com\/web\/wp-json\/wp\/v2\/tags?post=66564"}],"curies":[{"name":"wp","href":"https:\/\/api.w.org\/{rel}","templated":true}]}}