{"id":66567,"date":"2023-06-12T12:08:51","date_gmt":"2023-06-12T17:08:51","guid":{"rendered":"https:\/\/pagina10.com\/web\/?p=66567"},"modified":"2023-06-12T12:12:40","modified_gmt":"2023-06-12T17:12:40","slug":"narino-alberga-uno-de-los-lugares-mas-biodiversos-de-colombia","status":"publish","type":"post","link":"https:\/\/pagina10.com\/web\/narino-alberga-uno-de-los-lugares-mas-biodiversos-de-colombia\/","title":{"rendered":"Nari\u00f1o alberga uno de los lugares m\u00e1s biodiversos de Colombia"},"content":{"rendered":"<p style=\"text-align: justify;\">El portal \u2018Colombia visible\u2019, destac\u00f3 el pasado 11 de junio, la importancia que ha tenido la <strong>comunidad ind\u00edgena aw\u00e1 en la conservaci\u00f3n y cuidado de La Reserva Natural \u2018La Planada\u2019<\/strong>, ubicada en el municipio de Ricaurte, Nari\u00f1o, considerado como uno de los lugares m\u00e1s biodiversos de Colombia.<\/p>\n<p style=\"text-align: justify;\">La Reserva ubicada en el suroccidente colombiano, es conocida como el <strong>&#8220;imperio supremo de las ep\u00edfitas&#8221;<\/strong> debido a su bosque de niebla y su abundancia de estas plantas, tambi\u00e9n alberga 521 especies de ep\u00edfitas y es hogar de especies raras y amenazadas como el \u00e1guila real, el terlaque de Nari\u00f1o y el chupaflor de cola larga.<\/p>\n<p style=\"text-align: justify;\">La investigaci\u00f3n revel\u00f3 que despu\u00e9s del conflicto armado vivido en la regi\u00f3n, la comunidad ind\u00edgena retom\u00f3 el lugar, oriento su camino por el cuidado y mantenimiento.<\/p>\n<figure id=\"attachment_66569\" aria-describedby=\"caption-attachment-66569\" style=\"width: 467px\" class=\"wp-caption aligncenter\"><img fetchpriority=\"high\" decoding=\"async\" class=\" wp-image-66569\" src=\"https:\/\/pagina10.com\/web\/wp-content\/uploads\/2023\/06\/Instituto-Humboldt-1024x683.jpg\" alt=\"\" width=\"467\" height=\"311\" srcset=\"https:\/\/pagina10.com\/web\/wp-content\/uploads\/2023\/06\/Instituto-Humboldt-1024x683.jpg 1024w, https:\/\/pagina10.com\/web\/wp-content\/uploads\/2023\/06\/Instituto-Humboldt-300x200.jpg 300w, https:\/\/pagina10.com\/web\/wp-content\/uploads\/2023\/06\/Instituto-Humboldt-768x512.jpg 768w, https:\/\/pagina10.com\/web\/wp-content\/uploads\/2023\/06\/Instituto-Humboldt-450x300.jpg 450w, https:\/\/pagina10.com\/web\/wp-content\/uploads\/2023\/06\/Instituto-Humboldt.jpg 1440w\" sizes=\"(max-width: 467px) 100vw, 467px\" \/><figcaption id=\"caption-attachment-66569\" class=\"wp-caption-text\">Foto: Instituto Humboldt<\/figcaption><\/figure>\n<p style=\"text-align: justify;\">\u201cEntre 1998 y 2000, el conflicto armado se intensific\u00f3 en la regi\u00f3n por la llegada de las AUC y el fortalecimiento de las Farc, al igual que los cultivos de coca. Todos estos factores hicieron que en 2007 el personal de la Reserva se viera obligado a salir. El lugar qued\u00f3 abandonado hasta 2010, a\u00f1o en el que la comunidad ind\u00edgena lleg\u00f3 a un acuerdo con Fundaci\u00f3n FES para que las m\u00e1s de 3.000 hect\u00e1reas les fueran donadas\u201d, as\u00ed devel\u00f3 la investigaci\u00f3n.<\/p>\n<p style=\"text-align: justify;\">Con el apoyo del Instituto Humboldt, la Universidad de Nari\u00f1o y entidades estatales, La Planada se ha convertido en un destino tur\u00edstico consolidado para el turismo cient\u00edfico y de naturaleza.<\/p>\n<div id='gallery-1' class='gallery galleryid-66567 gallery-columns-2 gallery-size-publisher-md'><figure class='gallery-item'>\n\t\t\t<div class='gallery-icon landscape'>\n\t\t\t\t<a href='https:\/\/pagina10.com\/web\/narino-alberga-uno-de-los-lugares-mas-biodiversos-de-colombia\/instituto-humboldt-2\/'><img decoding=\"async\" width=\"357\" height=\"210\" src=\"https:\/\/pagina10.com\/web\/wp-content\/uploads\/2023\/06\/Instituto-Humboldt-2-357x210.jpg\" class=\"attachment-publisher-md size-publisher-md\" alt=\"\" \/><\/a>\n\t\t\t<\/div><\/figure><figure class='gallery-item'>\n\t\t\t<div class='gallery-icon landscape'>\n\t\t\t\t<a href='https:\/\/pagina10.com\/web\/narino-alberga-uno-de-los-lugares-mas-biodiversos-de-colombia\/secretaria-de-ambiente-y-desarrollo-sostenible\/'><img decoding=\"async\" width=\"357\" height=\"210\" src=\"https:\/\/pagina10.com\/web\/wp-content\/uploads\/2023\/06\/Secretaria-de-Ambiente-y-Desarrollo-Sostenible-357x210.jpg\" class=\"attachment-publisher-md size-publisher-md\" alt=\"\" \/><\/a>\n\t\t\t<\/div><\/figure>\n\t\t<\/div>\n\n","protected":false},"excerpt":{"rendered":"<p>El portal \u2018Colombia visible\u2019, destac\u00f3 el pasado 11 de junio, la importancia que ha tenido la comunidad ind\u00edgena aw\u00e1 en la conservaci\u00f3n y cuidado de La Reserva Natural \u2018La Planada\u2019, ubicada en el municipio de Ricaurte, Nari\u00f1o, considerado como uno de los lugares m\u00e1s biodiversos de Colombia. La Reserva ubicada en el suroccidente colombiano, es [&hellip;]<\/p>\n","protected":false},"author":1,"featured_media":66568,"comment_status":"open","ping_status":"open","sticky":false,"template":"","format":"standard","meta":{"footnotes":""},"categories":[14],"tags":[],"class_list":["post-66567","post","type-post","status-publish","format-standard","has-post-thumbnail","hentry","category-narino-actual"],"yoast_head":"<!-- This site is optimized with the Yoast SEO plugin v27.1.1 - https:\/\/yoast.com\/product\/yoast-seo-wordpress\/ -->\n<title>Nari\u00f1o alberga uno de los lugares m\u00e1s biodiversos de Colombia | P\u00e1gina10<\/title>\n<meta name=\"robots\" content=\"index, follow, max-snippet:-1, max-image-preview:large, max-video-preview:-1\" \/>\n<link rel=\"canonical\" href=\"https:\/\/pagina10.com\/web\/narino-alberga-uno-de-los-lugares-mas-biodiversos-de-colombia\/\" \/>\n<meta property=\"og:locale\" content=\"es_ES\" \/>\n<meta property=\"og:type\" content=\"article\" \/>\n<meta property=\"og:title\" content=\"Nari\u00f1o alberga uno de los lugares m\u00e1s biodiversos de Colombia | P\u00e1gina10\" \/>\n<meta property=\"og:description\" content=\"El portal \u2018Colombia visible\u2019, destac\u00f3 el pasado 11 de junio, la importancia que ha tenido la comunidad ind\u00edgena aw\u00e1 en la conservaci\u00f3n y cuidado de La Reserva Natural \u2018La Planada\u2019, ubicada en el municipio de Ricaurte, Nari\u00f1o, considerado como uno de los lugares m\u00e1s biodiversos de Colombia. La Reserva ubicada en el suroccidente colombiano, es [&hellip;]\" \/>\n<meta property=\"og:url\" content=\"https:\/\/pagina10.com\/web\/narino-alberga-uno-de-los-lugares-mas-biodiversos-de-colombia\/\" \/>\n<meta property=\"og:site_name\" content=\"P\u00e1gina10\" \/>\n<meta property=\"article:publisher\" content=\"https:\/\/www.facebook.com\/pag10com\" \/>\n<meta property=\"article:published_time\" content=\"2023-06-12T17:08:51+00:00\" \/>\n<meta property=\"article:modified_time\" content=\"2023-06-12T17:12:40+00:00\" \/>\n<meta property=\"og:image\" content=\"https:\/\/pagina10.com\/web\/wp-content\/uploads\/2023\/06\/Instituto-Humboldt-3.jpg\" \/>\n\t<meta property=\"og:image:width\" content=\"1440\" \/>\n\t<meta property=\"og:image:height\" content=\"1440\" \/>\n\t<meta property=\"og:image:type\" content=\"image\/jpeg\" \/>\n<meta name=\"author\" content=\"P\u00e1gina 10\" \/>\n<meta name=\"twitter:card\" content=\"summary_large_image\" \/>\n<meta name=\"twitter:creator\" content=\"@Pag10com\" \/>\n<meta name=\"twitter:site\" content=\"@Pag10com\" \/>\n<meta name=\"twitter:label1\" content=\"Escrito por\" \/>\n\t<meta name=\"twitter:data1\" content=\"P\u00e1gina 10\" \/>\n\t<meta name=\"twitter:label2\" content=\"Tiempo de lectura\" \/>\n\t<meta name=\"twitter:data2\" content=\"1 minuto\" \/>\n<script type=\"application\/ld+json\" class=\"yoast-schema-graph\">{\"@context\":\"https:\/\/schema.org\",\"@graph\":[{\"@type\":\"Article\",\"@id\":\"https:\/\/pagina10.com\/web\/narino-alberga-uno-de-los-lugares-mas-biodiversos-de-colombia\/#article\",\"isPartOf\":{\"@id\":\"https:\/\/pagina10.com\/web\/narino-alberga-uno-de-los-lugares-mas-biodiversos-de-colombia\/\"},\"author\":{\"name\":\"P\u00e1gina 10\",\"@id\":\"https:\/\/pagina10.com\/web\/#\/schema\/person\/2efc4a090d25b667d3bc796798a3a81b\"},\"headline\":\"Nari\u00f1o alberga uno de los lugares m\u00e1s biodiversos de Colombia\",\"datePublished\":\"2023-06-12T17:08:51+00:00\",\"dateModified\":\"2023-06-12T17:12:40+00:00\",\"mainEntityOfPage\":{\"@id\":\"https:\/\/pagina10.com\/web\/narino-alberga-uno-de-los-lugares-mas-biodiversos-de-colombia\/\"},\"wordCount\":288,\"commentCount\":0,\"publisher\":{\"@id\":\"https:\/\/pagina10.com\/web\/#organization\"},\"image\":{\"@id\":\"https:\/\/pagina10.com\/web\/narino-alberga-uno-de-los-lugares-mas-biodiversos-de-colombia\/#primaryimage\"},\"thumbnailUrl\":\"https:\/\/pagina10.com\/web\/wp-content\/uploads\/2023\/06\/Instituto-Humboldt-3.jpg\",\"articleSection\":[\"Nari\u00f1o Actual\"],\"inLanguage\":\"es\",\"potentialAction\":[{\"@type\":\"CommentAction\",\"name\":\"Comment\",\"target\":[\"https:\/\/pagina10.com\/web\/narino-alberga-uno-de-los-lugares-mas-biodiversos-de-colombia\/#respond\"]}]},{\"@type\":\"WebPage\",\"@id\":\"https:\/\/pagina10.com\/web\/narino-alberga-uno-de-los-lugares-mas-biodiversos-de-colombia\/\",\"url\":\"https:\/\/pagina10.com\/web\/narino-alberga-uno-de-los-lugares-mas-biodiversos-de-colombia\/\",\"name\":\"Nari\u00f1o alberga uno de los lugares m\u00e1s biodiversos de Colombia | P\u00e1gina10\",\"isPartOf\":{\"@id\":\"https:\/\/pagina10.com\/web\/#website\"},\"primaryImageOfPage\":{\"@id\":\"https:\/\/pagina10.com\/web\/narino-alberga-uno-de-los-lugares-mas-biodiversos-de-colombia\/#primaryimage\"},\"image\":{\"@id\":\"https:\/\/pagina10.com\/web\/narino-alberga-uno-de-los-lugares-mas-biodiversos-de-colombia\/#primaryimage\"},\"thumbnailUrl\":\"https:\/\/pagina10.com\/web\/wp-content\/uploads\/2023\/06\/Instituto-Humboldt-3.jpg\",\"datePublished\":\"2023-06-12T17:08:51+00:00\",\"dateModified\":\"2023-06-12T17:12:40+00:00\",\"breadcrumb\":{\"@id\":\"https:\/\/pagina10.com\/web\/narino-alberga-uno-de-los-lugares-mas-biodiversos-de-colombia\/#breadcrumb\"},\"inLanguage\":\"es\",\"potentialAction\":[{\"@type\":\"ReadAction\",\"target\":[\"https:\/\/pagina10.com\/web\/narino-alberga-uno-de-los-lugares-mas-biodiversos-de-colombia\/\"]}]},{\"@type\":\"ImageObject\",\"inLanguage\":\"es\",\"@id\":\"https:\/\/pagina10.com\/web\/narino-alberga-uno-de-los-lugares-mas-biodiversos-de-colombia\/#primaryimage\",\"url\":\"https:\/\/pagina10.com\/web\/wp-content\/uploads\/2023\/06\/Instituto-Humboldt-3.jpg\",\"contentUrl\":\"https:\/\/pagina10.com\/web\/wp-content\/uploads\/2023\/06\/Instituto-Humboldt-3.jpg\",\"width\":1440,\"height\":1440,\"caption\":\"Foto: Instituto Humboldt\"},{\"@type\":\"BreadcrumbList\",\"@id\":\"https:\/\/pagina10.com\/web\/narino-alberga-uno-de-los-lugares-mas-biodiversos-de-colombia\/#breadcrumb\",\"itemListElement\":[{\"@type\":\"ListItem\",\"position\":1,\"name\":\"Portada\",\"item\":\"https:\/\/pagina10.com\/web\/\"},{\"@type\":\"ListItem\",\"position\":2,\"name\":\"Nari\u00f1o alberga uno de los lugares m\u00e1s biodiversos de Colombia\"}]},{\"@type\":\"WebSite\",\"@id\":\"https:\/\/pagina10.com\/web\/#website\",\"url\":\"https:\/\/pagina10.com\/web\/\",\"name\":\"P\u00e1gina10\",\"description\":\"Peri\u00f3dico Regional\",\"publisher\":{\"@id\":\"https:\/\/pagina10.com\/web\/#organization\"},\"alternateName\":\"P\u00e1gina10 Peri\u00f3dico Regional\",\"potentialAction\":[{\"@type\":\"SearchAction\",\"target\":{\"@type\":\"EntryPoint\",\"urlTemplate\":\"https:\/\/pagina10.com\/web\/?s={search_term_string}\"},\"query-input\":{\"@type\":\"PropertyValueSpecification\",\"valueRequired\":true,\"valueName\":\"search_term_string\"}}],\"inLanguage\":\"es\"},{\"@type\":\"Organization\",\"@id\":\"https:\/\/pagina10.com\/web\/#organization\",\"name\":\"P\u00e1gina10\",\"alternateName\":\"P\u00e1gina10 Peri\u00f3dico Regional\",\"url\":\"https:\/\/pagina10.com\/web\/\",\"logo\":{\"@type\":\"ImageObject\",\"inLanguage\":\"es\",\"@id\":\"https:\/\/pagina10.com\/web\/#\/schema\/logo\/image\/\",\"url\":\"https:\/\/pagina10.com\/web\/wp-content\/uploads\/2024\/01\/40-pagina-10-periodico-regional-pasto.jpg\",\"contentUrl\":\"https:\/\/pagina10.com\/web\/wp-content\/uploads\/2024\/01\/40-pagina-10-periodico-regional-pasto.jpg\",\"width\":1280,\"height\":720,\"caption\":\"P\u00e1gina10\"},\"image\":{\"@id\":\"https:\/\/pagina10.com\/web\/#\/schema\/logo\/image\/\"},\"sameAs\":[\"https:\/\/www.facebook.com\/pag10com\",\"https:\/\/x.com\/Pag10com\",\"https:\/\/www.instagram.com\/pagina10col\/\",\"https:\/\/youtube.com\/channel\/pag10\",\"https:\/\/www.tiktok.com\/@p10col\"]},{\"@type\":\"Person\",\"@id\":\"https:\/\/pagina10.com\/web\/#\/schema\/person\/2efc4a090d25b667d3bc796798a3a81b\",\"name\":\"P\u00e1gina 10\",\"description\":\"P\u00e1gina 10 es un peri\u00f3dico regional que nace en Colombia, en el departamento de Nari\u00f1o, con un enfoque global, fundamentado en cuatro pilares esenciales: la libertad, el pluralismo, la inclusi\u00f3n y la independencia. P\u00e1gina 10 hace referencia a Nari\u00f1o como el d\u00e9cimo departamento creado en Colombia, despu\u00e9s de un proceso pol\u00edtico liderado por actores y actrices regionales con el fin de obtener la independencia y autonom\u00eda de nuestros territorios. Con la creaci\u00f3n de P\u00e1gina 10 se pretende abrir un escenario para el dialogo, la reflexi\u00f3n y el debate que se extienda a otras geograf\u00edas de Am\u00e9rica Latina y del planeta, en una apuesta por transformar colectivamente los desaf\u00edos de un mundo contempor\u00e1neo, m\u00e1s all\u00e1 de las fronteras impuestas.\",\"url\":\"https:\/\/pagina10.com\/web\/author\/pdiezadmin\/\"}]}<\/script>\n<!-- \/ Yoast SEO plugin. -->","yoast_head_json":{"title":"Nari\u00f1o alberga uno de los lugares m\u00e1s biodiversos de Colombia | P\u00e1gina10","robots":{"index":"index","follow":"follow","max-snippet":"max-snippet:-1","max-image-preview":"max-image-preview:large","max-video-preview":"max-video-preview:-1"},"canonical":"https:\/\/pagina10.com\/web\/narino-alberga-uno-de-los-lugares-mas-biodiversos-de-colombia\/","og_locale":"es_ES","og_type":"article","og_title":"Nari\u00f1o alberga uno de los lugares m\u00e1s biodiversos de Colombia | P\u00e1gina10","og_description":"El portal \u2018Colombia visible\u2019, destac\u00f3 el pasado 11 de junio, la importancia que ha tenido la comunidad ind\u00edgena aw\u00e1 en la conservaci\u00f3n y cuidado de La Reserva Natural \u2018La Planada\u2019, ubicada en el municipio de Ricaurte, Nari\u00f1o, considerado como uno de los lugares m\u00e1s biodiversos de Colombia. La Reserva ubicada en el suroccidente colombiano, es [&hellip;]","og_url":"https:\/\/pagina10.com\/web\/narino-alberga-uno-de-los-lugares-mas-biodiversos-de-colombia\/","og_site_name":"P\u00e1gina10","article_publisher":"https:\/\/www.facebook.com\/pag10com","article_published_time":"2023-06-12T17:08:51+00:00","article_modified_time":"2023-06-12T17:12:40+00:00","og_image":[{"width":1440,"height":1440,"url":"https:\/\/pagina10.com\/web\/wp-content\/uploads\/2023\/06\/Instituto-Humboldt-3.jpg","type":"image\/jpeg"}],"author":"P\u00e1gina 10","twitter_card":"summary_large_image","twitter_creator":"@Pag10com","twitter_site":"@Pag10com","twitter_misc":{"Escrito por":"P\u00e1gina 10","Tiempo de lectura":"1 minuto"},"schema":{"@context":"https:\/\/schema.org","@graph":[{"@type":"Article","@id":"https:\/\/pagina10.com\/web\/narino-alberga-uno-de-los-lugares-mas-biodiversos-de-colombia\/#article","isPartOf":{"@id":"https:\/\/pagina10.com\/web\/narino-alberga-uno-de-los-lugares-mas-biodiversos-de-colombia\/"},"author":{"name":"P\u00e1gina 10","@id":"https:\/\/pagina10.com\/web\/#\/schema\/person\/2efc4a090d25b667d3bc796798a3a81b"},"headline":"Nari\u00f1o alberga uno de los lugares m\u00e1s biodiversos de Colombia","datePublished":"2023-06-12T17:08:51+00:00","dateModified":"2023-06-12T17:12:40+00:00","mainEntityOfPage":{"@id":"https:\/\/pagina10.com\/web\/narino-alberga-uno-de-los-lugares-mas-biodiversos-de-colombia\/"},"wordCount":288,"commentCount":0,"publisher":{"@id":"https:\/\/pagina10.com\/web\/#organization"},"image":{"@id":"https:\/\/pagina10.com\/web\/narino-alberga-uno-de-los-lugares-mas-biodiversos-de-colombia\/#primaryimage"},"thumbnailUrl":"https:\/\/pagina10.com\/web\/wp-content\/uploads\/2023\/06\/Instituto-Humboldt-3.jpg","articleSection":["Nari\u00f1o Actual"],"inLanguage":"es","potentialAction":[{"@type":"CommentAction","name":"Comment","target":["https:\/\/pagina10.com\/web\/narino-alberga-uno-de-los-lugares-mas-biodiversos-de-colombia\/#respond"]}]},{"@type":"WebPage","@id":"https:\/\/pagina10.com\/web\/narino-alberga-uno-de-los-lugares-mas-biodiversos-de-colombia\/","url":"https:\/\/pagina10.com\/web\/narino-alberga-uno-de-los-lugares-mas-biodiversos-de-colombia\/","name":"Nari\u00f1o alberga uno de los lugares m\u00e1s biodiversos de Colombia | P\u00e1gina10","isPartOf":{"@id":"https:\/\/pagina10.com\/web\/#website"},"primaryImageOfPage":{"@id":"https:\/\/pagina10.com\/web\/narino-alberga-uno-de-los-lugares-mas-biodiversos-de-colombia\/#primaryimage"},"image":{"@id":"https:\/\/pagina10.com\/web\/narino-alberga-uno-de-los-lugares-mas-biodiversos-de-colombia\/#primaryimage"},"thumbnailUrl":"https:\/\/pagina10.com\/web\/wp-content\/uploads\/2023\/06\/Instituto-Humboldt-3.jpg","datePublished":"2023-06-12T17:08:51+00:00","dateModified":"2023-06-12T17:12:40+00:00","breadcrumb":{"@id":"https:\/\/pagina10.com\/web\/narino-alberga-uno-de-los-lugares-mas-biodiversos-de-colombia\/#breadcrumb"},"inLanguage":"es","potentialAction":[{"@type":"ReadAction","target":["https:\/\/pagina10.com\/web\/narino-alberga-uno-de-los-lugares-mas-biodiversos-de-colombia\/"]}]},{"@type":"ImageObject","inLanguage":"es","@id":"https:\/\/pagina10.com\/web\/narino-alberga-uno-de-los-lugares-mas-biodiversos-de-colombia\/#primaryimage","url":"https:\/\/pagina10.com\/web\/wp-content\/uploads\/2023\/06\/Instituto-Humboldt-3.jpg","contentUrl":"https:\/\/pagina10.com\/web\/wp-content\/uploads\/2023\/06\/Instituto-Humboldt-3.jpg","width":1440,"height":1440,"caption":"Foto: Instituto Humboldt"},{"@type":"BreadcrumbList","@id":"https:\/\/pagina10.com\/web\/narino-alberga-uno-de-los-lugares-mas-biodiversos-de-colombia\/#breadcrumb","itemListElement":[{"@type":"ListItem","position":1,"name":"Portada","item":"https:\/\/pagina10.com\/web\/"},{"@type":"ListItem","position":2,"name":"Nari\u00f1o alberga uno de los lugares m\u00e1s biodiversos de Colombia"}]},{"@type":"WebSite","@id":"https:\/\/pagina10.com\/web\/#website","url":"https:\/\/pagina10.com\/web\/","name":"P\u00e1gina10","description":"Peri\u00f3dico Regional","publisher":{"@id":"https:\/\/pagina10.com\/web\/#organization"},"alternateName":"P\u00e1gina10 Peri\u00f3dico Regional","potentialAction":[{"@type":"SearchAction","target":{"@type":"EntryPoint","urlTemplate":"https:\/\/pagina10.com\/web\/?s={search_term_string}"},"query-input":{"@type":"PropertyValueSpecification","valueRequired":true,"valueName":"search_term_string"}}],"inLanguage":"es"},{"@type":"Organization","@id":"https:\/\/pagina10.com\/web\/#organization","name":"P\u00e1gina10","alternateName":"P\u00e1gina10 Peri\u00f3dico Regional","url":"https:\/\/pagina10.com\/web\/","logo":{"@type":"ImageObject","inLanguage":"es","@id":"https:\/\/pagina10.com\/web\/#\/schema\/logo\/image\/","url":"https:\/\/pagina10.com\/web\/wp-content\/uploads\/2024\/01\/40-pagina-10-periodico-regional-pasto.jpg","contentUrl":"https:\/\/pagina10.com\/web\/wp-content\/uploads\/2024\/01\/40-pagina-10-periodico-regional-pasto.jpg","width":1280,"height":720,"caption":"P\u00e1gina10"},"image":{"@id":"https:\/\/pagina10.com\/web\/#\/schema\/logo\/image\/"},"sameAs":["https:\/\/www.facebook.com\/pag10com","https:\/\/x.com\/Pag10com","https:\/\/www.instagram.com\/pagina10col\/","https:\/\/youtube.com\/channel\/pag10","https:\/\/www.tiktok.com\/@p10col"]},{"@type":"Person","@id":"https:\/\/pagina10.com\/web\/#\/schema\/person\/2efc4a090d25b667d3bc796798a3a81b","name":"P\u00e1gina 10","description":"P\u00e1gina 10 es un peri\u00f3dico regional que nace en Colombia, en el departamento de Nari\u00f1o, con un enfoque global, fundamentado en cuatro pilares esenciales: la libertad, el pluralismo, la inclusi\u00f3n y la independencia. P\u00e1gina 10 hace referencia a Nari\u00f1o como el d\u00e9cimo departamento creado en Colombia, despu\u00e9s de un proceso pol\u00edtico liderado por actores y actrices regionales con el fin de obtener la independencia y autonom\u00eda de nuestros territorios. Con la creaci\u00f3n de P\u00e1gina 10 se pretende abrir un escenario para el dialogo, la reflexi\u00f3n y el debate que se extienda a otras geograf\u00edas de Am\u00e9rica Latina y del planeta, en una apuesta por transformar colectivamente los desaf\u00edos de un mundo contempor\u00e1neo, m\u00e1s all\u00e1 de las fronteras impuestas.","url":"https:\/\/pagina10.com\/web\/author\/pdiezadmin\/"}]}},"_links":{"self":[{"href":"https:\/\/pagina10.com\/web\/wp-json\/wp\/v2\/posts\/66567","targetHints":{"allow":["GET"]}}],"collection":[{"href":"https:\/\/pagina10.com\/web\/wp-json\/wp\/v2\/posts"}],"about":[{"href":"https:\/\/pagina10.com\/web\/wp-json\/wp\/v2\/types\/post"}],"author":[{"embeddable":true,"href":"https:\/\/pagina10.com\/web\/wp-json\/wp\/v2\/users\/1"}],"replies":[{"embeddable":true,"href":"https:\/\/pagina10.com\/web\/wp-json\/wp\/v2\/comments?post=66567"}],"version-history":[{"count":1,"href":"https:\/\/pagina10.com\/web\/wp-json\/wp\/v2\/posts\/66567\/revisions"}],"predecessor-version":[{"id":66573,"href":"https:\/\/pagina10.com\/web\/wp-json\/wp\/v2\/posts\/66567\/revisions\/66573"}],"wp:featuredmedia":[{"embeddable":true,"href":"https:\/\/pagina10.com\/web\/wp-json\/wp\/v2\/media\/66568"}],"wp:attachment":[{"href":"https:\/\/pagina10.com\/web\/wp-json\/wp\/v2\/media?parent=66567"}],"wp:term":[{"taxonomy":"category","embeddable":true,"href":"https:\/\/pagina10.com\/web\/wp-json\/wp\/v2\/categories?post=66567"},{"taxonomy":"post_tag","embeddable":true,"href":"https:\/\/pagina10.com\/web\/wp-json\/wp\/v2\/tags?post=66567"}],"curies":[{"name":"wp","href":"https:\/\/api.w.org\/{rel}","templated":true}]}}