{"id":66610,"date":"2023-06-13T11:29:13","date_gmt":"2023-06-13T16:29:13","guid":{"rendered":"https:\/\/pagina10.com\/web\/?p=66610"},"modified":"2023-06-13T11:29:13","modified_gmt":"2023-06-13T16:29:13","slug":"crisis-en-el-sector-panelero-de-narino","status":"publish","type":"post","link":"https:\/\/pagina10.com\/web\/crisis-en-el-sector-panelero-de-narino\/","title":{"rendered":"Crisis en el sector panelero de Nari\u00f1o"},"content":{"rendered":"<p style=\"text-align: justify;\">En Sandon\u00e1 se reunieron productores de panela de diferentes municipios del departamento y alzaron su voz de protesta frente a la crisis que deben afrontar actualmente por los bajos precios de la panela. Los manifestantes solicitaron al gobierno nacional acciones que le permitan al departamento superar estas dificultades.<\/p>\n<p style=\"text-align: justify;\">La consecuencia del bajo precio del producto ha generado, seg\u00fan la poblaci\u00f3n, el cierre de numerosos trapiches en el departamento. La producci\u00f3n de panela se hace insostenible y en lugar de ganancias se generan perdidas.<\/p>\n<p style=\"text-align: justify;\">La \u201ccompetencia desleal\u201d tambi\u00e9n ser\u00eda uno de los agravantes de la situaci\u00f3n, as\u00ed lo coment\u00f3 la poblaci\u00f3n afectada, debido a que grandes empresas han empezado a comercializar productos supuestamente con panela, sin serlo.<\/p>\n<p style=\"text-align: justify;\">La poblaci\u00f3n asegur\u00f3 que la crisis deja aproximadamente 14000 familias afectadas. Familias que dependen netamente de la producci\u00f3n de panela.<\/p>\n","protected":false},"excerpt":{"rendered":"<p>En Sandon\u00e1 se reunieron productores de panela de diferentes municipios del departamento y alzaron su voz de protesta frente a la crisis que deben afrontar actualmente por los bajos precios de la panela. Los manifestantes solicitaron al gobierno nacional acciones que le permitan al departamento superar estas dificultades. La consecuencia del bajo precio del producto [&hellip;]<\/p>\n","protected":false},"author":1,"featured_media":66611,"comment_status":"open","ping_status":"open","sticky":false,"template":"","format":"standard","meta":{"footnotes":""},"categories":[1528],"tags":[],"class_list":["post-66610","post","type-post","status-publish","format-standard","has-post-thumbnail","hentry","category-titulares"],"yoast_head":"<!-- This site is optimized with the Yoast SEO plugin v27.1.1 - https:\/\/yoast.com\/product\/yoast-seo-wordpress\/ -->\n<title>Crisis en el sector panelero de Nari\u00f1o | P\u00e1gina10<\/title>\n<meta name=\"robots\" content=\"index, follow, max-snippet:-1, max-image-preview:large, max-video-preview:-1\" \/>\n<link rel=\"canonical\" href=\"https:\/\/pagina10.com\/web\/crisis-en-el-sector-panelero-de-narino\/\" \/>\n<meta property=\"og:locale\" content=\"es_ES\" \/>\n<meta property=\"og:type\" content=\"article\" \/>\n<meta property=\"og:title\" content=\"Crisis en el sector panelero de Nari\u00f1o | P\u00e1gina10\" \/>\n<meta property=\"og:description\" content=\"En Sandon\u00e1 se reunieron productores de panela de diferentes municipios del departamento y alzaron su voz de protesta frente a la crisis que deben afrontar actualmente por los bajos precios de la panela. Los manifestantes solicitaron al gobierno nacional acciones que le permitan al departamento superar estas dificultades. La consecuencia del bajo precio del producto [&hellip;]\" \/>\n<meta property=\"og:url\" content=\"https:\/\/pagina10.com\/web\/crisis-en-el-sector-panelero-de-narino\/\" \/>\n<meta property=\"og:site_name\" content=\"P\u00e1gina10\" \/>\n<meta property=\"article:publisher\" content=\"https:\/\/www.facebook.com\/pag10com\" \/>\n<meta property=\"article:published_time\" content=\"2023-06-13T16:29:13+00:00\" \/>\n<meta property=\"og:image\" content=\"https:\/\/pagina10.com\/web\/wp-content\/uploads\/2023\/06\/2923-13_Trapiches.jpg\" \/>\n\t<meta property=\"og:image:width\" content=\"1440\" \/>\n\t<meta property=\"og:image:height\" content=\"960\" \/>\n\t<meta property=\"og:image:type\" content=\"image\/jpeg\" \/>\n<meta name=\"author\" content=\"P\u00e1gina 10\" \/>\n<meta name=\"twitter:card\" content=\"summary_large_image\" \/>\n<meta name=\"twitter:creator\" content=\"@Pag10com\" \/>\n<meta name=\"twitter:site\" content=\"@Pag10com\" \/>\n<meta name=\"twitter:label1\" content=\"Escrito por\" \/>\n\t<meta name=\"twitter:data1\" content=\"P\u00e1gina 10\" \/>\n\t<meta name=\"twitter:label2\" content=\"Tiempo de lectura\" \/>\n\t<meta name=\"twitter:data2\" content=\"1 minuto\" \/>\n<script type=\"application\/ld+json\" class=\"yoast-schema-graph\">{\"@context\":\"https:\/\/schema.org\",\"@graph\":[{\"@type\":\"Article\",\"@id\":\"https:\/\/pagina10.com\/web\/crisis-en-el-sector-panelero-de-narino\/#article\",\"isPartOf\":{\"@id\":\"https:\/\/pagina10.com\/web\/crisis-en-el-sector-panelero-de-narino\/\"},\"author\":{\"name\":\"P\u00e1gina 10\",\"@id\":\"https:\/\/pagina10.com\/web\/#\/schema\/person\/2efc4a090d25b667d3bc796798a3a81b\"},\"headline\":\"Crisis en el sector panelero de Nari\u00f1o\",\"datePublished\":\"2023-06-13T16:29:13+00:00\",\"mainEntityOfPage\":{\"@id\":\"https:\/\/pagina10.com\/web\/crisis-en-el-sector-panelero-de-narino\/\"},\"wordCount\":152,\"commentCount\":0,\"publisher\":{\"@id\":\"https:\/\/pagina10.com\/web\/#organization\"},\"image\":{\"@id\":\"https:\/\/pagina10.com\/web\/crisis-en-el-sector-panelero-de-narino\/#primaryimage\"},\"thumbnailUrl\":\"https:\/\/pagina10.com\/web\/wp-content\/uploads\/2023\/06\/2923-13_Trapiches.jpg\",\"articleSection\":[\"Titulares\"],\"inLanguage\":\"es\",\"potentialAction\":[{\"@type\":\"CommentAction\",\"name\":\"Comment\",\"target\":[\"https:\/\/pagina10.com\/web\/crisis-en-el-sector-panelero-de-narino\/#respond\"]}]},{\"@type\":\"WebPage\",\"@id\":\"https:\/\/pagina10.com\/web\/crisis-en-el-sector-panelero-de-narino\/\",\"url\":\"https:\/\/pagina10.com\/web\/crisis-en-el-sector-panelero-de-narino\/\",\"name\":\"Crisis en el sector panelero de Nari\u00f1o | P\u00e1gina10\",\"isPartOf\":{\"@id\":\"https:\/\/pagina10.com\/web\/#website\"},\"primaryImageOfPage\":{\"@id\":\"https:\/\/pagina10.com\/web\/crisis-en-el-sector-panelero-de-narino\/#primaryimage\"},\"image\":{\"@id\":\"https:\/\/pagina10.com\/web\/crisis-en-el-sector-panelero-de-narino\/#primaryimage\"},\"thumbnailUrl\":\"https:\/\/pagina10.com\/web\/wp-content\/uploads\/2023\/06\/2923-13_Trapiches.jpg\",\"datePublished\":\"2023-06-13T16:29:13+00:00\",\"breadcrumb\":{\"@id\":\"https:\/\/pagina10.com\/web\/crisis-en-el-sector-panelero-de-narino\/#breadcrumb\"},\"inLanguage\":\"es\",\"potentialAction\":[{\"@type\":\"ReadAction\",\"target\":[\"https:\/\/pagina10.com\/web\/crisis-en-el-sector-panelero-de-narino\/\"]}]},{\"@type\":\"ImageObject\",\"inLanguage\":\"es\",\"@id\":\"https:\/\/pagina10.com\/web\/crisis-en-el-sector-panelero-de-narino\/#primaryimage\",\"url\":\"https:\/\/pagina10.com\/web\/wp-content\/uploads\/2023\/06\/2923-13_Trapiches.jpg\",\"contentUrl\":\"https:\/\/pagina10.com\/web\/wp-content\/uploads\/2023\/06\/2923-13_Trapiches.jpg\",\"width\":1440,\"height\":960},{\"@type\":\"BreadcrumbList\",\"@id\":\"https:\/\/pagina10.com\/web\/crisis-en-el-sector-panelero-de-narino\/#breadcrumb\",\"itemListElement\":[{\"@type\":\"ListItem\",\"position\":1,\"name\":\"Portada\",\"item\":\"https:\/\/pagina10.com\/web\/\"},{\"@type\":\"ListItem\",\"position\":2,\"name\":\"Crisis en el sector panelero de Nari\u00f1o\"}]},{\"@type\":\"WebSite\",\"@id\":\"https:\/\/pagina10.com\/web\/#website\",\"url\":\"https:\/\/pagina10.com\/web\/\",\"name\":\"P\u00e1gina10\",\"description\":\"Peri\u00f3dico Regional\",\"publisher\":{\"@id\":\"https:\/\/pagina10.com\/web\/#organization\"},\"alternateName\":\"P\u00e1gina10 Peri\u00f3dico Regional\",\"potentialAction\":[{\"@type\":\"SearchAction\",\"target\":{\"@type\":\"EntryPoint\",\"urlTemplate\":\"https:\/\/pagina10.com\/web\/?s={search_term_string}\"},\"query-input\":{\"@type\":\"PropertyValueSpecification\",\"valueRequired\":true,\"valueName\":\"search_term_string\"}}],\"inLanguage\":\"es\"},{\"@type\":\"Organization\",\"@id\":\"https:\/\/pagina10.com\/web\/#organization\",\"name\":\"P\u00e1gina10\",\"alternateName\":\"P\u00e1gina10 Peri\u00f3dico Regional\",\"url\":\"https:\/\/pagina10.com\/web\/\",\"logo\":{\"@type\":\"ImageObject\",\"inLanguage\":\"es\",\"@id\":\"https:\/\/pagina10.com\/web\/#\/schema\/logo\/image\/\",\"url\":\"https:\/\/pagina10.com\/web\/wp-content\/uploads\/2024\/01\/40-pagina-10-periodico-regional-pasto.jpg\",\"contentUrl\":\"https:\/\/pagina10.com\/web\/wp-content\/uploads\/2024\/01\/40-pagina-10-periodico-regional-pasto.jpg\",\"width\":1280,\"height\":720,\"caption\":\"P\u00e1gina10\"},\"image\":{\"@id\":\"https:\/\/pagina10.com\/web\/#\/schema\/logo\/image\/\"},\"sameAs\":[\"https:\/\/www.facebook.com\/pag10com\",\"https:\/\/x.com\/Pag10com\",\"https:\/\/www.instagram.com\/pagina10col\/\",\"https:\/\/youtube.com\/channel\/pag10\",\"https:\/\/www.tiktok.com\/@p10col\"]},{\"@type\":\"Person\",\"@id\":\"https:\/\/pagina10.com\/web\/#\/schema\/person\/2efc4a090d25b667d3bc796798a3a81b\",\"name\":\"P\u00e1gina 10\",\"description\":\"P\u00e1gina 10 es un peri\u00f3dico regional que nace en Colombia, en el departamento de Nari\u00f1o, con un enfoque global, fundamentado en cuatro pilares esenciales: la libertad, el pluralismo, la inclusi\u00f3n y la independencia. P\u00e1gina 10 hace referencia a Nari\u00f1o como el d\u00e9cimo departamento creado en Colombia, despu\u00e9s de un proceso pol\u00edtico liderado por actores y actrices regionales con el fin de obtener la independencia y autonom\u00eda de nuestros territorios. Con la creaci\u00f3n de P\u00e1gina 10 se pretende abrir un escenario para el dialogo, la reflexi\u00f3n y el debate que se extienda a otras geograf\u00edas de Am\u00e9rica Latina y del planeta, en una apuesta por transformar colectivamente los desaf\u00edos de un mundo contempor\u00e1neo, m\u00e1s all\u00e1 de las fronteras impuestas.\",\"url\":\"https:\/\/pagina10.com\/web\/author\/pdiezadmin\/\"}]}<\/script>\n<!-- \/ Yoast SEO plugin. -->","yoast_head_json":{"title":"Crisis en el sector panelero de Nari\u00f1o | P\u00e1gina10","robots":{"index":"index","follow":"follow","max-snippet":"max-snippet:-1","max-image-preview":"max-image-preview:large","max-video-preview":"max-video-preview:-1"},"canonical":"https:\/\/pagina10.com\/web\/crisis-en-el-sector-panelero-de-narino\/","og_locale":"es_ES","og_type":"article","og_title":"Crisis en el sector panelero de Nari\u00f1o | P\u00e1gina10","og_description":"En Sandon\u00e1 se reunieron productores de panela de diferentes municipios del departamento y alzaron su voz de protesta frente a la crisis que deben afrontar actualmente por los bajos precios de la panela. Los manifestantes solicitaron al gobierno nacional acciones que le permitan al departamento superar estas dificultades. La consecuencia del bajo precio del producto [&hellip;]","og_url":"https:\/\/pagina10.com\/web\/crisis-en-el-sector-panelero-de-narino\/","og_site_name":"P\u00e1gina10","article_publisher":"https:\/\/www.facebook.com\/pag10com","article_published_time":"2023-06-13T16:29:13+00:00","og_image":[{"width":1440,"height":960,"url":"https:\/\/pagina10.com\/web\/wp-content\/uploads\/2023\/06\/2923-13_Trapiches.jpg","type":"image\/jpeg"}],"author":"P\u00e1gina 10","twitter_card":"summary_large_image","twitter_creator":"@Pag10com","twitter_site":"@Pag10com","twitter_misc":{"Escrito por":"P\u00e1gina 10","Tiempo de lectura":"1 minuto"},"schema":{"@context":"https:\/\/schema.org","@graph":[{"@type":"Article","@id":"https:\/\/pagina10.com\/web\/crisis-en-el-sector-panelero-de-narino\/#article","isPartOf":{"@id":"https:\/\/pagina10.com\/web\/crisis-en-el-sector-panelero-de-narino\/"},"author":{"name":"P\u00e1gina 10","@id":"https:\/\/pagina10.com\/web\/#\/schema\/person\/2efc4a090d25b667d3bc796798a3a81b"},"headline":"Crisis en el sector panelero de Nari\u00f1o","datePublished":"2023-06-13T16:29:13+00:00","mainEntityOfPage":{"@id":"https:\/\/pagina10.com\/web\/crisis-en-el-sector-panelero-de-narino\/"},"wordCount":152,"commentCount":0,"publisher":{"@id":"https:\/\/pagina10.com\/web\/#organization"},"image":{"@id":"https:\/\/pagina10.com\/web\/crisis-en-el-sector-panelero-de-narino\/#primaryimage"},"thumbnailUrl":"https:\/\/pagina10.com\/web\/wp-content\/uploads\/2023\/06\/2923-13_Trapiches.jpg","articleSection":["Titulares"],"inLanguage":"es","potentialAction":[{"@type":"CommentAction","name":"Comment","target":["https:\/\/pagina10.com\/web\/crisis-en-el-sector-panelero-de-narino\/#respond"]}]},{"@type":"WebPage","@id":"https:\/\/pagina10.com\/web\/crisis-en-el-sector-panelero-de-narino\/","url":"https:\/\/pagina10.com\/web\/crisis-en-el-sector-panelero-de-narino\/","name":"Crisis en el sector panelero de Nari\u00f1o | P\u00e1gina10","isPartOf":{"@id":"https:\/\/pagina10.com\/web\/#website"},"primaryImageOfPage":{"@id":"https:\/\/pagina10.com\/web\/crisis-en-el-sector-panelero-de-narino\/#primaryimage"},"image":{"@id":"https:\/\/pagina10.com\/web\/crisis-en-el-sector-panelero-de-narino\/#primaryimage"},"thumbnailUrl":"https:\/\/pagina10.com\/web\/wp-content\/uploads\/2023\/06\/2923-13_Trapiches.jpg","datePublished":"2023-06-13T16:29:13+00:00","breadcrumb":{"@id":"https:\/\/pagina10.com\/web\/crisis-en-el-sector-panelero-de-narino\/#breadcrumb"},"inLanguage":"es","potentialAction":[{"@type":"ReadAction","target":["https:\/\/pagina10.com\/web\/crisis-en-el-sector-panelero-de-narino\/"]}]},{"@type":"ImageObject","inLanguage":"es","@id":"https:\/\/pagina10.com\/web\/crisis-en-el-sector-panelero-de-narino\/#primaryimage","url":"https:\/\/pagina10.com\/web\/wp-content\/uploads\/2023\/06\/2923-13_Trapiches.jpg","contentUrl":"https:\/\/pagina10.com\/web\/wp-content\/uploads\/2023\/06\/2923-13_Trapiches.jpg","width":1440,"height":960},{"@type":"BreadcrumbList","@id":"https:\/\/pagina10.com\/web\/crisis-en-el-sector-panelero-de-narino\/#breadcrumb","itemListElement":[{"@type":"ListItem","position":1,"name":"Portada","item":"https:\/\/pagina10.com\/web\/"},{"@type":"ListItem","position":2,"name":"Crisis en el sector panelero de Nari\u00f1o"}]},{"@type":"WebSite","@id":"https:\/\/pagina10.com\/web\/#website","url":"https:\/\/pagina10.com\/web\/","name":"P\u00e1gina10","description":"Peri\u00f3dico Regional","publisher":{"@id":"https:\/\/pagina10.com\/web\/#organization"},"alternateName":"P\u00e1gina10 Peri\u00f3dico Regional","potentialAction":[{"@type":"SearchAction","target":{"@type":"EntryPoint","urlTemplate":"https:\/\/pagina10.com\/web\/?s={search_term_string}"},"query-input":{"@type":"PropertyValueSpecification","valueRequired":true,"valueName":"search_term_string"}}],"inLanguage":"es"},{"@type":"Organization","@id":"https:\/\/pagina10.com\/web\/#organization","name":"P\u00e1gina10","alternateName":"P\u00e1gina10 Peri\u00f3dico Regional","url":"https:\/\/pagina10.com\/web\/","logo":{"@type":"ImageObject","inLanguage":"es","@id":"https:\/\/pagina10.com\/web\/#\/schema\/logo\/image\/","url":"https:\/\/pagina10.com\/web\/wp-content\/uploads\/2024\/01\/40-pagina-10-periodico-regional-pasto.jpg","contentUrl":"https:\/\/pagina10.com\/web\/wp-content\/uploads\/2024\/01\/40-pagina-10-periodico-regional-pasto.jpg","width":1280,"height":720,"caption":"P\u00e1gina10"},"image":{"@id":"https:\/\/pagina10.com\/web\/#\/schema\/logo\/image\/"},"sameAs":["https:\/\/www.facebook.com\/pag10com","https:\/\/x.com\/Pag10com","https:\/\/www.instagram.com\/pagina10col\/","https:\/\/youtube.com\/channel\/pag10","https:\/\/www.tiktok.com\/@p10col"]},{"@type":"Person","@id":"https:\/\/pagina10.com\/web\/#\/schema\/person\/2efc4a090d25b667d3bc796798a3a81b","name":"P\u00e1gina 10","description":"P\u00e1gina 10 es un peri\u00f3dico regional que nace en Colombia, en el departamento de Nari\u00f1o, con un enfoque global, fundamentado en cuatro pilares esenciales: la libertad, el pluralismo, la inclusi\u00f3n y la independencia. P\u00e1gina 10 hace referencia a Nari\u00f1o como el d\u00e9cimo departamento creado en Colombia, despu\u00e9s de un proceso pol\u00edtico liderado por actores y actrices regionales con el fin de obtener la independencia y autonom\u00eda de nuestros territorios. Con la creaci\u00f3n de P\u00e1gina 10 se pretende abrir un escenario para el dialogo, la reflexi\u00f3n y el debate que se extienda a otras geograf\u00edas de Am\u00e9rica Latina y del planeta, en una apuesta por transformar colectivamente los desaf\u00edos de un mundo contempor\u00e1neo, m\u00e1s all\u00e1 de las fronteras impuestas.","url":"https:\/\/pagina10.com\/web\/author\/pdiezadmin\/"}]}},"_links":{"self":[{"href":"https:\/\/pagina10.com\/web\/wp-json\/wp\/v2\/posts\/66610","targetHints":{"allow":["GET"]}}],"collection":[{"href":"https:\/\/pagina10.com\/web\/wp-json\/wp\/v2\/posts"}],"about":[{"href":"https:\/\/pagina10.com\/web\/wp-json\/wp\/v2\/types\/post"}],"author":[{"embeddable":true,"href":"https:\/\/pagina10.com\/web\/wp-json\/wp\/v2\/users\/1"}],"replies":[{"embeddable":true,"href":"https:\/\/pagina10.com\/web\/wp-json\/wp\/v2\/comments?post=66610"}],"version-history":[{"count":1,"href":"https:\/\/pagina10.com\/web\/wp-json\/wp\/v2\/posts\/66610\/revisions"}],"predecessor-version":[{"id":66612,"href":"https:\/\/pagina10.com\/web\/wp-json\/wp\/v2\/posts\/66610\/revisions\/66612"}],"wp:featuredmedia":[{"embeddable":true,"href":"https:\/\/pagina10.com\/web\/wp-json\/wp\/v2\/media\/66611"}],"wp:attachment":[{"href":"https:\/\/pagina10.com\/web\/wp-json\/wp\/v2\/media?parent=66610"}],"wp:term":[{"taxonomy":"category","embeddable":true,"href":"https:\/\/pagina10.com\/web\/wp-json\/wp\/v2\/categories?post=66610"},{"taxonomy":"post_tag","embeddable":true,"href":"https:\/\/pagina10.com\/web\/wp-json\/wp\/v2\/tags?post=66610"}],"curies":[{"name":"wp","href":"https:\/\/api.w.org\/{rel}","templated":true}]}}