{"id":66616,"date":"2023-06-13T11:53:55","date_gmt":"2023-06-13T16:53:55","guid":{"rendered":"https:\/\/pagina10.com\/web\/?p=66616"},"modified":"2023-06-13T11:55:29","modified_gmt":"2023-06-13T16:55:29","slug":"presidente-petro-anuncio-la-creacion-de-cinco-viceministerios-en-el-ministerio-de-la-igualdad","status":"publish","type":"post","link":"https:\/\/pagina10.com\/web\/presidente-petro-anuncio-la-creacion-de-cinco-viceministerios-en-el-ministerio-de-la-igualdad\/","title":{"rendered":"Presidente Petro anunci\u00f3 la creaci\u00f3n de cinco viceministerios en el Ministerio de la Igualdad."},"content":{"rendered":"<p style=\"text-align: justify;\">Durante consejo de seguridad el mandatario anunci\u00f3 la creaci\u00f3n de 5 viceministerios que conformar\u00e1n el Ministerio de la Igualdad, pero aclar\u00f3 que a\u00fan no se han concretado quienes ser\u00e1n los viceministros encargados de estas nuevas carteras. La implementaci\u00f3n de esta iniciativa busca abordar la desigualdad y la violencia en grupos poblacionales vulnerables.<\/p>\n<p style=\"text-align: justify;\">\u201cSabemos que al inicio, el Ministerio tendr\u00e1 una curva de aprendizaje. Tenemos que trabajar duro, porque en diez a\u00f1os nos preguntar\u00e1n si se logr\u00f3 impactar a la sociedad o su acci\u00f3n fue marginal. Es mi invitaci\u00f3n a comenzar a pensar y actuar frente al tema\u201d, explic\u00f3 el presidente.<\/p>\n<p style=\"text-align: justify;\">El mandatario anunci\u00f3 que los cinco viceministerios se enfocar\u00e1n en las mujeres, las juventudes, la poblaci\u00f3n LGBTIQ, la poblaci\u00f3n en condici\u00f3n de discapacidad y un quinto por definir. Petro destac\u00f3 la importancia de trabajar en conjunto con grupos sociales, organizaciones y movimientos feministas para lograr un impacto real en la sociedad.<\/p>\n<p style=\"text-align: justify;\">De igual forma se destac\u00f3 que la vicepresidenta Francia M\u00e1rquez estar\u00e1 a cargo del Ministerio de la Igualdad y Equidad.<\/p>\n","protected":false},"excerpt":{"rendered":"<p>Durante consejo de seguridad el mandatario anunci\u00f3 la creaci\u00f3n de 5 viceministerios que conformar\u00e1n el Ministerio de la Igualdad, pero aclar\u00f3 que a\u00fan no se han concretado quienes ser\u00e1n los viceministros encargados de estas nuevas carteras. La implementaci\u00f3n de esta iniciativa busca abordar la desigualdad y la violencia en grupos poblacionales vulnerables. \u201cSabemos que al [&hellip;]<\/p>\n","protected":false},"author":1,"featured_media":66617,"comment_status":"open","ping_status":"open","sticky":false,"template":"","format":"standard","meta":{"footnotes":""},"categories":[94],"tags":[],"class_list":["post-66616","post","type-post","status-publish","format-standard","has-post-thumbnail","hentry","category-nacional-global-2"],"yoast_head":"<!-- This site is optimized with the Yoast SEO plugin v27.1.1 - https:\/\/yoast.com\/product\/yoast-seo-wordpress\/ -->\n<title>Presidente Petro anunci\u00f3 la creaci\u00f3n de cinco viceministerios en el Ministerio de la Igualdad. | P\u00e1gina10<\/title>\n<meta name=\"robots\" content=\"index, follow, max-snippet:-1, max-image-preview:large, max-video-preview:-1\" \/>\n<link rel=\"canonical\" href=\"https:\/\/pagina10.com\/web\/presidente-petro-anuncio-la-creacion-de-cinco-viceministerios-en-el-ministerio-de-la-igualdad\/\" \/>\n<meta property=\"og:locale\" content=\"es_ES\" \/>\n<meta property=\"og:type\" content=\"article\" \/>\n<meta property=\"og:title\" content=\"Presidente Petro anunci\u00f3 la creaci\u00f3n de cinco viceministerios en el Ministerio de la Igualdad. | P\u00e1gina10\" \/>\n<meta property=\"og:description\" content=\"Durante consejo de seguridad el mandatario anunci\u00f3 la creaci\u00f3n de 5 viceministerios que conformar\u00e1n el Ministerio de la Igualdad, pero aclar\u00f3 que a\u00fan no se han concretado quienes ser\u00e1n los viceministros encargados de estas nuevas carteras. La implementaci\u00f3n de esta iniciativa busca abordar la desigualdad y la violencia en grupos poblacionales vulnerables. \u201cSabemos que al [&hellip;]\" \/>\n<meta property=\"og:url\" content=\"https:\/\/pagina10.com\/web\/presidente-petro-anuncio-la-creacion-de-cinco-viceministerios-en-el-ministerio-de-la-igualdad\/\" \/>\n<meta property=\"og:site_name\" content=\"P\u00e1gina10\" \/>\n<meta property=\"article:publisher\" content=\"https:\/\/www.facebook.com\/pag10com\" \/>\n<meta property=\"article:published_time\" content=\"2023-06-13T16:53:55+00:00\" \/>\n<meta property=\"article:modified_time\" content=\"2023-06-13T16:55:29+00:00\" \/>\n<meta property=\"og:image\" content=\"https:\/\/pagina10.com\/web\/wp-content\/uploads\/2023\/06\/COLP_EXT_122051_0.jpeg\" \/>\n\t<meta property=\"og:image:width\" content=\"1200\" \/>\n\t<meta property=\"og:image:height\" content=\"900\" \/>\n\t<meta property=\"og:image:type\" content=\"image\/jpeg\" \/>\n<meta name=\"author\" content=\"P\u00e1gina 10\" \/>\n<meta name=\"twitter:card\" content=\"summary_large_image\" \/>\n<meta name=\"twitter:creator\" content=\"@Pag10com\" \/>\n<meta name=\"twitter:site\" content=\"@Pag10com\" \/>\n<meta name=\"twitter:label1\" content=\"Escrito por\" \/>\n\t<meta name=\"twitter:data1\" content=\"P\u00e1gina 10\" \/>\n\t<meta name=\"twitter:label2\" content=\"Tiempo de lectura\" \/>\n\t<meta name=\"twitter:data2\" content=\"1 minuto\" \/>\n<script type=\"application\/ld+json\" class=\"yoast-schema-graph\">{\"@context\":\"https:\/\/schema.org\",\"@graph\":[{\"@type\":\"Article\",\"@id\":\"https:\/\/pagina10.com\/web\/presidente-petro-anuncio-la-creacion-de-cinco-viceministerios-en-el-ministerio-de-la-igualdad\/#article\",\"isPartOf\":{\"@id\":\"https:\/\/pagina10.com\/web\/presidente-petro-anuncio-la-creacion-de-cinco-viceministerios-en-el-ministerio-de-la-igualdad\/\"},\"author\":{\"name\":\"P\u00e1gina 10\",\"@id\":\"https:\/\/pagina10.com\/web\/#\/schema\/person\/2efc4a090d25b667d3bc796798a3a81b\"},\"headline\":\"Presidente Petro anunci\u00f3 la creaci\u00f3n de cinco viceministerios en el Ministerio de la Igualdad.\",\"datePublished\":\"2023-06-13T16:53:55+00:00\",\"dateModified\":\"2023-06-13T16:55:29+00:00\",\"mainEntityOfPage\":{\"@id\":\"https:\/\/pagina10.com\/web\/presidente-petro-anuncio-la-creacion-de-cinco-viceministerios-en-el-ministerio-de-la-igualdad\/\"},\"wordCount\":199,\"commentCount\":0,\"publisher\":{\"@id\":\"https:\/\/pagina10.com\/web\/#organization\"},\"image\":{\"@id\":\"https:\/\/pagina10.com\/web\/presidente-petro-anuncio-la-creacion-de-cinco-viceministerios-en-el-ministerio-de-la-igualdad\/#primaryimage\"},\"thumbnailUrl\":\"https:\/\/pagina10.com\/web\/wp-content\/uploads\/2023\/06\/COLP_EXT_122051_0.jpeg\",\"articleSection\":[\"Nacional\"],\"inLanguage\":\"es\",\"potentialAction\":[{\"@type\":\"CommentAction\",\"name\":\"Comment\",\"target\":[\"https:\/\/pagina10.com\/web\/presidente-petro-anuncio-la-creacion-de-cinco-viceministerios-en-el-ministerio-de-la-igualdad\/#respond\"]}]},{\"@type\":\"WebPage\",\"@id\":\"https:\/\/pagina10.com\/web\/presidente-petro-anuncio-la-creacion-de-cinco-viceministerios-en-el-ministerio-de-la-igualdad\/\",\"url\":\"https:\/\/pagina10.com\/web\/presidente-petro-anuncio-la-creacion-de-cinco-viceministerios-en-el-ministerio-de-la-igualdad\/\",\"name\":\"Presidente Petro anunci\u00f3 la creaci\u00f3n de cinco viceministerios en el Ministerio de la Igualdad. | P\u00e1gina10\",\"isPartOf\":{\"@id\":\"https:\/\/pagina10.com\/web\/#website\"},\"primaryImageOfPage\":{\"@id\":\"https:\/\/pagina10.com\/web\/presidente-petro-anuncio-la-creacion-de-cinco-viceministerios-en-el-ministerio-de-la-igualdad\/#primaryimage\"},\"image\":{\"@id\":\"https:\/\/pagina10.com\/web\/presidente-petro-anuncio-la-creacion-de-cinco-viceministerios-en-el-ministerio-de-la-igualdad\/#primaryimage\"},\"thumbnailUrl\":\"https:\/\/pagina10.com\/web\/wp-content\/uploads\/2023\/06\/COLP_EXT_122051_0.jpeg\",\"datePublished\":\"2023-06-13T16:53:55+00:00\",\"dateModified\":\"2023-06-13T16:55:29+00:00\",\"breadcrumb\":{\"@id\":\"https:\/\/pagina10.com\/web\/presidente-petro-anuncio-la-creacion-de-cinco-viceministerios-en-el-ministerio-de-la-igualdad\/#breadcrumb\"},\"inLanguage\":\"es\",\"potentialAction\":[{\"@type\":\"ReadAction\",\"target\":[\"https:\/\/pagina10.com\/web\/presidente-petro-anuncio-la-creacion-de-cinco-viceministerios-en-el-ministerio-de-la-igualdad\/\"]}]},{\"@type\":\"ImageObject\",\"inLanguage\":\"es\",\"@id\":\"https:\/\/pagina10.com\/web\/presidente-petro-anuncio-la-creacion-de-cinco-viceministerios-en-el-ministerio-de-la-igualdad\/#primaryimage\",\"url\":\"https:\/\/pagina10.com\/web\/wp-content\/uploads\/2023\/06\/COLP_EXT_122051_0.jpeg\",\"contentUrl\":\"https:\/\/pagina10.com\/web\/wp-content\/uploads\/2023\/06\/COLP_EXT_122051_0.jpeg\",\"width\":1200,\"height\":900,\"caption\":\"Foto: Carolina Carmona\"},{\"@type\":\"BreadcrumbList\",\"@id\":\"https:\/\/pagina10.com\/web\/presidente-petro-anuncio-la-creacion-de-cinco-viceministerios-en-el-ministerio-de-la-igualdad\/#breadcrumb\",\"itemListElement\":[{\"@type\":\"ListItem\",\"position\":1,\"name\":\"Portada\",\"item\":\"https:\/\/pagina10.com\/web\/\"},{\"@type\":\"ListItem\",\"position\":2,\"name\":\"Presidente Petro anunci\u00f3 la creaci\u00f3n de cinco viceministerios en el Ministerio de la Igualdad.\"}]},{\"@type\":\"WebSite\",\"@id\":\"https:\/\/pagina10.com\/web\/#website\",\"url\":\"https:\/\/pagina10.com\/web\/\",\"name\":\"P\u00e1gina10\",\"description\":\"Peri\u00f3dico Regional\",\"publisher\":{\"@id\":\"https:\/\/pagina10.com\/web\/#organization\"},\"alternateName\":\"P\u00e1gina10 Peri\u00f3dico Regional\",\"potentialAction\":[{\"@type\":\"SearchAction\",\"target\":{\"@type\":\"EntryPoint\",\"urlTemplate\":\"https:\/\/pagina10.com\/web\/?s={search_term_string}\"},\"query-input\":{\"@type\":\"PropertyValueSpecification\",\"valueRequired\":true,\"valueName\":\"search_term_string\"}}],\"inLanguage\":\"es\"},{\"@type\":\"Organization\",\"@id\":\"https:\/\/pagina10.com\/web\/#organization\",\"name\":\"P\u00e1gina10\",\"alternateName\":\"P\u00e1gina10 Peri\u00f3dico Regional\",\"url\":\"https:\/\/pagina10.com\/web\/\",\"logo\":{\"@type\":\"ImageObject\",\"inLanguage\":\"es\",\"@id\":\"https:\/\/pagina10.com\/web\/#\/schema\/logo\/image\/\",\"url\":\"https:\/\/pagina10.com\/web\/wp-content\/uploads\/2024\/01\/40-pagina-10-periodico-regional-pasto.jpg\",\"contentUrl\":\"https:\/\/pagina10.com\/web\/wp-content\/uploads\/2024\/01\/40-pagina-10-periodico-regional-pasto.jpg\",\"width\":1280,\"height\":720,\"caption\":\"P\u00e1gina10\"},\"image\":{\"@id\":\"https:\/\/pagina10.com\/web\/#\/schema\/logo\/image\/\"},\"sameAs\":[\"https:\/\/www.facebook.com\/pag10com\",\"https:\/\/x.com\/Pag10com\",\"https:\/\/www.instagram.com\/pagina10col\/\",\"https:\/\/youtube.com\/channel\/pag10\",\"https:\/\/www.tiktok.com\/@p10col\"]},{\"@type\":\"Person\",\"@id\":\"https:\/\/pagina10.com\/web\/#\/schema\/person\/2efc4a090d25b667d3bc796798a3a81b\",\"name\":\"P\u00e1gina 10\",\"description\":\"P\u00e1gina 10 es un peri\u00f3dico regional que nace en Colombia, en el departamento de Nari\u00f1o, con un enfoque global, fundamentado en cuatro pilares esenciales: la libertad, el pluralismo, la inclusi\u00f3n y la independencia. P\u00e1gina 10 hace referencia a Nari\u00f1o como el d\u00e9cimo departamento creado en Colombia, despu\u00e9s de un proceso pol\u00edtico liderado por actores y actrices regionales con el fin de obtener la independencia y autonom\u00eda de nuestros territorios. Con la creaci\u00f3n de P\u00e1gina 10 se pretende abrir un escenario para el dialogo, la reflexi\u00f3n y el debate que se extienda a otras geograf\u00edas de Am\u00e9rica Latina y del planeta, en una apuesta por transformar colectivamente los desaf\u00edos de un mundo contempor\u00e1neo, m\u00e1s all\u00e1 de las fronteras impuestas.\",\"url\":\"https:\/\/pagina10.com\/web\/author\/pdiezadmin\/\"}]}<\/script>\n<!-- \/ Yoast SEO plugin. -->","yoast_head_json":{"title":"Presidente Petro anunci\u00f3 la creaci\u00f3n de cinco viceministerios en el Ministerio de la Igualdad. | P\u00e1gina10","robots":{"index":"index","follow":"follow","max-snippet":"max-snippet:-1","max-image-preview":"max-image-preview:large","max-video-preview":"max-video-preview:-1"},"canonical":"https:\/\/pagina10.com\/web\/presidente-petro-anuncio-la-creacion-de-cinco-viceministerios-en-el-ministerio-de-la-igualdad\/","og_locale":"es_ES","og_type":"article","og_title":"Presidente Petro anunci\u00f3 la creaci\u00f3n de cinco viceministerios en el Ministerio de la Igualdad. | P\u00e1gina10","og_description":"Durante consejo de seguridad el mandatario anunci\u00f3 la creaci\u00f3n de 5 viceministerios que conformar\u00e1n el Ministerio de la Igualdad, pero aclar\u00f3 que a\u00fan no se han concretado quienes ser\u00e1n los viceministros encargados de estas nuevas carteras. La implementaci\u00f3n de esta iniciativa busca abordar la desigualdad y la violencia en grupos poblacionales vulnerables. \u201cSabemos que al [&hellip;]","og_url":"https:\/\/pagina10.com\/web\/presidente-petro-anuncio-la-creacion-de-cinco-viceministerios-en-el-ministerio-de-la-igualdad\/","og_site_name":"P\u00e1gina10","article_publisher":"https:\/\/www.facebook.com\/pag10com","article_published_time":"2023-06-13T16:53:55+00:00","article_modified_time":"2023-06-13T16:55:29+00:00","og_image":[{"width":1200,"height":900,"url":"https:\/\/pagina10.com\/web\/wp-content\/uploads\/2023\/06\/COLP_EXT_122051_0.jpeg","type":"image\/jpeg"}],"author":"P\u00e1gina 10","twitter_card":"summary_large_image","twitter_creator":"@Pag10com","twitter_site":"@Pag10com","twitter_misc":{"Escrito por":"P\u00e1gina 10","Tiempo de lectura":"1 minuto"},"schema":{"@context":"https:\/\/schema.org","@graph":[{"@type":"Article","@id":"https:\/\/pagina10.com\/web\/presidente-petro-anuncio-la-creacion-de-cinco-viceministerios-en-el-ministerio-de-la-igualdad\/#article","isPartOf":{"@id":"https:\/\/pagina10.com\/web\/presidente-petro-anuncio-la-creacion-de-cinco-viceministerios-en-el-ministerio-de-la-igualdad\/"},"author":{"name":"P\u00e1gina 10","@id":"https:\/\/pagina10.com\/web\/#\/schema\/person\/2efc4a090d25b667d3bc796798a3a81b"},"headline":"Presidente Petro anunci\u00f3 la creaci\u00f3n de cinco viceministerios en el Ministerio de la Igualdad.","datePublished":"2023-06-13T16:53:55+00:00","dateModified":"2023-06-13T16:55:29+00:00","mainEntityOfPage":{"@id":"https:\/\/pagina10.com\/web\/presidente-petro-anuncio-la-creacion-de-cinco-viceministerios-en-el-ministerio-de-la-igualdad\/"},"wordCount":199,"commentCount":0,"publisher":{"@id":"https:\/\/pagina10.com\/web\/#organization"},"image":{"@id":"https:\/\/pagina10.com\/web\/presidente-petro-anuncio-la-creacion-de-cinco-viceministerios-en-el-ministerio-de-la-igualdad\/#primaryimage"},"thumbnailUrl":"https:\/\/pagina10.com\/web\/wp-content\/uploads\/2023\/06\/COLP_EXT_122051_0.jpeg","articleSection":["Nacional"],"inLanguage":"es","potentialAction":[{"@type":"CommentAction","name":"Comment","target":["https:\/\/pagina10.com\/web\/presidente-petro-anuncio-la-creacion-de-cinco-viceministerios-en-el-ministerio-de-la-igualdad\/#respond"]}]},{"@type":"WebPage","@id":"https:\/\/pagina10.com\/web\/presidente-petro-anuncio-la-creacion-de-cinco-viceministerios-en-el-ministerio-de-la-igualdad\/","url":"https:\/\/pagina10.com\/web\/presidente-petro-anuncio-la-creacion-de-cinco-viceministerios-en-el-ministerio-de-la-igualdad\/","name":"Presidente Petro anunci\u00f3 la creaci\u00f3n de cinco viceministerios en el Ministerio de la Igualdad. | P\u00e1gina10","isPartOf":{"@id":"https:\/\/pagina10.com\/web\/#website"},"primaryImageOfPage":{"@id":"https:\/\/pagina10.com\/web\/presidente-petro-anuncio-la-creacion-de-cinco-viceministerios-en-el-ministerio-de-la-igualdad\/#primaryimage"},"image":{"@id":"https:\/\/pagina10.com\/web\/presidente-petro-anuncio-la-creacion-de-cinco-viceministerios-en-el-ministerio-de-la-igualdad\/#primaryimage"},"thumbnailUrl":"https:\/\/pagina10.com\/web\/wp-content\/uploads\/2023\/06\/COLP_EXT_122051_0.jpeg","datePublished":"2023-06-13T16:53:55+00:00","dateModified":"2023-06-13T16:55:29+00:00","breadcrumb":{"@id":"https:\/\/pagina10.com\/web\/presidente-petro-anuncio-la-creacion-de-cinco-viceministerios-en-el-ministerio-de-la-igualdad\/#breadcrumb"},"inLanguage":"es","potentialAction":[{"@type":"ReadAction","target":["https:\/\/pagina10.com\/web\/presidente-petro-anuncio-la-creacion-de-cinco-viceministerios-en-el-ministerio-de-la-igualdad\/"]}]},{"@type":"ImageObject","inLanguage":"es","@id":"https:\/\/pagina10.com\/web\/presidente-petro-anuncio-la-creacion-de-cinco-viceministerios-en-el-ministerio-de-la-igualdad\/#primaryimage","url":"https:\/\/pagina10.com\/web\/wp-content\/uploads\/2023\/06\/COLP_EXT_122051_0.jpeg","contentUrl":"https:\/\/pagina10.com\/web\/wp-content\/uploads\/2023\/06\/COLP_EXT_122051_0.jpeg","width":1200,"height":900,"caption":"Foto: Carolina Carmona"},{"@type":"BreadcrumbList","@id":"https:\/\/pagina10.com\/web\/presidente-petro-anuncio-la-creacion-de-cinco-viceministerios-en-el-ministerio-de-la-igualdad\/#breadcrumb","itemListElement":[{"@type":"ListItem","position":1,"name":"Portada","item":"https:\/\/pagina10.com\/web\/"},{"@type":"ListItem","position":2,"name":"Presidente Petro anunci\u00f3 la creaci\u00f3n de cinco viceministerios en el Ministerio de la Igualdad."}]},{"@type":"WebSite","@id":"https:\/\/pagina10.com\/web\/#website","url":"https:\/\/pagina10.com\/web\/","name":"P\u00e1gina10","description":"Peri\u00f3dico Regional","publisher":{"@id":"https:\/\/pagina10.com\/web\/#organization"},"alternateName":"P\u00e1gina10 Peri\u00f3dico Regional","potentialAction":[{"@type":"SearchAction","target":{"@type":"EntryPoint","urlTemplate":"https:\/\/pagina10.com\/web\/?s={search_term_string}"},"query-input":{"@type":"PropertyValueSpecification","valueRequired":true,"valueName":"search_term_string"}}],"inLanguage":"es"},{"@type":"Organization","@id":"https:\/\/pagina10.com\/web\/#organization","name":"P\u00e1gina10","alternateName":"P\u00e1gina10 Peri\u00f3dico Regional","url":"https:\/\/pagina10.com\/web\/","logo":{"@type":"ImageObject","inLanguage":"es","@id":"https:\/\/pagina10.com\/web\/#\/schema\/logo\/image\/","url":"https:\/\/pagina10.com\/web\/wp-content\/uploads\/2024\/01\/40-pagina-10-periodico-regional-pasto.jpg","contentUrl":"https:\/\/pagina10.com\/web\/wp-content\/uploads\/2024\/01\/40-pagina-10-periodico-regional-pasto.jpg","width":1280,"height":720,"caption":"P\u00e1gina10"},"image":{"@id":"https:\/\/pagina10.com\/web\/#\/schema\/logo\/image\/"},"sameAs":["https:\/\/www.facebook.com\/pag10com","https:\/\/x.com\/Pag10com","https:\/\/www.instagram.com\/pagina10col\/","https:\/\/youtube.com\/channel\/pag10","https:\/\/www.tiktok.com\/@p10col"]},{"@type":"Person","@id":"https:\/\/pagina10.com\/web\/#\/schema\/person\/2efc4a090d25b667d3bc796798a3a81b","name":"P\u00e1gina 10","description":"P\u00e1gina 10 es un peri\u00f3dico regional que nace en Colombia, en el departamento de Nari\u00f1o, con un enfoque global, fundamentado en cuatro pilares esenciales: la libertad, el pluralismo, la inclusi\u00f3n y la independencia. P\u00e1gina 10 hace referencia a Nari\u00f1o como el d\u00e9cimo departamento creado en Colombia, despu\u00e9s de un proceso pol\u00edtico liderado por actores y actrices regionales con el fin de obtener la independencia y autonom\u00eda de nuestros territorios. Con la creaci\u00f3n de P\u00e1gina 10 se pretende abrir un escenario para el dialogo, la reflexi\u00f3n y el debate que se extienda a otras geograf\u00edas de Am\u00e9rica Latina y del planeta, en una apuesta por transformar colectivamente los desaf\u00edos de un mundo contempor\u00e1neo, m\u00e1s all\u00e1 de las fronteras impuestas.","url":"https:\/\/pagina10.com\/web\/author\/pdiezadmin\/"}]}},"_links":{"self":[{"href":"https:\/\/pagina10.com\/web\/wp-json\/wp\/v2\/posts\/66616","targetHints":{"allow":["GET"]}}],"collection":[{"href":"https:\/\/pagina10.com\/web\/wp-json\/wp\/v2\/posts"}],"about":[{"href":"https:\/\/pagina10.com\/web\/wp-json\/wp\/v2\/types\/post"}],"author":[{"embeddable":true,"href":"https:\/\/pagina10.com\/web\/wp-json\/wp\/v2\/users\/1"}],"replies":[{"embeddable":true,"href":"https:\/\/pagina10.com\/web\/wp-json\/wp\/v2\/comments?post=66616"}],"version-history":[{"count":1,"href":"https:\/\/pagina10.com\/web\/wp-json\/wp\/v2\/posts\/66616\/revisions"}],"predecessor-version":[{"id":66618,"href":"https:\/\/pagina10.com\/web\/wp-json\/wp\/v2\/posts\/66616\/revisions\/66618"}],"wp:featuredmedia":[{"embeddable":true,"href":"https:\/\/pagina10.com\/web\/wp-json\/wp\/v2\/media\/66617"}],"wp:attachment":[{"href":"https:\/\/pagina10.com\/web\/wp-json\/wp\/v2\/media?parent=66616"}],"wp:term":[{"taxonomy":"category","embeddable":true,"href":"https:\/\/pagina10.com\/web\/wp-json\/wp\/v2\/categories?post=66616"},{"taxonomy":"post_tag","embeddable":true,"href":"https:\/\/pagina10.com\/web\/wp-json\/wp\/v2\/tags?post=66616"}],"curies":[{"name":"wp","href":"https:\/\/api.w.org\/{rel}","templated":true}]}}