{"id":6663,"date":"2014-02-15T21:34:54","date_gmt":"2014-02-15T21:34:54","guid":{"rendered":"https:\/\/pagina10.com\/web\/este-martes-taller-de-arte-y-transformacion-social-en-la-guagua\/"},"modified":"2014-02-15T21:34:54","modified_gmt":"2014-02-15T21:34:54","slug":"este-martes-taller-de-arte-y-transformacion-social-en-la-guagua","status":"publish","type":"post","link":"https:\/\/pagina10.com\/web\/este-martes-taller-de-arte-y-transformacion-social-en-la-guagua\/","title":{"rendered":"ESTE MARTES TALLER DE ARTE Y TRANSFORMACI\u00d3N SOCIAL EN LA GUAGUA"},"content":{"rendered":"<p><img fetchpriority=\"high\" decoding=\"async\" class=\" size-full wp-image-6662\" src=\"https:\/\/pagina10.com\/web\/wp-content\/uploads\/2014\/02\/89e936ab1af480cb8fbeb534c0a342d0.jpg\" alt=\"\" width=\"960\" height=\"355\" srcset=\"https:\/\/pagina10.com\/web\/wp-content\/uploads\/2014\/02\/89e936ab1af480cb8fbeb534c0a342d0.jpg 960w, https:\/\/pagina10.com\/web\/wp-content\/uploads\/2014\/02\/89e936ab1af480cb8fbeb534c0a342d0-300x111.jpg 300w, https:\/\/pagina10.com\/web\/wp-content\/uploads\/2014\/02\/89e936ab1af480cb8fbeb534c0a342d0-768x284.jpg 768w\" sizes=\"(max-width: 960px) 100vw, 960px\" \/><\/p>\n<p style=\"text-align: justify;\">Casa Teatro La Guagua se permite invitar a todos los lectores que encuentran en las artes esc\u00e9nicas y la m\u00fasica una forma de comunicaci\u00f3n entre lo subjetivo y natural del ser humano, al Taller Practico liderado por la &nbsp;musico &nbsp;argentina Carolina Wajnerman.<\/p>\n<p>  <!--more-->  <\/p>\n<p style=\"text-align: justify;\">Carolina Wajnerman, a trav\u00e9s de su experiencia con diferentes comunidades de Argentina, Per\u00fa, Ecuador, intentar\u00e1 a partir de este taller, hablar de un arte que transforma desde sus ra\u00edces, desde la sensibilidad, desde el encuentro colectivo como f\u00f3rmula sanadora de nuestros tiempos.<\/p>\n<p style=\"text-align: justify;\">&nbsp;<\/p>\n<p style=\"text-align: justify;\">Lic. en Psicolog\u00eda (UBA). Maestranda en Pol\u00edticas P\u00fablicas para el Desarrollo con Inclusi\u00f3n Social (FLACSO). Coordinadora de los Seminarios \u201cArte y Transformaci\u00f3n Social, metodolog\u00edas participativas a trav\u00e9s del arte\u201d y \u201cArte, participaci\u00f3n y comunidad\u201d, desarrollado en distintas universidades y organizaciones sociales.<\/p>\n<p style=\"text-align: justify;\">&nbsp;<\/p>\n<p style=\"text-align: justify;\">Formada en Arte Terapia, Psicodrama, Teatro Espont\u00e1neo y Teatro del Oprimido, con orientaci\u00f3n al \u00e1mbito comunitario y social (USAL, IUNA, UBA y otros). Fue Becaria de Investigaci\u00f3n del Posgrado de Especializaci\u00f3n en Arte Terapia (IUNA) y docente de la materia \u201cEstrategias de intervenci\u00f3n comunitaria\u201d (Fac. de Psicolog\u00eda, UBA).<\/p>\n<p style=\"text-align: justify;\">&nbsp;<\/p>\n<p style=\"text-align: justify;\">Particip\u00f3 del libro \u201cEl Hedor de Am\u00e9rica. Reflexiones interdisciplinarias a 50 a\u00f1os de la Am\u00e9rica Profunda de Rodolfo Kusch\u201d junto a Ricardo Santill\u00e1n G\u00fcemes, Carlos Cullen, Walter Mignolo y otros. Integrante del grupo Nadir para la descolonizaci\u00f3n de las representaciones.<\/p>\n<p style=\"text-align: justify;\">&nbsp;<\/p>\n<p style=\"text-align: justify;\">Actualmente es coordinadora-facilitadora de los siguientes seminarios-taller:<\/p>\n<p style=\"text-align: justify;\">&nbsp;<\/p>\n<p style=\"text-align: justify;\">\u201cArte y Transformaci\u00f3n Social, metodolog\u00edas participativas a trav\u00e9s del arte\u201d<\/p>\n<p style=\"text-align: justify;\">\u201cArte, participaci\u00f3n y comunidad\u201d<\/p>\n<p style=\"text-align: justify;\">\u201cLa acci\u00f3n creadora\u201d<\/p>\n<p style=\"text-align: justify;\">\u201cFacilitar, colaborar, ayudar. Facilitaci\u00f3n social desde un enfoque comunitario.\u201d<\/p>\n<p style=\"text-align: justify;\">&nbsp;<\/p>\n<p style=\"text-align: justify;\">Martes 18 de Febrero 3 a 6 p.m.<\/p>\n<p style=\"text-align: justify;\">Inscripciones y Lugar de desarrollo: Casa Teatro La Guagua.<\/p>\n<p style=\"text-align: justify;\">Costo Sugerido: $ 20.000<\/p>\n<p style=\"text-align: justify;\">&nbsp;<\/p>\n<p style=\"text-align: justify;\">La cita es en su sede ubicada en la cra. 35 No. 15 \u2013 07 Barrio San Ignacio<\/p>\n<p style=\"text-align: justify;\">Informes y reservaciones: 7291500<\/p>\n","protected":false},"excerpt":{"rendered":"<p>Casa Teatro La Guagua se permite invitar a todos los lectores que encuentran en las artes esc\u00e9nicas y la m\u00fasica una forma de comunicaci\u00f3n entre lo subjetivo y natural del ser humano, al Taller Practico liderado por la &nbsp;musico &nbsp;argentina Carolina Wajnerman.<\/p>\n","protected":false},"author":29,"featured_media":6662,"comment_status":"open","ping_status":"open","sticky":false,"template":"","format":"standard","meta":{"footnotes":""},"categories":[82],"tags":[],"class_list":["post-6663","post","type-post","status-publish","format-standard","has-post-thumbnail","hentry","category-ciudad-2"],"yoast_head":"<!-- This site is optimized with the Yoast SEO plugin v27.1.1 - https:\/\/yoast.com\/product\/yoast-seo-wordpress\/ -->\n<title>ESTE MARTES TALLER DE ARTE Y TRANSFORMACI\u00d3N SOCIAL EN LA GUAGUA | P\u00e1gina10<\/title>\n<meta name=\"robots\" content=\"index, follow, max-snippet:-1, max-image-preview:large, max-video-preview:-1\" \/>\n<link rel=\"canonical\" href=\"https:\/\/pagina10.com\/web\/este-martes-taller-de-arte-y-transformacion-social-en-la-guagua\/\" \/>\n<meta property=\"og:locale\" content=\"es_ES\" \/>\n<meta property=\"og:type\" content=\"article\" \/>\n<meta property=\"og:title\" content=\"ESTE MARTES TALLER DE ARTE Y TRANSFORMACI\u00d3N SOCIAL EN LA GUAGUA | P\u00e1gina10\" \/>\n<meta property=\"og:description\" content=\"Casa Teatro La Guagua se permite invitar a todos los lectores que encuentran en las artes esc\u00e9nicas y la m\u00fasica una forma de comunicaci\u00f3n entre lo subjetivo y natural del ser humano, al Taller Practico liderado por la &nbsp;musico &nbsp;argentina Carolina Wajnerman.\" \/>\n<meta property=\"og:url\" content=\"https:\/\/pagina10.com\/web\/este-martes-taller-de-arte-y-transformacion-social-en-la-guagua\/\" \/>\n<meta property=\"og:site_name\" content=\"P\u00e1gina10\" \/>\n<meta property=\"article:publisher\" content=\"https:\/\/www.facebook.com\/pag10com\" \/>\n<meta property=\"article:published_time\" content=\"2014-02-15T21:34:54+00:00\" \/>\n<meta property=\"og:image\" content=\"https:\/\/pagina10.com\/web\/wp-content\/uploads\/2014\/02\/89e936ab1af480cb8fbeb534c0a342d0.jpg\" \/>\n\t<meta property=\"og:image:width\" content=\"960\" \/>\n\t<meta property=\"og:image:height\" content=\"355\" \/>\n\t<meta property=\"og:image:type\" content=\"image\/jpeg\" \/>\n<meta name=\"author\" content=\"P\u00e1gina 10\" \/>\n<meta name=\"twitter:card\" content=\"summary_large_image\" \/>\n<meta name=\"twitter:creator\" content=\"@Pag10com\" \/>\n<meta name=\"twitter:site\" content=\"@Pag10com\" \/>\n<meta name=\"twitter:label1\" content=\"Escrito por\" \/>\n\t<meta name=\"twitter:data1\" content=\"P\u00e1gina 10\" \/>\n\t<meta name=\"twitter:label2\" content=\"Tiempo de lectura\" \/>\n\t<meta name=\"twitter:data2\" content=\"2 minutos\" \/>\n<script type=\"application\/ld+json\" class=\"yoast-schema-graph\">{\"@context\":\"https:\/\/schema.org\",\"@graph\":[{\"@type\":\"Article\",\"@id\":\"https:\/\/pagina10.com\/web\/este-martes-taller-de-arte-y-transformacion-social-en-la-guagua\/#article\",\"isPartOf\":{\"@id\":\"https:\/\/pagina10.com\/web\/este-martes-taller-de-arte-y-transformacion-social-en-la-guagua\/\"},\"author\":{\"name\":\"P\u00e1gina 10\",\"@id\":\"https:\/\/pagina10.com\/web\/#\/schema\/person\/a7a5d38f0629dfc107f619fbae4f6cc3\"},\"headline\":\"ESTE MARTES TALLER DE ARTE Y TRANSFORMACI\u00d3N SOCIAL EN LA GUAGUA\",\"datePublished\":\"2014-02-15T21:34:54+00:00\",\"mainEntityOfPage\":{\"@id\":\"https:\/\/pagina10.com\/web\/este-martes-taller-de-arte-y-transformacion-social-en-la-guagua\/\"},\"wordCount\":332,\"commentCount\":0,\"publisher\":{\"@id\":\"https:\/\/pagina10.com\/web\/#organization\"},\"image\":{\"@id\":\"https:\/\/pagina10.com\/web\/este-martes-taller-de-arte-y-transformacion-social-en-la-guagua\/#primaryimage\"},\"thumbnailUrl\":\"https:\/\/pagina10.com\/web\/wp-content\/uploads\/2014\/02\/89e936ab1af480cb8fbeb534c0a342d0.jpg\",\"articleSection\":[\"Ciudad\"],\"inLanguage\":\"es\",\"potentialAction\":[{\"@type\":\"CommentAction\",\"name\":\"Comment\",\"target\":[\"https:\/\/pagina10.com\/web\/este-martes-taller-de-arte-y-transformacion-social-en-la-guagua\/#respond\"]}]},{\"@type\":\"WebPage\",\"@id\":\"https:\/\/pagina10.com\/web\/este-martes-taller-de-arte-y-transformacion-social-en-la-guagua\/\",\"url\":\"https:\/\/pagina10.com\/web\/este-martes-taller-de-arte-y-transformacion-social-en-la-guagua\/\",\"name\":\"ESTE MARTES TALLER DE ARTE Y TRANSFORMACI\u00d3N SOCIAL EN LA GUAGUA | P\u00e1gina10\",\"isPartOf\":{\"@id\":\"https:\/\/pagina10.com\/web\/#website\"},\"primaryImageOfPage\":{\"@id\":\"https:\/\/pagina10.com\/web\/este-martes-taller-de-arte-y-transformacion-social-en-la-guagua\/#primaryimage\"},\"image\":{\"@id\":\"https:\/\/pagina10.com\/web\/este-martes-taller-de-arte-y-transformacion-social-en-la-guagua\/#primaryimage\"},\"thumbnailUrl\":\"https:\/\/pagina10.com\/web\/wp-content\/uploads\/2014\/02\/89e936ab1af480cb8fbeb534c0a342d0.jpg\",\"datePublished\":\"2014-02-15T21:34:54+00:00\",\"breadcrumb\":{\"@id\":\"https:\/\/pagina10.com\/web\/este-martes-taller-de-arte-y-transformacion-social-en-la-guagua\/#breadcrumb\"},\"inLanguage\":\"es\",\"potentialAction\":[{\"@type\":\"ReadAction\",\"target\":[\"https:\/\/pagina10.com\/web\/este-martes-taller-de-arte-y-transformacion-social-en-la-guagua\/\"]}]},{\"@type\":\"ImageObject\",\"inLanguage\":\"es\",\"@id\":\"https:\/\/pagina10.com\/web\/este-martes-taller-de-arte-y-transformacion-social-en-la-guagua\/#primaryimage\",\"url\":\"https:\/\/pagina10.com\/web\/wp-content\/uploads\/2014\/02\/89e936ab1af480cb8fbeb534c0a342d0.jpg\",\"contentUrl\":\"https:\/\/pagina10.com\/web\/wp-content\/uploads\/2014\/02\/89e936ab1af480cb8fbeb534c0a342d0.jpg\",\"width\":960,\"height\":355},{\"@type\":\"BreadcrumbList\",\"@id\":\"https:\/\/pagina10.com\/web\/este-martes-taller-de-arte-y-transformacion-social-en-la-guagua\/#breadcrumb\",\"itemListElement\":[{\"@type\":\"ListItem\",\"position\":1,\"name\":\"Portada\",\"item\":\"https:\/\/pagina10.com\/web\/\"},{\"@type\":\"ListItem\",\"position\":2,\"name\":\"ESTE MARTES TALLER DE ARTE Y TRANSFORMACI\u00d3N SOCIAL EN LA GUAGUA\"}]},{\"@type\":\"WebSite\",\"@id\":\"https:\/\/pagina10.com\/web\/#website\",\"url\":\"https:\/\/pagina10.com\/web\/\",\"name\":\"P\u00e1gina10\",\"description\":\"Peri\u00f3dico Regional\",\"publisher\":{\"@id\":\"https:\/\/pagina10.com\/web\/#organization\"},\"alternateName\":\"P\u00e1gina10 Peri\u00f3dico Regional\",\"potentialAction\":[{\"@type\":\"SearchAction\",\"target\":{\"@type\":\"EntryPoint\",\"urlTemplate\":\"https:\/\/pagina10.com\/web\/?s={search_term_string}\"},\"query-input\":{\"@type\":\"PropertyValueSpecification\",\"valueRequired\":true,\"valueName\":\"search_term_string\"}}],\"inLanguage\":\"es\"},{\"@type\":\"Organization\",\"@id\":\"https:\/\/pagina10.com\/web\/#organization\",\"name\":\"P\u00e1gina10\",\"alternateName\":\"P\u00e1gina10 Peri\u00f3dico Regional\",\"url\":\"https:\/\/pagina10.com\/web\/\",\"logo\":{\"@type\":\"ImageObject\",\"inLanguage\":\"es\",\"@id\":\"https:\/\/pagina10.com\/web\/#\/schema\/logo\/image\/\",\"url\":\"https:\/\/pagina10.com\/web\/wp-content\/uploads\/2024\/01\/40-pagina-10-periodico-regional-pasto.jpg\",\"contentUrl\":\"https:\/\/pagina10.com\/web\/wp-content\/uploads\/2024\/01\/40-pagina-10-periodico-regional-pasto.jpg\",\"width\":1280,\"height\":720,\"caption\":\"P\u00e1gina10\"},\"image\":{\"@id\":\"https:\/\/pagina10.com\/web\/#\/schema\/logo\/image\/\"},\"sameAs\":[\"https:\/\/www.facebook.com\/pag10com\",\"https:\/\/x.com\/Pag10com\",\"https:\/\/www.instagram.com\/pagina10col\/\",\"https:\/\/youtube.com\/channel\/pag10\",\"https:\/\/www.tiktok.com\/@p10col\"]},{\"@type\":\"Person\",\"@id\":\"https:\/\/pagina10.com\/web\/#\/schema\/person\/a7a5d38f0629dfc107f619fbae4f6cc3\",\"name\":\"P\u00e1gina 10\",\"description\":\"P\u00e1gina10.com es un peri\u00f3dico digital que nace en Colombia, en el departamento de Nari\u00f1o, con un enfoque global, fundamentado en cuatro pilares esenciales: la libertad, el pluralismo, la inclusi\u00f3n y la independencia. P\u00e1gina10.com hace referencia a Nari\u00f1o como el d\u00e9cimo departamento creado en Colombia, despu\u00e9s de un proceso pol\u00edtico liderado por actores y actrices regionales con el fin de obtener la independencia y autonom\u00eda de nuestros territorios. Con la creaci\u00f3n de P\u00e1gina10.com se pretende abrir un escenario para el dialogo, la reflexi\u00f3n y el debate que se extienda a otras geograf\u00edas de Am\u00e9rica Latina y del planeta, en una apuesta por transformar colectivamente los desaf\u00edos de un mundo contempor\u00e1neo, m\u00e1s all\u00e1 de las fronteras impuestas.\",\"url\":\"https:\/\/pagina10.com\/web\/author\/mcepeda\/\"}]}<\/script>\n<!-- \/ Yoast SEO plugin. -->","yoast_head_json":{"title":"ESTE MARTES TALLER DE ARTE Y TRANSFORMACI\u00d3N SOCIAL EN LA GUAGUA | P\u00e1gina10","robots":{"index":"index","follow":"follow","max-snippet":"max-snippet:-1","max-image-preview":"max-image-preview:large","max-video-preview":"max-video-preview:-1"},"canonical":"https:\/\/pagina10.com\/web\/este-martes-taller-de-arte-y-transformacion-social-en-la-guagua\/","og_locale":"es_ES","og_type":"article","og_title":"ESTE MARTES TALLER DE ARTE Y TRANSFORMACI\u00d3N SOCIAL EN LA GUAGUA | P\u00e1gina10","og_description":"Casa Teatro La Guagua se permite invitar a todos los lectores que encuentran en las artes esc\u00e9nicas y la m\u00fasica una forma de comunicaci\u00f3n entre lo subjetivo y natural del ser humano, al Taller Practico liderado por la &nbsp;musico &nbsp;argentina Carolina Wajnerman.","og_url":"https:\/\/pagina10.com\/web\/este-martes-taller-de-arte-y-transformacion-social-en-la-guagua\/","og_site_name":"P\u00e1gina10","article_publisher":"https:\/\/www.facebook.com\/pag10com","article_published_time":"2014-02-15T21:34:54+00:00","og_image":[{"width":960,"height":355,"url":"https:\/\/pagina10.com\/web\/wp-content\/uploads\/2014\/02\/89e936ab1af480cb8fbeb534c0a342d0.jpg","type":"image\/jpeg"}],"author":"P\u00e1gina 10","twitter_card":"summary_large_image","twitter_creator":"@Pag10com","twitter_site":"@Pag10com","twitter_misc":{"Escrito por":"P\u00e1gina 10","Tiempo de lectura":"2 minutos"},"schema":{"@context":"https:\/\/schema.org","@graph":[{"@type":"Article","@id":"https:\/\/pagina10.com\/web\/este-martes-taller-de-arte-y-transformacion-social-en-la-guagua\/#article","isPartOf":{"@id":"https:\/\/pagina10.com\/web\/este-martes-taller-de-arte-y-transformacion-social-en-la-guagua\/"},"author":{"name":"P\u00e1gina 10","@id":"https:\/\/pagina10.com\/web\/#\/schema\/person\/a7a5d38f0629dfc107f619fbae4f6cc3"},"headline":"ESTE MARTES TALLER DE ARTE Y TRANSFORMACI\u00d3N SOCIAL EN LA GUAGUA","datePublished":"2014-02-15T21:34:54+00:00","mainEntityOfPage":{"@id":"https:\/\/pagina10.com\/web\/este-martes-taller-de-arte-y-transformacion-social-en-la-guagua\/"},"wordCount":332,"commentCount":0,"publisher":{"@id":"https:\/\/pagina10.com\/web\/#organization"},"image":{"@id":"https:\/\/pagina10.com\/web\/este-martes-taller-de-arte-y-transformacion-social-en-la-guagua\/#primaryimage"},"thumbnailUrl":"https:\/\/pagina10.com\/web\/wp-content\/uploads\/2014\/02\/89e936ab1af480cb8fbeb534c0a342d0.jpg","articleSection":["Ciudad"],"inLanguage":"es","potentialAction":[{"@type":"CommentAction","name":"Comment","target":["https:\/\/pagina10.com\/web\/este-martes-taller-de-arte-y-transformacion-social-en-la-guagua\/#respond"]}]},{"@type":"WebPage","@id":"https:\/\/pagina10.com\/web\/este-martes-taller-de-arte-y-transformacion-social-en-la-guagua\/","url":"https:\/\/pagina10.com\/web\/este-martes-taller-de-arte-y-transformacion-social-en-la-guagua\/","name":"ESTE MARTES TALLER DE ARTE Y TRANSFORMACI\u00d3N SOCIAL EN LA GUAGUA | P\u00e1gina10","isPartOf":{"@id":"https:\/\/pagina10.com\/web\/#website"},"primaryImageOfPage":{"@id":"https:\/\/pagina10.com\/web\/este-martes-taller-de-arte-y-transformacion-social-en-la-guagua\/#primaryimage"},"image":{"@id":"https:\/\/pagina10.com\/web\/este-martes-taller-de-arte-y-transformacion-social-en-la-guagua\/#primaryimage"},"thumbnailUrl":"https:\/\/pagina10.com\/web\/wp-content\/uploads\/2014\/02\/89e936ab1af480cb8fbeb534c0a342d0.jpg","datePublished":"2014-02-15T21:34:54+00:00","breadcrumb":{"@id":"https:\/\/pagina10.com\/web\/este-martes-taller-de-arte-y-transformacion-social-en-la-guagua\/#breadcrumb"},"inLanguage":"es","potentialAction":[{"@type":"ReadAction","target":["https:\/\/pagina10.com\/web\/este-martes-taller-de-arte-y-transformacion-social-en-la-guagua\/"]}]},{"@type":"ImageObject","inLanguage":"es","@id":"https:\/\/pagina10.com\/web\/este-martes-taller-de-arte-y-transformacion-social-en-la-guagua\/#primaryimage","url":"https:\/\/pagina10.com\/web\/wp-content\/uploads\/2014\/02\/89e936ab1af480cb8fbeb534c0a342d0.jpg","contentUrl":"https:\/\/pagina10.com\/web\/wp-content\/uploads\/2014\/02\/89e936ab1af480cb8fbeb534c0a342d0.jpg","width":960,"height":355},{"@type":"BreadcrumbList","@id":"https:\/\/pagina10.com\/web\/este-martes-taller-de-arte-y-transformacion-social-en-la-guagua\/#breadcrumb","itemListElement":[{"@type":"ListItem","position":1,"name":"Portada","item":"https:\/\/pagina10.com\/web\/"},{"@type":"ListItem","position":2,"name":"ESTE MARTES TALLER DE ARTE Y TRANSFORMACI\u00d3N SOCIAL EN LA GUAGUA"}]},{"@type":"WebSite","@id":"https:\/\/pagina10.com\/web\/#website","url":"https:\/\/pagina10.com\/web\/","name":"P\u00e1gina10","description":"Peri\u00f3dico Regional","publisher":{"@id":"https:\/\/pagina10.com\/web\/#organization"},"alternateName":"P\u00e1gina10 Peri\u00f3dico Regional","potentialAction":[{"@type":"SearchAction","target":{"@type":"EntryPoint","urlTemplate":"https:\/\/pagina10.com\/web\/?s={search_term_string}"},"query-input":{"@type":"PropertyValueSpecification","valueRequired":true,"valueName":"search_term_string"}}],"inLanguage":"es"},{"@type":"Organization","@id":"https:\/\/pagina10.com\/web\/#organization","name":"P\u00e1gina10","alternateName":"P\u00e1gina10 Peri\u00f3dico Regional","url":"https:\/\/pagina10.com\/web\/","logo":{"@type":"ImageObject","inLanguage":"es","@id":"https:\/\/pagina10.com\/web\/#\/schema\/logo\/image\/","url":"https:\/\/pagina10.com\/web\/wp-content\/uploads\/2024\/01\/40-pagina-10-periodico-regional-pasto.jpg","contentUrl":"https:\/\/pagina10.com\/web\/wp-content\/uploads\/2024\/01\/40-pagina-10-periodico-regional-pasto.jpg","width":1280,"height":720,"caption":"P\u00e1gina10"},"image":{"@id":"https:\/\/pagina10.com\/web\/#\/schema\/logo\/image\/"},"sameAs":["https:\/\/www.facebook.com\/pag10com","https:\/\/x.com\/Pag10com","https:\/\/www.instagram.com\/pagina10col\/","https:\/\/youtube.com\/channel\/pag10","https:\/\/www.tiktok.com\/@p10col"]},{"@type":"Person","@id":"https:\/\/pagina10.com\/web\/#\/schema\/person\/a7a5d38f0629dfc107f619fbae4f6cc3","name":"P\u00e1gina 10","description":"P\u00e1gina10.com es un peri\u00f3dico digital que nace en Colombia, en el departamento de Nari\u00f1o, con un enfoque global, fundamentado en cuatro pilares esenciales: la libertad, el pluralismo, la inclusi\u00f3n y la independencia. P\u00e1gina10.com hace referencia a Nari\u00f1o como el d\u00e9cimo departamento creado en Colombia, despu\u00e9s de un proceso pol\u00edtico liderado por actores y actrices regionales con el fin de obtener la independencia y autonom\u00eda de nuestros territorios. Con la creaci\u00f3n de P\u00e1gina10.com se pretende abrir un escenario para el dialogo, la reflexi\u00f3n y el debate que se extienda a otras geograf\u00edas de Am\u00e9rica Latina y del planeta, en una apuesta por transformar colectivamente los desaf\u00edos de un mundo contempor\u00e1neo, m\u00e1s all\u00e1 de las fronteras impuestas.","url":"https:\/\/pagina10.com\/web\/author\/mcepeda\/"}]}},"_links":{"self":[{"href":"https:\/\/pagina10.com\/web\/wp-json\/wp\/v2\/posts\/6663","targetHints":{"allow":["GET"]}}],"collection":[{"href":"https:\/\/pagina10.com\/web\/wp-json\/wp\/v2\/posts"}],"about":[{"href":"https:\/\/pagina10.com\/web\/wp-json\/wp\/v2\/types\/post"}],"author":[{"embeddable":true,"href":"https:\/\/pagina10.com\/web\/wp-json\/wp\/v2\/users\/29"}],"replies":[{"embeddable":true,"href":"https:\/\/pagina10.com\/web\/wp-json\/wp\/v2\/comments?post=6663"}],"version-history":[{"count":0,"href":"https:\/\/pagina10.com\/web\/wp-json\/wp\/v2\/posts\/6663\/revisions"}],"wp:featuredmedia":[{"embeddable":true,"href":"https:\/\/pagina10.com\/web\/wp-json\/wp\/v2\/media\/6662"}],"wp:attachment":[{"href":"https:\/\/pagina10.com\/web\/wp-json\/wp\/v2\/media?parent=6663"}],"wp:term":[{"taxonomy":"category","embeddable":true,"href":"https:\/\/pagina10.com\/web\/wp-json\/wp\/v2\/categories?post=6663"},{"taxonomy":"post_tag","embeddable":true,"href":"https:\/\/pagina10.com\/web\/wp-json\/wp\/v2\/tags?post=6663"}],"curies":[{"name":"wp","href":"https:\/\/api.w.org\/{rel}","templated":true}]}}