{"id":66631,"date":"2023-06-14T14:41:51","date_gmt":"2023-06-14T19:41:51","guid":{"rendered":"https:\/\/pagina10.com\/web\/?p=66631"},"modified":"2023-06-14T14:43:01","modified_gmt":"2023-06-14T19:43:01","slug":"presidente-petro-hizo-llamado-a-colombianos-a-consumir-menos-gasolina","status":"publish","type":"post","link":"https:\/\/pagina10.com\/web\/presidente-petro-hizo-llamado-a-colombianos-a-consumir-menos-gasolina\/","title":{"rendered":"Presidente Petro hizo llamado a colombianos a consumir menos gasolina"},"content":{"rendered":"<p style=\"text-align: justify;\">El presidente colombiano, Gustavo Petro, invito a colombianos(as) a <strong>reducir el consumo de gasolina como parte de un esfuerzo para mejorar la econom\u00eda del pa\u00eds<\/strong>. A trav\u00e9s de su cuenta de Twitter, el mandatario expres\u00f3 que, aunque la econom\u00eda va bien, busca que siga mejorando y para lograrlo es necesario disminuir las importaciones de combustible, especialmente de gasolina.<\/p>\n<p style=\"text-align: justify;\">\u201cLa econom\u00eda va bien, pero quiero que vaya mejor. En el frente del comercio exterior es clave que reduzcamos importaciones de combustibles, especialmente, gasolina. Eso depende de usted, hagamos esfuerzos por consumir menos gasolina en nuestra vida cotidiana. Comienzo por mi caravana presidencial\u201d, <a href=\"https:\/\/twitter.com\/petrogustavo\/status\/1668263564069543937?s=20\">mencion\u00f3 el mandatario<\/a>.<\/p>\n<p style=\"text-align: justify;\">Este llamado se produce en medio de un repunte en los activos del pa\u00eds, y aunque se han planteado dificultades pol\u00edticas para el presidente, algunos analistas consideran que esto podr\u00eda tener un impacto positivo en la econom\u00eda nacional.<\/p>\n","protected":false},"excerpt":{"rendered":"<p>El presidente colombiano, Gustavo Petro, invito a colombianos(as) a reducir el consumo de gasolina como parte de un esfuerzo para mejorar la econom\u00eda del pa\u00eds. A trav\u00e9s de su cuenta de Twitter, el mandatario expres\u00f3 que, aunque la econom\u00eda va bien, busca que siga mejorando y para lograrlo es necesario disminuir las importaciones de combustible, [&hellip;]<\/p>\n","protected":false},"author":1,"featured_media":66632,"comment_status":"open","ping_status":"open","sticky":false,"template":"","format":"standard","meta":{"footnotes":""},"categories":[94],"tags":[],"class_list":["post-66631","post","type-post","status-publish","format-standard","has-post-thumbnail","hentry","category-nacional-global-2"],"yoast_head":"<!-- This site is optimized with the Yoast SEO plugin v27.1.1 - https:\/\/yoast.com\/product\/yoast-seo-wordpress\/ -->\n<title>Presidente Petro hizo llamado a colombianos a consumir menos gasolina | P\u00e1gina10<\/title>\n<meta name=\"robots\" content=\"index, follow, max-snippet:-1, max-image-preview:large, max-video-preview:-1\" \/>\n<link rel=\"canonical\" href=\"https:\/\/pagina10.com\/web\/presidente-petro-hizo-llamado-a-colombianos-a-consumir-menos-gasolina\/\" \/>\n<meta property=\"og:locale\" content=\"es_ES\" \/>\n<meta property=\"og:type\" content=\"article\" \/>\n<meta property=\"og:title\" content=\"Presidente Petro hizo llamado a colombianos a consumir menos gasolina | P\u00e1gina10\" \/>\n<meta property=\"og:description\" content=\"El presidente colombiano, Gustavo Petro, invito a colombianos(as) a reducir el consumo de gasolina como parte de un esfuerzo para mejorar la econom\u00eda del pa\u00eds. A trav\u00e9s de su cuenta de Twitter, el mandatario expres\u00f3 que, aunque la econom\u00eda va bien, busca que siga mejorando y para lograrlo es necesario disminuir las importaciones de combustible, [&hellip;]\" \/>\n<meta property=\"og:url\" content=\"https:\/\/pagina10.com\/web\/presidente-petro-hizo-llamado-a-colombianos-a-consumir-menos-gasolina\/\" \/>\n<meta property=\"og:site_name\" content=\"P\u00e1gina10\" \/>\n<meta property=\"article:publisher\" content=\"https:\/\/www.facebook.com\/pag10com\" \/>\n<meta property=\"article:published_time\" content=\"2023-06-14T19:41:51+00:00\" \/>\n<meta property=\"article:modified_time\" content=\"2023-06-14T19:43:01+00:00\" \/>\n<meta property=\"og:image\" content=\"https:\/\/pagina10.com\/web\/wp-content\/uploads\/2023\/06\/gustavo-petro.webp\" \/>\n\t<meta property=\"og:image:width\" content=\"375\" \/>\n\t<meta property=\"og:image:height\" content=\"211\" \/>\n\t<meta property=\"og:image:type\" content=\"image\/webp\" \/>\n<meta name=\"author\" content=\"P\u00e1gina 10\" \/>\n<meta name=\"twitter:card\" content=\"summary_large_image\" \/>\n<meta name=\"twitter:creator\" content=\"@Pag10com\" \/>\n<meta name=\"twitter:site\" content=\"@Pag10com\" \/>\n<meta name=\"twitter:label1\" content=\"Escrito por\" \/>\n\t<meta name=\"twitter:data1\" content=\"P\u00e1gina 10\" \/>\n\t<meta name=\"twitter:label2\" content=\"Tiempo de lectura\" \/>\n\t<meta name=\"twitter:data2\" content=\"1 minuto\" \/>\n<script type=\"application\/ld+json\" class=\"yoast-schema-graph\">{\"@context\":\"https:\/\/schema.org\",\"@graph\":[{\"@type\":\"Article\",\"@id\":\"https:\/\/pagina10.com\/web\/presidente-petro-hizo-llamado-a-colombianos-a-consumir-menos-gasolina\/#article\",\"isPartOf\":{\"@id\":\"https:\/\/pagina10.com\/web\/presidente-petro-hizo-llamado-a-colombianos-a-consumir-menos-gasolina\/\"},\"author\":{\"name\":\"P\u00e1gina 10\",\"@id\":\"https:\/\/pagina10.com\/web\/#\/schema\/person\/2efc4a090d25b667d3bc796798a3a81b\"},\"headline\":\"Presidente Petro hizo llamado a colombianos a consumir menos gasolina\",\"datePublished\":\"2023-06-14T19:41:51+00:00\",\"dateModified\":\"2023-06-14T19:43:01+00:00\",\"mainEntityOfPage\":{\"@id\":\"https:\/\/pagina10.com\/web\/presidente-petro-hizo-llamado-a-colombianos-a-consumir-menos-gasolina\/\"},\"wordCount\":162,\"commentCount\":0,\"publisher\":{\"@id\":\"https:\/\/pagina10.com\/web\/#organization\"},\"image\":{\"@id\":\"https:\/\/pagina10.com\/web\/presidente-petro-hizo-llamado-a-colombianos-a-consumir-menos-gasolina\/#primaryimage\"},\"thumbnailUrl\":\"https:\/\/pagina10.com\/web\/wp-content\/uploads\/2023\/06\/gustavo-petro.webp\",\"articleSection\":[\"Nacional\"],\"inLanguage\":\"es\",\"potentialAction\":[{\"@type\":\"CommentAction\",\"name\":\"Comment\",\"target\":[\"https:\/\/pagina10.com\/web\/presidente-petro-hizo-llamado-a-colombianos-a-consumir-menos-gasolina\/#respond\"]}]},{\"@type\":\"WebPage\",\"@id\":\"https:\/\/pagina10.com\/web\/presidente-petro-hizo-llamado-a-colombianos-a-consumir-menos-gasolina\/\",\"url\":\"https:\/\/pagina10.com\/web\/presidente-petro-hizo-llamado-a-colombianos-a-consumir-menos-gasolina\/\",\"name\":\"Presidente Petro hizo llamado a colombianos a consumir menos gasolina | P\u00e1gina10\",\"isPartOf\":{\"@id\":\"https:\/\/pagina10.com\/web\/#website\"},\"primaryImageOfPage\":{\"@id\":\"https:\/\/pagina10.com\/web\/presidente-petro-hizo-llamado-a-colombianos-a-consumir-menos-gasolina\/#primaryimage\"},\"image\":{\"@id\":\"https:\/\/pagina10.com\/web\/presidente-petro-hizo-llamado-a-colombianos-a-consumir-menos-gasolina\/#primaryimage\"},\"thumbnailUrl\":\"https:\/\/pagina10.com\/web\/wp-content\/uploads\/2023\/06\/gustavo-petro.webp\",\"datePublished\":\"2023-06-14T19:41:51+00:00\",\"dateModified\":\"2023-06-14T19:43:01+00:00\",\"breadcrumb\":{\"@id\":\"https:\/\/pagina10.com\/web\/presidente-petro-hizo-llamado-a-colombianos-a-consumir-menos-gasolina\/#breadcrumb\"},\"inLanguage\":\"es\",\"potentialAction\":[{\"@type\":\"ReadAction\",\"target\":[\"https:\/\/pagina10.com\/web\/presidente-petro-hizo-llamado-a-colombianos-a-consumir-menos-gasolina\/\"]}]},{\"@type\":\"ImageObject\",\"inLanguage\":\"es\",\"@id\":\"https:\/\/pagina10.com\/web\/presidente-petro-hizo-llamado-a-colombianos-a-consumir-menos-gasolina\/#primaryimage\",\"url\":\"https:\/\/pagina10.com\/web\/wp-content\/uploads\/2023\/06\/gustavo-petro.webp\",\"contentUrl\":\"https:\/\/pagina10.com\/web\/wp-content\/uploads\/2023\/06\/gustavo-petro.webp\",\"width\":375,\"height\":211},{\"@type\":\"BreadcrumbList\",\"@id\":\"https:\/\/pagina10.com\/web\/presidente-petro-hizo-llamado-a-colombianos-a-consumir-menos-gasolina\/#breadcrumb\",\"itemListElement\":[{\"@type\":\"ListItem\",\"position\":1,\"name\":\"Portada\",\"item\":\"https:\/\/pagina10.com\/web\/\"},{\"@type\":\"ListItem\",\"position\":2,\"name\":\"Presidente Petro hizo llamado a colombianos a consumir menos gasolina\"}]},{\"@type\":\"WebSite\",\"@id\":\"https:\/\/pagina10.com\/web\/#website\",\"url\":\"https:\/\/pagina10.com\/web\/\",\"name\":\"P\u00e1gina10\",\"description\":\"Peri\u00f3dico Regional\",\"publisher\":{\"@id\":\"https:\/\/pagina10.com\/web\/#organization\"},\"alternateName\":\"P\u00e1gina10 Peri\u00f3dico Regional\",\"potentialAction\":[{\"@type\":\"SearchAction\",\"target\":{\"@type\":\"EntryPoint\",\"urlTemplate\":\"https:\/\/pagina10.com\/web\/?s={search_term_string}\"},\"query-input\":{\"@type\":\"PropertyValueSpecification\",\"valueRequired\":true,\"valueName\":\"search_term_string\"}}],\"inLanguage\":\"es\"},{\"@type\":\"Organization\",\"@id\":\"https:\/\/pagina10.com\/web\/#organization\",\"name\":\"P\u00e1gina10\",\"alternateName\":\"P\u00e1gina10 Peri\u00f3dico Regional\",\"url\":\"https:\/\/pagina10.com\/web\/\",\"logo\":{\"@type\":\"ImageObject\",\"inLanguage\":\"es\",\"@id\":\"https:\/\/pagina10.com\/web\/#\/schema\/logo\/image\/\",\"url\":\"https:\/\/pagina10.com\/web\/wp-content\/uploads\/2024\/01\/40-pagina-10-periodico-regional-pasto.jpg\",\"contentUrl\":\"https:\/\/pagina10.com\/web\/wp-content\/uploads\/2024\/01\/40-pagina-10-periodico-regional-pasto.jpg\",\"width\":1280,\"height\":720,\"caption\":\"P\u00e1gina10\"},\"image\":{\"@id\":\"https:\/\/pagina10.com\/web\/#\/schema\/logo\/image\/\"},\"sameAs\":[\"https:\/\/www.facebook.com\/pag10com\",\"https:\/\/x.com\/Pag10com\",\"https:\/\/www.instagram.com\/pagina10col\/\",\"https:\/\/youtube.com\/channel\/pag10\",\"https:\/\/www.tiktok.com\/@p10col\"]},{\"@type\":\"Person\",\"@id\":\"https:\/\/pagina10.com\/web\/#\/schema\/person\/2efc4a090d25b667d3bc796798a3a81b\",\"name\":\"P\u00e1gina 10\",\"description\":\"P\u00e1gina 10 es un peri\u00f3dico regional que nace en Colombia, en el departamento de Nari\u00f1o, con un enfoque global, fundamentado en cuatro pilares esenciales: la libertad, el pluralismo, la inclusi\u00f3n y la independencia. P\u00e1gina 10 hace referencia a Nari\u00f1o como el d\u00e9cimo departamento creado en Colombia, despu\u00e9s de un proceso pol\u00edtico liderado por actores y actrices regionales con el fin de obtener la independencia y autonom\u00eda de nuestros territorios. Con la creaci\u00f3n de P\u00e1gina 10 se pretende abrir un escenario para el dialogo, la reflexi\u00f3n y el debate que se extienda a otras geograf\u00edas de Am\u00e9rica Latina y del planeta, en una apuesta por transformar colectivamente los desaf\u00edos de un mundo contempor\u00e1neo, m\u00e1s all\u00e1 de las fronteras impuestas.\",\"url\":\"https:\/\/pagina10.com\/web\/author\/pdiezadmin\/\"}]}<\/script>\n<!-- \/ Yoast SEO plugin. -->","yoast_head_json":{"title":"Presidente Petro hizo llamado a colombianos a consumir menos gasolina | P\u00e1gina10","robots":{"index":"index","follow":"follow","max-snippet":"max-snippet:-1","max-image-preview":"max-image-preview:large","max-video-preview":"max-video-preview:-1"},"canonical":"https:\/\/pagina10.com\/web\/presidente-petro-hizo-llamado-a-colombianos-a-consumir-menos-gasolina\/","og_locale":"es_ES","og_type":"article","og_title":"Presidente Petro hizo llamado a colombianos a consumir menos gasolina | P\u00e1gina10","og_description":"El presidente colombiano, Gustavo Petro, invito a colombianos(as) a reducir el consumo de gasolina como parte de un esfuerzo para mejorar la econom\u00eda del pa\u00eds. A trav\u00e9s de su cuenta de Twitter, el mandatario expres\u00f3 que, aunque la econom\u00eda va bien, busca que siga mejorando y para lograrlo es necesario disminuir las importaciones de combustible, [&hellip;]","og_url":"https:\/\/pagina10.com\/web\/presidente-petro-hizo-llamado-a-colombianos-a-consumir-menos-gasolina\/","og_site_name":"P\u00e1gina10","article_publisher":"https:\/\/www.facebook.com\/pag10com","article_published_time":"2023-06-14T19:41:51+00:00","article_modified_time":"2023-06-14T19:43:01+00:00","og_image":[{"width":375,"height":211,"url":"https:\/\/pagina10.com\/web\/wp-content\/uploads\/2023\/06\/gustavo-petro.webp","type":"image\/webp"}],"author":"P\u00e1gina 10","twitter_card":"summary_large_image","twitter_creator":"@Pag10com","twitter_site":"@Pag10com","twitter_misc":{"Escrito por":"P\u00e1gina 10","Tiempo de lectura":"1 minuto"},"schema":{"@context":"https:\/\/schema.org","@graph":[{"@type":"Article","@id":"https:\/\/pagina10.com\/web\/presidente-petro-hizo-llamado-a-colombianos-a-consumir-menos-gasolina\/#article","isPartOf":{"@id":"https:\/\/pagina10.com\/web\/presidente-petro-hizo-llamado-a-colombianos-a-consumir-menos-gasolina\/"},"author":{"name":"P\u00e1gina 10","@id":"https:\/\/pagina10.com\/web\/#\/schema\/person\/2efc4a090d25b667d3bc796798a3a81b"},"headline":"Presidente Petro hizo llamado a colombianos a consumir menos gasolina","datePublished":"2023-06-14T19:41:51+00:00","dateModified":"2023-06-14T19:43:01+00:00","mainEntityOfPage":{"@id":"https:\/\/pagina10.com\/web\/presidente-petro-hizo-llamado-a-colombianos-a-consumir-menos-gasolina\/"},"wordCount":162,"commentCount":0,"publisher":{"@id":"https:\/\/pagina10.com\/web\/#organization"},"image":{"@id":"https:\/\/pagina10.com\/web\/presidente-petro-hizo-llamado-a-colombianos-a-consumir-menos-gasolina\/#primaryimage"},"thumbnailUrl":"https:\/\/pagina10.com\/web\/wp-content\/uploads\/2023\/06\/gustavo-petro.webp","articleSection":["Nacional"],"inLanguage":"es","potentialAction":[{"@type":"CommentAction","name":"Comment","target":["https:\/\/pagina10.com\/web\/presidente-petro-hizo-llamado-a-colombianos-a-consumir-menos-gasolina\/#respond"]}]},{"@type":"WebPage","@id":"https:\/\/pagina10.com\/web\/presidente-petro-hizo-llamado-a-colombianos-a-consumir-menos-gasolina\/","url":"https:\/\/pagina10.com\/web\/presidente-petro-hizo-llamado-a-colombianos-a-consumir-menos-gasolina\/","name":"Presidente Petro hizo llamado a colombianos a consumir menos gasolina | P\u00e1gina10","isPartOf":{"@id":"https:\/\/pagina10.com\/web\/#website"},"primaryImageOfPage":{"@id":"https:\/\/pagina10.com\/web\/presidente-petro-hizo-llamado-a-colombianos-a-consumir-menos-gasolina\/#primaryimage"},"image":{"@id":"https:\/\/pagina10.com\/web\/presidente-petro-hizo-llamado-a-colombianos-a-consumir-menos-gasolina\/#primaryimage"},"thumbnailUrl":"https:\/\/pagina10.com\/web\/wp-content\/uploads\/2023\/06\/gustavo-petro.webp","datePublished":"2023-06-14T19:41:51+00:00","dateModified":"2023-06-14T19:43:01+00:00","breadcrumb":{"@id":"https:\/\/pagina10.com\/web\/presidente-petro-hizo-llamado-a-colombianos-a-consumir-menos-gasolina\/#breadcrumb"},"inLanguage":"es","potentialAction":[{"@type":"ReadAction","target":["https:\/\/pagina10.com\/web\/presidente-petro-hizo-llamado-a-colombianos-a-consumir-menos-gasolina\/"]}]},{"@type":"ImageObject","inLanguage":"es","@id":"https:\/\/pagina10.com\/web\/presidente-petro-hizo-llamado-a-colombianos-a-consumir-menos-gasolina\/#primaryimage","url":"https:\/\/pagina10.com\/web\/wp-content\/uploads\/2023\/06\/gustavo-petro.webp","contentUrl":"https:\/\/pagina10.com\/web\/wp-content\/uploads\/2023\/06\/gustavo-petro.webp","width":375,"height":211},{"@type":"BreadcrumbList","@id":"https:\/\/pagina10.com\/web\/presidente-petro-hizo-llamado-a-colombianos-a-consumir-menos-gasolina\/#breadcrumb","itemListElement":[{"@type":"ListItem","position":1,"name":"Portada","item":"https:\/\/pagina10.com\/web\/"},{"@type":"ListItem","position":2,"name":"Presidente Petro hizo llamado a colombianos a consumir menos gasolina"}]},{"@type":"WebSite","@id":"https:\/\/pagina10.com\/web\/#website","url":"https:\/\/pagina10.com\/web\/","name":"P\u00e1gina10","description":"Peri\u00f3dico Regional","publisher":{"@id":"https:\/\/pagina10.com\/web\/#organization"},"alternateName":"P\u00e1gina10 Peri\u00f3dico Regional","potentialAction":[{"@type":"SearchAction","target":{"@type":"EntryPoint","urlTemplate":"https:\/\/pagina10.com\/web\/?s={search_term_string}"},"query-input":{"@type":"PropertyValueSpecification","valueRequired":true,"valueName":"search_term_string"}}],"inLanguage":"es"},{"@type":"Organization","@id":"https:\/\/pagina10.com\/web\/#organization","name":"P\u00e1gina10","alternateName":"P\u00e1gina10 Peri\u00f3dico Regional","url":"https:\/\/pagina10.com\/web\/","logo":{"@type":"ImageObject","inLanguage":"es","@id":"https:\/\/pagina10.com\/web\/#\/schema\/logo\/image\/","url":"https:\/\/pagina10.com\/web\/wp-content\/uploads\/2024\/01\/40-pagina-10-periodico-regional-pasto.jpg","contentUrl":"https:\/\/pagina10.com\/web\/wp-content\/uploads\/2024\/01\/40-pagina-10-periodico-regional-pasto.jpg","width":1280,"height":720,"caption":"P\u00e1gina10"},"image":{"@id":"https:\/\/pagina10.com\/web\/#\/schema\/logo\/image\/"},"sameAs":["https:\/\/www.facebook.com\/pag10com","https:\/\/x.com\/Pag10com","https:\/\/www.instagram.com\/pagina10col\/","https:\/\/youtube.com\/channel\/pag10","https:\/\/www.tiktok.com\/@p10col"]},{"@type":"Person","@id":"https:\/\/pagina10.com\/web\/#\/schema\/person\/2efc4a090d25b667d3bc796798a3a81b","name":"P\u00e1gina 10","description":"P\u00e1gina 10 es un peri\u00f3dico regional que nace en Colombia, en el departamento de Nari\u00f1o, con un enfoque global, fundamentado en cuatro pilares esenciales: la libertad, el pluralismo, la inclusi\u00f3n y la independencia. P\u00e1gina 10 hace referencia a Nari\u00f1o como el d\u00e9cimo departamento creado en Colombia, despu\u00e9s de un proceso pol\u00edtico liderado por actores y actrices regionales con el fin de obtener la independencia y autonom\u00eda de nuestros territorios. Con la creaci\u00f3n de P\u00e1gina 10 se pretende abrir un escenario para el dialogo, la reflexi\u00f3n y el debate que se extienda a otras geograf\u00edas de Am\u00e9rica Latina y del planeta, en una apuesta por transformar colectivamente los desaf\u00edos de un mundo contempor\u00e1neo, m\u00e1s all\u00e1 de las fronteras impuestas.","url":"https:\/\/pagina10.com\/web\/author\/pdiezadmin\/"}]}},"_links":{"self":[{"href":"https:\/\/pagina10.com\/web\/wp-json\/wp\/v2\/posts\/66631","targetHints":{"allow":["GET"]}}],"collection":[{"href":"https:\/\/pagina10.com\/web\/wp-json\/wp\/v2\/posts"}],"about":[{"href":"https:\/\/pagina10.com\/web\/wp-json\/wp\/v2\/types\/post"}],"author":[{"embeddable":true,"href":"https:\/\/pagina10.com\/web\/wp-json\/wp\/v2\/users\/1"}],"replies":[{"embeddable":true,"href":"https:\/\/pagina10.com\/web\/wp-json\/wp\/v2\/comments?post=66631"}],"version-history":[{"count":1,"href":"https:\/\/pagina10.com\/web\/wp-json\/wp\/v2\/posts\/66631\/revisions"}],"predecessor-version":[{"id":66633,"href":"https:\/\/pagina10.com\/web\/wp-json\/wp\/v2\/posts\/66631\/revisions\/66633"}],"wp:featuredmedia":[{"embeddable":true,"href":"https:\/\/pagina10.com\/web\/wp-json\/wp\/v2\/media\/66632"}],"wp:attachment":[{"href":"https:\/\/pagina10.com\/web\/wp-json\/wp\/v2\/media?parent=66631"}],"wp:term":[{"taxonomy":"category","embeddable":true,"href":"https:\/\/pagina10.com\/web\/wp-json\/wp\/v2\/categories?post=66631"},{"taxonomy":"post_tag","embeddable":true,"href":"https:\/\/pagina10.com\/web\/wp-json\/wp\/v2\/tags?post=66631"}],"curies":[{"name":"wp","href":"https:\/\/api.w.org\/{rel}","templated":true}]}}