{"id":66644,"date":"2023-06-15T12:05:04","date_gmt":"2023-06-15T17:05:04","guid":{"rendered":"https:\/\/pagina10.com\/web\/?p=66644"},"modified":"2023-06-15T12:06:02","modified_gmt":"2023-06-15T17:06:02","slug":"petro-esta-en-alemania-para-negociar-produccion-y-exportacion-de-hidrogeno-verde","status":"publish","type":"post","link":"https:\/\/pagina10.com\/web\/petro-esta-en-alemania-para-negociar-produccion-y-exportacion-de-hidrogeno-verde\/","title":{"rendered":"Petro est\u00e1 en Alemania para negociar producci\u00f3n y exportaci\u00f3n de hidr\u00f3geno verde"},"content":{"rendered":"<p style=\"text-align: justify;\">El presidente Gustavo <strong>Petro inici\u00f3 su visita a Alemania<\/strong>, que tiene como prop\u00f3sito negociar un acuerdo para la producci\u00f3n y exportaci\u00f3n de hidr\u00f3geno verde en Colombia. Al aterrizar el mandatario destac\u00f3 que <strong>Colombia est\u00e1 avanzando en un proyecto que requiere una inversi\u00f3n de entre 5 mil y 6 mil millones de d\u00f3lares<\/strong> para generar energ\u00eda limpia. La sustituci\u00f3n de los combustibles f\u00f3siles implicar\u00eda ahorros significativos en importaciones.<\/p>\n<p style=\"text-align: justify;\">\u201cEn primer lugar, y es el objetivo central de la visita, es lograr un acuerdo sobre producci\u00f3n de hidr\u00f3geno verde en Colombia, para exportaci\u00f3n y, obviamente, en la medida en que implementamos las tecnolog\u00edas, para el consumo interno del pa\u00eds\u201d, destac\u00f3 el presidente.<\/p>\n<p style=\"text-align: justify;\">Durante la visita se espera que los ministros de Minas y Energ\u00eda, Irene V\u00e9lez Torres, y de Comercio, Industria y Turismo, Germ\u00e1n Uma\u00f1a, <strong>firmen un memorando de entendimiento con la Sociedad Fraunhofer &#8211; Instituto Hidr\u00f3geno y lograr un acuerdo sobre la producci\u00f3n de hidr\u00f3geno verde<\/strong> en Colombia para exportaci\u00f3n y consumo interno.<\/p>\n<p style=\"text-align: justify;\">Se destaca que <strong>Am\u00e9rica del Sur cuenta con ventajas competitivas para producir hidr\u00f3geno verde<\/strong> y Colombia en especial ofrece uno de los precios m\u00e1s bajos del mundo para producir hidr\u00f3geno verde utilizando fuentes limpias de energ\u00eda del Caribe, adem\u00e1s de contar con un puerto estrat\u00e9gico.<\/p>\n<p style=\"text-align: justify;\">Uno de cada cinco individuos pertenecientes a la comunidad LGTBIQ+ ha sido sometido a &#8220;terapias de conversi\u00f3n&#8221;, que incluyen pr\u00e1cticas m\u00e9dicas, psicoanal\u00edticas o religiosas destinadas a cambiar o reprimir su orientaci\u00f3n sexual o identidad de g\u00e9nero. En respuesta a esta problem\u00e1tica, la C\u00e1mara de Representantes aprob\u00f3 en el primer debate un proyecto de ley que busca combatir estas formas de discriminaci\u00f3n y tortura.<\/p>\n","protected":false},"excerpt":{"rendered":"<p>El presidente Gustavo Petro inici\u00f3 su visita a Alemania, que tiene como prop\u00f3sito negociar un acuerdo para la producci\u00f3n y exportaci\u00f3n de hidr\u00f3geno verde en Colombia. Al aterrizar el mandatario destac\u00f3 que Colombia est\u00e1 avanzando en un proyecto que requiere una inversi\u00f3n de entre 5 mil y 6 mil millones de d\u00f3lares para generar energ\u00eda [&hellip;]<\/p>\n","protected":false},"author":1,"featured_media":66645,"comment_status":"open","ping_status":"open","sticky":false,"template":"","format":"standard","meta":{"footnotes":""},"categories":[94],"tags":[],"class_list":["post-66644","post","type-post","status-publish","format-standard","has-post-thumbnail","hentry","category-nacional-global-2"],"yoast_head":"<!-- This site is optimized with the Yoast SEO plugin v27.1.1 - https:\/\/yoast.com\/product\/yoast-seo-wordpress\/ -->\n<title>Petro est\u00e1 en Alemania para negociar producci\u00f3n y exportaci\u00f3n de hidr\u00f3geno verde | P\u00e1gina10<\/title>\n<meta name=\"robots\" content=\"index, follow, max-snippet:-1, max-image-preview:large, max-video-preview:-1\" \/>\n<link rel=\"canonical\" href=\"https:\/\/pagina10.com\/web\/petro-esta-en-alemania-para-negociar-produccion-y-exportacion-de-hidrogeno-verde\/\" \/>\n<meta property=\"og:locale\" content=\"es_ES\" \/>\n<meta property=\"og:type\" content=\"article\" \/>\n<meta property=\"og:title\" content=\"Petro est\u00e1 en Alemania para negociar producci\u00f3n y exportaci\u00f3n de hidr\u00f3geno verde | P\u00e1gina10\" \/>\n<meta property=\"og:description\" content=\"El presidente Gustavo Petro inici\u00f3 su visita a Alemania, que tiene como prop\u00f3sito negociar un acuerdo para la producci\u00f3n y exportaci\u00f3n de hidr\u00f3geno verde en Colombia. Al aterrizar el mandatario destac\u00f3 que Colombia est\u00e1 avanzando en un proyecto que requiere una inversi\u00f3n de entre 5 mil y 6 mil millones de d\u00f3lares para generar energ\u00eda [&hellip;]\" \/>\n<meta property=\"og:url\" content=\"https:\/\/pagina10.com\/web\/petro-esta-en-alemania-para-negociar-produccion-y-exportacion-de-hidrogeno-verde\/\" \/>\n<meta property=\"og:site_name\" content=\"P\u00e1gina10\" \/>\n<meta property=\"article:publisher\" content=\"https:\/\/www.facebook.com\/pag10com\" \/>\n<meta property=\"article:published_time\" content=\"2023-06-15T17:05:04+00:00\" \/>\n<meta property=\"article:modified_time\" content=\"2023-06-15T17:06:02+00:00\" \/>\n<meta property=\"og:image\" content=\"https:\/\/pagina10.com\/web\/wp-content\/uploads\/2023\/06\/230615-03-Encuentro-colombianos-Alemania-1280.jpg\" \/>\n\t<meta property=\"og:image:width\" content=\"1280\" \/>\n\t<meta property=\"og:image:height\" content=\"720\" \/>\n\t<meta property=\"og:image:type\" content=\"image\/jpeg\" \/>\n<meta name=\"author\" content=\"P\u00e1gina 10\" \/>\n<meta name=\"twitter:card\" content=\"summary_large_image\" \/>\n<meta name=\"twitter:creator\" content=\"@Pag10com\" \/>\n<meta name=\"twitter:site\" content=\"@Pag10com\" \/>\n<meta name=\"twitter:label1\" content=\"Escrito por\" \/>\n\t<meta name=\"twitter:data1\" content=\"P\u00e1gina 10\" \/>\n\t<meta name=\"twitter:label2\" content=\"Tiempo de lectura\" \/>\n\t<meta name=\"twitter:data2\" content=\"2 minutos\" \/>\n<script type=\"application\/ld+json\" class=\"yoast-schema-graph\">{\"@context\":\"https:\/\/schema.org\",\"@graph\":[{\"@type\":\"Article\",\"@id\":\"https:\/\/pagina10.com\/web\/petro-esta-en-alemania-para-negociar-produccion-y-exportacion-de-hidrogeno-verde\/#article\",\"isPartOf\":{\"@id\":\"https:\/\/pagina10.com\/web\/petro-esta-en-alemania-para-negociar-produccion-y-exportacion-de-hidrogeno-verde\/\"},\"author\":{\"name\":\"P\u00e1gina 10\",\"@id\":\"https:\/\/pagina10.com\/web\/#\/schema\/person\/2efc4a090d25b667d3bc796798a3a81b\"},\"headline\":\"Petro est\u00e1 en Alemania para negociar producci\u00f3n y exportaci\u00f3n de hidr\u00f3geno verde\",\"datePublished\":\"2023-06-15T17:05:04+00:00\",\"dateModified\":\"2023-06-15T17:06:02+00:00\",\"mainEntityOfPage\":{\"@id\":\"https:\/\/pagina10.com\/web\/petro-esta-en-alemania-para-negociar-produccion-y-exportacion-de-hidrogeno-verde\/\"},\"wordCount\":322,\"commentCount\":0,\"publisher\":{\"@id\":\"https:\/\/pagina10.com\/web\/#organization\"},\"image\":{\"@id\":\"https:\/\/pagina10.com\/web\/petro-esta-en-alemania-para-negociar-produccion-y-exportacion-de-hidrogeno-verde\/#primaryimage\"},\"thumbnailUrl\":\"https:\/\/pagina10.com\/web\/wp-content\/uploads\/2023\/06\/230615-03-Encuentro-colombianos-Alemania-1280.jpg\",\"articleSection\":[\"Nacional\"],\"inLanguage\":\"es\",\"potentialAction\":[{\"@type\":\"CommentAction\",\"name\":\"Comment\",\"target\":[\"https:\/\/pagina10.com\/web\/petro-esta-en-alemania-para-negociar-produccion-y-exportacion-de-hidrogeno-verde\/#respond\"]}]},{\"@type\":\"WebPage\",\"@id\":\"https:\/\/pagina10.com\/web\/petro-esta-en-alemania-para-negociar-produccion-y-exportacion-de-hidrogeno-verde\/\",\"url\":\"https:\/\/pagina10.com\/web\/petro-esta-en-alemania-para-negociar-produccion-y-exportacion-de-hidrogeno-verde\/\",\"name\":\"Petro est\u00e1 en Alemania para negociar producci\u00f3n y exportaci\u00f3n de hidr\u00f3geno verde | P\u00e1gina10\",\"isPartOf\":{\"@id\":\"https:\/\/pagina10.com\/web\/#website\"},\"primaryImageOfPage\":{\"@id\":\"https:\/\/pagina10.com\/web\/petro-esta-en-alemania-para-negociar-produccion-y-exportacion-de-hidrogeno-verde\/#primaryimage\"},\"image\":{\"@id\":\"https:\/\/pagina10.com\/web\/petro-esta-en-alemania-para-negociar-produccion-y-exportacion-de-hidrogeno-verde\/#primaryimage\"},\"thumbnailUrl\":\"https:\/\/pagina10.com\/web\/wp-content\/uploads\/2023\/06\/230615-03-Encuentro-colombianos-Alemania-1280.jpg\",\"datePublished\":\"2023-06-15T17:05:04+00:00\",\"dateModified\":\"2023-06-15T17:06:02+00:00\",\"breadcrumb\":{\"@id\":\"https:\/\/pagina10.com\/web\/petro-esta-en-alemania-para-negociar-produccion-y-exportacion-de-hidrogeno-verde\/#breadcrumb\"},\"inLanguage\":\"es\",\"potentialAction\":[{\"@type\":\"ReadAction\",\"target\":[\"https:\/\/pagina10.com\/web\/petro-esta-en-alemania-para-negociar-produccion-y-exportacion-de-hidrogeno-verde\/\"]}]},{\"@type\":\"ImageObject\",\"inLanguage\":\"es\",\"@id\":\"https:\/\/pagina10.com\/web\/petro-esta-en-alemania-para-negociar-produccion-y-exportacion-de-hidrogeno-verde\/#primaryimage\",\"url\":\"https:\/\/pagina10.com\/web\/wp-content\/uploads\/2023\/06\/230615-03-Encuentro-colombianos-Alemania-1280.jpg\",\"contentUrl\":\"https:\/\/pagina10.com\/web\/wp-content\/uploads\/2023\/06\/230615-03-Encuentro-colombianos-Alemania-1280.jpg\",\"width\":1280,\"height\":720},{\"@type\":\"BreadcrumbList\",\"@id\":\"https:\/\/pagina10.com\/web\/petro-esta-en-alemania-para-negociar-produccion-y-exportacion-de-hidrogeno-verde\/#breadcrumb\",\"itemListElement\":[{\"@type\":\"ListItem\",\"position\":1,\"name\":\"Portada\",\"item\":\"https:\/\/pagina10.com\/web\/\"},{\"@type\":\"ListItem\",\"position\":2,\"name\":\"Petro est\u00e1 en Alemania para negociar producci\u00f3n y exportaci\u00f3n de hidr\u00f3geno verde\"}]},{\"@type\":\"WebSite\",\"@id\":\"https:\/\/pagina10.com\/web\/#website\",\"url\":\"https:\/\/pagina10.com\/web\/\",\"name\":\"P\u00e1gina10\",\"description\":\"Peri\u00f3dico Regional\",\"publisher\":{\"@id\":\"https:\/\/pagina10.com\/web\/#organization\"},\"alternateName\":\"P\u00e1gina10 Peri\u00f3dico Regional\",\"potentialAction\":[{\"@type\":\"SearchAction\",\"target\":{\"@type\":\"EntryPoint\",\"urlTemplate\":\"https:\/\/pagina10.com\/web\/?s={search_term_string}\"},\"query-input\":{\"@type\":\"PropertyValueSpecification\",\"valueRequired\":true,\"valueName\":\"search_term_string\"}}],\"inLanguage\":\"es\"},{\"@type\":\"Organization\",\"@id\":\"https:\/\/pagina10.com\/web\/#organization\",\"name\":\"P\u00e1gina10\",\"alternateName\":\"P\u00e1gina10 Peri\u00f3dico Regional\",\"url\":\"https:\/\/pagina10.com\/web\/\",\"logo\":{\"@type\":\"ImageObject\",\"inLanguage\":\"es\",\"@id\":\"https:\/\/pagina10.com\/web\/#\/schema\/logo\/image\/\",\"url\":\"https:\/\/pagina10.com\/web\/wp-content\/uploads\/2024\/01\/40-pagina-10-periodico-regional-pasto.jpg\",\"contentUrl\":\"https:\/\/pagina10.com\/web\/wp-content\/uploads\/2024\/01\/40-pagina-10-periodico-regional-pasto.jpg\",\"width\":1280,\"height\":720,\"caption\":\"P\u00e1gina10\"},\"image\":{\"@id\":\"https:\/\/pagina10.com\/web\/#\/schema\/logo\/image\/\"},\"sameAs\":[\"https:\/\/www.facebook.com\/pag10com\",\"https:\/\/x.com\/Pag10com\",\"https:\/\/www.instagram.com\/pagina10col\/\",\"https:\/\/youtube.com\/channel\/pag10\",\"https:\/\/www.tiktok.com\/@p10col\"]},{\"@type\":\"Person\",\"@id\":\"https:\/\/pagina10.com\/web\/#\/schema\/person\/2efc4a090d25b667d3bc796798a3a81b\",\"name\":\"P\u00e1gina 10\",\"description\":\"P\u00e1gina 10 es un peri\u00f3dico regional que nace en Colombia, en el departamento de Nari\u00f1o, con un enfoque global, fundamentado en cuatro pilares esenciales: la libertad, el pluralismo, la inclusi\u00f3n y la independencia. P\u00e1gina 10 hace referencia a Nari\u00f1o como el d\u00e9cimo departamento creado en Colombia, despu\u00e9s de un proceso pol\u00edtico liderado por actores y actrices regionales con el fin de obtener la independencia y autonom\u00eda de nuestros territorios. Con la creaci\u00f3n de P\u00e1gina 10 se pretende abrir un escenario para el dialogo, la reflexi\u00f3n y el debate que se extienda a otras geograf\u00edas de Am\u00e9rica Latina y del planeta, en una apuesta por transformar colectivamente los desaf\u00edos de un mundo contempor\u00e1neo, m\u00e1s all\u00e1 de las fronteras impuestas.\",\"url\":\"https:\/\/pagina10.com\/web\/author\/pdiezadmin\/\"}]}<\/script>\n<!-- \/ Yoast SEO plugin. -->","yoast_head_json":{"title":"Petro est\u00e1 en Alemania para negociar producci\u00f3n y exportaci\u00f3n de hidr\u00f3geno verde | P\u00e1gina10","robots":{"index":"index","follow":"follow","max-snippet":"max-snippet:-1","max-image-preview":"max-image-preview:large","max-video-preview":"max-video-preview:-1"},"canonical":"https:\/\/pagina10.com\/web\/petro-esta-en-alemania-para-negociar-produccion-y-exportacion-de-hidrogeno-verde\/","og_locale":"es_ES","og_type":"article","og_title":"Petro est\u00e1 en Alemania para negociar producci\u00f3n y exportaci\u00f3n de hidr\u00f3geno verde | P\u00e1gina10","og_description":"El presidente Gustavo Petro inici\u00f3 su visita a Alemania, que tiene como prop\u00f3sito negociar un acuerdo para la producci\u00f3n y exportaci\u00f3n de hidr\u00f3geno verde en Colombia. Al aterrizar el mandatario destac\u00f3 que Colombia est\u00e1 avanzando en un proyecto que requiere una inversi\u00f3n de entre 5 mil y 6 mil millones de d\u00f3lares para generar energ\u00eda [&hellip;]","og_url":"https:\/\/pagina10.com\/web\/petro-esta-en-alemania-para-negociar-produccion-y-exportacion-de-hidrogeno-verde\/","og_site_name":"P\u00e1gina10","article_publisher":"https:\/\/www.facebook.com\/pag10com","article_published_time":"2023-06-15T17:05:04+00:00","article_modified_time":"2023-06-15T17:06:02+00:00","og_image":[{"width":1280,"height":720,"url":"https:\/\/pagina10.com\/web\/wp-content\/uploads\/2023\/06\/230615-03-Encuentro-colombianos-Alemania-1280.jpg","type":"image\/jpeg"}],"author":"P\u00e1gina 10","twitter_card":"summary_large_image","twitter_creator":"@Pag10com","twitter_site":"@Pag10com","twitter_misc":{"Escrito por":"P\u00e1gina 10","Tiempo de lectura":"2 minutos"},"schema":{"@context":"https:\/\/schema.org","@graph":[{"@type":"Article","@id":"https:\/\/pagina10.com\/web\/petro-esta-en-alemania-para-negociar-produccion-y-exportacion-de-hidrogeno-verde\/#article","isPartOf":{"@id":"https:\/\/pagina10.com\/web\/petro-esta-en-alemania-para-negociar-produccion-y-exportacion-de-hidrogeno-verde\/"},"author":{"name":"P\u00e1gina 10","@id":"https:\/\/pagina10.com\/web\/#\/schema\/person\/2efc4a090d25b667d3bc796798a3a81b"},"headline":"Petro est\u00e1 en Alemania para negociar producci\u00f3n y exportaci\u00f3n de hidr\u00f3geno verde","datePublished":"2023-06-15T17:05:04+00:00","dateModified":"2023-06-15T17:06:02+00:00","mainEntityOfPage":{"@id":"https:\/\/pagina10.com\/web\/petro-esta-en-alemania-para-negociar-produccion-y-exportacion-de-hidrogeno-verde\/"},"wordCount":322,"commentCount":0,"publisher":{"@id":"https:\/\/pagina10.com\/web\/#organization"},"image":{"@id":"https:\/\/pagina10.com\/web\/petro-esta-en-alemania-para-negociar-produccion-y-exportacion-de-hidrogeno-verde\/#primaryimage"},"thumbnailUrl":"https:\/\/pagina10.com\/web\/wp-content\/uploads\/2023\/06\/230615-03-Encuentro-colombianos-Alemania-1280.jpg","articleSection":["Nacional"],"inLanguage":"es","potentialAction":[{"@type":"CommentAction","name":"Comment","target":["https:\/\/pagina10.com\/web\/petro-esta-en-alemania-para-negociar-produccion-y-exportacion-de-hidrogeno-verde\/#respond"]}]},{"@type":"WebPage","@id":"https:\/\/pagina10.com\/web\/petro-esta-en-alemania-para-negociar-produccion-y-exportacion-de-hidrogeno-verde\/","url":"https:\/\/pagina10.com\/web\/petro-esta-en-alemania-para-negociar-produccion-y-exportacion-de-hidrogeno-verde\/","name":"Petro est\u00e1 en Alemania para negociar producci\u00f3n y exportaci\u00f3n de hidr\u00f3geno verde | P\u00e1gina10","isPartOf":{"@id":"https:\/\/pagina10.com\/web\/#website"},"primaryImageOfPage":{"@id":"https:\/\/pagina10.com\/web\/petro-esta-en-alemania-para-negociar-produccion-y-exportacion-de-hidrogeno-verde\/#primaryimage"},"image":{"@id":"https:\/\/pagina10.com\/web\/petro-esta-en-alemania-para-negociar-produccion-y-exportacion-de-hidrogeno-verde\/#primaryimage"},"thumbnailUrl":"https:\/\/pagina10.com\/web\/wp-content\/uploads\/2023\/06\/230615-03-Encuentro-colombianos-Alemania-1280.jpg","datePublished":"2023-06-15T17:05:04+00:00","dateModified":"2023-06-15T17:06:02+00:00","breadcrumb":{"@id":"https:\/\/pagina10.com\/web\/petro-esta-en-alemania-para-negociar-produccion-y-exportacion-de-hidrogeno-verde\/#breadcrumb"},"inLanguage":"es","potentialAction":[{"@type":"ReadAction","target":["https:\/\/pagina10.com\/web\/petro-esta-en-alemania-para-negociar-produccion-y-exportacion-de-hidrogeno-verde\/"]}]},{"@type":"ImageObject","inLanguage":"es","@id":"https:\/\/pagina10.com\/web\/petro-esta-en-alemania-para-negociar-produccion-y-exportacion-de-hidrogeno-verde\/#primaryimage","url":"https:\/\/pagina10.com\/web\/wp-content\/uploads\/2023\/06\/230615-03-Encuentro-colombianos-Alemania-1280.jpg","contentUrl":"https:\/\/pagina10.com\/web\/wp-content\/uploads\/2023\/06\/230615-03-Encuentro-colombianos-Alemania-1280.jpg","width":1280,"height":720},{"@type":"BreadcrumbList","@id":"https:\/\/pagina10.com\/web\/petro-esta-en-alemania-para-negociar-produccion-y-exportacion-de-hidrogeno-verde\/#breadcrumb","itemListElement":[{"@type":"ListItem","position":1,"name":"Portada","item":"https:\/\/pagina10.com\/web\/"},{"@type":"ListItem","position":2,"name":"Petro est\u00e1 en Alemania para negociar producci\u00f3n y exportaci\u00f3n de hidr\u00f3geno verde"}]},{"@type":"WebSite","@id":"https:\/\/pagina10.com\/web\/#website","url":"https:\/\/pagina10.com\/web\/","name":"P\u00e1gina10","description":"Peri\u00f3dico Regional","publisher":{"@id":"https:\/\/pagina10.com\/web\/#organization"},"alternateName":"P\u00e1gina10 Peri\u00f3dico Regional","potentialAction":[{"@type":"SearchAction","target":{"@type":"EntryPoint","urlTemplate":"https:\/\/pagina10.com\/web\/?s={search_term_string}"},"query-input":{"@type":"PropertyValueSpecification","valueRequired":true,"valueName":"search_term_string"}}],"inLanguage":"es"},{"@type":"Organization","@id":"https:\/\/pagina10.com\/web\/#organization","name":"P\u00e1gina10","alternateName":"P\u00e1gina10 Peri\u00f3dico Regional","url":"https:\/\/pagina10.com\/web\/","logo":{"@type":"ImageObject","inLanguage":"es","@id":"https:\/\/pagina10.com\/web\/#\/schema\/logo\/image\/","url":"https:\/\/pagina10.com\/web\/wp-content\/uploads\/2024\/01\/40-pagina-10-periodico-regional-pasto.jpg","contentUrl":"https:\/\/pagina10.com\/web\/wp-content\/uploads\/2024\/01\/40-pagina-10-periodico-regional-pasto.jpg","width":1280,"height":720,"caption":"P\u00e1gina10"},"image":{"@id":"https:\/\/pagina10.com\/web\/#\/schema\/logo\/image\/"},"sameAs":["https:\/\/www.facebook.com\/pag10com","https:\/\/x.com\/Pag10com","https:\/\/www.instagram.com\/pagina10col\/","https:\/\/youtube.com\/channel\/pag10","https:\/\/www.tiktok.com\/@p10col"]},{"@type":"Person","@id":"https:\/\/pagina10.com\/web\/#\/schema\/person\/2efc4a090d25b667d3bc796798a3a81b","name":"P\u00e1gina 10","description":"P\u00e1gina 10 es un peri\u00f3dico regional que nace en Colombia, en el departamento de Nari\u00f1o, con un enfoque global, fundamentado en cuatro pilares esenciales: la libertad, el pluralismo, la inclusi\u00f3n y la independencia. P\u00e1gina 10 hace referencia a Nari\u00f1o como el d\u00e9cimo departamento creado en Colombia, despu\u00e9s de un proceso pol\u00edtico liderado por actores y actrices regionales con el fin de obtener la independencia y autonom\u00eda de nuestros territorios. Con la creaci\u00f3n de P\u00e1gina 10 se pretende abrir un escenario para el dialogo, la reflexi\u00f3n y el debate que se extienda a otras geograf\u00edas de Am\u00e9rica Latina y del planeta, en una apuesta por transformar colectivamente los desaf\u00edos de un mundo contempor\u00e1neo, m\u00e1s all\u00e1 de las fronteras impuestas.","url":"https:\/\/pagina10.com\/web\/author\/pdiezadmin\/"}]}},"_links":{"self":[{"href":"https:\/\/pagina10.com\/web\/wp-json\/wp\/v2\/posts\/66644","targetHints":{"allow":["GET"]}}],"collection":[{"href":"https:\/\/pagina10.com\/web\/wp-json\/wp\/v2\/posts"}],"about":[{"href":"https:\/\/pagina10.com\/web\/wp-json\/wp\/v2\/types\/post"}],"author":[{"embeddable":true,"href":"https:\/\/pagina10.com\/web\/wp-json\/wp\/v2\/users\/1"}],"replies":[{"embeddable":true,"href":"https:\/\/pagina10.com\/web\/wp-json\/wp\/v2\/comments?post=66644"}],"version-history":[{"count":2,"href":"https:\/\/pagina10.com\/web\/wp-json\/wp\/v2\/posts\/66644\/revisions"}],"predecessor-version":[{"id":66647,"href":"https:\/\/pagina10.com\/web\/wp-json\/wp\/v2\/posts\/66644\/revisions\/66647"}],"wp:featuredmedia":[{"embeddable":true,"href":"https:\/\/pagina10.com\/web\/wp-json\/wp\/v2\/media\/66645"}],"wp:attachment":[{"href":"https:\/\/pagina10.com\/web\/wp-json\/wp\/v2\/media?parent=66644"}],"wp:term":[{"taxonomy":"category","embeddable":true,"href":"https:\/\/pagina10.com\/web\/wp-json\/wp\/v2\/categories?post=66644"},{"taxonomy":"post_tag","embeddable":true,"href":"https:\/\/pagina10.com\/web\/wp-json\/wp\/v2\/tags?post=66644"}],"curies":[{"name":"wp","href":"https:\/\/api.w.org\/{rel}","templated":true}]}}