{"id":66666,"date":"2023-06-15T12:33:54","date_gmt":"2023-06-15T17:33:54","guid":{"rendered":"https:\/\/pagina10.com\/web\/?p=66666"},"modified":"2023-06-15T12:33:54","modified_gmt":"2023-06-15T17:33:54","slug":"alqueria-suspendera-la-compra-de-leche-en-narino-gradualmente","status":"publish","type":"post","link":"https:\/\/pagina10.com\/web\/alqueria-suspendera-la-compra-de-leche-en-narino-gradualmente\/","title":{"rendered":"Alquer\u00eda suspender\u00e1 la compra de leche en Nari\u00f1o gradualmente"},"content":{"rendered":"<p style=\"text-align: justify;\">Tras el pol\u00e9mico anuncio hecho por la empresa l\u00e1ctea Alquer\u00eda, sobre su retiro del departamento, y la multitud de campesinos y productores de leche que se ver\u00edan afectados en Nari\u00f1o y sus municipios lecheros, <strong>se conoci\u00f3 que la empresa dejar\u00e1 de comprar leche de manera gradual.<\/strong><\/p>\n<p style=\"text-align: justify;\"><a href=\"https:\/\/twitter.com\/eravelasco\/status\/1668769631367045121?s=20\"><img fetchpriority=\"high\" decoding=\"async\" class=\"wp-image-66668 alignleft\" src=\"https:\/\/pagina10.com\/web\/wp-content\/uploads\/2023\/06\/HY.png\" alt=\"\" width=\"339\" height=\"478\" srcset=\"https:\/\/pagina10.com\/web\/wp-content\/uploads\/2023\/06\/HY.png 554w, https:\/\/pagina10.com\/web\/wp-content\/uploads\/2023\/06\/HY-213x300.png 213w\" sizes=\"(max-width: 339px) 100vw, 339px\" \/><\/a>Esto tambi\u00e9n es resultado de lo <a href=\"https:\/\/twitter.com\/eravelasco\/status\/1668769631367045121?s=20\">anunciado por la ministra de Agricultura Jhenifer Mojica<\/a>, respecto a los di\u00e1logos que se han mantenido con la empresa y han asumido p\u00fablicamente el compromiso por aportar a la gesti\u00f3n de la crisis, que incluye la compra p\u00fablica de la leche, mesas t\u00e9cnicas con productores y alquer\u00eda, mantener la actividad de operaci\u00f3n en el departamento hasta solucionar la crisis, entre otras.<\/p>\n<p style=\"text-align: justify;\">Seg\u00fan se anunci\u00f3, iniciar\u00e1 un periodo de transici\u00f3n para trasladar la compra de la mayor cantidad de leche a otros actores del mercado en las pr\u00f3ximas semanas.<\/p>\n<p style=\"text-align: justify;\">Aunque se han implementado medidas para garantizar la compra de leche a los ganaderos de Nari\u00f1o, como la pulverizaci\u00f3n de 14 millones de litros y el almacenamiento de casi 9 millones de litros de leche procesada, a\u00fan persisten desaf\u00edos log\u00edsticos debido a la afectaci\u00f3n de las v\u00edas que comunican al departamento con el resto del pa\u00eds.<\/p>\n","protected":false},"excerpt":{"rendered":"<p>Tras el pol\u00e9mico anuncio hecho por la empresa l\u00e1ctea Alquer\u00eda, sobre su retiro del departamento, y la multitud de campesinos y productores de leche que se ver\u00edan afectados en Nari\u00f1o y sus municipios lecheros, se conoci\u00f3 que la empresa dejar\u00e1 de comprar leche de manera gradual. Esto tambi\u00e9n es resultado de lo anunciado por la [&hellip;]<\/p>\n","protected":false},"author":1,"featured_media":66667,"comment_status":"open","ping_status":"open","sticky":false,"template":"","format":"standard","meta":{"footnotes":""},"categories":[1528],"tags":[],"class_list":["post-66666","post","type-post","status-publish","format-standard","has-post-thumbnail","hentry","category-titulares"],"yoast_head":"<!-- This site is optimized with the Yoast SEO plugin v27.1.1 - https:\/\/yoast.com\/product\/yoast-seo-wordpress\/ -->\n<title>Alquer\u00eda suspender\u00e1 la compra de leche en Nari\u00f1o gradualmente | P\u00e1gina10<\/title>\n<meta name=\"robots\" content=\"index, follow, max-snippet:-1, max-image-preview:large, max-video-preview:-1\" \/>\n<link rel=\"canonical\" href=\"https:\/\/pagina10.com\/web\/alqueria-suspendera-la-compra-de-leche-en-narino-gradualmente\/\" \/>\n<meta property=\"og:locale\" content=\"es_ES\" \/>\n<meta property=\"og:type\" content=\"article\" \/>\n<meta property=\"og:title\" content=\"Alquer\u00eda suspender\u00e1 la compra de leche en Nari\u00f1o gradualmente | P\u00e1gina10\" \/>\n<meta property=\"og:description\" content=\"Tras el pol\u00e9mico anuncio hecho por la empresa l\u00e1ctea Alquer\u00eda, sobre su retiro del departamento, y la multitud de campesinos y productores de leche que se ver\u00edan afectados en Nari\u00f1o y sus municipios lecheros, se conoci\u00f3 que la empresa dejar\u00e1 de comprar leche de manera gradual. Esto tambi\u00e9n es resultado de lo anunciado por la [&hellip;]\" \/>\n<meta property=\"og:url\" content=\"https:\/\/pagina10.com\/web\/alqueria-suspendera-la-compra-de-leche-en-narino-gradualmente\/\" \/>\n<meta property=\"og:site_name\" content=\"P\u00e1gina10\" \/>\n<meta property=\"article:publisher\" content=\"https:\/\/www.facebook.com\/pag10com\" \/>\n<meta property=\"article:published_time\" content=\"2023-06-15T17:33:54+00:00\" \/>\n<meta property=\"og:image\" content=\"https:\/\/pagina10.com\/web\/wp-content\/uploads\/2023\/06\/leche-vaca.jpg\" \/>\n\t<meta property=\"og:image:width\" content=\"1200\" \/>\n\t<meta property=\"og:image:height\" content=\"675\" \/>\n\t<meta property=\"og:image:type\" content=\"image\/jpeg\" \/>\n<meta name=\"author\" content=\"P\u00e1gina 10\" \/>\n<meta name=\"twitter:card\" content=\"summary_large_image\" \/>\n<meta name=\"twitter:creator\" content=\"@Pag10com\" \/>\n<meta name=\"twitter:site\" content=\"@Pag10com\" \/>\n<meta name=\"twitter:label1\" content=\"Escrito por\" \/>\n\t<meta name=\"twitter:data1\" content=\"P\u00e1gina 10\" \/>\n\t<meta name=\"twitter:label2\" content=\"Tiempo de lectura\" \/>\n\t<meta name=\"twitter:data2\" content=\"1 minuto\" \/>\n<script type=\"application\/ld+json\" class=\"yoast-schema-graph\">{\"@context\":\"https:\/\/schema.org\",\"@graph\":[{\"@type\":\"Article\",\"@id\":\"https:\/\/pagina10.com\/web\/alqueria-suspendera-la-compra-de-leche-en-narino-gradualmente\/#article\",\"isPartOf\":{\"@id\":\"https:\/\/pagina10.com\/web\/alqueria-suspendera-la-compra-de-leche-en-narino-gradualmente\/\"},\"author\":{\"name\":\"P\u00e1gina 10\",\"@id\":\"https:\/\/pagina10.com\/web\/#\/schema\/person\/2efc4a090d25b667d3bc796798a3a81b\"},\"headline\":\"Alquer\u00eda suspender\u00e1 la compra de leche en Nari\u00f1o gradualmente\",\"datePublished\":\"2023-06-15T17:33:54+00:00\",\"mainEntityOfPage\":{\"@id\":\"https:\/\/pagina10.com\/web\/alqueria-suspendera-la-compra-de-leche-en-narino-gradualmente\/\"},\"wordCount\":229,\"commentCount\":0,\"publisher\":{\"@id\":\"https:\/\/pagina10.com\/web\/#organization\"},\"image\":{\"@id\":\"https:\/\/pagina10.com\/web\/alqueria-suspendera-la-compra-de-leche-en-narino-gradualmente\/#primaryimage\"},\"thumbnailUrl\":\"https:\/\/pagina10.com\/web\/wp-content\/uploads\/2023\/06\/leche-vaca.jpg\",\"articleSection\":[\"Titulares\"],\"inLanguage\":\"es\",\"potentialAction\":[{\"@type\":\"CommentAction\",\"name\":\"Comment\",\"target\":[\"https:\/\/pagina10.com\/web\/alqueria-suspendera-la-compra-de-leche-en-narino-gradualmente\/#respond\"]}]},{\"@type\":\"WebPage\",\"@id\":\"https:\/\/pagina10.com\/web\/alqueria-suspendera-la-compra-de-leche-en-narino-gradualmente\/\",\"url\":\"https:\/\/pagina10.com\/web\/alqueria-suspendera-la-compra-de-leche-en-narino-gradualmente\/\",\"name\":\"Alquer\u00eda suspender\u00e1 la compra de leche en Nari\u00f1o gradualmente | P\u00e1gina10\",\"isPartOf\":{\"@id\":\"https:\/\/pagina10.com\/web\/#website\"},\"primaryImageOfPage\":{\"@id\":\"https:\/\/pagina10.com\/web\/alqueria-suspendera-la-compra-de-leche-en-narino-gradualmente\/#primaryimage\"},\"image\":{\"@id\":\"https:\/\/pagina10.com\/web\/alqueria-suspendera-la-compra-de-leche-en-narino-gradualmente\/#primaryimage\"},\"thumbnailUrl\":\"https:\/\/pagina10.com\/web\/wp-content\/uploads\/2023\/06\/leche-vaca.jpg\",\"datePublished\":\"2023-06-15T17:33:54+00:00\",\"breadcrumb\":{\"@id\":\"https:\/\/pagina10.com\/web\/alqueria-suspendera-la-compra-de-leche-en-narino-gradualmente\/#breadcrumb\"},\"inLanguage\":\"es\",\"potentialAction\":[{\"@type\":\"ReadAction\",\"target\":[\"https:\/\/pagina10.com\/web\/alqueria-suspendera-la-compra-de-leche-en-narino-gradualmente\/\"]}]},{\"@type\":\"ImageObject\",\"inLanguage\":\"es\",\"@id\":\"https:\/\/pagina10.com\/web\/alqueria-suspendera-la-compra-de-leche-en-narino-gradualmente\/#primaryimage\",\"url\":\"https:\/\/pagina10.com\/web\/wp-content\/uploads\/2023\/06\/leche-vaca.jpg\",\"contentUrl\":\"https:\/\/pagina10.com\/web\/wp-content\/uploads\/2023\/06\/leche-vaca.jpg\",\"width\":1200,\"height\":675},{\"@type\":\"BreadcrumbList\",\"@id\":\"https:\/\/pagina10.com\/web\/alqueria-suspendera-la-compra-de-leche-en-narino-gradualmente\/#breadcrumb\",\"itemListElement\":[{\"@type\":\"ListItem\",\"position\":1,\"name\":\"Portada\",\"item\":\"https:\/\/pagina10.com\/web\/\"},{\"@type\":\"ListItem\",\"position\":2,\"name\":\"Alquer\u00eda suspender\u00e1 la compra de leche en Nari\u00f1o gradualmente\"}]},{\"@type\":\"WebSite\",\"@id\":\"https:\/\/pagina10.com\/web\/#website\",\"url\":\"https:\/\/pagina10.com\/web\/\",\"name\":\"P\u00e1gina10\",\"description\":\"Peri\u00f3dico Regional\",\"publisher\":{\"@id\":\"https:\/\/pagina10.com\/web\/#organization\"},\"alternateName\":\"P\u00e1gina10 Peri\u00f3dico Regional\",\"potentialAction\":[{\"@type\":\"SearchAction\",\"target\":{\"@type\":\"EntryPoint\",\"urlTemplate\":\"https:\/\/pagina10.com\/web\/?s={search_term_string}\"},\"query-input\":{\"@type\":\"PropertyValueSpecification\",\"valueRequired\":true,\"valueName\":\"search_term_string\"}}],\"inLanguage\":\"es\"},{\"@type\":\"Organization\",\"@id\":\"https:\/\/pagina10.com\/web\/#organization\",\"name\":\"P\u00e1gina10\",\"alternateName\":\"P\u00e1gina10 Peri\u00f3dico Regional\",\"url\":\"https:\/\/pagina10.com\/web\/\",\"logo\":{\"@type\":\"ImageObject\",\"inLanguage\":\"es\",\"@id\":\"https:\/\/pagina10.com\/web\/#\/schema\/logo\/image\/\",\"url\":\"https:\/\/pagina10.com\/web\/wp-content\/uploads\/2024\/01\/40-pagina-10-periodico-regional-pasto.jpg\",\"contentUrl\":\"https:\/\/pagina10.com\/web\/wp-content\/uploads\/2024\/01\/40-pagina-10-periodico-regional-pasto.jpg\",\"width\":1280,\"height\":720,\"caption\":\"P\u00e1gina10\"},\"image\":{\"@id\":\"https:\/\/pagina10.com\/web\/#\/schema\/logo\/image\/\"},\"sameAs\":[\"https:\/\/www.facebook.com\/pag10com\",\"https:\/\/x.com\/Pag10com\",\"https:\/\/www.instagram.com\/pagina10col\/\",\"https:\/\/youtube.com\/channel\/pag10\",\"https:\/\/www.tiktok.com\/@p10col\"]},{\"@type\":\"Person\",\"@id\":\"https:\/\/pagina10.com\/web\/#\/schema\/person\/2efc4a090d25b667d3bc796798a3a81b\",\"name\":\"P\u00e1gina 10\",\"description\":\"P\u00e1gina 10 es un peri\u00f3dico regional que nace en Colombia, en el departamento de Nari\u00f1o, con un enfoque global, fundamentado en cuatro pilares esenciales: la libertad, el pluralismo, la inclusi\u00f3n y la independencia. P\u00e1gina 10 hace referencia a Nari\u00f1o como el d\u00e9cimo departamento creado en Colombia, despu\u00e9s de un proceso pol\u00edtico liderado por actores y actrices regionales con el fin de obtener la independencia y autonom\u00eda de nuestros territorios. Con la creaci\u00f3n de P\u00e1gina 10 se pretende abrir un escenario para el dialogo, la reflexi\u00f3n y el debate que se extienda a otras geograf\u00edas de Am\u00e9rica Latina y del planeta, en una apuesta por transformar colectivamente los desaf\u00edos de un mundo contempor\u00e1neo, m\u00e1s all\u00e1 de las fronteras impuestas.\",\"url\":\"https:\/\/pagina10.com\/web\/author\/pdiezadmin\/\"}]}<\/script>\n<!-- \/ Yoast SEO plugin. -->","yoast_head_json":{"title":"Alquer\u00eda suspender\u00e1 la compra de leche en Nari\u00f1o gradualmente | P\u00e1gina10","robots":{"index":"index","follow":"follow","max-snippet":"max-snippet:-1","max-image-preview":"max-image-preview:large","max-video-preview":"max-video-preview:-1"},"canonical":"https:\/\/pagina10.com\/web\/alqueria-suspendera-la-compra-de-leche-en-narino-gradualmente\/","og_locale":"es_ES","og_type":"article","og_title":"Alquer\u00eda suspender\u00e1 la compra de leche en Nari\u00f1o gradualmente | P\u00e1gina10","og_description":"Tras el pol\u00e9mico anuncio hecho por la empresa l\u00e1ctea Alquer\u00eda, sobre su retiro del departamento, y la multitud de campesinos y productores de leche que se ver\u00edan afectados en Nari\u00f1o y sus municipios lecheros, se conoci\u00f3 que la empresa dejar\u00e1 de comprar leche de manera gradual. Esto tambi\u00e9n es resultado de lo anunciado por la [&hellip;]","og_url":"https:\/\/pagina10.com\/web\/alqueria-suspendera-la-compra-de-leche-en-narino-gradualmente\/","og_site_name":"P\u00e1gina10","article_publisher":"https:\/\/www.facebook.com\/pag10com","article_published_time":"2023-06-15T17:33:54+00:00","og_image":[{"width":1200,"height":675,"url":"https:\/\/pagina10.com\/web\/wp-content\/uploads\/2023\/06\/leche-vaca.jpg","type":"image\/jpeg"}],"author":"P\u00e1gina 10","twitter_card":"summary_large_image","twitter_creator":"@Pag10com","twitter_site":"@Pag10com","twitter_misc":{"Escrito por":"P\u00e1gina 10","Tiempo de lectura":"1 minuto"},"schema":{"@context":"https:\/\/schema.org","@graph":[{"@type":"Article","@id":"https:\/\/pagina10.com\/web\/alqueria-suspendera-la-compra-de-leche-en-narino-gradualmente\/#article","isPartOf":{"@id":"https:\/\/pagina10.com\/web\/alqueria-suspendera-la-compra-de-leche-en-narino-gradualmente\/"},"author":{"name":"P\u00e1gina 10","@id":"https:\/\/pagina10.com\/web\/#\/schema\/person\/2efc4a090d25b667d3bc796798a3a81b"},"headline":"Alquer\u00eda suspender\u00e1 la compra de leche en Nari\u00f1o gradualmente","datePublished":"2023-06-15T17:33:54+00:00","mainEntityOfPage":{"@id":"https:\/\/pagina10.com\/web\/alqueria-suspendera-la-compra-de-leche-en-narino-gradualmente\/"},"wordCount":229,"commentCount":0,"publisher":{"@id":"https:\/\/pagina10.com\/web\/#organization"},"image":{"@id":"https:\/\/pagina10.com\/web\/alqueria-suspendera-la-compra-de-leche-en-narino-gradualmente\/#primaryimage"},"thumbnailUrl":"https:\/\/pagina10.com\/web\/wp-content\/uploads\/2023\/06\/leche-vaca.jpg","articleSection":["Titulares"],"inLanguage":"es","potentialAction":[{"@type":"CommentAction","name":"Comment","target":["https:\/\/pagina10.com\/web\/alqueria-suspendera-la-compra-de-leche-en-narino-gradualmente\/#respond"]}]},{"@type":"WebPage","@id":"https:\/\/pagina10.com\/web\/alqueria-suspendera-la-compra-de-leche-en-narino-gradualmente\/","url":"https:\/\/pagina10.com\/web\/alqueria-suspendera-la-compra-de-leche-en-narino-gradualmente\/","name":"Alquer\u00eda suspender\u00e1 la compra de leche en Nari\u00f1o gradualmente | P\u00e1gina10","isPartOf":{"@id":"https:\/\/pagina10.com\/web\/#website"},"primaryImageOfPage":{"@id":"https:\/\/pagina10.com\/web\/alqueria-suspendera-la-compra-de-leche-en-narino-gradualmente\/#primaryimage"},"image":{"@id":"https:\/\/pagina10.com\/web\/alqueria-suspendera-la-compra-de-leche-en-narino-gradualmente\/#primaryimage"},"thumbnailUrl":"https:\/\/pagina10.com\/web\/wp-content\/uploads\/2023\/06\/leche-vaca.jpg","datePublished":"2023-06-15T17:33:54+00:00","breadcrumb":{"@id":"https:\/\/pagina10.com\/web\/alqueria-suspendera-la-compra-de-leche-en-narino-gradualmente\/#breadcrumb"},"inLanguage":"es","potentialAction":[{"@type":"ReadAction","target":["https:\/\/pagina10.com\/web\/alqueria-suspendera-la-compra-de-leche-en-narino-gradualmente\/"]}]},{"@type":"ImageObject","inLanguage":"es","@id":"https:\/\/pagina10.com\/web\/alqueria-suspendera-la-compra-de-leche-en-narino-gradualmente\/#primaryimage","url":"https:\/\/pagina10.com\/web\/wp-content\/uploads\/2023\/06\/leche-vaca.jpg","contentUrl":"https:\/\/pagina10.com\/web\/wp-content\/uploads\/2023\/06\/leche-vaca.jpg","width":1200,"height":675},{"@type":"BreadcrumbList","@id":"https:\/\/pagina10.com\/web\/alqueria-suspendera-la-compra-de-leche-en-narino-gradualmente\/#breadcrumb","itemListElement":[{"@type":"ListItem","position":1,"name":"Portada","item":"https:\/\/pagina10.com\/web\/"},{"@type":"ListItem","position":2,"name":"Alquer\u00eda suspender\u00e1 la compra de leche en Nari\u00f1o gradualmente"}]},{"@type":"WebSite","@id":"https:\/\/pagina10.com\/web\/#website","url":"https:\/\/pagina10.com\/web\/","name":"P\u00e1gina10","description":"Peri\u00f3dico Regional","publisher":{"@id":"https:\/\/pagina10.com\/web\/#organization"},"alternateName":"P\u00e1gina10 Peri\u00f3dico Regional","potentialAction":[{"@type":"SearchAction","target":{"@type":"EntryPoint","urlTemplate":"https:\/\/pagina10.com\/web\/?s={search_term_string}"},"query-input":{"@type":"PropertyValueSpecification","valueRequired":true,"valueName":"search_term_string"}}],"inLanguage":"es"},{"@type":"Organization","@id":"https:\/\/pagina10.com\/web\/#organization","name":"P\u00e1gina10","alternateName":"P\u00e1gina10 Peri\u00f3dico Regional","url":"https:\/\/pagina10.com\/web\/","logo":{"@type":"ImageObject","inLanguage":"es","@id":"https:\/\/pagina10.com\/web\/#\/schema\/logo\/image\/","url":"https:\/\/pagina10.com\/web\/wp-content\/uploads\/2024\/01\/40-pagina-10-periodico-regional-pasto.jpg","contentUrl":"https:\/\/pagina10.com\/web\/wp-content\/uploads\/2024\/01\/40-pagina-10-periodico-regional-pasto.jpg","width":1280,"height":720,"caption":"P\u00e1gina10"},"image":{"@id":"https:\/\/pagina10.com\/web\/#\/schema\/logo\/image\/"},"sameAs":["https:\/\/www.facebook.com\/pag10com","https:\/\/x.com\/Pag10com","https:\/\/www.instagram.com\/pagina10col\/","https:\/\/youtube.com\/channel\/pag10","https:\/\/www.tiktok.com\/@p10col"]},{"@type":"Person","@id":"https:\/\/pagina10.com\/web\/#\/schema\/person\/2efc4a090d25b667d3bc796798a3a81b","name":"P\u00e1gina 10","description":"P\u00e1gina 10 es un peri\u00f3dico regional que nace en Colombia, en el departamento de Nari\u00f1o, con un enfoque global, fundamentado en cuatro pilares esenciales: la libertad, el pluralismo, la inclusi\u00f3n y la independencia. P\u00e1gina 10 hace referencia a Nari\u00f1o como el d\u00e9cimo departamento creado en Colombia, despu\u00e9s de un proceso pol\u00edtico liderado por actores y actrices regionales con el fin de obtener la independencia y autonom\u00eda de nuestros territorios. Con la creaci\u00f3n de P\u00e1gina 10 se pretende abrir un escenario para el dialogo, la reflexi\u00f3n y el debate que se extienda a otras geograf\u00edas de Am\u00e9rica Latina y del planeta, en una apuesta por transformar colectivamente los desaf\u00edos de un mundo contempor\u00e1neo, m\u00e1s all\u00e1 de las fronteras impuestas.","url":"https:\/\/pagina10.com\/web\/author\/pdiezadmin\/"}]}},"_links":{"self":[{"href":"https:\/\/pagina10.com\/web\/wp-json\/wp\/v2\/posts\/66666","targetHints":{"allow":["GET"]}}],"collection":[{"href":"https:\/\/pagina10.com\/web\/wp-json\/wp\/v2\/posts"}],"about":[{"href":"https:\/\/pagina10.com\/web\/wp-json\/wp\/v2\/types\/post"}],"author":[{"embeddable":true,"href":"https:\/\/pagina10.com\/web\/wp-json\/wp\/v2\/users\/1"}],"replies":[{"embeddable":true,"href":"https:\/\/pagina10.com\/web\/wp-json\/wp\/v2\/comments?post=66666"}],"version-history":[{"count":2,"href":"https:\/\/pagina10.com\/web\/wp-json\/wp\/v2\/posts\/66666\/revisions"}],"predecessor-version":[{"id":66670,"href":"https:\/\/pagina10.com\/web\/wp-json\/wp\/v2\/posts\/66666\/revisions\/66670"}],"wp:featuredmedia":[{"embeddable":true,"href":"https:\/\/pagina10.com\/web\/wp-json\/wp\/v2\/media\/66667"}],"wp:attachment":[{"href":"https:\/\/pagina10.com\/web\/wp-json\/wp\/v2\/media?parent=66666"}],"wp:term":[{"taxonomy":"category","embeddable":true,"href":"https:\/\/pagina10.com\/web\/wp-json\/wp\/v2\/categories?post=66666"},{"taxonomy":"post_tag","embeddable":true,"href":"https:\/\/pagina10.com\/web\/wp-json\/wp\/v2\/tags?post=66666"}],"curies":[{"name":"wp","href":"https:\/\/api.w.org\/{rel}","templated":true}]}}