{"id":66672,"date":"2023-06-16T04:41:52","date_gmt":"2023-06-16T09:41:52","guid":{"rendered":"https:\/\/pagina10.com\/web\/?p=66672"},"modified":"2023-06-16T04:41:52","modified_gmt":"2023-06-16T09:41:52","slug":"la-alianza-verde-dividida-por-la-gobernacion-de-narino","status":"publish","type":"post","link":"https:\/\/pagina10.com\/web\/la-alianza-verde-dividida-por-la-gobernacion-de-narino\/","title":{"rendered":"La Alianza Verde dividida por la Gobernaci\u00f3n de Nari\u00f1o."},"content":{"rendered":"<p style=\"text-align: justify;\">Un amplio grupo de integrantes del Comit\u00e9 Departamental del partido Alianza Verde se manifest\u00f3 ante la decisi\u00f3n supuestamente arbitraria tomada por el comit\u00e9 de avales en Bogot\u00e1.<\/p>\n<p style=\"text-align: justify;\">\nFuentes de quienes se oponen a la entrega del aval a Luis Eladio P\u00e9rez nos comentaron que el candidato nunca se acerc\u00f3 al partido para solicitar el aval por el contrario vali\u00e9ndose de la amistad con los hermanos del exgobernador y exsenador Navarro se impuso desde Bogot\u00e1, al mismo tiempo expresaron que al menos 10 precandidatos a alcald\u00edas municipales renunciar\u00edan en las pr\u00f3ximas horas si se entrega el sello verde al candidato\u00a0 Luis Eladio ya que les obligar\u00eda a votar por \u00e9l.<\/p>\n<p><img fetchpriority=\"high\" decoding=\"async\" class=\"aligncenter size-full wp-image-66673\" src=\"https:\/\/pagina10.com\/web\/wp-content\/uploads\/2023\/06\/WhatsApp-Image-2023-06-16-at-4.33.32-AM.jpeg\" alt=\"\" width=\"735\" height=\"1024\" srcset=\"https:\/\/pagina10.com\/web\/wp-content\/uploads\/2023\/06\/WhatsApp-Image-2023-06-16-at-4.33.32-AM.jpeg 735w, https:\/\/pagina10.com\/web\/wp-content\/uploads\/2023\/06\/WhatsApp-Image-2023-06-16-at-4.33.32-AM-215x300.jpeg 215w\" sizes=\"(max-width: 735px) 100vw, 735px\" \/><\/p>\n","protected":false},"excerpt":{"rendered":"<p>Un amplio grupo de integrantes del Comit\u00e9 Departamental del partido Alianza Verde se manifest\u00f3 ante la decisi\u00f3n supuestamente arbitraria tomada por el comit\u00e9 de avales en Bogot\u00e1. Fuentes de quienes se oponen a la entrega del aval a Luis Eladio P\u00e9rez nos comentaron que el candidato nunca se acerc\u00f3 al partido para solicitar el aval [&hellip;]<\/p>\n","protected":false},"author":1,"featured_media":38963,"comment_status":"open","ping_status":"open","sticky":false,"template":"","format":"standard","meta":{"footnotes":""},"categories":[14],"tags":[],"class_list":["post-66672","post","type-post","status-publish","format-standard","has-post-thumbnail","hentry","category-narino-actual"],"yoast_head":"<!-- This site is optimized with the Yoast SEO plugin v27.1.1 - https:\/\/yoast.com\/product\/yoast-seo-wordpress\/ -->\n<title>La Alianza Verde dividida por la Gobernaci\u00f3n de Nari\u00f1o. | P\u00e1gina10<\/title>\n<meta name=\"robots\" content=\"index, follow, max-snippet:-1, max-image-preview:large, max-video-preview:-1\" \/>\n<link rel=\"canonical\" href=\"https:\/\/pagina10.com\/web\/la-alianza-verde-dividida-por-la-gobernacion-de-narino\/\" \/>\n<meta property=\"og:locale\" content=\"es_ES\" \/>\n<meta property=\"og:type\" content=\"article\" \/>\n<meta property=\"og:title\" content=\"La Alianza Verde dividida por la Gobernaci\u00f3n de Nari\u00f1o. | P\u00e1gina10\" \/>\n<meta property=\"og:description\" content=\"Un amplio grupo de integrantes del Comit\u00e9 Departamental del partido Alianza Verde se manifest\u00f3 ante la decisi\u00f3n supuestamente arbitraria tomada por el comit\u00e9 de avales en Bogot\u00e1. Fuentes de quienes se oponen a la entrega del aval a Luis Eladio P\u00e9rez nos comentaron que el candidato nunca se acerc\u00f3 al partido para solicitar el aval [&hellip;]\" \/>\n<meta property=\"og:url\" content=\"https:\/\/pagina10.com\/web\/la-alianza-verde-dividida-por-la-gobernacion-de-narino\/\" \/>\n<meta property=\"og:site_name\" content=\"P\u00e1gina10\" \/>\n<meta property=\"article:publisher\" content=\"https:\/\/www.facebook.com\/pag10com\" \/>\n<meta property=\"article:published_time\" content=\"2023-06-16T09:41:52+00:00\" \/>\n<meta property=\"og:image\" content=\"https:\/\/pagina10.com\/web\/wp-content\/uploads\/2019\/04\/luis_eladio_perez.jpg\" \/>\n\t<meta property=\"og:image:width\" content=\"1000\" \/>\n\t<meta property=\"og:image:height\" content=\"625\" \/>\n\t<meta property=\"og:image:type\" content=\"image\/jpeg\" \/>\n<meta name=\"author\" content=\"P\u00e1gina 10\" \/>\n<meta name=\"twitter:card\" content=\"summary_large_image\" \/>\n<meta name=\"twitter:creator\" content=\"@Pag10com\" \/>\n<meta name=\"twitter:site\" content=\"@Pag10com\" \/>\n<meta name=\"twitter:label1\" content=\"Escrito por\" \/>\n\t<meta name=\"twitter:data1\" content=\"P\u00e1gina 10\" \/>\n\t<meta name=\"twitter:label2\" content=\"Tiempo de lectura\" \/>\n\t<meta name=\"twitter:data2\" content=\"1 minuto\" \/>\n<script type=\"application\/ld+json\" class=\"yoast-schema-graph\">{\"@context\":\"https:\/\/schema.org\",\"@graph\":[{\"@type\":\"Article\",\"@id\":\"https:\/\/pagina10.com\/web\/la-alianza-verde-dividida-por-la-gobernacion-de-narino\/#article\",\"isPartOf\":{\"@id\":\"https:\/\/pagina10.com\/web\/la-alianza-verde-dividida-por-la-gobernacion-de-narino\/\"},\"author\":{\"name\":\"P\u00e1gina 10\",\"@id\":\"https:\/\/pagina10.com\/web\/#\/schema\/person\/2efc4a090d25b667d3bc796798a3a81b\"},\"headline\":\"La Alianza Verde dividida por la Gobernaci\u00f3n de Nari\u00f1o.\",\"datePublished\":\"2023-06-16T09:41:52+00:00\",\"mainEntityOfPage\":{\"@id\":\"https:\/\/pagina10.com\/web\/la-alianza-verde-dividida-por-la-gobernacion-de-narino\/\"},\"wordCount\":126,\"commentCount\":0,\"publisher\":{\"@id\":\"https:\/\/pagina10.com\/web\/#organization\"},\"image\":{\"@id\":\"https:\/\/pagina10.com\/web\/la-alianza-verde-dividida-por-la-gobernacion-de-narino\/#primaryimage\"},\"thumbnailUrl\":\"https:\/\/pagina10.com\/web\/wp-content\/uploads\/2019\/04\/luis_eladio_perez.jpg\",\"articleSection\":[\"Nari\u00f1o Actual\"],\"inLanguage\":\"es\",\"potentialAction\":[{\"@type\":\"CommentAction\",\"name\":\"Comment\",\"target\":[\"https:\/\/pagina10.com\/web\/la-alianza-verde-dividida-por-la-gobernacion-de-narino\/#respond\"]}]},{\"@type\":\"WebPage\",\"@id\":\"https:\/\/pagina10.com\/web\/la-alianza-verde-dividida-por-la-gobernacion-de-narino\/\",\"url\":\"https:\/\/pagina10.com\/web\/la-alianza-verde-dividida-por-la-gobernacion-de-narino\/\",\"name\":\"La Alianza Verde dividida por la Gobernaci\u00f3n de Nari\u00f1o. | P\u00e1gina10\",\"isPartOf\":{\"@id\":\"https:\/\/pagina10.com\/web\/#website\"},\"primaryImageOfPage\":{\"@id\":\"https:\/\/pagina10.com\/web\/la-alianza-verde-dividida-por-la-gobernacion-de-narino\/#primaryimage\"},\"image\":{\"@id\":\"https:\/\/pagina10.com\/web\/la-alianza-verde-dividida-por-la-gobernacion-de-narino\/#primaryimage\"},\"thumbnailUrl\":\"https:\/\/pagina10.com\/web\/wp-content\/uploads\/2019\/04\/luis_eladio_perez.jpg\",\"datePublished\":\"2023-06-16T09:41:52+00:00\",\"breadcrumb\":{\"@id\":\"https:\/\/pagina10.com\/web\/la-alianza-verde-dividida-por-la-gobernacion-de-narino\/#breadcrumb\"},\"inLanguage\":\"es\",\"potentialAction\":[{\"@type\":\"ReadAction\",\"target\":[\"https:\/\/pagina10.com\/web\/la-alianza-verde-dividida-por-la-gobernacion-de-narino\/\"]}]},{\"@type\":\"ImageObject\",\"inLanguage\":\"es\",\"@id\":\"https:\/\/pagina10.com\/web\/la-alianza-verde-dividida-por-la-gobernacion-de-narino\/#primaryimage\",\"url\":\"https:\/\/pagina10.com\/web\/wp-content\/uploads\/2019\/04\/luis_eladio_perez.jpg\",\"contentUrl\":\"https:\/\/pagina10.com\/web\/wp-content\/uploads\/2019\/04\/luis_eladio_perez.jpg\",\"width\":1000,\"height\":625},{\"@type\":\"BreadcrumbList\",\"@id\":\"https:\/\/pagina10.com\/web\/la-alianza-verde-dividida-por-la-gobernacion-de-narino\/#breadcrumb\",\"itemListElement\":[{\"@type\":\"ListItem\",\"position\":1,\"name\":\"Portada\",\"item\":\"https:\/\/pagina10.com\/web\/\"},{\"@type\":\"ListItem\",\"position\":2,\"name\":\"La Alianza Verde dividida por la Gobernaci\u00f3n de Nari\u00f1o.\"}]},{\"@type\":\"WebSite\",\"@id\":\"https:\/\/pagina10.com\/web\/#website\",\"url\":\"https:\/\/pagina10.com\/web\/\",\"name\":\"P\u00e1gina10\",\"description\":\"Peri\u00f3dico Regional\",\"publisher\":{\"@id\":\"https:\/\/pagina10.com\/web\/#organization\"},\"alternateName\":\"P\u00e1gina10 Peri\u00f3dico Regional\",\"potentialAction\":[{\"@type\":\"SearchAction\",\"target\":{\"@type\":\"EntryPoint\",\"urlTemplate\":\"https:\/\/pagina10.com\/web\/?s={search_term_string}\"},\"query-input\":{\"@type\":\"PropertyValueSpecification\",\"valueRequired\":true,\"valueName\":\"search_term_string\"}}],\"inLanguage\":\"es\"},{\"@type\":\"Organization\",\"@id\":\"https:\/\/pagina10.com\/web\/#organization\",\"name\":\"P\u00e1gina10\",\"alternateName\":\"P\u00e1gina10 Peri\u00f3dico Regional\",\"url\":\"https:\/\/pagina10.com\/web\/\",\"logo\":{\"@type\":\"ImageObject\",\"inLanguage\":\"es\",\"@id\":\"https:\/\/pagina10.com\/web\/#\/schema\/logo\/image\/\",\"url\":\"https:\/\/pagina10.com\/web\/wp-content\/uploads\/2024\/01\/40-pagina-10-periodico-regional-pasto.jpg\",\"contentUrl\":\"https:\/\/pagina10.com\/web\/wp-content\/uploads\/2024\/01\/40-pagina-10-periodico-regional-pasto.jpg\",\"width\":1280,\"height\":720,\"caption\":\"P\u00e1gina10\"},\"image\":{\"@id\":\"https:\/\/pagina10.com\/web\/#\/schema\/logo\/image\/\"},\"sameAs\":[\"https:\/\/www.facebook.com\/pag10com\",\"https:\/\/x.com\/Pag10com\",\"https:\/\/www.instagram.com\/pagina10col\/\",\"https:\/\/youtube.com\/channel\/pag10\",\"https:\/\/www.tiktok.com\/@p10col\"]},{\"@type\":\"Person\",\"@id\":\"https:\/\/pagina10.com\/web\/#\/schema\/person\/2efc4a090d25b667d3bc796798a3a81b\",\"name\":\"P\u00e1gina 10\",\"description\":\"P\u00e1gina 10 es un peri\u00f3dico regional que nace en Colombia, en el departamento de Nari\u00f1o, con un enfoque global, fundamentado en cuatro pilares esenciales: la libertad, el pluralismo, la inclusi\u00f3n y la independencia. P\u00e1gina 10 hace referencia a Nari\u00f1o como el d\u00e9cimo departamento creado en Colombia, despu\u00e9s de un proceso pol\u00edtico liderado por actores y actrices regionales con el fin de obtener la independencia y autonom\u00eda de nuestros territorios. Con la creaci\u00f3n de P\u00e1gina 10 se pretende abrir un escenario para el dialogo, la reflexi\u00f3n y el debate que se extienda a otras geograf\u00edas de Am\u00e9rica Latina y del planeta, en una apuesta por transformar colectivamente los desaf\u00edos de un mundo contempor\u00e1neo, m\u00e1s all\u00e1 de las fronteras impuestas.\",\"url\":\"https:\/\/pagina10.com\/web\/author\/pdiezadmin\/\"}]}<\/script>\n<!-- \/ Yoast SEO plugin. -->","yoast_head_json":{"title":"La Alianza Verde dividida por la Gobernaci\u00f3n de Nari\u00f1o. | P\u00e1gina10","robots":{"index":"index","follow":"follow","max-snippet":"max-snippet:-1","max-image-preview":"max-image-preview:large","max-video-preview":"max-video-preview:-1"},"canonical":"https:\/\/pagina10.com\/web\/la-alianza-verde-dividida-por-la-gobernacion-de-narino\/","og_locale":"es_ES","og_type":"article","og_title":"La Alianza Verde dividida por la Gobernaci\u00f3n de Nari\u00f1o. | P\u00e1gina10","og_description":"Un amplio grupo de integrantes del Comit\u00e9 Departamental del partido Alianza Verde se manifest\u00f3 ante la decisi\u00f3n supuestamente arbitraria tomada por el comit\u00e9 de avales en Bogot\u00e1. Fuentes de quienes se oponen a la entrega del aval a Luis Eladio P\u00e9rez nos comentaron que el candidato nunca se acerc\u00f3 al partido para solicitar el aval [&hellip;]","og_url":"https:\/\/pagina10.com\/web\/la-alianza-verde-dividida-por-la-gobernacion-de-narino\/","og_site_name":"P\u00e1gina10","article_publisher":"https:\/\/www.facebook.com\/pag10com","article_published_time":"2023-06-16T09:41:52+00:00","og_image":[{"width":1000,"height":625,"url":"https:\/\/pagina10.com\/web\/wp-content\/uploads\/2019\/04\/luis_eladio_perez.jpg","type":"image\/jpeg"}],"author":"P\u00e1gina 10","twitter_card":"summary_large_image","twitter_creator":"@Pag10com","twitter_site":"@Pag10com","twitter_misc":{"Escrito por":"P\u00e1gina 10","Tiempo de lectura":"1 minuto"},"schema":{"@context":"https:\/\/schema.org","@graph":[{"@type":"Article","@id":"https:\/\/pagina10.com\/web\/la-alianza-verde-dividida-por-la-gobernacion-de-narino\/#article","isPartOf":{"@id":"https:\/\/pagina10.com\/web\/la-alianza-verde-dividida-por-la-gobernacion-de-narino\/"},"author":{"name":"P\u00e1gina 10","@id":"https:\/\/pagina10.com\/web\/#\/schema\/person\/2efc4a090d25b667d3bc796798a3a81b"},"headline":"La Alianza Verde dividida por la Gobernaci\u00f3n de Nari\u00f1o.","datePublished":"2023-06-16T09:41:52+00:00","mainEntityOfPage":{"@id":"https:\/\/pagina10.com\/web\/la-alianza-verde-dividida-por-la-gobernacion-de-narino\/"},"wordCount":126,"commentCount":0,"publisher":{"@id":"https:\/\/pagina10.com\/web\/#organization"},"image":{"@id":"https:\/\/pagina10.com\/web\/la-alianza-verde-dividida-por-la-gobernacion-de-narino\/#primaryimage"},"thumbnailUrl":"https:\/\/pagina10.com\/web\/wp-content\/uploads\/2019\/04\/luis_eladio_perez.jpg","articleSection":["Nari\u00f1o Actual"],"inLanguage":"es","potentialAction":[{"@type":"CommentAction","name":"Comment","target":["https:\/\/pagina10.com\/web\/la-alianza-verde-dividida-por-la-gobernacion-de-narino\/#respond"]}]},{"@type":"WebPage","@id":"https:\/\/pagina10.com\/web\/la-alianza-verde-dividida-por-la-gobernacion-de-narino\/","url":"https:\/\/pagina10.com\/web\/la-alianza-verde-dividida-por-la-gobernacion-de-narino\/","name":"La Alianza Verde dividida por la Gobernaci\u00f3n de Nari\u00f1o. | P\u00e1gina10","isPartOf":{"@id":"https:\/\/pagina10.com\/web\/#website"},"primaryImageOfPage":{"@id":"https:\/\/pagina10.com\/web\/la-alianza-verde-dividida-por-la-gobernacion-de-narino\/#primaryimage"},"image":{"@id":"https:\/\/pagina10.com\/web\/la-alianza-verde-dividida-por-la-gobernacion-de-narino\/#primaryimage"},"thumbnailUrl":"https:\/\/pagina10.com\/web\/wp-content\/uploads\/2019\/04\/luis_eladio_perez.jpg","datePublished":"2023-06-16T09:41:52+00:00","breadcrumb":{"@id":"https:\/\/pagina10.com\/web\/la-alianza-verde-dividida-por-la-gobernacion-de-narino\/#breadcrumb"},"inLanguage":"es","potentialAction":[{"@type":"ReadAction","target":["https:\/\/pagina10.com\/web\/la-alianza-verde-dividida-por-la-gobernacion-de-narino\/"]}]},{"@type":"ImageObject","inLanguage":"es","@id":"https:\/\/pagina10.com\/web\/la-alianza-verde-dividida-por-la-gobernacion-de-narino\/#primaryimage","url":"https:\/\/pagina10.com\/web\/wp-content\/uploads\/2019\/04\/luis_eladio_perez.jpg","contentUrl":"https:\/\/pagina10.com\/web\/wp-content\/uploads\/2019\/04\/luis_eladio_perez.jpg","width":1000,"height":625},{"@type":"BreadcrumbList","@id":"https:\/\/pagina10.com\/web\/la-alianza-verde-dividida-por-la-gobernacion-de-narino\/#breadcrumb","itemListElement":[{"@type":"ListItem","position":1,"name":"Portada","item":"https:\/\/pagina10.com\/web\/"},{"@type":"ListItem","position":2,"name":"La Alianza Verde dividida por la Gobernaci\u00f3n de Nari\u00f1o."}]},{"@type":"WebSite","@id":"https:\/\/pagina10.com\/web\/#website","url":"https:\/\/pagina10.com\/web\/","name":"P\u00e1gina10","description":"Peri\u00f3dico Regional","publisher":{"@id":"https:\/\/pagina10.com\/web\/#organization"},"alternateName":"P\u00e1gina10 Peri\u00f3dico Regional","potentialAction":[{"@type":"SearchAction","target":{"@type":"EntryPoint","urlTemplate":"https:\/\/pagina10.com\/web\/?s={search_term_string}"},"query-input":{"@type":"PropertyValueSpecification","valueRequired":true,"valueName":"search_term_string"}}],"inLanguage":"es"},{"@type":"Organization","@id":"https:\/\/pagina10.com\/web\/#organization","name":"P\u00e1gina10","alternateName":"P\u00e1gina10 Peri\u00f3dico Regional","url":"https:\/\/pagina10.com\/web\/","logo":{"@type":"ImageObject","inLanguage":"es","@id":"https:\/\/pagina10.com\/web\/#\/schema\/logo\/image\/","url":"https:\/\/pagina10.com\/web\/wp-content\/uploads\/2024\/01\/40-pagina-10-periodico-regional-pasto.jpg","contentUrl":"https:\/\/pagina10.com\/web\/wp-content\/uploads\/2024\/01\/40-pagina-10-periodico-regional-pasto.jpg","width":1280,"height":720,"caption":"P\u00e1gina10"},"image":{"@id":"https:\/\/pagina10.com\/web\/#\/schema\/logo\/image\/"},"sameAs":["https:\/\/www.facebook.com\/pag10com","https:\/\/x.com\/Pag10com","https:\/\/www.instagram.com\/pagina10col\/","https:\/\/youtube.com\/channel\/pag10","https:\/\/www.tiktok.com\/@p10col"]},{"@type":"Person","@id":"https:\/\/pagina10.com\/web\/#\/schema\/person\/2efc4a090d25b667d3bc796798a3a81b","name":"P\u00e1gina 10","description":"P\u00e1gina 10 es un peri\u00f3dico regional que nace en Colombia, en el departamento de Nari\u00f1o, con un enfoque global, fundamentado en cuatro pilares esenciales: la libertad, el pluralismo, la inclusi\u00f3n y la independencia. P\u00e1gina 10 hace referencia a Nari\u00f1o como el d\u00e9cimo departamento creado en Colombia, despu\u00e9s de un proceso pol\u00edtico liderado por actores y actrices regionales con el fin de obtener la independencia y autonom\u00eda de nuestros territorios. Con la creaci\u00f3n de P\u00e1gina 10 se pretende abrir un escenario para el dialogo, la reflexi\u00f3n y el debate que se extienda a otras geograf\u00edas de Am\u00e9rica Latina y del planeta, en una apuesta por transformar colectivamente los desaf\u00edos de un mundo contempor\u00e1neo, m\u00e1s all\u00e1 de las fronteras impuestas.","url":"https:\/\/pagina10.com\/web\/author\/pdiezadmin\/"}]}},"_links":{"self":[{"href":"https:\/\/pagina10.com\/web\/wp-json\/wp\/v2\/posts\/66672","targetHints":{"allow":["GET"]}}],"collection":[{"href":"https:\/\/pagina10.com\/web\/wp-json\/wp\/v2\/posts"}],"about":[{"href":"https:\/\/pagina10.com\/web\/wp-json\/wp\/v2\/types\/post"}],"author":[{"embeddable":true,"href":"https:\/\/pagina10.com\/web\/wp-json\/wp\/v2\/users\/1"}],"replies":[{"embeddable":true,"href":"https:\/\/pagina10.com\/web\/wp-json\/wp\/v2\/comments?post=66672"}],"version-history":[{"count":1,"href":"https:\/\/pagina10.com\/web\/wp-json\/wp\/v2\/posts\/66672\/revisions"}],"predecessor-version":[{"id":66674,"href":"https:\/\/pagina10.com\/web\/wp-json\/wp\/v2\/posts\/66672\/revisions\/66674"}],"wp:featuredmedia":[{"embeddable":true,"href":"https:\/\/pagina10.com\/web\/wp-json\/wp\/v2\/media\/38963"}],"wp:attachment":[{"href":"https:\/\/pagina10.com\/web\/wp-json\/wp\/v2\/media?parent=66672"}],"wp:term":[{"taxonomy":"category","embeddable":true,"href":"https:\/\/pagina10.com\/web\/wp-json\/wp\/v2\/categories?post=66672"},{"taxonomy":"post_tag","embeddable":true,"href":"https:\/\/pagina10.com\/web\/wp-json\/wp\/v2\/tags?post=66672"}],"curies":[{"name":"wp","href":"https:\/\/api.w.org\/{rel}","templated":true}]}}