{"id":66681,"date":"2023-06-16T12:44:14","date_gmt":"2023-06-16T17:44:14","guid":{"rendered":"https:\/\/pagina10.com\/web\/?p=66681"},"modified":"2023-06-16T12:53:41","modified_gmt":"2023-06-16T17:53:41","slug":"se-aprobo-proyecto-de-ley-que-asegura-la-gratuidad-de-la-educacion-superior-en-colombia","status":"publish","type":"post","link":"https:\/\/pagina10.com\/web\/se-aprobo-proyecto-de-ley-que-asegura-la-gratuidad-de-la-educacion-superior-en-colombia\/","title":{"rendered":"Se aprob\u00f3 proyecto de ley que asegura la gratuidad de la educaci\u00f3n superior en Colombia"},"content":{"rendered":"<p style=\"text-align: justify;\">En el \u00faltimo debate, el Senado de la Rep\u00fablica aprob\u00f3 por unanimidad el proyecto de ley que establece la <a href=\"https:\/\/twitter.com\/PizarroMariaJo\/status\/1669150551399882752?s=20\">gratuidad de la educaci\u00f3n superior en instituciones p\u00fablicas en Colombia<\/a>. El <strong>proyecto beneficiar\u00e1 por ley, a todos los estudiantes colombianos sin distinci\u00f3n ni exclusi\u00f3n<\/strong>. La iniciativa pasa a sanci\u00f3n presidencial, por parte del presidente Gustavo Petro y se convertir\u00e1 en ley en Colombia.<\/p>\n<p style=\"text-align: justify;\">El <strong>Gobierno Nacional se compromete a garantizar los recursos necesarios para cubrir el costo de la matr\u00edcula<\/strong> de los programas de pregrado a trav\u00e9s del Presupuesto General, y tambi\u00e9n se autoriza a las entidades territoriales a transferir recursos para garantizar la gratuidad, lo anterior sin afectar los presupuestos de las instituciones de educaci\u00f3n superior.<\/p>\n<p style=\"text-align: justify;\"><a href=\"https:\/\/twitter.com\/PizarroMariaJo\/status\/1669150551399882752?s=20\"><img fetchpriority=\"high\" decoding=\"async\" class=\"aligncenter wp-image-66682\" src=\"https:\/\/pagina10.com\/web\/wp-content\/uploads\/2023\/06\/ds.png\" alt=\"\" width=\"435\" height=\"492\" srcset=\"https:\/\/pagina10.com\/web\/wp-content\/uploads\/2023\/06\/ds.png 648w, https:\/\/pagina10.com\/web\/wp-content\/uploads\/2023\/06\/ds-265x300.png 265w\" sizes=\"(max-width: 435px) 100vw, 435px\" \/><\/a>Adem\u00e1s de la gratuidad, se <strong>promover\u00e1 medidas que aseguren la permanencia y finalizaci\u00f3n de los estudios<\/strong> de los j\u00f3venes, priorizando a grupos en situaci\u00f3n de pobreza extrema, v\u00edctimas del conflicto, comunidades \u00e9tnicas, personas con discapacidad, madres solteras y j\u00f3venes graduados de escuelas p\u00fablicas ubicadas en zonas rurales y que se encuentren en el Sisb\u00e9n IV.<\/p>\n","protected":false},"excerpt":{"rendered":"<p>En el \u00faltimo debate, el Senado de la Rep\u00fablica aprob\u00f3 por unanimidad el proyecto de ley que establece la gratuidad de la educaci\u00f3n superior en instituciones p\u00fablicas en Colombia. El proyecto beneficiar\u00e1 por ley, a todos los estudiantes colombianos sin distinci\u00f3n ni exclusi\u00f3n. La iniciativa pasa a sanci\u00f3n presidencial, por parte del presidente Gustavo Petro [&hellip;]<\/p>\n","protected":false},"author":1,"featured_media":66690,"comment_status":"open","ping_status":"open","sticky":false,"template":"","format":"standard","meta":{"footnotes":""},"categories":[1528],"tags":[],"class_list":["post-66681","post","type-post","status-publish","format-standard","has-post-thumbnail","hentry","category-titulares"],"yoast_head":"<!-- This site is optimized with the Yoast SEO plugin v27.1.1 - https:\/\/yoast.com\/product\/yoast-seo-wordpress\/ -->\n<title>Se aprob\u00f3 proyecto de ley que asegura la gratuidad de la educaci\u00f3n superior en Colombia | P\u00e1gina10<\/title>\n<meta name=\"robots\" content=\"index, follow, max-snippet:-1, max-image-preview:large, max-video-preview:-1\" \/>\n<link rel=\"canonical\" href=\"https:\/\/pagina10.com\/web\/se-aprobo-proyecto-de-ley-que-asegura-la-gratuidad-de-la-educacion-superior-en-colombia\/\" \/>\n<meta property=\"og:locale\" content=\"es_ES\" \/>\n<meta property=\"og:type\" content=\"article\" \/>\n<meta property=\"og:title\" content=\"Se aprob\u00f3 proyecto de ley que asegura la gratuidad de la educaci\u00f3n superior en Colombia | P\u00e1gina10\" \/>\n<meta property=\"og:description\" content=\"En el \u00faltimo debate, el Senado de la Rep\u00fablica aprob\u00f3 por unanimidad el proyecto de ley que establece la gratuidad de la educaci\u00f3n superior en instituciones p\u00fablicas en Colombia. El proyecto beneficiar\u00e1 por ley, a todos los estudiantes colombianos sin distinci\u00f3n ni exclusi\u00f3n. La iniciativa pasa a sanci\u00f3n presidencial, por parte del presidente Gustavo Petro [&hellip;]\" \/>\n<meta property=\"og:url\" content=\"https:\/\/pagina10.com\/web\/se-aprobo-proyecto-de-ley-que-asegura-la-gratuidad-de-la-educacion-superior-en-colombia\/\" \/>\n<meta property=\"og:site_name\" content=\"P\u00e1gina10\" \/>\n<meta property=\"article:publisher\" content=\"https:\/\/www.facebook.com\/pag10com\" \/>\n<meta property=\"article:published_time\" content=\"2023-06-16T17:44:14+00:00\" \/>\n<meta property=\"article:modified_time\" content=\"2023-06-16T17:53:41+00:00\" \/>\n<meta property=\"og:image\" content=\"https:\/\/pagina10.com\/web\/wp-content\/uploads\/2023\/06\/Picture1-1.jpg\" \/>\n\t<meta property=\"og:image:width\" content=\"839\" \/>\n\t<meta property=\"og:image:height\" content=\"652\" \/>\n\t<meta property=\"og:image:type\" content=\"image\/jpeg\" \/>\n<meta name=\"author\" content=\"P\u00e1gina 10\" \/>\n<meta name=\"twitter:card\" content=\"summary_large_image\" \/>\n<meta name=\"twitter:creator\" content=\"@Pag10com\" \/>\n<meta name=\"twitter:site\" content=\"@Pag10com\" \/>\n<meta name=\"twitter:label1\" content=\"Escrito por\" \/>\n\t<meta name=\"twitter:data1\" content=\"P\u00e1gina 10\" \/>\n\t<meta name=\"twitter:label2\" content=\"Tiempo de lectura\" \/>\n\t<meta name=\"twitter:data2\" content=\"1 minuto\" \/>\n<script type=\"application\/ld+json\" class=\"yoast-schema-graph\">{\"@context\":\"https:\/\/schema.org\",\"@graph\":[{\"@type\":\"Article\",\"@id\":\"https:\/\/pagina10.com\/web\/se-aprobo-proyecto-de-ley-que-asegura-la-gratuidad-de-la-educacion-superior-en-colombia\/#article\",\"isPartOf\":{\"@id\":\"https:\/\/pagina10.com\/web\/se-aprobo-proyecto-de-ley-que-asegura-la-gratuidad-de-la-educacion-superior-en-colombia\/\"},\"author\":{\"name\":\"P\u00e1gina 10\",\"@id\":\"https:\/\/pagina10.com\/web\/#\/schema\/person\/2efc4a090d25b667d3bc796798a3a81b\"},\"headline\":\"Se aprob\u00f3 proyecto de ley que asegura la gratuidad de la educaci\u00f3n superior en Colombia\",\"datePublished\":\"2023-06-16T17:44:14+00:00\",\"dateModified\":\"2023-06-16T17:53:41+00:00\",\"mainEntityOfPage\":{\"@id\":\"https:\/\/pagina10.com\/web\/se-aprobo-proyecto-de-ley-que-asegura-la-gratuidad-de-la-educacion-superior-en-colombia\/\"},\"wordCount\":205,\"commentCount\":0,\"publisher\":{\"@id\":\"https:\/\/pagina10.com\/web\/#organization\"},\"image\":{\"@id\":\"https:\/\/pagina10.com\/web\/se-aprobo-proyecto-de-ley-que-asegura-la-gratuidad-de-la-educacion-superior-en-colombia\/#primaryimage\"},\"thumbnailUrl\":\"https:\/\/pagina10.com\/web\/wp-content\/uploads\/2023\/06\/Picture1-1.jpg\",\"articleSection\":[\"Titulares\"],\"inLanguage\":\"es\",\"potentialAction\":[{\"@type\":\"CommentAction\",\"name\":\"Comment\",\"target\":[\"https:\/\/pagina10.com\/web\/se-aprobo-proyecto-de-ley-que-asegura-la-gratuidad-de-la-educacion-superior-en-colombia\/#respond\"]}]},{\"@type\":\"WebPage\",\"@id\":\"https:\/\/pagina10.com\/web\/se-aprobo-proyecto-de-ley-que-asegura-la-gratuidad-de-la-educacion-superior-en-colombia\/\",\"url\":\"https:\/\/pagina10.com\/web\/se-aprobo-proyecto-de-ley-que-asegura-la-gratuidad-de-la-educacion-superior-en-colombia\/\",\"name\":\"Se aprob\u00f3 proyecto de ley que asegura la gratuidad de la educaci\u00f3n superior en Colombia | P\u00e1gina10\",\"isPartOf\":{\"@id\":\"https:\/\/pagina10.com\/web\/#website\"},\"primaryImageOfPage\":{\"@id\":\"https:\/\/pagina10.com\/web\/se-aprobo-proyecto-de-ley-que-asegura-la-gratuidad-de-la-educacion-superior-en-colombia\/#primaryimage\"},\"image\":{\"@id\":\"https:\/\/pagina10.com\/web\/se-aprobo-proyecto-de-ley-que-asegura-la-gratuidad-de-la-educacion-superior-en-colombia\/#primaryimage\"},\"thumbnailUrl\":\"https:\/\/pagina10.com\/web\/wp-content\/uploads\/2023\/06\/Picture1-1.jpg\",\"datePublished\":\"2023-06-16T17:44:14+00:00\",\"dateModified\":\"2023-06-16T17:53:41+00:00\",\"breadcrumb\":{\"@id\":\"https:\/\/pagina10.com\/web\/se-aprobo-proyecto-de-ley-que-asegura-la-gratuidad-de-la-educacion-superior-en-colombia\/#breadcrumb\"},\"inLanguage\":\"es\",\"potentialAction\":[{\"@type\":\"ReadAction\",\"target\":[\"https:\/\/pagina10.com\/web\/se-aprobo-proyecto-de-ley-que-asegura-la-gratuidad-de-la-educacion-superior-en-colombia\/\"]}]},{\"@type\":\"ImageObject\",\"inLanguage\":\"es\",\"@id\":\"https:\/\/pagina10.com\/web\/se-aprobo-proyecto-de-ley-que-asegura-la-gratuidad-de-la-educacion-superior-en-colombia\/#primaryimage\",\"url\":\"https:\/\/pagina10.com\/web\/wp-content\/uploads\/2023\/06\/Picture1-1.jpg\",\"contentUrl\":\"https:\/\/pagina10.com\/web\/wp-content\/uploads\/2023\/06\/Picture1-1.jpg\",\"width\":839,\"height\":652},{\"@type\":\"BreadcrumbList\",\"@id\":\"https:\/\/pagina10.com\/web\/se-aprobo-proyecto-de-ley-que-asegura-la-gratuidad-de-la-educacion-superior-en-colombia\/#breadcrumb\",\"itemListElement\":[{\"@type\":\"ListItem\",\"position\":1,\"name\":\"Portada\",\"item\":\"https:\/\/pagina10.com\/web\/\"},{\"@type\":\"ListItem\",\"position\":2,\"name\":\"Se aprob\u00f3 proyecto de ley que asegura la gratuidad de la educaci\u00f3n superior en Colombia\"}]},{\"@type\":\"WebSite\",\"@id\":\"https:\/\/pagina10.com\/web\/#website\",\"url\":\"https:\/\/pagina10.com\/web\/\",\"name\":\"P\u00e1gina10\",\"description\":\"Peri\u00f3dico Regional\",\"publisher\":{\"@id\":\"https:\/\/pagina10.com\/web\/#organization\"},\"alternateName\":\"P\u00e1gina10 Peri\u00f3dico Regional\",\"potentialAction\":[{\"@type\":\"SearchAction\",\"target\":{\"@type\":\"EntryPoint\",\"urlTemplate\":\"https:\/\/pagina10.com\/web\/?s={search_term_string}\"},\"query-input\":{\"@type\":\"PropertyValueSpecification\",\"valueRequired\":true,\"valueName\":\"search_term_string\"}}],\"inLanguage\":\"es\"},{\"@type\":\"Organization\",\"@id\":\"https:\/\/pagina10.com\/web\/#organization\",\"name\":\"P\u00e1gina10\",\"alternateName\":\"P\u00e1gina10 Peri\u00f3dico Regional\",\"url\":\"https:\/\/pagina10.com\/web\/\",\"logo\":{\"@type\":\"ImageObject\",\"inLanguage\":\"es\",\"@id\":\"https:\/\/pagina10.com\/web\/#\/schema\/logo\/image\/\",\"url\":\"https:\/\/pagina10.com\/web\/wp-content\/uploads\/2024\/01\/40-pagina-10-periodico-regional-pasto.jpg\",\"contentUrl\":\"https:\/\/pagina10.com\/web\/wp-content\/uploads\/2024\/01\/40-pagina-10-periodico-regional-pasto.jpg\",\"width\":1280,\"height\":720,\"caption\":\"P\u00e1gina10\"},\"image\":{\"@id\":\"https:\/\/pagina10.com\/web\/#\/schema\/logo\/image\/\"},\"sameAs\":[\"https:\/\/www.facebook.com\/pag10com\",\"https:\/\/x.com\/Pag10com\",\"https:\/\/www.instagram.com\/pagina10col\/\",\"https:\/\/youtube.com\/channel\/pag10\",\"https:\/\/www.tiktok.com\/@p10col\"]},{\"@type\":\"Person\",\"@id\":\"https:\/\/pagina10.com\/web\/#\/schema\/person\/2efc4a090d25b667d3bc796798a3a81b\",\"name\":\"P\u00e1gina 10\",\"description\":\"P\u00e1gina 10 es un peri\u00f3dico regional que nace en Colombia, en el departamento de Nari\u00f1o, con un enfoque global, fundamentado en cuatro pilares esenciales: la libertad, el pluralismo, la inclusi\u00f3n y la independencia. P\u00e1gina 10 hace referencia a Nari\u00f1o como el d\u00e9cimo departamento creado en Colombia, despu\u00e9s de un proceso pol\u00edtico liderado por actores y actrices regionales con el fin de obtener la independencia y autonom\u00eda de nuestros territorios. Con la creaci\u00f3n de P\u00e1gina 10 se pretende abrir un escenario para el dialogo, la reflexi\u00f3n y el debate que se extienda a otras geograf\u00edas de Am\u00e9rica Latina y del planeta, en una apuesta por transformar colectivamente los desaf\u00edos de un mundo contempor\u00e1neo, m\u00e1s all\u00e1 de las fronteras impuestas.\",\"url\":\"https:\/\/pagina10.com\/web\/author\/pdiezadmin\/\"}]}<\/script>\n<!-- \/ Yoast SEO plugin. -->","yoast_head_json":{"title":"Se aprob\u00f3 proyecto de ley que asegura la gratuidad de la educaci\u00f3n superior en Colombia | P\u00e1gina10","robots":{"index":"index","follow":"follow","max-snippet":"max-snippet:-1","max-image-preview":"max-image-preview:large","max-video-preview":"max-video-preview:-1"},"canonical":"https:\/\/pagina10.com\/web\/se-aprobo-proyecto-de-ley-que-asegura-la-gratuidad-de-la-educacion-superior-en-colombia\/","og_locale":"es_ES","og_type":"article","og_title":"Se aprob\u00f3 proyecto de ley que asegura la gratuidad de la educaci\u00f3n superior en Colombia | P\u00e1gina10","og_description":"En el \u00faltimo debate, el Senado de la Rep\u00fablica aprob\u00f3 por unanimidad el proyecto de ley que establece la gratuidad de la educaci\u00f3n superior en instituciones p\u00fablicas en Colombia. El proyecto beneficiar\u00e1 por ley, a todos los estudiantes colombianos sin distinci\u00f3n ni exclusi\u00f3n. La iniciativa pasa a sanci\u00f3n presidencial, por parte del presidente Gustavo Petro [&hellip;]","og_url":"https:\/\/pagina10.com\/web\/se-aprobo-proyecto-de-ley-que-asegura-la-gratuidad-de-la-educacion-superior-en-colombia\/","og_site_name":"P\u00e1gina10","article_publisher":"https:\/\/www.facebook.com\/pag10com","article_published_time":"2023-06-16T17:44:14+00:00","article_modified_time":"2023-06-16T17:53:41+00:00","og_image":[{"width":839,"height":652,"url":"https:\/\/pagina10.com\/web\/wp-content\/uploads\/2023\/06\/Picture1-1.jpg","type":"image\/jpeg"}],"author":"P\u00e1gina 10","twitter_card":"summary_large_image","twitter_creator":"@Pag10com","twitter_site":"@Pag10com","twitter_misc":{"Escrito por":"P\u00e1gina 10","Tiempo de lectura":"1 minuto"},"schema":{"@context":"https:\/\/schema.org","@graph":[{"@type":"Article","@id":"https:\/\/pagina10.com\/web\/se-aprobo-proyecto-de-ley-que-asegura-la-gratuidad-de-la-educacion-superior-en-colombia\/#article","isPartOf":{"@id":"https:\/\/pagina10.com\/web\/se-aprobo-proyecto-de-ley-que-asegura-la-gratuidad-de-la-educacion-superior-en-colombia\/"},"author":{"name":"P\u00e1gina 10","@id":"https:\/\/pagina10.com\/web\/#\/schema\/person\/2efc4a090d25b667d3bc796798a3a81b"},"headline":"Se aprob\u00f3 proyecto de ley que asegura la gratuidad de la educaci\u00f3n superior en Colombia","datePublished":"2023-06-16T17:44:14+00:00","dateModified":"2023-06-16T17:53:41+00:00","mainEntityOfPage":{"@id":"https:\/\/pagina10.com\/web\/se-aprobo-proyecto-de-ley-que-asegura-la-gratuidad-de-la-educacion-superior-en-colombia\/"},"wordCount":205,"commentCount":0,"publisher":{"@id":"https:\/\/pagina10.com\/web\/#organization"},"image":{"@id":"https:\/\/pagina10.com\/web\/se-aprobo-proyecto-de-ley-que-asegura-la-gratuidad-de-la-educacion-superior-en-colombia\/#primaryimage"},"thumbnailUrl":"https:\/\/pagina10.com\/web\/wp-content\/uploads\/2023\/06\/Picture1-1.jpg","articleSection":["Titulares"],"inLanguage":"es","potentialAction":[{"@type":"CommentAction","name":"Comment","target":["https:\/\/pagina10.com\/web\/se-aprobo-proyecto-de-ley-que-asegura-la-gratuidad-de-la-educacion-superior-en-colombia\/#respond"]}]},{"@type":"WebPage","@id":"https:\/\/pagina10.com\/web\/se-aprobo-proyecto-de-ley-que-asegura-la-gratuidad-de-la-educacion-superior-en-colombia\/","url":"https:\/\/pagina10.com\/web\/se-aprobo-proyecto-de-ley-que-asegura-la-gratuidad-de-la-educacion-superior-en-colombia\/","name":"Se aprob\u00f3 proyecto de ley que asegura la gratuidad de la educaci\u00f3n superior en Colombia | P\u00e1gina10","isPartOf":{"@id":"https:\/\/pagina10.com\/web\/#website"},"primaryImageOfPage":{"@id":"https:\/\/pagina10.com\/web\/se-aprobo-proyecto-de-ley-que-asegura-la-gratuidad-de-la-educacion-superior-en-colombia\/#primaryimage"},"image":{"@id":"https:\/\/pagina10.com\/web\/se-aprobo-proyecto-de-ley-que-asegura-la-gratuidad-de-la-educacion-superior-en-colombia\/#primaryimage"},"thumbnailUrl":"https:\/\/pagina10.com\/web\/wp-content\/uploads\/2023\/06\/Picture1-1.jpg","datePublished":"2023-06-16T17:44:14+00:00","dateModified":"2023-06-16T17:53:41+00:00","breadcrumb":{"@id":"https:\/\/pagina10.com\/web\/se-aprobo-proyecto-de-ley-que-asegura-la-gratuidad-de-la-educacion-superior-en-colombia\/#breadcrumb"},"inLanguage":"es","potentialAction":[{"@type":"ReadAction","target":["https:\/\/pagina10.com\/web\/se-aprobo-proyecto-de-ley-que-asegura-la-gratuidad-de-la-educacion-superior-en-colombia\/"]}]},{"@type":"ImageObject","inLanguage":"es","@id":"https:\/\/pagina10.com\/web\/se-aprobo-proyecto-de-ley-que-asegura-la-gratuidad-de-la-educacion-superior-en-colombia\/#primaryimage","url":"https:\/\/pagina10.com\/web\/wp-content\/uploads\/2023\/06\/Picture1-1.jpg","contentUrl":"https:\/\/pagina10.com\/web\/wp-content\/uploads\/2023\/06\/Picture1-1.jpg","width":839,"height":652},{"@type":"BreadcrumbList","@id":"https:\/\/pagina10.com\/web\/se-aprobo-proyecto-de-ley-que-asegura-la-gratuidad-de-la-educacion-superior-en-colombia\/#breadcrumb","itemListElement":[{"@type":"ListItem","position":1,"name":"Portada","item":"https:\/\/pagina10.com\/web\/"},{"@type":"ListItem","position":2,"name":"Se aprob\u00f3 proyecto de ley que asegura la gratuidad de la educaci\u00f3n superior en Colombia"}]},{"@type":"WebSite","@id":"https:\/\/pagina10.com\/web\/#website","url":"https:\/\/pagina10.com\/web\/","name":"P\u00e1gina10","description":"Peri\u00f3dico Regional","publisher":{"@id":"https:\/\/pagina10.com\/web\/#organization"},"alternateName":"P\u00e1gina10 Peri\u00f3dico Regional","potentialAction":[{"@type":"SearchAction","target":{"@type":"EntryPoint","urlTemplate":"https:\/\/pagina10.com\/web\/?s={search_term_string}"},"query-input":{"@type":"PropertyValueSpecification","valueRequired":true,"valueName":"search_term_string"}}],"inLanguage":"es"},{"@type":"Organization","@id":"https:\/\/pagina10.com\/web\/#organization","name":"P\u00e1gina10","alternateName":"P\u00e1gina10 Peri\u00f3dico Regional","url":"https:\/\/pagina10.com\/web\/","logo":{"@type":"ImageObject","inLanguage":"es","@id":"https:\/\/pagina10.com\/web\/#\/schema\/logo\/image\/","url":"https:\/\/pagina10.com\/web\/wp-content\/uploads\/2024\/01\/40-pagina-10-periodico-regional-pasto.jpg","contentUrl":"https:\/\/pagina10.com\/web\/wp-content\/uploads\/2024\/01\/40-pagina-10-periodico-regional-pasto.jpg","width":1280,"height":720,"caption":"P\u00e1gina10"},"image":{"@id":"https:\/\/pagina10.com\/web\/#\/schema\/logo\/image\/"},"sameAs":["https:\/\/www.facebook.com\/pag10com","https:\/\/x.com\/Pag10com","https:\/\/www.instagram.com\/pagina10col\/","https:\/\/youtube.com\/channel\/pag10","https:\/\/www.tiktok.com\/@p10col"]},{"@type":"Person","@id":"https:\/\/pagina10.com\/web\/#\/schema\/person\/2efc4a090d25b667d3bc796798a3a81b","name":"P\u00e1gina 10","description":"P\u00e1gina 10 es un peri\u00f3dico regional que nace en Colombia, en el departamento de Nari\u00f1o, con un enfoque global, fundamentado en cuatro pilares esenciales: la libertad, el pluralismo, la inclusi\u00f3n y la independencia. P\u00e1gina 10 hace referencia a Nari\u00f1o como el d\u00e9cimo departamento creado en Colombia, despu\u00e9s de un proceso pol\u00edtico liderado por actores y actrices regionales con el fin de obtener la independencia y autonom\u00eda de nuestros territorios. Con la creaci\u00f3n de P\u00e1gina 10 se pretende abrir un escenario para el dialogo, la reflexi\u00f3n y el debate que se extienda a otras geograf\u00edas de Am\u00e9rica Latina y del planeta, en una apuesta por transformar colectivamente los desaf\u00edos de un mundo contempor\u00e1neo, m\u00e1s all\u00e1 de las fronteras impuestas.","url":"https:\/\/pagina10.com\/web\/author\/pdiezadmin\/"}]}},"_links":{"self":[{"href":"https:\/\/pagina10.com\/web\/wp-json\/wp\/v2\/posts\/66681","targetHints":{"allow":["GET"]}}],"collection":[{"href":"https:\/\/pagina10.com\/web\/wp-json\/wp\/v2\/posts"}],"about":[{"href":"https:\/\/pagina10.com\/web\/wp-json\/wp\/v2\/types\/post"}],"author":[{"embeddable":true,"href":"https:\/\/pagina10.com\/web\/wp-json\/wp\/v2\/users\/1"}],"replies":[{"embeddable":true,"href":"https:\/\/pagina10.com\/web\/wp-json\/wp\/v2\/comments?post=66681"}],"version-history":[{"count":1,"href":"https:\/\/pagina10.com\/web\/wp-json\/wp\/v2\/posts\/66681\/revisions"}],"predecessor-version":[{"id":66683,"href":"https:\/\/pagina10.com\/web\/wp-json\/wp\/v2\/posts\/66681\/revisions\/66683"}],"wp:featuredmedia":[{"embeddable":true,"href":"https:\/\/pagina10.com\/web\/wp-json\/wp\/v2\/media\/66690"}],"wp:attachment":[{"href":"https:\/\/pagina10.com\/web\/wp-json\/wp\/v2\/media?parent=66681"}],"wp:term":[{"taxonomy":"category","embeddable":true,"href":"https:\/\/pagina10.com\/web\/wp-json\/wp\/v2\/categories?post=66681"},{"taxonomy":"post_tag","embeddable":true,"href":"https:\/\/pagina10.com\/web\/wp-json\/wp\/v2\/tags?post=66681"}],"curies":[{"name":"wp","href":"https:\/\/api.w.org\/{rel}","templated":true}]}}