{"id":66696,"date":"2023-06-16T16:13:47","date_gmt":"2023-06-16T21:13:47","guid":{"rendered":"https:\/\/pagina10.com\/web\/?p=66696"},"modified":"2023-06-16T16:16:26","modified_gmt":"2023-06-16T21:16:26","slug":"se-aplazo-el-ultimo-debate-para-regular-el-uso-adulto-de-cannabis-en-colombia","status":"publish","type":"post","link":"https:\/\/pagina10.com\/web\/se-aplazo-el-ultimo-debate-para-regular-el-uso-adulto-de-cannabis-en-colombia\/","title":{"rendered":"Se aplaz\u00f3 el \u00faltimo debate para regular el uso adulto de cannabis en Colombia"},"content":{"rendered":"<p style=\"text-align: justify;\">El \u00faltimo debate del proyecto de acto legislativo que regula el cannabis de uso adulto en Colombia fue aplazado. <strong>El proyecto debe ser aprobado antes del 20 de junio y no se podr\u00e1 discutir en sesiones extras debido a que implica la modificaci\u00f3n de un art\u00edculo constitucional.<\/strong><\/p>\n<p style=\"text-align: justify;\">La sesi\u00f3n comenz\u00f3 con retraso debido a problemas para formar el qu\u00f3rum. Sin embargo, finalmente se logr\u00f3 y se confirm\u00f3 que hab\u00eda suficientes congresistas para llevar a cabo la discusi\u00f3n y votaci\u00f3n. En defensa del proyecto Mar\u00eda Jos\u00e9 Pizarro explic\u00f3 que la \u201cregulaci\u00f3n va a permitir que las comunidades ind\u00edgenas y campesinas puedan participar del negocio, cosa que no ha sucedido con el mercado del cannabis medicinal\u201d.<\/p>\n<p style=\"text-align: justify;\">Por otra parte, <strong>algunos senadores criticaron el la iniciativa<\/strong>, argumentando que incentiva el consumo y no elimina el negocio ilegal relacionado con la marihuana. El presidente y senador conservador, Efra\u00edn Cepeda, afirm\u00f3 que la reforma fomentar\u00eda el consumo de cannabis en el pa\u00eds, especialmente entre ni\u00f1os y j\u00f3venes.<\/p>\n<p style=\"text-align: justify;\">Mar\u00eda Jos\u00e9 Pizarro acentu\u00f3 que el \u201cproyecto de ley s\u00ed contempla prohibiciones para las ventas en entornos escolares, en espacios de atenci\u00f3n de primera instancia y al interior de cualquier instituci\u00f3n educativa\u201d.<\/p>\n<p style=\"text-align: justify;\">Debido al enfrentamiento verbal entre los senadores Asprilla y Hern\u00e1ndez, la sesi\u00f3n fue suspendida y se convoc\u00f3 para otra fecha. <strong>Hern\u00e1ndez se opuso a la aprobaci\u00f3n del proyecto y pidi\u00f3 su hundimiento<\/strong>. Si se retoma la discusi\u00f3n, el proyecto de acto legislativo no tendr\u00eda los votos suficientes para ser aprobado en su \u00faltima instancia. Adem\u00e1s de los conservadores, quienes decidieron votar en contra del proyecto, lo que dificulta su aprobaci\u00f3n, tampoco cuentan con el apoyo del Centro Democr\u00e1tico, la mayor\u00eda de Cambio Radical, el Partido de la U y los senadores cristianos.<\/p>\n","protected":false},"excerpt":{"rendered":"<p>El \u00faltimo debate del proyecto de acto legislativo que regula el cannabis de uso adulto en Colombia fue aplazado. El proyecto debe ser aprobado antes del 20 de junio y no se podr\u00e1 discutir en sesiones extras debido a que implica la modificaci\u00f3n de un art\u00edculo constitucional. La sesi\u00f3n comenz\u00f3 con retraso debido a problemas [&hellip;]<\/p>\n","protected":false},"author":1,"featured_media":66697,"comment_status":"open","ping_status":"open","sticky":false,"template":"","format":"standard","meta":{"footnotes":""},"categories":[94],"tags":[],"class_list":["post-66696","post","type-post","status-publish","format-standard","has-post-thumbnail","hentry","category-nacional-global-2"],"yoast_head":"<!-- This site is optimized with the Yoast SEO plugin v27.1.1 - https:\/\/yoast.com\/product\/yoast-seo-wordpress\/ -->\n<title>Se aplaz\u00f3 el \u00faltimo debate para regular el uso adulto de cannabis en Colombia | P\u00e1gina10<\/title>\n<meta name=\"robots\" content=\"index, follow, max-snippet:-1, max-image-preview:large, max-video-preview:-1\" \/>\n<link rel=\"canonical\" href=\"https:\/\/pagina10.com\/web\/se-aplazo-el-ultimo-debate-para-regular-el-uso-adulto-de-cannabis-en-colombia\/\" \/>\n<meta property=\"og:locale\" content=\"es_ES\" \/>\n<meta property=\"og:type\" content=\"article\" \/>\n<meta property=\"og:title\" content=\"Se aplaz\u00f3 el \u00faltimo debate para regular el uso adulto de cannabis en Colombia | P\u00e1gina10\" \/>\n<meta property=\"og:description\" content=\"El \u00faltimo debate del proyecto de acto legislativo que regula el cannabis de uso adulto en Colombia fue aplazado. El proyecto debe ser aprobado antes del 20 de junio y no se podr\u00e1 discutir en sesiones extras debido a que implica la modificaci\u00f3n de un art\u00edculo constitucional. La sesi\u00f3n comenz\u00f3 con retraso debido a problemas [&hellip;]\" \/>\n<meta property=\"og:url\" content=\"https:\/\/pagina10.com\/web\/se-aplazo-el-ultimo-debate-para-regular-el-uso-adulto-de-cannabis-en-colombia\/\" \/>\n<meta property=\"og:site_name\" content=\"P\u00e1gina10\" \/>\n<meta property=\"article:publisher\" content=\"https:\/\/www.facebook.com\/pag10com\" \/>\n<meta property=\"article:published_time\" content=\"2023-06-16T21:13:47+00:00\" \/>\n<meta property=\"article:modified_time\" content=\"2023-06-16T21:16:26+00:00\" \/>\n<meta property=\"og:image\" content=\"https:\/\/pagina10.com\/web\/wp-content\/uploads\/2023\/06\/perfil-maria-j-pizarro-NR.jpg\" \/>\n\t<meta property=\"og:image:width\" content=\"900\" \/>\n\t<meta property=\"og:image:height\" content=\"500\" \/>\n\t<meta property=\"og:image:type\" content=\"image\/jpeg\" \/>\n<meta name=\"author\" content=\"P\u00e1gina 10\" \/>\n<meta name=\"twitter:card\" content=\"summary_large_image\" \/>\n<meta name=\"twitter:creator\" content=\"@Pag10com\" \/>\n<meta name=\"twitter:site\" content=\"@Pag10com\" \/>\n<meta name=\"twitter:label1\" content=\"Escrito por\" \/>\n\t<meta name=\"twitter:data1\" content=\"P\u00e1gina 10\" \/>\n\t<meta name=\"twitter:label2\" content=\"Tiempo de lectura\" \/>\n\t<meta name=\"twitter:data2\" content=\"2 minutos\" \/>\n<script type=\"application\/ld+json\" class=\"yoast-schema-graph\">{\"@context\":\"https:\/\/schema.org\",\"@graph\":[{\"@type\":\"Article\",\"@id\":\"https:\/\/pagina10.com\/web\/se-aplazo-el-ultimo-debate-para-regular-el-uso-adulto-de-cannabis-en-colombia\/#article\",\"isPartOf\":{\"@id\":\"https:\/\/pagina10.com\/web\/se-aplazo-el-ultimo-debate-para-regular-el-uso-adulto-de-cannabis-en-colombia\/\"},\"author\":{\"name\":\"P\u00e1gina 10\",\"@id\":\"https:\/\/pagina10.com\/web\/#\/schema\/person\/2efc4a090d25b667d3bc796798a3a81b\"},\"headline\":\"Se aplaz\u00f3 el \u00faltimo debate para regular el uso adulto de cannabis en Colombia\",\"datePublished\":\"2023-06-16T21:13:47+00:00\",\"dateModified\":\"2023-06-16T21:16:26+00:00\",\"mainEntityOfPage\":{\"@id\":\"https:\/\/pagina10.com\/web\/se-aplazo-el-ultimo-debate-para-regular-el-uso-adulto-de-cannabis-en-colombia\/\"},\"wordCount\":327,\"commentCount\":0,\"publisher\":{\"@id\":\"https:\/\/pagina10.com\/web\/#organization\"},\"image\":{\"@id\":\"https:\/\/pagina10.com\/web\/se-aplazo-el-ultimo-debate-para-regular-el-uso-adulto-de-cannabis-en-colombia\/#primaryimage\"},\"thumbnailUrl\":\"https:\/\/pagina10.com\/web\/wp-content\/uploads\/2023\/06\/perfil-maria-j-pizarro-NR.jpg\",\"articleSection\":[\"Nacional\"],\"inLanguage\":\"es\",\"potentialAction\":[{\"@type\":\"CommentAction\",\"name\":\"Comment\",\"target\":[\"https:\/\/pagina10.com\/web\/se-aplazo-el-ultimo-debate-para-regular-el-uso-adulto-de-cannabis-en-colombia\/#respond\"]}]},{\"@type\":\"WebPage\",\"@id\":\"https:\/\/pagina10.com\/web\/se-aplazo-el-ultimo-debate-para-regular-el-uso-adulto-de-cannabis-en-colombia\/\",\"url\":\"https:\/\/pagina10.com\/web\/se-aplazo-el-ultimo-debate-para-regular-el-uso-adulto-de-cannabis-en-colombia\/\",\"name\":\"Se aplaz\u00f3 el \u00faltimo debate para regular el uso adulto de cannabis en Colombia | P\u00e1gina10\",\"isPartOf\":{\"@id\":\"https:\/\/pagina10.com\/web\/#website\"},\"primaryImageOfPage\":{\"@id\":\"https:\/\/pagina10.com\/web\/se-aplazo-el-ultimo-debate-para-regular-el-uso-adulto-de-cannabis-en-colombia\/#primaryimage\"},\"image\":{\"@id\":\"https:\/\/pagina10.com\/web\/se-aplazo-el-ultimo-debate-para-regular-el-uso-adulto-de-cannabis-en-colombia\/#primaryimage\"},\"thumbnailUrl\":\"https:\/\/pagina10.com\/web\/wp-content\/uploads\/2023\/06\/perfil-maria-j-pizarro-NR.jpg\",\"datePublished\":\"2023-06-16T21:13:47+00:00\",\"dateModified\":\"2023-06-16T21:16:26+00:00\",\"breadcrumb\":{\"@id\":\"https:\/\/pagina10.com\/web\/se-aplazo-el-ultimo-debate-para-regular-el-uso-adulto-de-cannabis-en-colombia\/#breadcrumb\"},\"inLanguage\":\"es\",\"potentialAction\":[{\"@type\":\"ReadAction\",\"target\":[\"https:\/\/pagina10.com\/web\/se-aplazo-el-ultimo-debate-para-regular-el-uso-adulto-de-cannabis-en-colombia\/\"]}]},{\"@type\":\"ImageObject\",\"inLanguage\":\"es\",\"@id\":\"https:\/\/pagina10.com\/web\/se-aplazo-el-ultimo-debate-para-regular-el-uso-adulto-de-cannabis-en-colombia\/#primaryimage\",\"url\":\"https:\/\/pagina10.com\/web\/wp-content\/uploads\/2023\/06\/perfil-maria-j-pizarro-NR.jpg\",\"contentUrl\":\"https:\/\/pagina10.com\/web\/wp-content\/uploads\/2023\/06\/perfil-maria-j-pizarro-NR.jpg\",\"width\":900,\"height\":500},{\"@type\":\"BreadcrumbList\",\"@id\":\"https:\/\/pagina10.com\/web\/se-aplazo-el-ultimo-debate-para-regular-el-uso-adulto-de-cannabis-en-colombia\/#breadcrumb\",\"itemListElement\":[{\"@type\":\"ListItem\",\"position\":1,\"name\":\"Portada\",\"item\":\"https:\/\/pagina10.com\/web\/\"},{\"@type\":\"ListItem\",\"position\":2,\"name\":\"Se aplaz\u00f3 el \u00faltimo debate para regular el uso adulto de cannabis en Colombia\"}]},{\"@type\":\"WebSite\",\"@id\":\"https:\/\/pagina10.com\/web\/#website\",\"url\":\"https:\/\/pagina10.com\/web\/\",\"name\":\"P\u00e1gina10\",\"description\":\"Peri\u00f3dico Regional\",\"publisher\":{\"@id\":\"https:\/\/pagina10.com\/web\/#organization\"},\"alternateName\":\"P\u00e1gina10 Peri\u00f3dico Regional\",\"potentialAction\":[{\"@type\":\"SearchAction\",\"target\":{\"@type\":\"EntryPoint\",\"urlTemplate\":\"https:\/\/pagina10.com\/web\/?s={search_term_string}\"},\"query-input\":{\"@type\":\"PropertyValueSpecification\",\"valueRequired\":true,\"valueName\":\"search_term_string\"}}],\"inLanguage\":\"es\"},{\"@type\":\"Organization\",\"@id\":\"https:\/\/pagina10.com\/web\/#organization\",\"name\":\"P\u00e1gina10\",\"alternateName\":\"P\u00e1gina10 Peri\u00f3dico Regional\",\"url\":\"https:\/\/pagina10.com\/web\/\",\"logo\":{\"@type\":\"ImageObject\",\"inLanguage\":\"es\",\"@id\":\"https:\/\/pagina10.com\/web\/#\/schema\/logo\/image\/\",\"url\":\"https:\/\/pagina10.com\/web\/wp-content\/uploads\/2024\/01\/40-pagina-10-periodico-regional-pasto.jpg\",\"contentUrl\":\"https:\/\/pagina10.com\/web\/wp-content\/uploads\/2024\/01\/40-pagina-10-periodico-regional-pasto.jpg\",\"width\":1280,\"height\":720,\"caption\":\"P\u00e1gina10\"},\"image\":{\"@id\":\"https:\/\/pagina10.com\/web\/#\/schema\/logo\/image\/\"},\"sameAs\":[\"https:\/\/www.facebook.com\/pag10com\",\"https:\/\/x.com\/Pag10com\",\"https:\/\/www.instagram.com\/pagina10col\/\",\"https:\/\/youtube.com\/channel\/pag10\",\"https:\/\/www.tiktok.com\/@p10col\"]},{\"@type\":\"Person\",\"@id\":\"https:\/\/pagina10.com\/web\/#\/schema\/person\/2efc4a090d25b667d3bc796798a3a81b\",\"name\":\"P\u00e1gina 10\",\"description\":\"P\u00e1gina 10 es un peri\u00f3dico regional que nace en Colombia, en el departamento de Nari\u00f1o, con un enfoque global, fundamentado en cuatro pilares esenciales: la libertad, el pluralismo, la inclusi\u00f3n y la independencia. P\u00e1gina 10 hace referencia a Nari\u00f1o como el d\u00e9cimo departamento creado en Colombia, despu\u00e9s de un proceso pol\u00edtico liderado por actores y actrices regionales con el fin de obtener la independencia y autonom\u00eda de nuestros territorios. Con la creaci\u00f3n de P\u00e1gina 10 se pretende abrir un escenario para el dialogo, la reflexi\u00f3n y el debate que se extienda a otras geograf\u00edas de Am\u00e9rica Latina y del planeta, en una apuesta por transformar colectivamente los desaf\u00edos de un mundo contempor\u00e1neo, m\u00e1s all\u00e1 de las fronteras impuestas.\",\"url\":\"https:\/\/pagina10.com\/web\/author\/pdiezadmin\/\"}]}<\/script>\n<!-- \/ Yoast SEO plugin. -->","yoast_head_json":{"title":"Se aplaz\u00f3 el \u00faltimo debate para regular el uso adulto de cannabis en Colombia | P\u00e1gina10","robots":{"index":"index","follow":"follow","max-snippet":"max-snippet:-1","max-image-preview":"max-image-preview:large","max-video-preview":"max-video-preview:-1"},"canonical":"https:\/\/pagina10.com\/web\/se-aplazo-el-ultimo-debate-para-regular-el-uso-adulto-de-cannabis-en-colombia\/","og_locale":"es_ES","og_type":"article","og_title":"Se aplaz\u00f3 el \u00faltimo debate para regular el uso adulto de cannabis en Colombia | P\u00e1gina10","og_description":"El \u00faltimo debate del proyecto de acto legislativo que regula el cannabis de uso adulto en Colombia fue aplazado. El proyecto debe ser aprobado antes del 20 de junio y no se podr\u00e1 discutir en sesiones extras debido a que implica la modificaci\u00f3n de un art\u00edculo constitucional. La sesi\u00f3n comenz\u00f3 con retraso debido a problemas [&hellip;]","og_url":"https:\/\/pagina10.com\/web\/se-aplazo-el-ultimo-debate-para-regular-el-uso-adulto-de-cannabis-en-colombia\/","og_site_name":"P\u00e1gina10","article_publisher":"https:\/\/www.facebook.com\/pag10com","article_published_time":"2023-06-16T21:13:47+00:00","article_modified_time":"2023-06-16T21:16:26+00:00","og_image":[{"width":900,"height":500,"url":"https:\/\/pagina10.com\/web\/wp-content\/uploads\/2023\/06\/perfil-maria-j-pizarro-NR.jpg","type":"image\/jpeg"}],"author":"P\u00e1gina 10","twitter_card":"summary_large_image","twitter_creator":"@Pag10com","twitter_site":"@Pag10com","twitter_misc":{"Escrito por":"P\u00e1gina 10","Tiempo de lectura":"2 minutos"},"schema":{"@context":"https:\/\/schema.org","@graph":[{"@type":"Article","@id":"https:\/\/pagina10.com\/web\/se-aplazo-el-ultimo-debate-para-regular-el-uso-adulto-de-cannabis-en-colombia\/#article","isPartOf":{"@id":"https:\/\/pagina10.com\/web\/se-aplazo-el-ultimo-debate-para-regular-el-uso-adulto-de-cannabis-en-colombia\/"},"author":{"name":"P\u00e1gina 10","@id":"https:\/\/pagina10.com\/web\/#\/schema\/person\/2efc4a090d25b667d3bc796798a3a81b"},"headline":"Se aplaz\u00f3 el \u00faltimo debate para regular el uso adulto de cannabis en Colombia","datePublished":"2023-06-16T21:13:47+00:00","dateModified":"2023-06-16T21:16:26+00:00","mainEntityOfPage":{"@id":"https:\/\/pagina10.com\/web\/se-aplazo-el-ultimo-debate-para-regular-el-uso-adulto-de-cannabis-en-colombia\/"},"wordCount":327,"commentCount":0,"publisher":{"@id":"https:\/\/pagina10.com\/web\/#organization"},"image":{"@id":"https:\/\/pagina10.com\/web\/se-aplazo-el-ultimo-debate-para-regular-el-uso-adulto-de-cannabis-en-colombia\/#primaryimage"},"thumbnailUrl":"https:\/\/pagina10.com\/web\/wp-content\/uploads\/2023\/06\/perfil-maria-j-pizarro-NR.jpg","articleSection":["Nacional"],"inLanguage":"es","potentialAction":[{"@type":"CommentAction","name":"Comment","target":["https:\/\/pagina10.com\/web\/se-aplazo-el-ultimo-debate-para-regular-el-uso-adulto-de-cannabis-en-colombia\/#respond"]}]},{"@type":"WebPage","@id":"https:\/\/pagina10.com\/web\/se-aplazo-el-ultimo-debate-para-regular-el-uso-adulto-de-cannabis-en-colombia\/","url":"https:\/\/pagina10.com\/web\/se-aplazo-el-ultimo-debate-para-regular-el-uso-adulto-de-cannabis-en-colombia\/","name":"Se aplaz\u00f3 el \u00faltimo debate para regular el uso adulto de cannabis en Colombia | P\u00e1gina10","isPartOf":{"@id":"https:\/\/pagina10.com\/web\/#website"},"primaryImageOfPage":{"@id":"https:\/\/pagina10.com\/web\/se-aplazo-el-ultimo-debate-para-regular-el-uso-adulto-de-cannabis-en-colombia\/#primaryimage"},"image":{"@id":"https:\/\/pagina10.com\/web\/se-aplazo-el-ultimo-debate-para-regular-el-uso-adulto-de-cannabis-en-colombia\/#primaryimage"},"thumbnailUrl":"https:\/\/pagina10.com\/web\/wp-content\/uploads\/2023\/06\/perfil-maria-j-pizarro-NR.jpg","datePublished":"2023-06-16T21:13:47+00:00","dateModified":"2023-06-16T21:16:26+00:00","breadcrumb":{"@id":"https:\/\/pagina10.com\/web\/se-aplazo-el-ultimo-debate-para-regular-el-uso-adulto-de-cannabis-en-colombia\/#breadcrumb"},"inLanguage":"es","potentialAction":[{"@type":"ReadAction","target":["https:\/\/pagina10.com\/web\/se-aplazo-el-ultimo-debate-para-regular-el-uso-adulto-de-cannabis-en-colombia\/"]}]},{"@type":"ImageObject","inLanguage":"es","@id":"https:\/\/pagina10.com\/web\/se-aplazo-el-ultimo-debate-para-regular-el-uso-adulto-de-cannabis-en-colombia\/#primaryimage","url":"https:\/\/pagina10.com\/web\/wp-content\/uploads\/2023\/06\/perfil-maria-j-pizarro-NR.jpg","contentUrl":"https:\/\/pagina10.com\/web\/wp-content\/uploads\/2023\/06\/perfil-maria-j-pizarro-NR.jpg","width":900,"height":500},{"@type":"BreadcrumbList","@id":"https:\/\/pagina10.com\/web\/se-aplazo-el-ultimo-debate-para-regular-el-uso-adulto-de-cannabis-en-colombia\/#breadcrumb","itemListElement":[{"@type":"ListItem","position":1,"name":"Portada","item":"https:\/\/pagina10.com\/web\/"},{"@type":"ListItem","position":2,"name":"Se aplaz\u00f3 el \u00faltimo debate para regular el uso adulto de cannabis en Colombia"}]},{"@type":"WebSite","@id":"https:\/\/pagina10.com\/web\/#website","url":"https:\/\/pagina10.com\/web\/","name":"P\u00e1gina10","description":"Peri\u00f3dico Regional","publisher":{"@id":"https:\/\/pagina10.com\/web\/#organization"},"alternateName":"P\u00e1gina10 Peri\u00f3dico Regional","potentialAction":[{"@type":"SearchAction","target":{"@type":"EntryPoint","urlTemplate":"https:\/\/pagina10.com\/web\/?s={search_term_string}"},"query-input":{"@type":"PropertyValueSpecification","valueRequired":true,"valueName":"search_term_string"}}],"inLanguage":"es"},{"@type":"Organization","@id":"https:\/\/pagina10.com\/web\/#organization","name":"P\u00e1gina10","alternateName":"P\u00e1gina10 Peri\u00f3dico Regional","url":"https:\/\/pagina10.com\/web\/","logo":{"@type":"ImageObject","inLanguage":"es","@id":"https:\/\/pagina10.com\/web\/#\/schema\/logo\/image\/","url":"https:\/\/pagina10.com\/web\/wp-content\/uploads\/2024\/01\/40-pagina-10-periodico-regional-pasto.jpg","contentUrl":"https:\/\/pagina10.com\/web\/wp-content\/uploads\/2024\/01\/40-pagina-10-periodico-regional-pasto.jpg","width":1280,"height":720,"caption":"P\u00e1gina10"},"image":{"@id":"https:\/\/pagina10.com\/web\/#\/schema\/logo\/image\/"},"sameAs":["https:\/\/www.facebook.com\/pag10com","https:\/\/x.com\/Pag10com","https:\/\/www.instagram.com\/pagina10col\/","https:\/\/youtube.com\/channel\/pag10","https:\/\/www.tiktok.com\/@p10col"]},{"@type":"Person","@id":"https:\/\/pagina10.com\/web\/#\/schema\/person\/2efc4a090d25b667d3bc796798a3a81b","name":"P\u00e1gina 10","description":"P\u00e1gina 10 es un peri\u00f3dico regional que nace en Colombia, en el departamento de Nari\u00f1o, con un enfoque global, fundamentado en cuatro pilares esenciales: la libertad, el pluralismo, la inclusi\u00f3n y la independencia. P\u00e1gina 10 hace referencia a Nari\u00f1o como el d\u00e9cimo departamento creado en Colombia, despu\u00e9s de un proceso pol\u00edtico liderado por actores y actrices regionales con el fin de obtener la independencia y autonom\u00eda de nuestros territorios. Con la creaci\u00f3n de P\u00e1gina 10 se pretende abrir un escenario para el dialogo, la reflexi\u00f3n y el debate que se extienda a otras geograf\u00edas de Am\u00e9rica Latina y del planeta, en una apuesta por transformar colectivamente los desaf\u00edos de un mundo contempor\u00e1neo, m\u00e1s all\u00e1 de las fronteras impuestas.","url":"https:\/\/pagina10.com\/web\/author\/pdiezadmin\/"}]}},"_links":{"self":[{"href":"https:\/\/pagina10.com\/web\/wp-json\/wp\/v2\/posts\/66696","targetHints":{"allow":["GET"]}}],"collection":[{"href":"https:\/\/pagina10.com\/web\/wp-json\/wp\/v2\/posts"}],"about":[{"href":"https:\/\/pagina10.com\/web\/wp-json\/wp\/v2\/types\/post"}],"author":[{"embeddable":true,"href":"https:\/\/pagina10.com\/web\/wp-json\/wp\/v2\/users\/1"}],"replies":[{"embeddable":true,"href":"https:\/\/pagina10.com\/web\/wp-json\/wp\/v2\/comments?post=66696"}],"version-history":[{"count":3,"href":"https:\/\/pagina10.com\/web\/wp-json\/wp\/v2\/posts\/66696\/revisions"}],"predecessor-version":[{"id":66699,"href":"https:\/\/pagina10.com\/web\/wp-json\/wp\/v2\/posts\/66696\/revisions\/66699"}],"wp:featuredmedia":[{"embeddable":true,"href":"https:\/\/pagina10.com\/web\/wp-json\/wp\/v2\/media\/66697"}],"wp:attachment":[{"href":"https:\/\/pagina10.com\/web\/wp-json\/wp\/v2\/media?parent=66696"}],"wp:term":[{"taxonomy":"category","embeddable":true,"href":"https:\/\/pagina10.com\/web\/wp-json\/wp\/v2\/categories?post=66696"},{"taxonomy":"post_tag","embeddable":true,"href":"https:\/\/pagina10.com\/web\/wp-json\/wp\/v2\/tags?post=66696"}],"curies":[{"name":"wp","href":"https:\/\/api.w.org\/{rel}","templated":true}]}}