{"id":66701,"date":"2023-06-17T14:44:14","date_gmt":"2023-06-17T19:44:14","guid":{"rendered":"https:\/\/pagina10.com\/web\/?p=66701"},"modified":"2023-06-17T14:45:03","modified_gmt":"2023-06-17T19:45:03","slug":"alemania-devolvio-mascaras-magicas-del-pueblo-kogui-al-presidente-petro","status":"publish","type":"post","link":"https:\/\/pagina10.com\/web\/alemania-devolvio-mascaras-magicas-del-pueblo-kogui-al-presidente-petro\/","title":{"rendered":"Alemania devolvi\u00f3 m\u00e1scaras m\u00e1gicas del pueblo Kogui al presidente Petro"},"content":{"rendered":"<p style=\"text-align: justify;\">El presidente Gustavo Petro anunci\u00f3 que las <strong>m\u00e1scaras sagradas del pueblo Kogui, que hab\u00edan estado en Alemania desde 1915, fueron devueltas<\/strong> a Colombia durante su visita oficial. Afirm\u00f3 que las m\u00e1scaras se utilizar\u00e1n para conectarse con los esp\u00edritus y ayudar a alcanzar la Paz Total en el pa\u00eds.<\/p>\n<p style=\"text-align: justify;\">La restituci\u00f3n de estos objetos forma parte de los esfuerzos del gobierno para <strong>recuperar el patrimonio cultural colombiano<\/strong>, sumando un total de aproximadamente 540 elementos devueltos durante su mandato.<\/p>\n<p style=\"text-align: justify;\">Las m\u00e1scaras tienen una gran importancia para los Kogui, pues se utilizan en rituales, danzas y cantos, y se consideran adquiridas con permiso divino, adem\u00e1s se cree que promueven la curaci\u00f3n espiritual, la preservaci\u00f3n de la cohesi\u00f3n social y el bienestar de todo el pueblo.<\/p>\n<p style=\"text-align: justify;\">La devoluci\u00f3n de estas m\u00e1scaras, que datan del siglo XV, es un hito significativo para la cultura Kogui, ya que <strong>fueron creadas<\/strong> <strong>antes de la llegada de los espa\u00f1oles y se mantienen bajo la autoridad de los mamos<\/strong>, sacerdotes o aprendices Kogui.<\/p>\n","protected":false},"excerpt":{"rendered":"<p>El presidente Gustavo Petro anunci\u00f3 que las m\u00e1scaras sagradas del pueblo Kogui, que hab\u00edan estado en Alemania desde 1915, fueron devueltas a Colombia durante su visita oficial. Afirm\u00f3 que las m\u00e1scaras se utilizar\u00e1n para conectarse con los esp\u00edritus y ayudar a alcanzar la Paz Total en el pa\u00eds. La restituci\u00f3n de estos objetos forma parte [&hellip;]<\/p>\n","protected":false},"author":1,"featured_media":66702,"comment_status":"open","ping_status":"open","sticky":false,"template":"","format":"standard","meta":{"footnotes":""},"categories":[94],"tags":[],"class_list":["post-66701","post","type-post","status-publish","format-standard","has-post-thumbnail","hentry","category-nacional-global-2"],"yoast_head":"<!-- This site is optimized with the Yoast SEO plugin v27.1.1 - https:\/\/yoast.com\/product\/yoast-seo-wordpress\/ -->\n<title>Alemania devolvi\u00f3 m\u00e1scaras m\u00e1gicas del pueblo Kogui al presidente Petro | P\u00e1gina10<\/title>\n<meta name=\"robots\" content=\"index, follow, max-snippet:-1, max-image-preview:large, max-video-preview:-1\" \/>\n<link rel=\"canonical\" href=\"https:\/\/pagina10.com\/web\/alemania-devolvio-mascaras-magicas-del-pueblo-kogui-al-presidente-petro\/\" \/>\n<meta property=\"og:locale\" content=\"es_ES\" \/>\n<meta property=\"og:type\" content=\"article\" \/>\n<meta property=\"og:title\" content=\"Alemania devolvi\u00f3 m\u00e1scaras m\u00e1gicas del pueblo Kogui al presidente Petro | P\u00e1gina10\" \/>\n<meta property=\"og:description\" content=\"El presidente Gustavo Petro anunci\u00f3 que las m\u00e1scaras sagradas del pueblo Kogui, que hab\u00edan estado en Alemania desde 1915, fueron devueltas a Colombia durante su visita oficial. Afirm\u00f3 que las m\u00e1scaras se utilizar\u00e1n para conectarse con los esp\u00edritus y ayudar a alcanzar la Paz Total en el pa\u00eds. La restituci\u00f3n de estos objetos forma parte [&hellip;]\" \/>\n<meta property=\"og:url\" content=\"https:\/\/pagina10.com\/web\/alemania-devolvio-mascaras-magicas-del-pueblo-kogui-al-presidente-petro\/\" \/>\n<meta property=\"og:site_name\" content=\"P\u00e1gina10\" \/>\n<meta property=\"article:publisher\" content=\"https:\/\/www.facebook.com\/pag10com\" \/>\n<meta property=\"article:published_time\" content=\"2023-06-17T19:44:14+00:00\" \/>\n<meta property=\"article:modified_time\" content=\"2023-06-17T19:45:03+00:00\" \/>\n<meta property=\"og:image\" content=\"https:\/\/pagina10.com\/web\/wp-content\/uploads\/2023\/06\/20230616_111949-1.webp\" \/>\n\t<meta property=\"og:image:width\" content=\"800\" \/>\n\t<meta property=\"og:image:height\" content=\"445\" \/>\n\t<meta property=\"og:image:type\" content=\"image\/webp\" \/>\n<meta name=\"author\" content=\"P\u00e1gina 10\" \/>\n<meta name=\"twitter:card\" content=\"summary_large_image\" \/>\n<meta name=\"twitter:creator\" content=\"@Pag10com\" \/>\n<meta name=\"twitter:site\" content=\"@Pag10com\" \/>\n<meta name=\"twitter:label1\" content=\"Escrito por\" \/>\n\t<meta name=\"twitter:data1\" content=\"P\u00e1gina 10\" \/>\n\t<meta name=\"twitter:label2\" content=\"Tiempo de lectura\" \/>\n\t<meta name=\"twitter:data2\" content=\"1 minuto\" \/>\n<script type=\"application\/ld+json\" class=\"yoast-schema-graph\">{\"@context\":\"https:\/\/schema.org\",\"@graph\":[{\"@type\":\"Article\",\"@id\":\"https:\/\/pagina10.com\/web\/alemania-devolvio-mascaras-magicas-del-pueblo-kogui-al-presidente-petro\/#article\",\"isPartOf\":{\"@id\":\"https:\/\/pagina10.com\/web\/alemania-devolvio-mascaras-magicas-del-pueblo-kogui-al-presidente-petro\/\"},\"author\":{\"name\":\"P\u00e1gina 10\",\"@id\":\"https:\/\/pagina10.com\/web\/#\/schema\/person\/2efc4a090d25b667d3bc796798a3a81b\"},\"headline\":\"Alemania devolvi\u00f3 m\u00e1scaras m\u00e1gicas del pueblo Kogui al presidente Petro\",\"datePublished\":\"2023-06-17T19:44:14+00:00\",\"dateModified\":\"2023-06-17T19:45:03+00:00\",\"mainEntityOfPage\":{\"@id\":\"https:\/\/pagina10.com\/web\/alemania-devolvio-mascaras-magicas-del-pueblo-kogui-al-presidente-petro\/\"},\"wordCount\":189,\"commentCount\":0,\"publisher\":{\"@id\":\"https:\/\/pagina10.com\/web\/#organization\"},\"image\":{\"@id\":\"https:\/\/pagina10.com\/web\/alemania-devolvio-mascaras-magicas-del-pueblo-kogui-al-presidente-petro\/#primaryimage\"},\"thumbnailUrl\":\"https:\/\/pagina10.com\/web\/wp-content\/uploads\/2023\/06\/20230616_111949-1.webp\",\"articleSection\":[\"Nacional\"],\"inLanguage\":\"es\",\"potentialAction\":[{\"@type\":\"CommentAction\",\"name\":\"Comment\",\"target\":[\"https:\/\/pagina10.com\/web\/alemania-devolvio-mascaras-magicas-del-pueblo-kogui-al-presidente-petro\/#respond\"]}]},{\"@type\":\"WebPage\",\"@id\":\"https:\/\/pagina10.com\/web\/alemania-devolvio-mascaras-magicas-del-pueblo-kogui-al-presidente-petro\/\",\"url\":\"https:\/\/pagina10.com\/web\/alemania-devolvio-mascaras-magicas-del-pueblo-kogui-al-presidente-petro\/\",\"name\":\"Alemania devolvi\u00f3 m\u00e1scaras m\u00e1gicas del pueblo Kogui al presidente Petro | P\u00e1gina10\",\"isPartOf\":{\"@id\":\"https:\/\/pagina10.com\/web\/#website\"},\"primaryImageOfPage\":{\"@id\":\"https:\/\/pagina10.com\/web\/alemania-devolvio-mascaras-magicas-del-pueblo-kogui-al-presidente-petro\/#primaryimage\"},\"image\":{\"@id\":\"https:\/\/pagina10.com\/web\/alemania-devolvio-mascaras-magicas-del-pueblo-kogui-al-presidente-petro\/#primaryimage\"},\"thumbnailUrl\":\"https:\/\/pagina10.com\/web\/wp-content\/uploads\/2023\/06\/20230616_111949-1.webp\",\"datePublished\":\"2023-06-17T19:44:14+00:00\",\"dateModified\":\"2023-06-17T19:45:03+00:00\",\"breadcrumb\":{\"@id\":\"https:\/\/pagina10.com\/web\/alemania-devolvio-mascaras-magicas-del-pueblo-kogui-al-presidente-petro\/#breadcrumb\"},\"inLanguage\":\"es\",\"potentialAction\":[{\"@type\":\"ReadAction\",\"target\":[\"https:\/\/pagina10.com\/web\/alemania-devolvio-mascaras-magicas-del-pueblo-kogui-al-presidente-petro\/\"]}]},{\"@type\":\"ImageObject\",\"inLanguage\":\"es\",\"@id\":\"https:\/\/pagina10.com\/web\/alemania-devolvio-mascaras-magicas-del-pueblo-kogui-al-presidente-petro\/#primaryimage\",\"url\":\"https:\/\/pagina10.com\/web\/wp-content\/uploads\/2023\/06\/20230616_111949-1.webp\",\"contentUrl\":\"https:\/\/pagina10.com\/web\/wp-content\/uploads\/2023\/06\/20230616_111949-1.webp\",\"width\":800,\"height\":445},{\"@type\":\"BreadcrumbList\",\"@id\":\"https:\/\/pagina10.com\/web\/alemania-devolvio-mascaras-magicas-del-pueblo-kogui-al-presidente-petro\/#breadcrumb\",\"itemListElement\":[{\"@type\":\"ListItem\",\"position\":1,\"name\":\"Portada\",\"item\":\"https:\/\/pagina10.com\/web\/\"},{\"@type\":\"ListItem\",\"position\":2,\"name\":\"Alemania devolvi\u00f3 m\u00e1scaras m\u00e1gicas del pueblo Kogui al presidente Petro\"}]},{\"@type\":\"WebSite\",\"@id\":\"https:\/\/pagina10.com\/web\/#website\",\"url\":\"https:\/\/pagina10.com\/web\/\",\"name\":\"P\u00e1gina10\",\"description\":\"Peri\u00f3dico Regional\",\"publisher\":{\"@id\":\"https:\/\/pagina10.com\/web\/#organization\"},\"alternateName\":\"P\u00e1gina10 Peri\u00f3dico Regional\",\"potentialAction\":[{\"@type\":\"SearchAction\",\"target\":{\"@type\":\"EntryPoint\",\"urlTemplate\":\"https:\/\/pagina10.com\/web\/?s={search_term_string}\"},\"query-input\":{\"@type\":\"PropertyValueSpecification\",\"valueRequired\":true,\"valueName\":\"search_term_string\"}}],\"inLanguage\":\"es\"},{\"@type\":\"Organization\",\"@id\":\"https:\/\/pagina10.com\/web\/#organization\",\"name\":\"P\u00e1gina10\",\"alternateName\":\"P\u00e1gina10 Peri\u00f3dico Regional\",\"url\":\"https:\/\/pagina10.com\/web\/\",\"logo\":{\"@type\":\"ImageObject\",\"inLanguage\":\"es\",\"@id\":\"https:\/\/pagina10.com\/web\/#\/schema\/logo\/image\/\",\"url\":\"https:\/\/pagina10.com\/web\/wp-content\/uploads\/2024\/01\/40-pagina-10-periodico-regional-pasto.jpg\",\"contentUrl\":\"https:\/\/pagina10.com\/web\/wp-content\/uploads\/2024\/01\/40-pagina-10-periodico-regional-pasto.jpg\",\"width\":1280,\"height\":720,\"caption\":\"P\u00e1gina10\"},\"image\":{\"@id\":\"https:\/\/pagina10.com\/web\/#\/schema\/logo\/image\/\"},\"sameAs\":[\"https:\/\/www.facebook.com\/pag10com\",\"https:\/\/x.com\/Pag10com\",\"https:\/\/www.instagram.com\/pagina10col\/\",\"https:\/\/youtube.com\/channel\/pag10\",\"https:\/\/www.tiktok.com\/@p10col\"]},{\"@type\":\"Person\",\"@id\":\"https:\/\/pagina10.com\/web\/#\/schema\/person\/2efc4a090d25b667d3bc796798a3a81b\",\"name\":\"P\u00e1gina 10\",\"description\":\"P\u00e1gina 10 es un peri\u00f3dico regional que nace en Colombia, en el departamento de Nari\u00f1o, con un enfoque global, fundamentado en cuatro pilares esenciales: la libertad, el pluralismo, la inclusi\u00f3n y la independencia. P\u00e1gina 10 hace referencia a Nari\u00f1o como el d\u00e9cimo departamento creado en Colombia, despu\u00e9s de un proceso pol\u00edtico liderado por actores y actrices regionales con el fin de obtener la independencia y autonom\u00eda de nuestros territorios. Con la creaci\u00f3n de P\u00e1gina 10 se pretende abrir un escenario para el dialogo, la reflexi\u00f3n y el debate que se extienda a otras geograf\u00edas de Am\u00e9rica Latina y del planeta, en una apuesta por transformar colectivamente los desaf\u00edos de un mundo contempor\u00e1neo, m\u00e1s all\u00e1 de las fronteras impuestas.\",\"url\":\"https:\/\/pagina10.com\/web\/author\/pdiezadmin\/\"}]}<\/script>\n<!-- \/ Yoast SEO plugin. -->","yoast_head_json":{"title":"Alemania devolvi\u00f3 m\u00e1scaras m\u00e1gicas del pueblo Kogui al presidente Petro | P\u00e1gina10","robots":{"index":"index","follow":"follow","max-snippet":"max-snippet:-1","max-image-preview":"max-image-preview:large","max-video-preview":"max-video-preview:-1"},"canonical":"https:\/\/pagina10.com\/web\/alemania-devolvio-mascaras-magicas-del-pueblo-kogui-al-presidente-petro\/","og_locale":"es_ES","og_type":"article","og_title":"Alemania devolvi\u00f3 m\u00e1scaras m\u00e1gicas del pueblo Kogui al presidente Petro | P\u00e1gina10","og_description":"El presidente Gustavo Petro anunci\u00f3 que las m\u00e1scaras sagradas del pueblo Kogui, que hab\u00edan estado en Alemania desde 1915, fueron devueltas a Colombia durante su visita oficial. Afirm\u00f3 que las m\u00e1scaras se utilizar\u00e1n para conectarse con los esp\u00edritus y ayudar a alcanzar la Paz Total en el pa\u00eds. La restituci\u00f3n de estos objetos forma parte [&hellip;]","og_url":"https:\/\/pagina10.com\/web\/alemania-devolvio-mascaras-magicas-del-pueblo-kogui-al-presidente-petro\/","og_site_name":"P\u00e1gina10","article_publisher":"https:\/\/www.facebook.com\/pag10com","article_published_time":"2023-06-17T19:44:14+00:00","article_modified_time":"2023-06-17T19:45:03+00:00","og_image":[{"width":800,"height":445,"url":"https:\/\/pagina10.com\/web\/wp-content\/uploads\/2023\/06\/20230616_111949-1.webp","type":"image\/webp"}],"author":"P\u00e1gina 10","twitter_card":"summary_large_image","twitter_creator":"@Pag10com","twitter_site":"@Pag10com","twitter_misc":{"Escrito por":"P\u00e1gina 10","Tiempo de lectura":"1 minuto"},"schema":{"@context":"https:\/\/schema.org","@graph":[{"@type":"Article","@id":"https:\/\/pagina10.com\/web\/alemania-devolvio-mascaras-magicas-del-pueblo-kogui-al-presidente-petro\/#article","isPartOf":{"@id":"https:\/\/pagina10.com\/web\/alemania-devolvio-mascaras-magicas-del-pueblo-kogui-al-presidente-petro\/"},"author":{"name":"P\u00e1gina 10","@id":"https:\/\/pagina10.com\/web\/#\/schema\/person\/2efc4a090d25b667d3bc796798a3a81b"},"headline":"Alemania devolvi\u00f3 m\u00e1scaras m\u00e1gicas del pueblo Kogui al presidente Petro","datePublished":"2023-06-17T19:44:14+00:00","dateModified":"2023-06-17T19:45:03+00:00","mainEntityOfPage":{"@id":"https:\/\/pagina10.com\/web\/alemania-devolvio-mascaras-magicas-del-pueblo-kogui-al-presidente-petro\/"},"wordCount":189,"commentCount":0,"publisher":{"@id":"https:\/\/pagina10.com\/web\/#organization"},"image":{"@id":"https:\/\/pagina10.com\/web\/alemania-devolvio-mascaras-magicas-del-pueblo-kogui-al-presidente-petro\/#primaryimage"},"thumbnailUrl":"https:\/\/pagina10.com\/web\/wp-content\/uploads\/2023\/06\/20230616_111949-1.webp","articleSection":["Nacional"],"inLanguage":"es","potentialAction":[{"@type":"CommentAction","name":"Comment","target":["https:\/\/pagina10.com\/web\/alemania-devolvio-mascaras-magicas-del-pueblo-kogui-al-presidente-petro\/#respond"]}]},{"@type":"WebPage","@id":"https:\/\/pagina10.com\/web\/alemania-devolvio-mascaras-magicas-del-pueblo-kogui-al-presidente-petro\/","url":"https:\/\/pagina10.com\/web\/alemania-devolvio-mascaras-magicas-del-pueblo-kogui-al-presidente-petro\/","name":"Alemania devolvi\u00f3 m\u00e1scaras m\u00e1gicas del pueblo Kogui al presidente Petro | P\u00e1gina10","isPartOf":{"@id":"https:\/\/pagina10.com\/web\/#website"},"primaryImageOfPage":{"@id":"https:\/\/pagina10.com\/web\/alemania-devolvio-mascaras-magicas-del-pueblo-kogui-al-presidente-petro\/#primaryimage"},"image":{"@id":"https:\/\/pagina10.com\/web\/alemania-devolvio-mascaras-magicas-del-pueblo-kogui-al-presidente-petro\/#primaryimage"},"thumbnailUrl":"https:\/\/pagina10.com\/web\/wp-content\/uploads\/2023\/06\/20230616_111949-1.webp","datePublished":"2023-06-17T19:44:14+00:00","dateModified":"2023-06-17T19:45:03+00:00","breadcrumb":{"@id":"https:\/\/pagina10.com\/web\/alemania-devolvio-mascaras-magicas-del-pueblo-kogui-al-presidente-petro\/#breadcrumb"},"inLanguage":"es","potentialAction":[{"@type":"ReadAction","target":["https:\/\/pagina10.com\/web\/alemania-devolvio-mascaras-magicas-del-pueblo-kogui-al-presidente-petro\/"]}]},{"@type":"ImageObject","inLanguage":"es","@id":"https:\/\/pagina10.com\/web\/alemania-devolvio-mascaras-magicas-del-pueblo-kogui-al-presidente-petro\/#primaryimage","url":"https:\/\/pagina10.com\/web\/wp-content\/uploads\/2023\/06\/20230616_111949-1.webp","contentUrl":"https:\/\/pagina10.com\/web\/wp-content\/uploads\/2023\/06\/20230616_111949-1.webp","width":800,"height":445},{"@type":"BreadcrumbList","@id":"https:\/\/pagina10.com\/web\/alemania-devolvio-mascaras-magicas-del-pueblo-kogui-al-presidente-petro\/#breadcrumb","itemListElement":[{"@type":"ListItem","position":1,"name":"Portada","item":"https:\/\/pagina10.com\/web\/"},{"@type":"ListItem","position":2,"name":"Alemania devolvi\u00f3 m\u00e1scaras m\u00e1gicas del pueblo Kogui al presidente Petro"}]},{"@type":"WebSite","@id":"https:\/\/pagina10.com\/web\/#website","url":"https:\/\/pagina10.com\/web\/","name":"P\u00e1gina10","description":"Peri\u00f3dico Regional","publisher":{"@id":"https:\/\/pagina10.com\/web\/#organization"},"alternateName":"P\u00e1gina10 Peri\u00f3dico Regional","potentialAction":[{"@type":"SearchAction","target":{"@type":"EntryPoint","urlTemplate":"https:\/\/pagina10.com\/web\/?s={search_term_string}"},"query-input":{"@type":"PropertyValueSpecification","valueRequired":true,"valueName":"search_term_string"}}],"inLanguage":"es"},{"@type":"Organization","@id":"https:\/\/pagina10.com\/web\/#organization","name":"P\u00e1gina10","alternateName":"P\u00e1gina10 Peri\u00f3dico Regional","url":"https:\/\/pagina10.com\/web\/","logo":{"@type":"ImageObject","inLanguage":"es","@id":"https:\/\/pagina10.com\/web\/#\/schema\/logo\/image\/","url":"https:\/\/pagina10.com\/web\/wp-content\/uploads\/2024\/01\/40-pagina-10-periodico-regional-pasto.jpg","contentUrl":"https:\/\/pagina10.com\/web\/wp-content\/uploads\/2024\/01\/40-pagina-10-periodico-regional-pasto.jpg","width":1280,"height":720,"caption":"P\u00e1gina10"},"image":{"@id":"https:\/\/pagina10.com\/web\/#\/schema\/logo\/image\/"},"sameAs":["https:\/\/www.facebook.com\/pag10com","https:\/\/x.com\/Pag10com","https:\/\/www.instagram.com\/pagina10col\/","https:\/\/youtube.com\/channel\/pag10","https:\/\/www.tiktok.com\/@p10col"]},{"@type":"Person","@id":"https:\/\/pagina10.com\/web\/#\/schema\/person\/2efc4a090d25b667d3bc796798a3a81b","name":"P\u00e1gina 10","description":"P\u00e1gina 10 es un peri\u00f3dico regional que nace en Colombia, en el departamento de Nari\u00f1o, con un enfoque global, fundamentado en cuatro pilares esenciales: la libertad, el pluralismo, la inclusi\u00f3n y la independencia. P\u00e1gina 10 hace referencia a Nari\u00f1o como el d\u00e9cimo departamento creado en Colombia, despu\u00e9s de un proceso pol\u00edtico liderado por actores y actrices regionales con el fin de obtener la independencia y autonom\u00eda de nuestros territorios. Con la creaci\u00f3n de P\u00e1gina 10 se pretende abrir un escenario para el dialogo, la reflexi\u00f3n y el debate que se extienda a otras geograf\u00edas de Am\u00e9rica Latina y del planeta, en una apuesta por transformar colectivamente los desaf\u00edos de un mundo contempor\u00e1neo, m\u00e1s all\u00e1 de las fronteras impuestas.","url":"https:\/\/pagina10.com\/web\/author\/pdiezadmin\/"}]}},"_links":{"self":[{"href":"https:\/\/pagina10.com\/web\/wp-json\/wp\/v2\/posts\/66701","targetHints":{"allow":["GET"]}}],"collection":[{"href":"https:\/\/pagina10.com\/web\/wp-json\/wp\/v2\/posts"}],"about":[{"href":"https:\/\/pagina10.com\/web\/wp-json\/wp\/v2\/types\/post"}],"author":[{"embeddable":true,"href":"https:\/\/pagina10.com\/web\/wp-json\/wp\/v2\/users\/1"}],"replies":[{"embeddable":true,"href":"https:\/\/pagina10.com\/web\/wp-json\/wp\/v2\/comments?post=66701"}],"version-history":[{"count":2,"href":"https:\/\/pagina10.com\/web\/wp-json\/wp\/v2\/posts\/66701\/revisions"}],"predecessor-version":[{"id":66710,"href":"https:\/\/pagina10.com\/web\/wp-json\/wp\/v2\/posts\/66701\/revisions\/66710"}],"wp:featuredmedia":[{"embeddable":true,"href":"https:\/\/pagina10.com\/web\/wp-json\/wp\/v2\/media\/66702"}],"wp:attachment":[{"href":"https:\/\/pagina10.com\/web\/wp-json\/wp\/v2\/media?parent=66701"}],"wp:term":[{"taxonomy":"category","embeddable":true,"href":"https:\/\/pagina10.com\/web\/wp-json\/wp\/v2\/categories?post=66701"},{"taxonomy":"post_tag","embeddable":true,"href":"https:\/\/pagina10.com\/web\/wp-json\/wp\/v2\/tags?post=66701"}],"curies":[{"name":"wp","href":"https:\/\/api.w.org\/{rel}","templated":true}]}}