{"id":66725,"date":"2023-06-17T18:13:37","date_gmt":"2023-06-17T23:13:37","guid":{"rendered":"https:\/\/pagina10.com\/web\/?p=66725"},"modified":"2023-06-17T18:13:37","modified_gmt":"2023-06-17T23:13:37","slug":"de-milagros-y-olvidos","status":"publish","type":"post","link":"https:\/\/pagina10.com\/web\/de-milagros-y-olvidos\/","title":{"rendered":"De milagros y olvidos."},"content":{"rendered":"<div>\n<div dir=\"auto\" style=\"text-align: justify;\">&#8220;Sin embargo, en el tercer viaje, ya de vuelta y con un paciente a bordo, tras 10 minutos de recorrido, el piloto comenz\u00f3 a notar que la avioneta emanaba un olor fuerte a aceite quemado sin presencia de humo. \u201cEl Piloto elev\u00f3 su alerta situacional y al inspeccionar los par\u00e1metros del motor, encontr\u00f3 que la temperatura de aceite y de cabeza de cilindros empezaban a aumentar sustancialmente mientras la presi\u00f3n de aceite disminu\u00eda\u201d, reporta el informe.<\/div>\n<\/div>\n<div style=\"text-align: justify;\">\n<div dir=\"auto\">&#8220;En este momento el piloto record\u00f3 el protocolo a los ocupantes y aplic\u00f3 el procedimiento de emergencia, tratando de encontrar una pista de aterrizaje, pero no la encontr\u00f3, por lo que decidi\u00f3 volver a la pista San Miguel en Sona\u00f1a. \u201cNo obstante, el motor comenz\u00f3 a perder potencia gradualmente hasta el punto de no poder mantenerse la altura de la aeronave; y, poco despu\u00e9s, el motor se apag\u00f3 por completo\u201d, reza el documento&#8221;.<\/div>\n<\/div>\n<div style=\"text-align: justify;\">\n<div dir=\"auto\">Este es un informe de uno de los vuelos siniestrados en Guaviare hace poco tiempo. Son muchos los reportes e informes de esta naturaleza. En Caquet\u00e1, Guaviare y zonas pr\u00f3ximas ante la ausencia de unas v\u00edas terrestres, la presencia de bosques, selvas y una geograf\u00eda dif\u00edcil y dura obliga a la utilizaci\u00f3n de avionetas que permitan un desplazamiento tanto de personas como de mercanc\u00edas.<\/div>\n<\/div>\n<div style=\"text-align: justify;\">\n<div dir=\"auto\">Basta mirar los registros de m\u00faltiples p\u00e1ginas web en las cuales ofrecen tarifas de diferentes precios por un vuelo en condiciones, muchas veces, peligroso y dif\u00edcil. Pero la pelea por los clientes obliga a su captura sin importar la calidad del servicio. Todo indica que las autoridades no cumplen su deber de velar por el mantenimiento de estas aeronaves que, seg\u00fan testimonios, ya deben estar en proceso de &#8220;chatarrizacion&#8221;. El milagro es que vuelen y que se mantengan en el aire.<\/div>\n<\/div>\n<div style=\"text-align: justify;\">\n<div dir=\"auto\">A los colombianos, concretamente a nuestros gobernantes, nos debe mover el deseo de vincular a estas ricas e importantes regiones a la econom\u00eda nacional. Pensar en carreteras dignas o por lo menos con alguna facilidad para su recorrido. Tanto olvido es injustificable y oprobioso.<\/div>\n<\/div>\n<div style=\"text-align: justify;\">\n<div dir=\"auto\">El caso de los ni\u00f1os ca\u00eddos en una zona que no era precisamente selv\u00e1tica y que sobrevivieron al impacto ha sido catalogado como milagroso. Pura novela a la colombiana que no tardar\u00e1 en ser llevada a la pantalla chica o a la cartelera de alguna multinacional del celuloide. Servir\u00e1 para alimentar el morbo de unos espectadores, \u00e1vidos de milagros, sangre y distracci\u00f3n al tiempo que se estimula la miseria como una virtud no s\u00f3lo teologal sino social. Desde el a\u00f1o 2016 la Defensor\u00eda del Pueblo viene denunciando casos de desnutrici\u00f3n infantil en la zona y la muerte de infantes por causas relacionadas: &#8220;La misi\u00f3n enviada a terreno visit\u00f3 el resguardo San Jos\u00e9 de Lipa de la comunidad ind\u00edgena Hitn\u00fc, donde fue encontrado el padre del menor, quien dijo que no hay m\u00e9dicos en la zona y que pese a la construcci\u00f3n de dos puestos de salud en el \u00e1rea, estos no funcionan&#8221;.<\/div>\n<\/div>\n<div style=\"text-align: justify;\">\n<div dir=\"auto\">En el mismo informe se deja constancia de hechos que afectan gravemente la vida y la integridad de cientos de ni\u00f1os de la regi\u00f3n: &#8220;Pero adem\u00e1s del panorama de por s\u00ed complejo para estos ni\u00f1os, llama la atenci\u00f3n de la Defensor\u00eda el caso de las madres, pues se trata de j\u00f3venes de 13 y 16 a\u00f1os, quienes tambi\u00e9n presentan problemas en su salud por la falta de acceso a una nutrici\u00f3n adecuada, a los servicios p\u00fablicos fundamentales y de manera particular al sistema de salud. En el caso de estos pacientes, la Defensor\u00eda del Pueblo verifica informaci\u00f3n seg\u00fan la cual la asistencia m\u00e9dica fue inicialmente negada debido a la falta de un documento de identidad para establecer la EPS a la cual estaban afiliados los pacientes&#8221;.<\/div>\n<\/div>\n<div style=\"text-align: justify;\">\n<div dir=\"auto\">Lo ocurrido tambi\u00e9n debe obligarnos a una nueva y fresca mirada por estas olvidadas regiones de Colombia. Distantes, ricas, v\u00edrgenes, exuberantes y m\u00edsticas por todo cuanto encierran y significan. Nadie nos ha contado el motivo del viaje de estos ni\u00f1os, su grado de escolaridad, su preparaci\u00f3n acad\u00e9mica o tan solo su condici\u00f3n econ\u00f3mica, mucho menos sus lamentables condiciones de vida. Lo primero que a estos ni\u00f1os se les vino a la mente fue huir de los castigos y tratar de evitar tanto desm\u00e1n sufrido en carne propia.<\/div>\n<\/div>\n<div style=\"text-align: justify;\">\n<div dir=\"auto\">El caso de Lesly, la ni\u00f1a mayor, debe llevarnos a muchos replanteamientos: educativos, formativos, instruccionales y pedag\u00f3gicos, entre otros. Pero la novela se vende m\u00e1s si nos dedicamos a repetir como loros que fue un milagro. Hecho que no corresponde a la verdad ni nos lleva a un an\u00e1lisis serio y sesudo, producto de la raz\u00f3n y la inteligencia.<\/div>\n<\/div>\n<div style=\"text-align: justify;\">\n<div dir=\"auto\">En realidad estos siniestros ya han dejado muchos muertos como producto de una negligencia de las autoridades correspondientes, del mal de los colombianos de acostumbrarnos a tantos males y de la explotaci\u00f3n de nuestros goberbantes de hechos tan lamentable como este para tratar de usufructuar votos y popularidad.<\/div>\n<\/div>\n<div style=\"text-align: justify;\">\n<div dir=\"auto\">Quisi\u00e9ramos ver anuncios de inversi\u00f3n, de proyecciones viales y la Integraci\u00f3n definitiva de estas regiones a Colombia y su econom\u00eda. De nada sirven los abrazos si estos no se acompa\u00f1an de buenos anuncios. Guaviare, Arauca, Putumayo, Meta, Vichada, Guain\u00eda y Casanare han resistido en silencio tanto olvido. Sus riquezas han contribuido a la econom\u00eda de unos pocos que se han alimentado del dolor y la explotaci\u00f3n de su gente.<\/div>\n<\/div>\n<div style=\"text-align: justify;\">\n<div dir=\"auto\">En muchas de estas regiones la Casa Arana, las comunidades religiosas o las multinacionales han hecho presencia para acrecentar su riqueza en detrimento del desarrollo y armon\u00eda de los pueblos. Desde el petr\u00f3leo, el oro y el caucho hasta la ingenuidad de la riqueza cultural de sus pobladores \u00fanicamente ha servido para sembrar pobreza y miseria entre sus fronteras ancestrales y m\u00e1gicas.<\/div>\n<\/div>\n<div style=\"text-align: justify;\">\n<div dir=\"auto\">Toda la violencia se dibuja en sus bosques, r\u00edos y selvas como una verdadera maldici\u00f3n en la que entre m\u00e1s se posea m\u00e1s se padece. Envidiable biodiversidad, unos verdaderos santuarios de flora y fauna y la exuberancia de unas culturas que poco a poco se van extinguiendo al vaiv\u00e9n de los vientos de una modernidad que se empe\u00f1a en tumbar \u00e1rboles y memoria, en un acto de insconciencia y olvido ancestral.<\/div>\n<\/div>\n<div>\n<div dir=\"auto\" style=\"text-align: justify;\">Que ocurra un verdadero milagro. Que los colombianos valoremos de una vez por todas estas regiones que pueden constituirse en un remanso de desarrollo y paz. Como hermanos mayores no podemos continuar dando la espalda a su constante clamor.<\/div>\n<\/div>\n","protected":false},"excerpt":{"rendered":"<p>&#8220;Sin embargo, en el tercer viaje, ya de vuelta y con un paciente a bordo, tras 10 minutos de recorrido, el piloto comenz\u00f3 a notar que la avioneta emanaba un olor fuerte a aceite quemado sin presencia de humo. \u201cEl Piloto elev\u00f3 su alerta situacional y al inspeccionar los par\u00e1metros del motor, encontr\u00f3 que la [&hellip;]<\/p>\n","protected":false},"author":46,"featured_media":66726,"comment_status":"open","ping_status":"open","sticky":false,"template":"","format":"standard","meta":{"footnotes":""},"categories":[94],"tags":[],"class_list":["post-66725","post","type-post","status-publish","format-standard","has-post-thumbnail","hentry","category-nacional-global-2"],"yoast_head":"<!-- This site is optimized with the Yoast SEO plugin v27.1.1 - https:\/\/yoast.com\/product\/yoast-seo-wordpress\/ -->\n<title>De milagros y olvidos. | P\u00e1gina10<\/title>\n<meta name=\"robots\" content=\"index, follow, max-snippet:-1, max-image-preview:large, max-video-preview:-1\" \/>\n<link rel=\"canonical\" href=\"https:\/\/pagina10.com\/web\/de-milagros-y-olvidos\/\" \/>\n<meta property=\"og:locale\" content=\"es_ES\" \/>\n<meta property=\"og:type\" content=\"article\" \/>\n<meta property=\"og:title\" content=\"De milagros y olvidos. | P\u00e1gina10\" \/>\n<meta property=\"og:description\" content=\"&#8220;Sin embargo, en el tercer viaje, ya de vuelta y con un paciente a bordo, tras 10 minutos de recorrido, el piloto comenz\u00f3 a notar que la avioneta emanaba un olor fuerte a aceite quemado sin presencia de humo. \u201cEl Piloto elev\u00f3 su alerta situacional y al inspeccionar los par\u00e1metros del motor, encontr\u00f3 que la [&hellip;]\" \/>\n<meta property=\"og:url\" content=\"https:\/\/pagina10.com\/web\/de-milagros-y-olvidos\/\" \/>\n<meta property=\"og:site_name\" content=\"P\u00e1gina10\" \/>\n<meta property=\"article:publisher\" content=\"https:\/\/www.facebook.com\/pag10com\" \/>\n<meta property=\"article:published_time\" content=\"2023-06-17T23:13:37+00:00\" \/>\n<meta property=\"og:image\" content=\"https:\/\/pagina10.com\/web\/wp-content\/uploads\/2023\/06\/353835613_10231341960995242_7910410890514010478_n.jpg\" \/>\n\t<meta property=\"og:image:width\" content=\"720\" \/>\n\t<meta property=\"og:image:height\" content=\"703\" \/>\n\t<meta property=\"og:image:type\" content=\"image\/jpeg\" \/>\n<meta name=\"author\" content=\"Pablo Emilio Obando Acosta\" \/>\n<meta name=\"twitter:card\" content=\"summary_large_image\" \/>\n<meta name=\"twitter:creator\" content=\"@Pag10com\" \/>\n<meta name=\"twitter:site\" content=\"@Pag10com\" \/>\n<meta name=\"twitter:label1\" content=\"Escrito por\" \/>\n\t<meta name=\"twitter:data1\" content=\"Pablo Emilio Obando Acosta\" \/>\n\t<meta name=\"twitter:label2\" content=\"Tiempo de lectura\" \/>\n\t<meta name=\"twitter:data2\" content=\"6 minutos\" \/>\n<script type=\"application\/ld+json\" class=\"yoast-schema-graph\">{\"@context\":\"https:\/\/schema.org\",\"@graph\":[{\"@type\":\"Article\",\"@id\":\"https:\/\/pagina10.com\/web\/de-milagros-y-olvidos\/#article\",\"isPartOf\":{\"@id\":\"https:\/\/pagina10.com\/web\/de-milagros-y-olvidos\/\"},\"author\":{\"name\":\"Pablo Emilio Obando Acosta\",\"@id\":\"https:\/\/pagina10.com\/web\/#\/schema\/person\/3d3687c9f037834284853a963ee45123\"},\"headline\":\"De milagros y olvidos.\",\"datePublished\":\"2023-06-17T23:13:37+00:00\",\"mainEntityOfPage\":{\"@id\":\"https:\/\/pagina10.com\/web\/de-milagros-y-olvidos\/\"},\"wordCount\":1127,\"commentCount\":0,\"publisher\":{\"@id\":\"https:\/\/pagina10.com\/web\/#organization\"},\"image\":{\"@id\":\"https:\/\/pagina10.com\/web\/de-milagros-y-olvidos\/#primaryimage\"},\"thumbnailUrl\":\"https:\/\/pagina10.com\/web\/wp-content\/uploads\/2023\/06\/353835613_10231341960995242_7910410890514010478_n.jpg\",\"articleSection\":[\"Nacional\"],\"inLanguage\":\"es\",\"potentialAction\":[{\"@type\":\"CommentAction\",\"name\":\"Comment\",\"target\":[\"https:\/\/pagina10.com\/web\/de-milagros-y-olvidos\/#respond\"]}]},{\"@type\":\"WebPage\",\"@id\":\"https:\/\/pagina10.com\/web\/de-milagros-y-olvidos\/\",\"url\":\"https:\/\/pagina10.com\/web\/de-milagros-y-olvidos\/\",\"name\":\"De milagros y olvidos. | P\u00e1gina10\",\"isPartOf\":{\"@id\":\"https:\/\/pagina10.com\/web\/#website\"},\"primaryImageOfPage\":{\"@id\":\"https:\/\/pagina10.com\/web\/de-milagros-y-olvidos\/#primaryimage\"},\"image\":{\"@id\":\"https:\/\/pagina10.com\/web\/de-milagros-y-olvidos\/#primaryimage\"},\"thumbnailUrl\":\"https:\/\/pagina10.com\/web\/wp-content\/uploads\/2023\/06\/353835613_10231341960995242_7910410890514010478_n.jpg\",\"datePublished\":\"2023-06-17T23:13:37+00:00\",\"breadcrumb\":{\"@id\":\"https:\/\/pagina10.com\/web\/de-milagros-y-olvidos\/#breadcrumb\"},\"inLanguage\":\"es\",\"potentialAction\":[{\"@type\":\"ReadAction\",\"target\":[\"https:\/\/pagina10.com\/web\/de-milagros-y-olvidos\/\"]}]},{\"@type\":\"ImageObject\",\"inLanguage\":\"es\",\"@id\":\"https:\/\/pagina10.com\/web\/de-milagros-y-olvidos\/#primaryimage\",\"url\":\"https:\/\/pagina10.com\/web\/wp-content\/uploads\/2023\/06\/353835613_10231341960995242_7910410890514010478_n.jpg\",\"contentUrl\":\"https:\/\/pagina10.com\/web\/wp-content\/uploads\/2023\/06\/353835613_10231341960995242_7910410890514010478_n.jpg\",\"width\":720,\"height\":703},{\"@type\":\"BreadcrumbList\",\"@id\":\"https:\/\/pagina10.com\/web\/de-milagros-y-olvidos\/#breadcrumb\",\"itemListElement\":[{\"@type\":\"ListItem\",\"position\":1,\"name\":\"Portada\",\"item\":\"https:\/\/pagina10.com\/web\/\"},{\"@type\":\"ListItem\",\"position\":2,\"name\":\"De milagros y olvidos.\"}]},{\"@type\":\"WebSite\",\"@id\":\"https:\/\/pagina10.com\/web\/#website\",\"url\":\"https:\/\/pagina10.com\/web\/\",\"name\":\"P\u00e1gina10\",\"description\":\"Peri\u00f3dico Regional\",\"publisher\":{\"@id\":\"https:\/\/pagina10.com\/web\/#organization\"},\"alternateName\":\"P\u00e1gina10 Peri\u00f3dico Regional\",\"potentialAction\":[{\"@type\":\"SearchAction\",\"target\":{\"@type\":\"EntryPoint\",\"urlTemplate\":\"https:\/\/pagina10.com\/web\/?s={search_term_string}\"},\"query-input\":{\"@type\":\"PropertyValueSpecification\",\"valueRequired\":true,\"valueName\":\"search_term_string\"}}],\"inLanguage\":\"es\"},{\"@type\":\"Organization\",\"@id\":\"https:\/\/pagina10.com\/web\/#organization\",\"name\":\"P\u00e1gina10\",\"alternateName\":\"P\u00e1gina10 Peri\u00f3dico Regional\",\"url\":\"https:\/\/pagina10.com\/web\/\",\"logo\":{\"@type\":\"ImageObject\",\"inLanguage\":\"es\",\"@id\":\"https:\/\/pagina10.com\/web\/#\/schema\/logo\/image\/\",\"url\":\"https:\/\/pagina10.com\/web\/wp-content\/uploads\/2024\/01\/40-pagina-10-periodico-regional-pasto.jpg\",\"contentUrl\":\"https:\/\/pagina10.com\/web\/wp-content\/uploads\/2024\/01\/40-pagina-10-periodico-regional-pasto.jpg\",\"width\":1280,\"height\":720,\"caption\":\"P\u00e1gina10\"},\"image\":{\"@id\":\"https:\/\/pagina10.com\/web\/#\/schema\/logo\/image\/\"},\"sameAs\":[\"https:\/\/www.facebook.com\/pag10com\",\"https:\/\/x.com\/Pag10com\",\"https:\/\/www.instagram.com\/pagina10col\/\",\"https:\/\/youtube.com\/channel\/pag10\",\"https:\/\/www.tiktok.com\/@p10col\"]},{\"@type\":\"Person\",\"@id\":\"https:\/\/pagina10.com\/web\/#\/schema\/person\/3d3687c9f037834284853a963ee45123\",\"name\":\"Pablo Emilio Obando Acosta\",\"description\":\"PABLO EMILIO OBANDO ACOSTA Nace en el a\u00f1o de 1965. Bachiller acad\u00e9mico Modalidad Humanidades del INEM de Pasto. En 1989 culmina sus estudios universitarios en la Universidad de Nari\u00f1o obteniendo el t\u00edtulo de Licenciado en Ciencias Sociales \u2013 \u00e9nfasis Ciencias de la Educaci\u00f3n \u2013Jornada nocturna-. Especialista en Literatura latinoamericana y colaborador de importantes medios de comunicaci\u00f3n escritos de nuestra regi\u00f3n y del pa\u00eds: El Tiempo.com, Semana.com, Dinero, Diario Del Sur, El Espectador.com, entre otros, Sus escritos se conocen y han obtenido reconocimientos en Chile, Uruguay, Paraguay, Espa\u00f1a y Alemania. En el a\u00f1o 2000 obtiene el reconocimiento CORREO DEL SUR como el personaje c\u00edvico del a\u00f1o por su f\u00e9rrea defensa de la dignidad pastense al protestar con su documento \u201cUn pueblo ante la historia\u201d por el trato despectivo de algunos medios de comunicaci\u00f3n. Las reacciones no se hacen esperar en peri\u00f3dicos de circulaci\u00f3n regional y nacional como El Tiempo, El Espectador y El Pa\u00eds. Ha obtenido m\u00faltiples medallas y condecoraciones por su labor period\u00edstica y cultural: Medalla al merito Guillermo Edmundo Ch\u00e1vez \u2013 mejor escritor del departamento de Nari\u00f1o 2005 \u2013 Fundaci\u00f3n Gabriel Garc\u00eda M\u00e1rquez. Mejor Columnista del departamento de Nari\u00f1o \u2013 a\u00f1os 1991 \u2013 1993 \u2013 1996 \u2013 2001 \u2013 2006 Fundaci\u00f3n Cultural Correo del Sur. Personaje C\u00edvico del Departamento de Nari\u00f1o a\u00f1o 2000. Medalla \u00c1lvaro Javier Jurado Calvache a\u00f1o 2007 \u2013 Centro Educativo PROFESA \u2013 defensor poblaci\u00f3n vulnerable del municipio de Pasto. Mejor cuentista del departamento de Nari\u00f1o \u2013 a\u00f1os 1989 \u2013 2004 \u2013 2005. Cronista m\u00e1s destacado del departamento de Nari\u00f1o \u2013 a\u00f1o 2001. Finalista VI Concurso Internacional de Cuento \u2013 Prensa Nueva \u2013 a\u00f1o 1991. Primer puesto Concurso nacional de cuento \u2013 Contralor\u00eda general de la Rep\u00fablica \u2013 a\u00f1o 1992. Primer Lugar Concurso Municipal de Periodismo \u201cSilvio Le\u00f3n Espa\u00f1a\u201d \u2013 2009. . Reconocimiento Concejo municipal de Pasto, por su labor c\u00edvica y educativa. Sus obras y escritos se conocen en varios pa\u00edses de Latinoam\u00e9rica y de Colombia. Es autor de una docena de textos y m\u00e1s de un millar de columnas de opini\u00f3n que han generado pol\u00e9mica en el contexto nacional y latinoamericano: Testimonio de una insurrecci\u00f3n ciudadana \u2013 2011. El doctor Mierda. Un pueblo ante la historia. La filosof\u00eda de la gallina. Del amor por la Tierra... y otros textos. Diario de un maestro de escuela. Apuntes para una nueva historia Nuevos apuntes \u2013 Tomas Hidalgo Calvache. El problema de los cristianos. La utilidad del poeta. \u00bfTe acuerdas Mariana...? Corona F\u00fanebre \u2013 Tomas Hidalgo Calvache. En formato digital ha editado los siguientes t\u00edtulos: - La nueva filosof\u00eda de la gallina. - Tomas Hidalgo Calvache - Apuntes. - Educar con valor. Figura en varias antolog\u00edas de autores nari\u00f1enses y en una latinoamericana. Sobre \u00e9l han escrito elogiosamente intelectuales de la talla de Otto Morales Ben\u00edtez, Edgar Bastidas Urresty, Juan Augusto Ortiz cabrera, Carlos Santamar\u00eda, Javier Rodrizales, Miguel Garz\u00f3n Arteaga, Fausto Molina, Jorge Arturo Bravo y otros tantos que ser\u00eda dif\u00edcil nombrar en esta peque\u00f1a cr\u00f3nica sobre Pablo Emilio Obando Acosta.\",\"url\":\"https:\/\/pagina10.com\/web\/author\/pobando\/\"}]}<\/script>\n<!-- \/ Yoast SEO plugin. -->","yoast_head_json":{"title":"De milagros y olvidos. | P\u00e1gina10","robots":{"index":"index","follow":"follow","max-snippet":"max-snippet:-1","max-image-preview":"max-image-preview:large","max-video-preview":"max-video-preview:-1"},"canonical":"https:\/\/pagina10.com\/web\/de-milagros-y-olvidos\/","og_locale":"es_ES","og_type":"article","og_title":"De milagros y olvidos. | P\u00e1gina10","og_description":"&#8220;Sin embargo, en el tercer viaje, ya de vuelta y con un paciente a bordo, tras 10 minutos de recorrido, el piloto comenz\u00f3 a notar que la avioneta emanaba un olor fuerte a aceite quemado sin presencia de humo. \u201cEl Piloto elev\u00f3 su alerta situacional y al inspeccionar los par\u00e1metros del motor, encontr\u00f3 que la [&hellip;]","og_url":"https:\/\/pagina10.com\/web\/de-milagros-y-olvidos\/","og_site_name":"P\u00e1gina10","article_publisher":"https:\/\/www.facebook.com\/pag10com","article_published_time":"2023-06-17T23:13:37+00:00","og_image":[{"width":720,"height":703,"url":"https:\/\/pagina10.com\/web\/wp-content\/uploads\/2023\/06\/353835613_10231341960995242_7910410890514010478_n.jpg","type":"image\/jpeg"}],"author":"Pablo Emilio Obando Acosta","twitter_card":"summary_large_image","twitter_creator":"@Pag10com","twitter_site":"@Pag10com","twitter_misc":{"Escrito por":"Pablo Emilio Obando Acosta","Tiempo de lectura":"6 minutos"},"schema":{"@context":"https:\/\/schema.org","@graph":[{"@type":"Article","@id":"https:\/\/pagina10.com\/web\/de-milagros-y-olvidos\/#article","isPartOf":{"@id":"https:\/\/pagina10.com\/web\/de-milagros-y-olvidos\/"},"author":{"name":"Pablo Emilio Obando Acosta","@id":"https:\/\/pagina10.com\/web\/#\/schema\/person\/3d3687c9f037834284853a963ee45123"},"headline":"De milagros y olvidos.","datePublished":"2023-06-17T23:13:37+00:00","mainEntityOfPage":{"@id":"https:\/\/pagina10.com\/web\/de-milagros-y-olvidos\/"},"wordCount":1127,"commentCount":0,"publisher":{"@id":"https:\/\/pagina10.com\/web\/#organization"},"image":{"@id":"https:\/\/pagina10.com\/web\/de-milagros-y-olvidos\/#primaryimage"},"thumbnailUrl":"https:\/\/pagina10.com\/web\/wp-content\/uploads\/2023\/06\/353835613_10231341960995242_7910410890514010478_n.jpg","articleSection":["Nacional"],"inLanguage":"es","potentialAction":[{"@type":"CommentAction","name":"Comment","target":["https:\/\/pagina10.com\/web\/de-milagros-y-olvidos\/#respond"]}]},{"@type":"WebPage","@id":"https:\/\/pagina10.com\/web\/de-milagros-y-olvidos\/","url":"https:\/\/pagina10.com\/web\/de-milagros-y-olvidos\/","name":"De milagros y olvidos. | P\u00e1gina10","isPartOf":{"@id":"https:\/\/pagina10.com\/web\/#website"},"primaryImageOfPage":{"@id":"https:\/\/pagina10.com\/web\/de-milagros-y-olvidos\/#primaryimage"},"image":{"@id":"https:\/\/pagina10.com\/web\/de-milagros-y-olvidos\/#primaryimage"},"thumbnailUrl":"https:\/\/pagina10.com\/web\/wp-content\/uploads\/2023\/06\/353835613_10231341960995242_7910410890514010478_n.jpg","datePublished":"2023-06-17T23:13:37+00:00","breadcrumb":{"@id":"https:\/\/pagina10.com\/web\/de-milagros-y-olvidos\/#breadcrumb"},"inLanguage":"es","potentialAction":[{"@type":"ReadAction","target":["https:\/\/pagina10.com\/web\/de-milagros-y-olvidos\/"]}]},{"@type":"ImageObject","inLanguage":"es","@id":"https:\/\/pagina10.com\/web\/de-milagros-y-olvidos\/#primaryimage","url":"https:\/\/pagina10.com\/web\/wp-content\/uploads\/2023\/06\/353835613_10231341960995242_7910410890514010478_n.jpg","contentUrl":"https:\/\/pagina10.com\/web\/wp-content\/uploads\/2023\/06\/353835613_10231341960995242_7910410890514010478_n.jpg","width":720,"height":703},{"@type":"BreadcrumbList","@id":"https:\/\/pagina10.com\/web\/de-milagros-y-olvidos\/#breadcrumb","itemListElement":[{"@type":"ListItem","position":1,"name":"Portada","item":"https:\/\/pagina10.com\/web\/"},{"@type":"ListItem","position":2,"name":"De milagros y olvidos."}]},{"@type":"WebSite","@id":"https:\/\/pagina10.com\/web\/#website","url":"https:\/\/pagina10.com\/web\/","name":"P\u00e1gina10","description":"Peri\u00f3dico Regional","publisher":{"@id":"https:\/\/pagina10.com\/web\/#organization"},"alternateName":"P\u00e1gina10 Peri\u00f3dico Regional","potentialAction":[{"@type":"SearchAction","target":{"@type":"EntryPoint","urlTemplate":"https:\/\/pagina10.com\/web\/?s={search_term_string}"},"query-input":{"@type":"PropertyValueSpecification","valueRequired":true,"valueName":"search_term_string"}}],"inLanguage":"es"},{"@type":"Organization","@id":"https:\/\/pagina10.com\/web\/#organization","name":"P\u00e1gina10","alternateName":"P\u00e1gina10 Peri\u00f3dico Regional","url":"https:\/\/pagina10.com\/web\/","logo":{"@type":"ImageObject","inLanguage":"es","@id":"https:\/\/pagina10.com\/web\/#\/schema\/logo\/image\/","url":"https:\/\/pagina10.com\/web\/wp-content\/uploads\/2024\/01\/40-pagina-10-periodico-regional-pasto.jpg","contentUrl":"https:\/\/pagina10.com\/web\/wp-content\/uploads\/2024\/01\/40-pagina-10-periodico-regional-pasto.jpg","width":1280,"height":720,"caption":"P\u00e1gina10"},"image":{"@id":"https:\/\/pagina10.com\/web\/#\/schema\/logo\/image\/"},"sameAs":["https:\/\/www.facebook.com\/pag10com","https:\/\/x.com\/Pag10com","https:\/\/www.instagram.com\/pagina10col\/","https:\/\/youtube.com\/channel\/pag10","https:\/\/www.tiktok.com\/@p10col"]},{"@type":"Person","@id":"https:\/\/pagina10.com\/web\/#\/schema\/person\/3d3687c9f037834284853a963ee45123","name":"Pablo Emilio Obando Acosta","description":"PABLO EMILIO OBANDO ACOSTA Nace en el a\u00f1o de 1965. Bachiller acad\u00e9mico Modalidad Humanidades del INEM de Pasto. En 1989 culmina sus estudios universitarios en la Universidad de Nari\u00f1o obteniendo el t\u00edtulo de Licenciado en Ciencias Sociales \u2013 \u00e9nfasis Ciencias de la Educaci\u00f3n \u2013Jornada nocturna-. Especialista en Literatura latinoamericana y colaborador de importantes medios de comunicaci\u00f3n escritos de nuestra regi\u00f3n y del pa\u00eds: El Tiempo.com, Semana.com, Dinero, Diario Del Sur, El Espectador.com, entre otros, Sus escritos se conocen y han obtenido reconocimientos en Chile, Uruguay, Paraguay, Espa\u00f1a y Alemania. En el a\u00f1o 2000 obtiene el reconocimiento CORREO DEL SUR como el personaje c\u00edvico del a\u00f1o por su f\u00e9rrea defensa de la dignidad pastense al protestar con su documento \u201cUn pueblo ante la historia\u201d por el trato despectivo de algunos medios de comunicaci\u00f3n. Las reacciones no se hacen esperar en peri\u00f3dicos de circulaci\u00f3n regional y nacional como El Tiempo, El Espectador y El Pa\u00eds. Ha obtenido m\u00faltiples medallas y condecoraciones por su labor period\u00edstica y cultural: Medalla al merito Guillermo Edmundo Ch\u00e1vez \u2013 mejor escritor del departamento de Nari\u00f1o 2005 \u2013 Fundaci\u00f3n Gabriel Garc\u00eda M\u00e1rquez. Mejor Columnista del departamento de Nari\u00f1o \u2013 a\u00f1os 1991 \u2013 1993 \u2013 1996 \u2013 2001 \u2013 2006 Fundaci\u00f3n Cultural Correo del Sur. Personaje C\u00edvico del Departamento de Nari\u00f1o a\u00f1o 2000. Medalla \u00c1lvaro Javier Jurado Calvache a\u00f1o 2007 \u2013 Centro Educativo PROFESA \u2013 defensor poblaci\u00f3n vulnerable del municipio de Pasto. Mejor cuentista del departamento de Nari\u00f1o \u2013 a\u00f1os 1989 \u2013 2004 \u2013 2005. Cronista m\u00e1s destacado del departamento de Nari\u00f1o \u2013 a\u00f1o 2001. Finalista VI Concurso Internacional de Cuento \u2013 Prensa Nueva \u2013 a\u00f1o 1991. Primer puesto Concurso nacional de cuento \u2013 Contralor\u00eda general de la Rep\u00fablica \u2013 a\u00f1o 1992. Primer Lugar Concurso Municipal de Periodismo \u201cSilvio Le\u00f3n Espa\u00f1a\u201d \u2013 2009. . Reconocimiento Concejo municipal de Pasto, por su labor c\u00edvica y educativa. Sus obras y escritos se conocen en varios pa\u00edses de Latinoam\u00e9rica y de Colombia. Es autor de una docena de textos y m\u00e1s de un millar de columnas de opini\u00f3n que han generado pol\u00e9mica en el contexto nacional y latinoamericano: Testimonio de una insurrecci\u00f3n ciudadana \u2013 2011. El doctor Mierda. Un pueblo ante la historia. La filosof\u00eda de la gallina. Del amor por la Tierra... y otros textos. Diario de un maestro de escuela. Apuntes para una nueva historia Nuevos apuntes \u2013 Tomas Hidalgo Calvache. El problema de los cristianos. La utilidad del poeta. \u00bfTe acuerdas Mariana...? Corona F\u00fanebre \u2013 Tomas Hidalgo Calvache. En formato digital ha editado los siguientes t\u00edtulos: - La nueva filosof\u00eda de la gallina. - Tomas Hidalgo Calvache - Apuntes. - Educar con valor. Figura en varias antolog\u00edas de autores nari\u00f1enses y en una latinoamericana. Sobre \u00e9l han escrito elogiosamente intelectuales de la talla de Otto Morales Ben\u00edtez, Edgar Bastidas Urresty, Juan Augusto Ortiz cabrera, Carlos Santamar\u00eda, Javier Rodrizales, Miguel Garz\u00f3n Arteaga, Fausto Molina, Jorge Arturo Bravo y otros tantos que ser\u00eda dif\u00edcil nombrar en esta peque\u00f1a cr\u00f3nica sobre Pablo Emilio Obando Acosta.","url":"https:\/\/pagina10.com\/web\/author\/pobando\/"}]}},"_links":{"self":[{"href":"https:\/\/pagina10.com\/web\/wp-json\/wp\/v2\/posts\/66725","targetHints":{"allow":["GET"]}}],"collection":[{"href":"https:\/\/pagina10.com\/web\/wp-json\/wp\/v2\/posts"}],"about":[{"href":"https:\/\/pagina10.com\/web\/wp-json\/wp\/v2\/types\/post"}],"author":[{"embeddable":true,"href":"https:\/\/pagina10.com\/web\/wp-json\/wp\/v2\/users\/46"}],"replies":[{"embeddable":true,"href":"https:\/\/pagina10.com\/web\/wp-json\/wp\/v2\/comments?post=66725"}],"version-history":[{"count":1,"href":"https:\/\/pagina10.com\/web\/wp-json\/wp\/v2\/posts\/66725\/revisions"}],"predecessor-version":[{"id":66727,"href":"https:\/\/pagina10.com\/web\/wp-json\/wp\/v2\/posts\/66725\/revisions\/66727"}],"wp:featuredmedia":[{"embeddable":true,"href":"https:\/\/pagina10.com\/web\/wp-json\/wp\/v2\/media\/66726"}],"wp:attachment":[{"href":"https:\/\/pagina10.com\/web\/wp-json\/wp\/v2\/media?parent=66725"}],"wp:term":[{"taxonomy":"category","embeddable":true,"href":"https:\/\/pagina10.com\/web\/wp-json\/wp\/v2\/categories?post=66725"},{"taxonomy":"post_tag","embeddable":true,"href":"https:\/\/pagina10.com\/web\/wp-json\/wp\/v2\/tags?post=66725"}],"curies":[{"name":"wp","href":"https:\/\/api.w.org\/{rel}","templated":true}]}}