{"id":66731,"date":"2023-06-17T18:35:02","date_gmt":"2023-06-17T23:35:02","guid":{"rendered":"https:\/\/pagina10.com\/web\/?p=66731"},"modified":"2023-06-17T18:35:02","modified_gmt":"2023-06-17T23:35:02","slug":"la-propuesta-de-unir-el-atlantico-con-el-pacifico-pasa-por-narino","status":"publish","type":"post","link":"https:\/\/pagina10.com\/web\/la-propuesta-de-unir-el-atlantico-con-el-pacifico-pasa-por-narino\/","title":{"rendered":"La propuesta de unir el Atl\u00e1ntico con el Pac\u00edfico pasa por Nari\u00f1o."},"content":{"rendered":"<div>\n<div dir=\"auto\" style=\"text-align: justify;\">El ingeniero Gerardo Rosero P\u00e9rez es un nari\u00f1ense visionario, tenaz, invencible y due\u00f1o de una voluntad f\u00e9rrea. Al respecto nos referimos en anterior nota period\u00edstica en la cual expresamos nuestra opini\u00f3n sobre su propuesta de unir el Pac\u00edfico y el Atl\u00e1ntico en una ruta no s\u00f3lo viable sino prioritaria e inaplazable.<\/div>\n<div dir=\"auto\" style=\"text-align: justify;\"><a tabindex=\"0\" role=\"link\" href=\"https:\/\/www.facebook.com\/pabloemilio.obandoacosta\/posts\/pfbid02xXmvjL44huxPdfAbTHpoe7U8hs4Ra2Bv2bXZEqMpCurDbguahsrHc5NoBoGXhmSpl?__cft__[0]=AZUq7hZsUjFluBdUIlcWoE5GtQfoEVJF1dVL4CO07-mMpGDWQDbwTFe4r89UdSuOuQFKwqYPuvUexeOhxG8pjovhkzl07hWLeLiHO7g3gr4uIfGHXh6KYl6EmR2S7CrNFZleMUIziLIvf7vtQI9VxqsT9JOqA-eDRqbVESUaDBB-FPvlb6BhrEydKCJvVaTGT_LfSD2vCI2XDXdZm160l9wINrpNTfrQOTBzXwvSOV4nOQ&amp;__tn__=-UK-R\">https:\/\/m.facebook.com\/story.php?story_fbid=10231253069093000&amp;id=1322375506&amp;mibextid=Nif5oz<\/a><\/div>\n<\/div>\n<div style=\"text-align: justify;\">\n<div dir=\"auto\">En esta ocasi\u00f3n queremos hacer referencia a un proyecto que seg\u00fan las palabras del ingeniero Rosero P\u00e9rez &#8220;se encuentra alineado con los astros&#8221; por la sencilla raz\u00f3n que en Colombia, Brasil, China y Estados Unidos, lo mismo que en Inglaterra, se cuenta con dirigentes de una mentalidad progresista y comprometidos con los grandes proyectos econ\u00f3mico mundiales. Lula Da Silva, Gustavo Petro Urrego y Dilma Russof se sonstituyen en esa triada de mentes visionarias que con sus iniciativas aportan a un nuevo orden econ\u00f3mico mundial.<\/div>\n<\/div>\n<div style=\"text-align: justify;\">\n<div dir=\"auto\">La econom\u00eda colombiana ha girado en un ciclo de inestabilidad e inequidad en torno a los Estados Unidos. Hoy el gran mercado se encuentra en China, pa\u00eds con m\u00e1s de mil cuatrocientos millones de habitantes y vecino mar\u00edtimo de Colombia a trav\u00e9s del gran Pac\u00edfico. Y esa econom\u00eda gigante, con presencia en cada mercado mundial, regional e intercontinental busca desesperadamente aliados que le brinden productos agr\u00edcolas y pecuarios. El mercado chino inunda las econom\u00edas locales, no existe regi\u00f3n alguna en la cual no se venda o distribuya su vasta producci\u00f3n industrial. Todos somos, de alguna manera, aliados de la productividad china.<\/div>\n<\/div>\n<div style=\"text-align: justify;\">\n<div dir=\"auto\">Pero lo que China no puede producir, lo hacemos nosotros de una manera natural y casi que espont\u00e1nea, y es por eso que se requiere con urgencia el inicio de un di\u00e1logo serio y comprometido de nuestros gobernantes con los dirigentes de este coloso industrial y econ\u00f3mico que en poco se constituir\u00e1 en el l\u00edder de la econom\u00eda mundial.<\/div>\n<\/div>\n<div style=\"text-align: justify;\">\n<div dir=\"auto\">Ser\u00eda interesante que el ingeniero GERARDO ROSERO PEREZ, sea designado como embajador de Colombia ante China y lidere de una vez por todas estos procesos que nos sacar\u00edan a Colombia y especialmente a Nari\u00f1o de esta postraci\u00f3n econ\u00f3mica, empresarial e industrial que no podr\u00e1 superarse sino con nuevas y renovadas propuestas que dinamicen la productividad regional y continental en los mercados chinos en un retorno de capitales y productividad.<\/div>\n<\/div>\n<div style=\"text-align: justify;\">\n<div dir=\"auto\">Nari\u00f1o, con Tumaco a la cabeza, es el llamado a orientar, coordinar y dirigir estos proyectos, tenemos la mente clara y conocedora del ingeniero Gerardo Rosero P\u00e9rez, su impacto en los foros internacionales y mundiales y su proximidad con presidentes, cancilleres, embajadores, banqueros y empresarios e industriales de las dos orillas del mar que permiten aseverar que todo est\u00e1 dado para que se inicien los acuerdos pertinentes y necesarios entre los pa\u00edses involucrados.<\/div>\n<\/div>\n<div style=\"text-align: justify;\">\n<div dir=\"auto\">Los nari\u00f1enses debemos ser asertivos y respaldar en las urnas a un gobernador y a un alcalde que exprese su compromiso con este tipo de iniciativas que trascienden movimientos pol\u00edticos, banderas caudillistas o simples rencores ideol\u00f3gicos.<\/div>\n<div dir=\"auto\"><a tabindex=\"0\" role=\"link\" href=\"https:\/\/pagina10.com\/web\/presidentes-petro-y-lula-da-silva-anunciaron-acuerdo-para-revitalizar-la-amazonia\/?fbclid=IwAR2Woazxwtw441mbdI4g7P9Qg9RUfhfbDKKbUNL8Ut3zR6lnB-uYABJBcnw\" target=\"_blank\" rel=\"nofollow noopener noreferrer\">https:\/\/pagina10.com\/&#8230;\/presidentes-petro-y-lula-da&#8230;\/<\/a><\/div>\n<\/div>\n<div style=\"text-align: justify;\">\n<div dir=\"auto\">El futuro de Nari\u00f1o y Colombia se encuentra en ese nuevo horizonte que nos obliga a pensar en nuevas rutas fluviales, mar\u00edtimas y terrestres, en la recuperaci\u00f3n y construcci\u00f3n de v\u00edas ferroviarias y en la concreci\u00f3n de empresas e industrias tur\u00edsticas y urban\u00edsticas.<\/div>\n<\/div>\n<div style=\"text-align: justify;\">\n<div dir=\"auto\">La nueva ruta de la seda se entrelaza con el sorgo, la soya, el ma\u00edz y una infinidad de productos agr\u00edcolas y pecuarios que China requiere con urgencia.<\/div>\n<\/div>\n<div>\n<div dir=\"auto\" style=\"text-align: justify;\">Lleg\u00f3 la hora de pensar en grande, en desprendernos de esos lamentos y gemidos que durante siglos nos han sumido en la pobreza extrema,. Sindicatos , escuelas universidades, medios de comunicaci\u00f3n y l\u00edderes de todas las vertientes deben abrazar esta iniciativa por cuanto es la \u00fanica salida que nos queda a Nari\u00f1o y a Colombia<\/div>\n<\/div>\n","protected":false},"excerpt":{"rendered":"<p>El ingeniero Gerardo Rosero P\u00e9rez es un nari\u00f1ense visionario, tenaz, invencible y due\u00f1o de una voluntad f\u00e9rrea. Al respecto nos referimos en anterior nota period\u00edstica en la cual expresamos nuestra opini\u00f3n sobre su propuesta de unir el Pac\u00edfico y el Atl\u00e1ntico en una ruta no s\u00f3lo viable sino prioritaria e inaplazable. https:\/\/m.facebook.com\/story.php?story_fbid=10231253069093000&amp;id=1322375506&amp;mibextid=Nif5oz En esta ocasi\u00f3n [&hellip;]<\/p>\n","protected":false},"author":46,"featured_media":66732,"comment_status":"open","ping_status":"open","sticky":false,"template":"","format":"standard","meta":{"footnotes":""},"categories":[94,1528],"tags":[],"class_list":["post-66731","post","type-post","status-publish","format-standard","has-post-thumbnail","hentry","category-nacional-global-2","category-titulares"],"yoast_head":"<!-- This site is optimized with the Yoast SEO plugin v27.1.1 - https:\/\/yoast.com\/product\/yoast-seo-wordpress\/ -->\n<title>La propuesta de unir el Atl\u00e1ntico con el Pac\u00edfico pasa por Nari\u00f1o. | P\u00e1gina10<\/title>\n<meta name=\"robots\" content=\"index, follow, max-snippet:-1, max-image-preview:large, max-video-preview:-1\" \/>\n<link rel=\"canonical\" href=\"https:\/\/pagina10.com\/web\/la-propuesta-de-unir-el-atlantico-con-el-pacifico-pasa-por-narino\/\" \/>\n<meta property=\"og:locale\" content=\"es_ES\" \/>\n<meta property=\"og:type\" content=\"article\" \/>\n<meta property=\"og:title\" content=\"La propuesta de unir el Atl\u00e1ntico con el Pac\u00edfico pasa por Nari\u00f1o. | P\u00e1gina10\" \/>\n<meta property=\"og:description\" content=\"El ingeniero Gerardo Rosero P\u00e9rez es un nari\u00f1ense visionario, tenaz, invencible y due\u00f1o de una voluntad f\u00e9rrea. Al respecto nos referimos en anterior nota period\u00edstica en la cual expresamos nuestra opini\u00f3n sobre su propuesta de unir el Pac\u00edfico y el Atl\u00e1ntico en una ruta no s\u00f3lo viable sino prioritaria e inaplazable. https:\/\/m.facebook.com\/story.php?story_fbid=10231253069093000&amp;id=1322375506&amp;mibextid=Nif5oz En esta ocasi\u00f3n [&hellip;]\" \/>\n<meta property=\"og:url\" content=\"https:\/\/pagina10.com\/web\/la-propuesta-de-unir-el-atlantico-con-el-pacifico-pasa-por-narino\/\" \/>\n<meta property=\"og:site_name\" content=\"P\u00e1gina10\" \/>\n<meta property=\"article:publisher\" content=\"https:\/\/www.facebook.com\/pag10com\" \/>\n<meta property=\"article:published_time\" content=\"2023-06-17T23:35:02+00:00\" \/>\n<meta property=\"og:image\" content=\"https:\/\/pagina10.com\/web\/wp-content\/uploads\/2023\/06\/WhatsApp-Image-2023-06-17-at-6.34.19-PM.jpeg\" \/>\n\t<meta property=\"og:image:width\" content=\"737\" \/>\n\t<meta property=\"og:image:height\" content=\"430\" \/>\n\t<meta property=\"og:image:type\" content=\"image\/jpeg\" \/>\n<meta name=\"author\" content=\"Pablo Emilio Obando Acosta\" \/>\n<meta name=\"twitter:card\" content=\"summary_large_image\" \/>\n<meta name=\"twitter:creator\" content=\"@Pag10com\" \/>\n<meta name=\"twitter:site\" content=\"@Pag10com\" \/>\n<meta name=\"twitter:label1\" content=\"Escrito por\" \/>\n\t<meta name=\"twitter:data1\" content=\"Pablo Emilio Obando Acosta\" \/>\n\t<meta name=\"twitter:label2\" content=\"Tiempo de lectura\" \/>\n\t<meta name=\"twitter:data2\" content=\"3 minutos\" \/>\n<script type=\"application\/ld+json\" class=\"yoast-schema-graph\">{\"@context\":\"https:\/\/schema.org\",\"@graph\":[{\"@type\":\"Article\",\"@id\":\"https:\/\/pagina10.com\/web\/la-propuesta-de-unir-el-atlantico-con-el-pacifico-pasa-por-narino\/#article\",\"isPartOf\":{\"@id\":\"https:\/\/pagina10.com\/web\/la-propuesta-de-unir-el-atlantico-con-el-pacifico-pasa-por-narino\/\"},\"author\":{\"name\":\"Pablo Emilio Obando Acosta\",\"@id\":\"https:\/\/pagina10.com\/web\/#\/schema\/person\/3d3687c9f037834284853a963ee45123\"},\"headline\":\"La propuesta de unir el Atl\u00e1ntico con el Pac\u00edfico pasa por Nari\u00f1o.\",\"datePublished\":\"2023-06-17T23:35:02+00:00\",\"mainEntityOfPage\":{\"@id\":\"https:\/\/pagina10.com\/web\/la-propuesta-de-unir-el-atlantico-con-el-pacifico-pasa-por-narino\/\"},\"wordCount\":686,\"commentCount\":0,\"publisher\":{\"@id\":\"https:\/\/pagina10.com\/web\/#organization\"},\"image\":{\"@id\":\"https:\/\/pagina10.com\/web\/la-propuesta-de-unir-el-atlantico-con-el-pacifico-pasa-por-narino\/#primaryimage\"},\"thumbnailUrl\":\"https:\/\/pagina10.com\/web\/wp-content\/uploads\/2023\/06\/WhatsApp-Image-2023-06-17-at-6.34.19-PM.jpeg\",\"articleSection\":[\"Nacional\",\"Titulares\"],\"inLanguage\":\"es\",\"potentialAction\":[{\"@type\":\"CommentAction\",\"name\":\"Comment\",\"target\":[\"https:\/\/pagina10.com\/web\/la-propuesta-de-unir-el-atlantico-con-el-pacifico-pasa-por-narino\/#respond\"]}]},{\"@type\":\"WebPage\",\"@id\":\"https:\/\/pagina10.com\/web\/la-propuesta-de-unir-el-atlantico-con-el-pacifico-pasa-por-narino\/\",\"url\":\"https:\/\/pagina10.com\/web\/la-propuesta-de-unir-el-atlantico-con-el-pacifico-pasa-por-narino\/\",\"name\":\"La propuesta de unir el Atl\u00e1ntico con el Pac\u00edfico pasa por Nari\u00f1o. | P\u00e1gina10\",\"isPartOf\":{\"@id\":\"https:\/\/pagina10.com\/web\/#website\"},\"primaryImageOfPage\":{\"@id\":\"https:\/\/pagina10.com\/web\/la-propuesta-de-unir-el-atlantico-con-el-pacifico-pasa-por-narino\/#primaryimage\"},\"image\":{\"@id\":\"https:\/\/pagina10.com\/web\/la-propuesta-de-unir-el-atlantico-con-el-pacifico-pasa-por-narino\/#primaryimage\"},\"thumbnailUrl\":\"https:\/\/pagina10.com\/web\/wp-content\/uploads\/2023\/06\/WhatsApp-Image-2023-06-17-at-6.34.19-PM.jpeg\",\"datePublished\":\"2023-06-17T23:35:02+00:00\",\"breadcrumb\":{\"@id\":\"https:\/\/pagina10.com\/web\/la-propuesta-de-unir-el-atlantico-con-el-pacifico-pasa-por-narino\/#breadcrumb\"},\"inLanguage\":\"es\",\"potentialAction\":[{\"@type\":\"ReadAction\",\"target\":[\"https:\/\/pagina10.com\/web\/la-propuesta-de-unir-el-atlantico-con-el-pacifico-pasa-por-narino\/\"]}]},{\"@type\":\"ImageObject\",\"inLanguage\":\"es\",\"@id\":\"https:\/\/pagina10.com\/web\/la-propuesta-de-unir-el-atlantico-con-el-pacifico-pasa-por-narino\/#primaryimage\",\"url\":\"https:\/\/pagina10.com\/web\/wp-content\/uploads\/2023\/06\/WhatsApp-Image-2023-06-17-at-6.34.19-PM.jpeg\",\"contentUrl\":\"https:\/\/pagina10.com\/web\/wp-content\/uploads\/2023\/06\/WhatsApp-Image-2023-06-17-at-6.34.19-PM.jpeg\",\"width\":737,\"height\":430},{\"@type\":\"BreadcrumbList\",\"@id\":\"https:\/\/pagina10.com\/web\/la-propuesta-de-unir-el-atlantico-con-el-pacifico-pasa-por-narino\/#breadcrumb\",\"itemListElement\":[{\"@type\":\"ListItem\",\"position\":1,\"name\":\"Portada\",\"item\":\"https:\/\/pagina10.com\/web\/\"},{\"@type\":\"ListItem\",\"position\":2,\"name\":\"La propuesta de unir el Atl\u00e1ntico con el Pac\u00edfico pasa por Nari\u00f1o.\"}]},{\"@type\":\"WebSite\",\"@id\":\"https:\/\/pagina10.com\/web\/#website\",\"url\":\"https:\/\/pagina10.com\/web\/\",\"name\":\"P\u00e1gina10\",\"description\":\"Peri\u00f3dico Regional\",\"publisher\":{\"@id\":\"https:\/\/pagina10.com\/web\/#organization\"},\"alternateName\":\"P\u00e1gina10 Peri\u00f3dico Regional\",\"potentialAction\":[{\"@type\":\"SearchAction\",\"target\":{\"@type\":\"EntryPoint\",\"urlTemplate\":\"https:\/\/pagina10.com\/web\/?s={search_term_string}\"},\"query-input\":{\"@type\":\"PropertyValueSpecification\",\"valueRequired\":true,\"valueName\":\"search_term_string\"}}],\"inLanguage\":\"es\"},{\"@type\":\"Organization\",\"@id\":\"https:\/\/pagina10.com\/web\/#organization\",\"name\":\"P\u00e1gina10\",\"alternateName\":\"P\u00e1gina10 Peri\u00f3dico Regional\",\"url\":\"https:\/\/pagina10.com\/web\/\",\"logo\":{\"@type\":\"ImageObject\",\"inLanguage\":\"es\",\"@id\":\"https:\/\/pagina10.com\/web\/#\/schema\/logo\/image\/\",\"url\":\"https:\/\/pagina10.com\/web\/wp-content\/uploads\/2024\/01\/40-pagina-10-periodico-regional-pasto.jpg\",\"contentUrl\":\"https:\/\/pagina10.com\/web\/wp-content\/uploads\/2024\/01\/40-pagina-10-periodico-regional-pasto.jpg\",\"width\":1280,\"height\":720,\"caption\":\"P\u00e1gina10\"},\"image\":{\"@id\":\"https:\/\/pagina10.com\/web\/#\/schema\/logo\/image\/\"},\"sameAs\":[\"https:\/\/www.facebook.com\/pag10com\",\"https:\/\/x.com\/Pag10com\",\"https:\/\/www.instagram.com\/pagina10col\/\",\"https:\/\/youtube.com\/channel\/pag10\",\"https:\/\/www.tiktok.com\/@p10col\"]},{\"@type\":\"Person\",\"@id\":\"https:\/\/pagina10.com\/web\/#\/schema\/person\/3d3687c9f037834284853a963ee45123\",\"name\":\"Pablo Emilio Obando Acosta\",\"description\":\"PABLO EMILIO OBANDO ACOSTA Nace en el a\u00f1o de 1965. Bachiller acad\u00e9mico Modalidad Humanidades del INEM de Pasto. En 1989 culmina sus estudios universitarios en la Universidad de Nari\u00f1o obteniendo el t\u00edtulo de Licenciado en Ciencias Sociales \u2013 \u00e9nfasis Ciencias de la Educaci\u00f3n \u2013Jornada nocturna-. Especialista en Literatura latinoamericana y colaborador de importantes medios de comunicaci\u00f3n escritos de nuestra regi\u00f3n y del pa\u00eds: El Tiempo.com, Semana.com, Dinero, Diario Del Sur, El Espectador.com, entre otros, Sus escritos se conocen y han obtenido reconocimientos en Chile, Uruguay, Paraguay, Espa\u00f1a y Alemania. En el a\u00f1o 2000 obtiene el reconocimiento CORREO DEL SUR como el personaje c\u00edvico del a\u00f1o por su f\u00e9rrea defensa de la dignidad pastense al protestar con su documento \u201cUn pueblo ante la historia\u201d por el trato despectivo de algunos medios de comunicaci\u00f3n. Las reacciones no se hacen esperar en peri\u00f3dicos de circulaci\u00f3n regional y nacional como El Tiempo, El Espectador y El Pa\u00eds. Ha obtenido m\u00faltiples medallas y condecoraciones por su labor period\u00edstica y cultural: Medalla al merito Guillermo Edmundo Ch\u00e1vez \u2013 mejor escritor del departamento de Nari\u00f1o 2005 \u2013 Fundaci\u00f3n Gabriel Garc\u00eda M\u00e1rquez. Mejor Columnista del departamento de Nari\u00f1o \u2013 a\u00f1os 1991 \u2013 1993 \u2013 1996 \u2013 2001 \u2013 2006 Fundaci\u00f3n Cultural Correo del Sur. Personaje C\u00edvico del Departamento de Nari\u00f1o a\u00f1o 2000. Medalla \u00c1lvaro Javier Jurado Calvache a\u00f1o 2007 \u2013 Centro Educativo PROFESA \u2013 defensor poblaci\u00f3n vulnerable del municipio de Pasto. Mejor cuentista del departamento de Nari\u00f1o \u2013 a\u00f1os 1989 \u2013 2004 \u2013 2005. Cronista m\u00e1s destacado del departamento de Nari\u00f1o \u2013 a\u00f1o 2001. Finalista VI Concurso Internacional de Cuento \u2013 Prensa Nueva \u2013 a\u00f1o 1991. Primer puesto Concurso nacional de cuento \u2013 Contralor\u00eda general de la Rep\u00fablica \u2013 a\u00f1o 1992. Primer Lugar Concurso Municipal de Periodismo \u201cSilvio Le\u00f3n Espa\u00f1a\u201d \u2013 2009. . Reconocimiento Concejo municipal de Pasto, por su labor c\u00edvica y educativa. Sus obras y escritos se conocen en varios pa\u00edses de Latinoam\u00e9rica y de Colombia. Es autor de una docena de textos y m\u00e1s de un millar de columnas de opini\u00f3n que han generado pol\u00e9mica en el contexto nacional y latinoamericano: Testimonio de una insurrecci\u00f3n ciudadana \u2013 2011. El doctor Mierda. Un pueblo ante la historia. La filosof\u00eda de la gallina. Del amor por la Tierra... y otros textos. Diario de un maestro de escuela. Apuntes para una nueva historia Nuevos apuntes \u2013 Tomas Hidalgo Calvache. El problema de los cristianos. La utilidad del poeta. \u00bfTe acuerdas Mariana...? Corona F\u00fanebre \u2013 Tomas Hidalgo Calvache. En formato digital ha editado los siguientes t\u00edtulos: - La nueva filosof\u00eda de la gallina. - Tomas Hidalgo Calvache - Apuntes. - Educar con valor. Figura en varias antolog\u00edas de autores nari\u00f1enses y en una latinoamericana. Sobre \u00e9l han escrito elogiosamente intelectuales de la talla de Otto Morales Ben\u00edtez, Edgar Bastidas Urresty, Juan Augusto Ortiz cabrera, Carlos Santamar\u00eda, Javier Rodrizales, Miguel Garz\u00f3n Arteaga, Fausto Molina, Jorge Arturo Bravo y otros tantos que ser\u00eda dif\u00edcil nombrar en esta peque\u00f1a cr\u00f3nica sobre Pablo Emilio Obando Acosta.\",\"url\":\"https:\/\/pagina10.com\/web\/author\/pobando\/\"}]}<\/script>\n<!-- \/ Yoast SEO plugin. -->","yoast_head_json":{"title":"La propuesta de unir el Atl\u00e1ntico con el Pac\u00edfico pasa por Nari\u00f1o. | P\u00e1gina10","robots":{"index":"index","follow":"follow","max-snippet":"max-snippet:-1","max-image-preview":"max-image-preview:large","max-video-preview":"max-video-preview:-1"},"canonical":"https:\/\/pagina10.com\/web\/la-propuesta-de-unir-el-atlantico-con-el-pacifico-pasa-por-narino\/","og_locale":"es_ES","og_type":"article","og_title":"La propuesta de unir el Atl\u00e1ntico con el Pac\u00edfico pasa por Nari\u00f1o. | P\u00e1gina10","og_description":"El ingeniero Gerardo Rosero P\u00e9rez es un nari\u00f1ense visionario, tenaz, invencible y due\u00f1o de una voluntad f\u00e9rrea. Al respecto nos referimos en anterior nota period\u00edstica en la cual expresamos nuestra opini\u00f3n sobre su propuesta de unir el Pac\u00edfico y el Atl\u00e1ntico en una ruta no s\u00f3lo viable sino prioritaria e inaplazable. https:\/\/m.facebook.com\/story.php?story_fbid=10231253069093000&amp;id=1322375506&amp;mibextid=Nif5oz En esta ocasi\u00f3n [&hellip;]","og_url":"https:\/\/pagina10.com\/web\/la-propuesta-de-unir-el-atlantico-con-el-pacifico-pasa-por-narino\/","og_site_name":"P\u00e1gina10","article_publisher":"https:\/\/www.facebook.com\/pag10com","article_published_time":"2023-06-17T23:35:02+00:00","og_image":[{"width":737,"height":430,"url":"https:\/\/pagina10.com\/web\/wp-content\/uploads\/2023\/06\/WhatsApp-Image-2023-06-17-at-6.34.19-PM.jpeg","type":"image\/jpeg"}],"author":"Pablo Emilio Obando Acosta","twitter_card":"summary_large_image","twitter_creator":"@Pag10com","twitter_site":"@Pag10com","twitter_misc":{"Escrito por":"Pablo Emilio Obando Acosta","Tiempo de lectura":"3 minutos"},"schema":{"@context":"https:\/\/schema.org","@graph":[{"@type":"Article","@id":"https:\/\/pagina10.com\/web\/la-propuesta-de-unir-el-atlantico-con-el-pacifico-pasa-por-narino\/#article","isPartOf":{"@id":"https:\/\/pagina10.com\/web\/la-propuesta-de-unir-el-atlantico-con-el-pacifico-pasa-por-narino\/"},"author":{"name":"Pablo Emilio Obando Acosta","@id":"https:\/\/pagina10.com\/web\/#\/schema\/person\/3d3687c9f037834284853a963ee45123"},"headline":"La propuesta de unir el Atl\u00e1ntico con el Pac\u00edfico pasa por Nari\u00f1o.","datePublished":"2023-06-17T23:35:02+00:00","mainEntityOfPage":{"@id":"https:\/\/pagina10.com\/web\/la-propuesta-de-unir-el-atlantico-con-el-pacifico-pasa-por-narino\/"},"wordCount":686,"commentCount":0,"publisher":{"@id":"https:\/\/pagina10.com\/web\/#organization"},"image":{"@id":"https:\/\/pagina10.com\/web\/la-propuesta-de-unir-el-atlantico-con-el-pacifico-pasa-por-narino\/#primaryimage"},"thumbnailUrl":"https:\/\/pagina10.com\/web\/wp-content\/uploads\/2023\/06\/WhatsApp-Image-2023-06-17-at-6.34.19-PM.jpeg","articleSection":["Nacional","Titulares"],"inLanguage":"es","potentialAction":[{"@type":"CommentAction","name":"Comment","target":["https:\/\/pagina10.com\/web\/la-propuesta-de-unir-el-atlantico-con-el-pacifico-pasa-por-narino\/#respond"]}]},{"@type":"WebPage","@id":"https:\/\/pagina10.com\/web\/la-propuesta-de-unir-el-atlantico-con-el-pacifico-pasa-por-narino\/","url":"https:\/\/pagina10.com\/web\/la-propuesta-de-unir-el-atlantico-con-el-pacifico-pasa-por-narino\/","name":"La propuesta de unir el Atl\u00e1ntico con el Pac\u00edfico pasa por Nari\u00f1o. | P\u00e1gina10","isPartOf":{"@id":"https:\/\/pagina10.com\/web\/#website"},"primaryImageOfPage":{"@id":"https:\/\/pagina10.com\/web\/la-propuesta-de-unir-el-atlantico-con-el-pacifico-pasa-por-narino\/#primaryimage"},"image":{"@id":"https:\/\/pagina10.com\/web\/la-propuesta-de-unir-el-atlantico-con-el-pacifico-pasa-por-narino\/#primaryimage"},"thumbnailUrl":"https:\/\/pagina10.com\/web\/wp-content\/uploads\/2023\/06\/WhatsApp-Image-2023-06-17-at-6.34.19-PM.jpeg","datePublished":"2023-06-17T23:35:02+00:00","breadcrumb":{"@id":"https:\/\/pagina10.com\/web\/la-propuesta-de-unir-el-atlantico-con-el-pacifico-pasa-por-narino\/#breadcrumb"},"inLanguage":"es","potentialAction":[{"@type":"ReadAction","target":["https:\/\/pagina10.com\/web\/la-propuesta-de-unir-el-atlantico-con-el-pacifico-pasa-por-narino\/"]}]},{"@type":"ImageObject","inLanguage":"es","@id":"https:\/\/pagina10.com\/web\/la-propuesta-de-unir-el-atlantico-con-el-pacifico-pasa-por-narino\/#primaryimage","url":"https:\/\/pagina10.com\/web\/wp-content\/uploads\/2023\/06\/WhatsApp-Image-2023-06-17-at-6.34.19-PM.jpeg","contentUrl":"https:\/\/pagina10.com\/web\/wp-content\/uploads\/2023\/06\/WhatsApp-Image-2023-06-17-at-6.34.19-PM.jpeg","width":737,"height":430},{"@type":"BreadcrumbList","@id":"https:\/\/pagina10.com\/web\/la-propuesta-de-unir-el-atlantico-con-el-pacifico-pasa-por-narino\/#breadcrumb","itemListElement":[{"@type":"ListItem","position":1,"name":"Portada","item":"https:\/\/pagina10.com\/web\/"},{"@type":"ListItem","position":2,"name":"La propuesta de unir el Atl\u00e1ntico con el Pac\u00edfico pasa por Nari\u00f1o."}]},{"@type":"WebSite","@id":"https:\/\/pagina10.com\/web\/#website","url":"https:\/\/pagina10.com\/web\/","name":"P\u00e1gina10","description":"Peri\u00f3dico Regional","publisher":{"@id":"https:\/\/pagina10.com\/web\/#organization"},"alternateName":"P\u00e1gina10 Peri\u00f3dico Regional","potentialAction":[{"@type":"SearchAction","target":{"@type":"EntryPoint","urlTemplate":"https:\/\/pagina10.com\/web\/?s={search_term_string}"},"query-input":{"@type":"PropertyValueSpecification","valueRequired":true,"valueName":"search_term_string"}}],"inLanguage":"es"},{"@type":"Organization","@id":"https:\/\/pagina10.com\/web\/#organization","name":"P\u00e1gina10","alternateName":"P\u00e1gina10 Peri\u00f3dico Regional","url":"https:\/\/pagina10.com\/web\/","logo":{"@type":"ImageObject","inLanguage":"es","@id":"https:\/\/pagina10.com\/web\/#\/schema\/logo\/image\/","url":"https:\/\/pagina10.com\/web\/wp-content\/uploads\/2024\/01\/40-pagina-10-periodico-regional-pasto.jpg","contentUrl":"https:\/\/pagina10.com\/web\/wp-content\/uploads\/2024\/01\/40-pagina-10-periodico-regional-pasto.jpg","width":1280,"height":720,"caption":"P\u00e1gina10"},"image":{"@id":"https:\/\/pagina10.com\/web\/#\/schema\/logo\/image\/"},"sameAs":["https:\/\/www.facebook.com\/pag10com","https:\/\/x.com\/Pag10com","https:\/\/www.instagram.com\/pagina10col\/","https:\/\/youtube.com\/channel\/pag10","https:\/\/www.tiktok.com\/@p10col"]},{"@type":"Person","@id":"https:\/\/pagina10.com\/web\/#\/schema\/person\/3d3687c9f037834284853a963ee45123","name":"Pablo Emilio Obando Acosta","description":"PABLO EMILIO OBANDO ACOSTA Nace en el a\u00f1o de 1965. Bachiller acad\u00e9mico Modalidad Humanidades del INEM de Pasto. En 1989 culmina sus estudios universitarios en la Universidad de Nari\u00f1o obteniendo el t\u00edtulo de Licenciado en Ciencias Sociales \u2013 \u00e9nfasis Ciencias de la Educaci\u00f3n \u2013Jornada nocturna-. Especialista en Literatura latinoamericana y colaborador de importantes medios de comunicaci\u00f3n escritos de nuestra regi\u00f3n y del pa\u00eds: El Tiempo.com, Semana.com, Dinero, Diario Del Sur, El Espectador.com, entre otros, Sus escritos se conocen y han obtenido reconocimientos en Chile, Uruguay, Paraguay, Espa\u00f1a y Alemania. En el a\u00f1o 2000 obtiene el reconocimiento CORREO DEL SUR como el personaje c\u00edvico del a\u00f1o por su f\u00e9rrea defensa de la dignidad pastense al protestar con su documento \u201cUn pueblo ante la historia\u201d por el trato despectivo de algunos medios de comunicaci\u00f3n. Las reacciones no se hacen esperar en peri\u00f3dicos de circulaci\u00f3n regional y nacional como El Tiempo, El Espectador y El Pa\u00eds. Ha obtenido m\u00faltiples medallas y condecoraciones por su labor period\u00edstica y cultural: Medalla al merito Guillermo Edmundo Ch\u00e1vez \u2013 mejor escritor del departamento de Nari\u00f1o 2005 \u2013 Fundaci\u00f3n Gabriel Garc\u00eda M\u00e1rquez. Mejor Columnista del departamento de Nari\u00f1o \u2013 a\u00f1os 1991 \u2013 1993 \u2013 1996 \u2013 2001 \u2013 2006 Fundaci\u00f3n Cultural Correo del Sur. Personaje C\u00edvico del Departamento de Nari\u00f1o a\u00f1o 2000. Medalla \u00c1lvaro Javier Jurado Calvache a\u00f1o 2007 \u2013 Centro Educativo PROFESA \u2013 defensor poblaci\u00f3n vulnerable del municipio de Pasto. Mejor cuentista del departamento de Nari\u00f1o \u2013 a\u00f1os 1989 \u2013 2004 \u2013 2005. Cronista m\u00e1s destacado del departamento de Nari\u00f1o \u2013 a\u00f1o 2001. Finalista VI Concurso Internacional de Cuento \u2013 Prensa Nueva \u2013 a\u00f1o 1991. Primer puesto Concurso nacional de cuento \u2013 Contralor\u00eda general de la Rep\u00fablica \u2013 a\u00f1o 1992. Primer Lugar Concurso Municipal de Periodismo \u201cSilvio Le\u00f3n Espa\u00f1a\u201d \u2013 2009. . Reconocimiento Concejo municipal de Pasto, por su labor c\u00edvica y educativa. Sus obras y escritos se conocen en varios pa\u00edses de Latinoam\u00e9rica y de Colombia. Es autor de una docena de textos y m\u00e1s de un millar de columnas de opini\u00f3n que han generado pol\u00e9mica en el contexto nacional y latinoamericano: Testimonio de una insurrecci\u00f3n ciudadana \u2013 2011. El doctor Mierda. Un pueblo ante la historia. La filosof\u00eda de la gallina. Del amor por la Tierra... y otros textos. Diario de un maestro de escuela. Apuntes para una nueva historia Nuevos apuntes \u2013 Tomas Hidalgo Calvache. El problema de los cristianos. La utilidad del poeta. \u00bfTe acuerdas Mariana...? Corona F\u00fanebre \u2013 Tomas Hidalgo Calvache. En formato digital ha editado los siguientes t\u00edtulos: - La nueva filosof\u00eda de la gallina. - Tomas Hidalgo Calvache - Apuntes. - Educar con valor. Figura en varias antolog\u00edas de autores nari\u00f1enses y en una latinoamericana. Sobre \u00e9l han escrito elogiosamente intelectuales de la talla de Otto Morales Ben\u00edtez, Edgar Bastidas Urresty, Juan Augusto Ortiz cabrera, Carlos Santamar\u00eda, Javier Rodrizales, Miguel Garz\u00f3n Arteaga, Fausto Molina, Jorge Arturo Bravo y otros tantos que ser\u00eda dif\u00edcil nombrar en esta peque\u00f1a cr\u00f3nica sobre Pablo Emilio Obando Acosta.","url":"https:\/\/pagina10.com\/web\/author\/pobando\/"}]}},"_links":{"self":[{"href":"https:\/\/pagina10.com\/web\/wp-json\/wp\/v2\/posts\/66731","targetHints":{"allow":["GET"]}}],"collection":[{"href":"https:\/\/pagina10.com\/web\/wp-json\/wp\/v2\/posts"}],"about":[{"href":"https:\/\/pagina10.com\/web\/wp-json\/wp\/v2\/types\/post"}],"author":[{"embeddable":true,"href":"https:\/\/pagina10.com\/web\/wp-json\/wp\/v2\/users\/46"}],"replies":[{"embeddable":true,"href":"https:\/\/pagina10.com\/web\/wp-json\/wp\/v2\/comments?post=66731"}],"version-history":[{"count":1,"href":"https:\/\/pagina10.com\/web\/wp-json\/wp\/v2\/posts\/66731\/revisions"}],"predecessor-version":[{"id":66733,"href":"https:\/\/pagina10.com\/web\/wp-json\/wp\/v2\/posts\/66731\/revisions\/66733"}],"wp:featuredmedia":[{"embeddable":true,"href":"https:\/\/pagina10.com\/web\/wp-json\/wp\/v2\/media\/66732"}],"wp:attachment":[{"href":"https:\/\/pagina10.com\/web\/wp-json\/wp\/v2\/media?parent=66731"}],"wp:term":[{"taxonomy":"category","embeddable":true,"href":"https:\/\/pagina10.com\/web\/wp-json\/wp\/v2\/categories?post=66731"},{"taxonomy":"post_tag","embeddable":true,"href":"https:\/\/pagina10.com\/web\/wp-json\/wp\/v2\/tags?post=66731"}],"curies":[{"name":"wp","href":"https:\/\/api.w.org\/{rel}","templated":true}]}}