{"id":66761,"date":"2023-06-19T11:31:34","date_gmt":"2023-06-19T16:31:34","guid":{"rendered":"https:\/\/pagina10.com\/web\/?p=66761"},"modified":"2023-06-19T11:31:34","modified_gmt":"2023-06-19T16:31:34","slug":"descubren-caleta-de-marihuana-en-sapuyes","status":"publish","type":"post","link":"https:\/\/pagina10.com\/web\/descubren-caleta-de-marihuana-en-sapuyes\/","title":{"rendered":"Descubren caleta de marihuana en Sapuyes"},"content":{"rendered":"<p style=\"text-align: justify;\">Se realiz\u00f3 un importante hallazgo de una caleta de marihuana escondida en dos closets en Sapuyes, Nari\u00f1o. En el hallazgo habr\u00eda m\u00e1s de 22 mil dosis de estupefacientes ocultas, que estaban destinadas a evadir los controles policiales y registros de las autoridades, para ser presuntamente comercializadas.<\/p>\n<p style=\"text-align: justify;\">La totalidad del cargamento se encontr\u00f3 en un veh\u00edculo perteneciente a una empresa de mensajer\u00eda, donde se ocultaba la mercanc\u00eda ilegal de marihuana. La droga estaba empacada en 49 paquetes envueltos en bolsas transparentes. Luego de confiscar el cargamento se continua con las investigaciones que ayuden a erradicar el microtr\u00e1fico en el departamento.<\/p>\n","protected":false},"excerpt":{"rendered":"<p>Se realiz\u00f3 un importante hallazgo de una caleta de marihuana escondida en dos closets en Sapuyes, Nari\u00f1o. En el hallazgo habr\u00eda m\u00e1s de 22 mil dosis de estupefacientes ocultas, que estaban destinadas a evadir los controles policiales y registros de las autoridades, para ser presuntamente comercializadas. La totalidad del cargamento se encontr\u00f3 en un veh\u00edculo [&hellip;]<\/p>\n","protected":false},"author":1,"featured_media":66764,"comment_status":"open","ping_status":"open","sticky":false,"template":"","format":"standard","meta":{"footnotes":""},"categories":[14],"tags":[],"class_list":["post-66761","post","type-post","status-publish","format-standard","has-post-thumbnail","hentry","category-narino-actual"],"yoast_head":"<!-- This site is optimized with the Yoast SEO plugin v27.1.1 - https:\/\/yoast.com\/product\/yoast-seo-wordpress\/ -->\n<title>Descubren caleta de marihuana en Sapuyes | P\u00e1gina10<\/title>\n<meta name=\"robots\" content=\"index, follow, max-snippet:-1, max-image-preview:large, max-video-preview:-1\" \/>\n<link rel=\"canonical\" href=\"https:\/\/pagina10.com\/web\/descubren-caleta-de-marihuana-en-sapuyes\/\" \/>\n<meta property=\"og:locale\" content=\"es_ES\" \/>\n<meta property=\"og:type\" content=\"article\" \/>\n<meta property=\"og:title\" content=\"Descubren caleta de marihuana en Sapuyes | P\u00e1gina10\" \/>\n<meta property=\"og:description\" content=\"Se realiz\u00f3 un importante hallazgo de una caleta de marihuana escondida en dos closets en Sapuyes, Nari\u00f1o. En el hallazgo habr\u00eda m\u00e1s de 22 mil dosis de estupefacientes ocultas, que estaban destinadas a evadir los controles policiales y registros de las autoridades, para ser presuntamente comercializadas. La totalidad del cargamento se encontr\u00f3 en un veh\u00edculo [&hellip;]\" \/>\n<meta property=\"og:url\" content=\"https:\/\/pagina10.com\/web\/descubren-caleta-de-marihuana-en-sapuyes\/\" \/>\n<meta property=\"og:site_name\" content=\"P\u00e1gina10\" \/>\n<meta property=\"article:publisher\" content=\"https:\/\/www.facebook.com\/pag10com\" \/>\n<meta property=\"article:published_time\" content=\"2023-06-19T16:31:34+00:00\" \/>\n<meta property=\"og:image\" content=\"https:\/\/pagina10.com\/web\/wp-content\/uploads\/2023\/06\/incautan_estupefacientes_1.jpeg\" \/>\n\t<meta property=\"og:image:width\" content=\"660\" \/>\n\t<meta property=\"og:image:height\" content=\"400\" \/>\n\t<meta property=\"og:image:type\" content=\"image\/jpeg\" \/>\n<meta name=\"author\" content=\"P\u00e1gina 10\" \/>\n<meta name=\"twitter:card\" content=\"summary_large_image\" \/>\n<meta name=\"twitter:creator\" content=\"@Pag10com\" \/>\n<meta name=\"twitter:site\" content=\"@Pag10com\" \/>\n<meta name=\"twitter:label1\" content=\"Escrito por\" \/>\n\t<meta name=\"twitter:data1\" content=\"P\u00e1gina 10\" \/>\n\t<meta name=\"twitter:label2\" content=\"Tiempo de lectura\" \/>\n\t<meta name=\"twitter:data2\" content=\"1 minuto\" \/>\n<script type=\"application\/ld+json\" class=\"yoast-schema-graph\">{\"@context\":\"https:\/\/schema.org\",\"@graph\":[{\"@type\":\"Article\",\"@id\":\"https:\/\/pagina10.com\/web\/descubren-caleta-de-marihuana-en-sapuyes\/#article\",\"isPartOf\":{\"@id\":\"https:\/\/pagina10.com\/web\/descubren-caleta-de-marihuana-en-sapuyes\/\"},\"author\":{\"name\":\"P\u00e1gina 10\",\"@id\":\"https:\/\/pagina10.com\/web\/#\/schema\/person\/2efc4a090d25b667d3bc796798a3a81b\"},\"headline\":\"Descubren caleta de marihuana en Sapuyes\",\"datePublished\":\"2023-06-19T16:31:34+00:00\",\"mainEntityOfPage\":{\"@id\":\"https:\/\/pagina10.com\/web\/descubren-caleta-de-marihuana-en-sapuyes\/\"},\"wordCount\":110,\"commentCount\":0,\"publisher\":{\"@id\":\"https:\/\/pagina10.com\/web\/#organization\"},\"image\":{\"@id\":\"https:\/\/pagina10.com\/web\/descubren-caleta-de-marihuana-en-sapuyes\/#primaryimage\"},\"thumbnailUrl\":\"https:\/\/pagina10.com\/web\/wp-content\/uploads\/2023\/06\/incautan_estupefacientes_1.jpeg\",\"articleSection\":[\"Nari\u00f1o Actual\"],\"inLanguage\":\"es\",\"potentialAction\":[{\"@type\":\"CommentAction\",\"name\":\"Comment\",\"target\":[\"https:\/\/pagina10.com\/web\/descubren-caleta-de-marihuana-en-sapuyes\/#respond\"]}]},{\"@type\":\"WebPage\",\"@id\":\"https:\/\/pagina10.com\/web\/descubren-caleta-de-marihuana-en-sapuyes\/\",\"url\":\"https:\/\/pagina10.com\/web\/descubren-caleta-de-marihuana-en-sapuyes\/\",\"name\":\"Descubren caleta de marihuana en Sapuyes | P\u00e1gina10\",\"isPartOf\":{\"@id\":\"https:\/\/pagina10.com\/web\/#website\"},\"primaryImageOfPage\":{\"@id\":\"https:\/\/pagina10.com\/web\/descubren-caleta-de-marihuana-en-sapuyes\/#primaryimage\"},\"image\":{\"@id\":\"https:\/\/pagina10.com\/web\/descubren-caleta-de-marihuana-en-sapuyes\/#primaryimage\"},\"thumbnailUrl\":\"https:\/\/pagina10.com\/web\/wp-content\/uploads\/2023\/06\/incautan_estupefacientes_1.jpeg\",\"datePublished\":\"2023-06-19T16:31:34+00:00\",\"breadcrumb\":{\"@id\":\"https:\/\/pagina10.com\/web\/descubren-caleta-de-marihuana-en-sapuyes\/#breadcrumb\"},\"inLanguage\":\"es\",\"potentialAction\":[{\"@type\":\"ReadAction\",\"target\":[\"https:\/\/pagina10.com\/web\/descubren-caleta-de-marihuana-en-sapuyes\/\"]}]},{\"@type\":\"ImageObject\",\"inLanguage\":\"es\",\"@id\":\"https:\/\/pagina10.com\/web\/descubren-caleta-de-marihuana-en-sapuyes\/#primaryimage\",\"url\":\"https:\/\/pagina10.com\/web\/wp-content\/uploads\/2023\/06\/incautan_estupefacientes_1.jpeg\",\"contentUrl\":\"https:\/\/pagina10.com\/web\/wp-content\/uploads\/2023\/06\/incautan_estupefacientes_1.jpeg\",\"width\":660,\"height\":400},{\"@type\":\"BreadcrumbList\",\"@id\":\"https:\/\/pagina10.com\/web\/descubren-caleta-de-marihuana-en-sapuyes\/#breadcrumb\",\"itemListElement\":[{\"@type\":\"ListItem\",\"position\":1,\"name\":\"Portada\",\"item\":\"https:\/\/pagina10.com\/web\/\"},{\"@type\":\"ListItem\",\"position\":2,\"name\":\"Descubren caleta de marihuana en Sapuyes\"}]},{\"@type\":\"WebSite\",\"@id\":\"https:\/\/pagina10.com\/web\/#website\",\"url\":\"https:\/\/pagina10.com\/web\/\",\"name\":\"P\u00e1gina10\",\"description\":\"Peri\u00f3dico Regional\",\"publisher\":{\"@id\":\"https:\/\/pagina10.com\/web\/#organization\"},\"alternateName\":\"P\u00e1gina10 Peri\u00f3dico Regional\",\"potentialAction\":[{\"@type\":\"SearchAction\",\"target\":{\"@type\":\"EntryPoint\",\"urlTemplate\":\"https:\/\/pagina10.com\/web\/?s={search_term_string}\"},\"query-input\":{\"@type\":\"PropertyValueSpecification\",\"valueRequired\":true,\"valueName\":\"search_term_string\"}}],\"inLanguage\":\"es\"},{\"@type\":\"Organization\",\"@id\":\"https:\/\/pagina10.com\/web\/#organization\",\"name\":\"P\u00e1gina10\",\"alternateName\":\"P\u00e1gina10 Peri\u00f3dico Regional\",\"url\":\"https:\/\/pagina10.com\/web\/\",\"logo\":{\"@type\":\"ImageObject\",\"inLanguage\":\"es\",\"@id\":\"https:\/\/pagina10.com\/web\/#\/schema\/logo\/image\/\",\"url\":\"https:\/\/pagina10.com\/web\/wp-content\/uploads\/2024\/01\/40-pagina-10-periodico-regional-pasto.jpg\",\"contentUrl\":\"https:\/\/pagina10.com\/web\/wp-content\/uploads\/2024\/01\/40-pagina-10-periodico-regional-pasto.jpg\",\"width\":1280,\"height\":720,\"caption\":\"P\u00e1gina10\"},\"image\":{\"@id\":\"https:\/\/pagina10.com\/web\/#\/schema\/logo\/image\/\"},\"sameAs\":[\"https:\/\/www.facebook.com\/pag10com\",\"https:\/\/x.com\/Pag10com\",\"https:\/\/www.instagram.com\/pagina10col\/\",\"https:\/\/youtube.com\/channel\/pag10\",\"https:\/\/www.tiktok.com\/@p10col\"]},{\"@type\":\"Person\",\"@id\":\"https:\/\/pagina10.com\/web\/#\/schema\/person\/2efc4a090d25b667d3bc796798a3a81b\",\"name\":\"P\u00e1gina 10\",\"description\":\"P\u00e1gina 10 es un peri\u00f3dico regional que nace en Colombia, en el departamento de Nari\u00f1o, con un enfoque global, fundamentado en cuatro pilares esenciales: la libertad, el pluralismo, la inclusi\u00f3n y la independencia. P\u00e1gina 10 hace referencia a Nari\u00f1o como el d\u00e9cimo departamento creado en Colombia, despu\u00e9s de un proceso pol\u00edtico liderado por actores y actrices regionales con el fin de obtener la independencia y autonom\u00eda de nuestros territorios. Con la creaci\u00f3n de P\u00e1gina 10 se pretende abrir un escenario para el dialogo, la reflexi\u00f3n y el debate que se extienda a otras geograf\u00edas de Am\u00e9rica Latina y del planeta, en una apuesta por transformar colectivamente los desaf\u00edos de un mundo contempor\u00e1neo, m\u00e1s all\u00e1 de las fronteras impuestas.\",\"url\":\"https:\/\/pagina10.com\/web\/author\/pdiezadmin\/\"}]}<\/script>\n<!-- \/ Yoast SEO plugin. -->","yoast_head_json":{"title":"Descubren caleta de marihuana en Sapuyes | P\u00e1gina10","robots":{"index":"index","follow":"follow","max-snippet":"max-snippet:-1","max-image-preview":"max-image-preview:large","max-video-preview":"max-video-preview:-1"},"canonical":"https:\/\/pagina10.com\/web\/descubren-caleta-de-marihuana-en-sapuyes\/","og_locale":"es_ES","og_type":"article","og_title":"Descubren caleta de marihuana en Sapuyes | P\u00e1gina10","og_description":"Se realiz\u00f3 un importante hallazgo de una caleta de marihuana escondida en dos closets en Sapuyes, Nari\u00f1o. En el hallazgo habr\u00eda m\u00e1s de 22 mil dosis de estupefacientes ocultas, que estaban destinadas a evadir los controles policiales y registros de las autoridades, para ser presuntamente comercializadas. La totalidad del cargamento se encontr\u00f3 en un veh\u00edculo [&hellip;]","og_url":"https:\/\/pagina10.com\/web\/descubren-caleta-de-marihuana-en-sapuyes\/","og_site_name":"P\u00e1gina10","article_publisher":"https:\/\/www.facebook.com\/pag10com","article_published_time":"2023-06-19T16:31:34+00:00","og_image":[{"width":660,"height":400,"url":"https:\/\/pagina10.com\/web\/wp-content\/uploads\/2023\/06\/incautan_estupefacientes_1.jpeg","type":"image\/jpeg"}],"author":"P\u00e1gina 10","twitter_card":"summary_large_image","twitter_creator":"@Pag10com","twitter_site":"@Pag10com","twitter_misc":{"Escrito por":"P\u00e1gina 10","Tiempo de lectura":"1 minuto"},"schema":{"@context":"https:\/\/schema.org","@graph":[{"@type":"Article","@id":"https:\/\/pagina10.com\/web\/descubren-caleta-de-marihuana-en-sapuyes\/#article","isPartOf":{"@id":"https:\/\/pagina10.com\/web\/descubren-caleta-de-marihuana-en-sapuyes\/"},"author":{"name":"P\u00e1gina 10","@id":"https:\/\/pagina10.com\/web\/#\/schema\/person\/2efc4a090d25b667d3bc796798a3a81b"},"headline":"Descubren caleta de marihuana en Sapuyes","datePublished":"2023-06-19T16:31:34+00:00","mainEntityOfPage":{"@id":"https:\/\/pagina10.com\/web\/descubren-caleta-de-marihuana-en-sapuyes\/"},"wordCount":110,"commentCount":0,"publisher":{"@id":"https:\/\/pagina10.com\/web\/#organization"},"image":{"@id":"https:\/\/pagina10.com\/web\/descubren-caleta-de-marihuana-en-sapuyes\/#primaryimage"},"thumbnailUrl":"https:\/\/pagina10.com\/web\/wp-content\/uploads\/2023\/06\/incautan_estupefacientes_1.jpeg","articleSection":["Nari\u00f1o Actual"],"inLanguage":"es","potentialAction":[{"@type":"CommentAction","name":"Comment","target":["https:\/\/pagina10.com\/web\/descubren-caleta-de-marihuana-en-sapuyes\/#respond"]}]},{"@type":"WebPage","@id":"https:\/\/pagina10.com\/web\/descubren-caleta-de-marihuana-en-sapuyes\/","url":"https:\/\/pagina10.com\/web\/descubren-caleta-de-marihuana-en-sapuyes\/","name":"Descubren caleta de marihuana en Sapuyes | P\u00e1gina10","isPartOf":{"@id":"https:\/\/pagina10.com\/web\/#website"},"primaryImageOfPage":{"@id":"https:\/\/pagina10.com\/web\/descubren-caleta-de-marihuana-en-sapuyes\/#primaryimage"},"image":{"@id":"https:\/\/pagina10.com\/web\/descubren-caleta-de-marihuana-en-sapuyes\/#primaryimage"},"thumbnailUrl":"https:\/\/pagina10.com\/web\/wp-content\/uploads\/2023\/06\/incautan_estupefacientes_1.jpeg","datePublished":"2023-06-19T16:31:34+00:00","breadcrumb":{"@id":"https:\/\/pagina10.com\/web\/descubren-caleta-de-marihuana-en-sapuyes\/#breadcrumb"},"inLanguage":"es","potentialAction":[{"@type":"ReadAction","target":["https:\/\/pagina10.com\/web\/descubren-caleta-de-marihuana-en-sapuyes\/"]}]},{"@type":"ImageObject","inLanguage":"es","@id":"https:\/\/pagina10.com\/web\/descubren-caleta-de-marihuana-en-sapuyes\/#primaryimage","url":"https:\/\/pagina10.com\/web\/wp-content\/uploads\/2023\/06\/incautan_estupefacientes_1.jpeg","contentUrl":"https:\/\/pagina10.com\/web\/wp-content\/uploads\/2023\/06\/incautan_estupefacientes_1.jpeg","width":660,"height":400},{"@type":"BreadcrumbList","@id":"https:\/\/pagina10.com\/web\/descubren-caleta-de-marihuana-en-sapuyes\/#breadcrumb","itemListElement":[{"@type":"ListItem","position":1,"name":"Portada","item":"https:\/\/pagina10.com\/web\/"},{"@type":"ListItem","position":2,"name":"Descubren caleta de marihuana en Sapuyes"}]},{"@type":"WebSite","@id":"https:\/\/pagina10.com\/web\/#website","url":"https:\/\/pagina10.com\/web\/","name":"P\u00e1gina10","description":"Peri\u00f3dico Regional","publisher":{"@id":"https:\/\/pagina10.com\/web\/#organization"},"alternateName":"P\u00e1gina10 Peri\u00f3dico Regional","potentialAction":[{"@type":"SearchAction","target":{"@type":"EntryPoint","urlTemplate":"https:\/\/pagina10.com\/web\/?s={search_term_string}"},"query-input":{"@type":"PropertyValueSpecification","valueRequired":true,"valueName":"search_term_string"}}],"inLanguage":"es"},{"@type":"Organization","@id":"https:\/\/pagina10.com\/web\/#organization","name":"P\u00e1gina10","alternateName":"P\u00e1gina10 Peri\u00f3dico Regional","url":"https:\/\/pagina10.com\/web\/","logo":{"@type":"ImageObject","inLanguage":"es","@id":"https:\/\/pagina10.com\/web\/#\/schema\/logo\/image\/","url":"https:\/\/pagina10.com\/web\/wp-content\/uploads\/2024\/01\/40-pagina-10-periodico-regional-pasto.jpg","contentUrl":"https:\/\/pagina10.com\/web\/wp-content\/uploads\/2024\/01\/40-pagina-10-periodico-regional-pasto.jpg","width":1280,"height":720,"caption":"P\u00e1gina10"},"image":{"@id":"https:\/\/pagina10.com\/web\/#\/schema\/logo\/image\/"},"sameAs":["https:\/\/www.facebook.com\/pag10com","https:\/\/x.com\/Pag10com","https:\/\/www.instagram.com\/pagina10col\/","https:\/\/youtube.com\/channel\/pag10","https:\/\/www.tiktok.com\/@p10col"]},{"@type":"Person","@id":"https:\/\/pagina10.com\/web\/#\/schema\/person\/2efc4a090d25b667d3bc796798a3a81b","name":"P\u00e1gina 10","description":"P\u00e1gina 10 es un peri\u00f3dico regional que nace en Colombia, en el departamento de Nari\u00f1o, con un enfoque global, fundamentado en cuatro pilares esenciales: la libertad, el pluralismo, la inclusi\u00f3n y la independencia. P\u00e1gina 10 hace referencia a Nari\u00f1o como el d\u00e9cimo departamento creado en Colombia, despu\u00e9s de un proceso pol\u00edtico liderado por actores y actrices regionales con el fin de obtener la independencia y autonom\u00eda de nuestros territorios. Con la creaci\u00f3n de P\u00e1gina 10 se pretende abrir un escenario para el dialogo, la reflexi\u00f3n y el debate que se extienda a otras geograf\u00edas de Am\u00e9rica Latina y del planeta, en una apuesta por transformar colectivamente los desaf\u00edos de un mundo contempor\u00e1neo, m\u00e1s all\u00e1 de las fronteras impuestas.","url":"https:\/\/pagina10.com\/web\/author\/pdiezadmin\/"}]}},"_links":{"self":[{"href":"https:\/\/pagina10.com\/web\/wp-json\/wp\/v2\/posts\/66761","targetHints":{"allow":["GET"]}}],"collection":[{"href":"https:\/\/pagina10.com\/web\/wp-json\/wp\/v2\/posts"}],"about":[{"href":"https:\/\/pagina10.com\/web\/wp-json\/wp\/v2\/types\/post"}],"author":[{"embeddable":true,"href":"https:\/\/pagina10.com\/web\/wp-json\/wp\/v2\/users\/1"}],"replies":[{"embeddable":true,"href":"https:\/\/pagina10.com\/web\/wp-json\/wp\/v2\/comments?post=66761"}],"version-history":[{"count":1,"href":"https:\/\/pagina10.com\/web\/wp-json\/wp\/v2\/posts\/66761\/revisions"}],"predecessor-version":[{"id":66763,"href":"https:\/\/pagina10.com\/web\/wp-json\/wp\/v2\/posts\/66761\/revisions\/66763"}],"wp:featuredmedia":[{"embeddable":true,"href":"https:\/\/pagina10.com\/web\/wp-json\/wp\/v2\/media\/66764"}],"wp:attachment":[{"href":"https:\/\/pagina10.com\/web\/wp-json\/wp\/v2\/media?parent=66761"}],"wp:term":[{"taxonomy":"category","embeddable":true,"href":"https:\/\/pagina10.com\/web\/wp-json\/wp\/v2\/categories?post=66761"},{"taxonomy":"post_tag","embeddable":true,"href":"https:\/\/pagina10.com\/web\/wp-json\/wp\/v2\/tags?post=66761"}],"curies":[{"name":"wp","href":"https:\/\/api.w.org\/{rel}","templated":true}]}}