{"id":66765,"date":"2023-06-19T19:53:36","date_gmt":"2023-06-20T00:53:36","guid":{"rendered":"https:\/\/pagina10.com\/web\/?p=66765"},"modified":"2023-06-19T20:02:23","modified_gmt":"2023-06-20T01:02:23","slug":"supuesto-taxi-ferrari-se-convierte-en-atraccion-turistica-en-pasto","status":"publish","type":"post","link":"https:\/\/pagina10.com\/web\/supuesto-taxi-ferrari-se-convierte-en-atraccion-turistica-en-pasto\/","title":{"rendered":"Supuesto taxi ferrari se convierte en atracci\u00f3n tur\u00edstica en Pasto"},"content":{"rendered":"<p style=\"text-align: justify;\">Pasto fue testigo en las \u00faltimas semanas de un espect\u00e1culo sin precedentes en sus calles: la circulaci\u00f3n de un taxi Ferrari cautivo la atenci\u00f3n de ciudadanos. Este lujoso veh\u00edculo, de un deslumbrante color amarillo, propiedad de Don Rodrigo, un amante de los autom\u00f3viles, ha sido adaptado para ofrecer un servicio de transporte p\u00fablico como ning\u00fan otro.<\/p>\n<p style=\"text-align: justify;\">El interior de este extraordinario taxi ha sido minuciosamente dise\u00f1ado para garantizar la comodidad y el disfrute de sus afortunados pasajeros. Los asientos de cuero suave, el sistema de entretenimiento de \u00faltima generaci\u00f3n y los detalles de lujo convierten cada viaje en una experiencia inolvidable.<\/p>\n<p style=\"text-align: justify;\">La llegada de este inusual taxi ha generado entusiasmo y curiosidad entre los habitantes de Pasto. Muchos se han aventurado a subirse a bordo y han disfrutado de un emocionante y exclusivo paseo por las calles de la ciudad. Adem\u00e1s, los turistas que visitan la regi\u00f3n tambi\u00e9n han encontrado en este taxi Ferrari una forma \u00fanica de explorar los encantos locales.<\/p>\n<p style=\"text-align: justify;\">Las reacciones de los pasajeros han sido abrumadoramente positivas. Muchos de ellos han compartido en las redes sociales sus fotos y experiencias, convirtiendo al taxi Ferrari en una atracci\u00f3n tur\u00edstica por m\u00e9rito propio. Adem\u00e1s, han destacado la amabilidad y el profesionalismo de Don Rodrigo, quien se ha ganado la admiraci\u00f3n y el respeto de la comunidad.<\/p>\n","protected":false},"excerpt":{"rendered":"<p>Pasto fue testigo en las \u00faltimas semanas de un espect\u00e1culo sin precedentes en sus calles: la circulaci\u00f3n de un taxi Ferrari cautivo la atenci\u00f3n de ciudadanos. Este lujoso veh\u00edculo, de un deslumbrante color amarillo, propiedad de Don Rodrigo, un amante de los autom\u00f3viles, ha sido adaptado para ofrecer un servicio de transporte p\u00fablico como ning\u00fan [&hellip;]<\/p>\n","protected":false},"author":1,"featured_media":66768,"comment_status":"open","ping_status":"open","sticky":false,"template":"","format":"standard","meta":{"footnotes":""},"categories":[14],"tags":[],"class_list":["post-66765","post","type-post","status-publish","format-standard","has-post-thumbnail","hentry","category-narino-actual"],"yoast_head":"<!-- This site is optimized with the Yoast SEO plugin v27.1.1 - https:\/\/yoast.com\/product\/yoast-seo-wordpress\/ -->\n<title>Supuesto taxi ferrari se convierte en atracci\u00f3n tur\u00edstica en Pasto | P\u00e1gina10<\/title>\n<meta name=\"robots\" content=\"index, follow, max-snippet:-1, max-image-preview:large, max-video-preview:-1\" \/>\n<link rel=\"canonical\" href=\"https:\/\/pagina10.com\/web\/supuesto-taxi-ferrari-se-convierte-en-atraccion-turistica-en-pasto\/\" \/>\n<meta property=\"og:locale\" content=\"es_ES\" \/>\n<meta property=\"og:type\" content=\"article\" \/>\n<meta property=\"og:title\" content=\"Supuesto taxi ferrari se convierte en atracci\u00f3n tur\u00edstica en Pasto | P\u00e1gina10\" \/>\n<meta property=\"og:description\" content=\"Pasto fue testigo en las \u00faltimas semanas de un espect\u00e1culo sin precedentes en sus calles: la circulaci\u00f3n de un taxi Ferrari cautivo la atenci\u00f3n de ciudadanos. Este lujoso veh\u00edculo, de un deslumbrante color amarillo, propiedad de Don Rodrigo, un amante de los autom\u00f3viles, ha sido adaptado para ofrecer un servicio de transporte p\u00fablico como ning\u00fan [&hellip;]\" \/>\n<meta property=\"og:url\" content=\"https:\/\/pagina10.com\/web\/supuesto-taxi-ferrari-se-convierte-en-atraccion-turistica-en-pasto\/\" \/>\n<meta property=\"og:site_name\" content=\"P\u00e1gina10\" \/>\n<meta property=\"article:publisher\" content=\"https:\/\/www.facebook.com\/pag10com\" \/>\n<meta property=\"article:published_time\" content=\"2023-06-20T00:53:36+00:00\" \/>\n<meta property=\"article:modified_time\" content=\"2023-06-20T01:02:23+00:00\" \/>\n<meta property=\"og:image\" content=\"https:\/\/pagina10.com\/web\/wp-content\/uploads\/2023\/06\/Picture2-2.jpg\" \/>\n\t<meta property=\"og:image:width\" content=\"978\" \/>\n\t<meta property=\"og:image:height\" content=\"577\" \/>\n\t<meta property=\"og:image:type\" content=\"image\/jpeg\" \/>\n<meta name=\"author\" content=\"P\u00e1gina 10\" \/>\n<meta name=\"twitter:card\" content=\"summary_large_image\" \/>\n<meta name=\"twitter:creator\" content=\"@Pag10com\" \/>\n<meta name=\"twitter:site\" content=\"@Pag10com\" \/>\n<meta name=\"twitter:label1\" content=\"Escrito por\" \/>\n\t<meta name=\"twitter:data1\" content=\"P\u00e1gina 10\" \/>\n\t<meta name=\"twitter:label2\" content=\"Tiempo de lectura\" \/>\n\t<meta name=\"twitter:data2\" content=\"1 minuto\" \/>\n<script type=\"application\/ld+json\" class=\"yoast-schema-graph\">{\"@context\":\"https:\/\/schema.org\",\"@graph\":[{\"@type\":\"Article\",\"@id\":\"https:\/\/pagina10.com\/web\/supuesto-taxi-ferrari-se-convierte-en-atraccion-turistica-en-pasto\/#article\",\"isPartOf\":{\"@id\":\"https:\/\/pagina10.com\/web\/supuesto-taxi-ferrari-se-convierte-en-atraccion-turistica-en-pasto\/\"},\"author\":{\"name\":\"P\u00e1gina 10\",\"@id\":\"https:\/\/pagina10.com\/web\/#\/schema\/person\/2efc4a090d25b667d3bc796798a3a81b\"},\"headline\":\"Supuesto taxi ferrari se convierte en atracci\u00f3n tur\u00edstica en Pasto\",\"datePublished\":\"2023-06-20T00:53:36+00:00\",\"dateModified\":\"2023-06-20T01:02:23+00:00\",\"mainEntityOfPage\":{\"@id\":\"https:\/\/pagina10.com\/web\/supuesto-taxi-ferrari-se-convierte-en-atraccion-turistica-en-pasto\/\"},\"wordCount\":247,\"commentCount\":0,\"publisher\":{\"@id\":\"https:\/\/pagina10.com\/web\/#organization\"},\"image\":{\"@id\":\"https:\/\/pagina10.com\/web\/supuesto-taxi-ferrari-se-convierte-en-atraccion-turistica-en-pasto\/#primaryimage\"},\"thumbnailUrl\":\"https:\/\/pagina10.com\/web\/wp-content\/uploads\/2023\/06\/Picture2-2.jpg\",\"articleSection\":[\"Nari\u00f1o Actual\"],\"inLanguage\":\"es\",\"potentialAction\":[{\"@type\":\"CommentAction\",\"name\":\"Comment\",\"target\":[\"https:\/\/pagina10.com\/web\/supuesto-taxi-ferrari-se-convierte-en-atraccion-turistica-en-pasto\/#respond\"]}]},{\"@type\":\"WebPage\",\"@id\":\"https:\/\/pagina10.com\/web\/supuesto-taxi-ferrari-se-convierte-en-atraccion-turistica-en-pasto\/\",\"url\":\"https:\/\/pagina10.com\/web\/supuesto-taxi-ferrari-se-convierte-en-atraccion-turistica-en-pasto\/\",\"name\":\"Supuesto taxi ferrari se convierte en atracci\u00f3n tur\u00edstica en Pasto | P\u00e1gina10\",\"isPartOf\":{\"@id\":\"https:\/\/pagina10.com\/web\/#website\"},\"primaryImageOfPage\":{\"@id\":\"https:\/\/pagina10.com\/web\/supuesto-taxi-ferrari-se-convierte-en-atraccion-turistica-en-pasto\/#primaryimage\"},\"image\":{\"@id\":\"https:\/\/pagina10.com\/web\/supuesto-taxi-ferrari-se-convierte-en-atraccion-turistica-en-pasto\/#primaryimage\"},\"thumbnailUrl\":\"https:\/\/pagina10.com\/web\/wp-content\/uploads\/2023\/06\/Picture2-2.jpg\",\"datePublished\":\"2023-06-20T00:53:36+00:00\",\"dateModified\":\"2023-06-20T01:02:23+00:00\",\"breadcrumb\":{\"@id\":\"https:\/\/pagina10.com\/web\/supuesto-taxi-ferrari-se-convierte-en-atraccion-turistica-en-pasto\/#breadcrumb\"},\"inLanguage\":\"es\",\"potentialAction\":[{\"@type\":\"ReadAction\",\"target\":[\"https:\/\/pagina10.com\/web\/supuesto-taxi-ferrari-se-convierte-en-atraccion-turistica-en-pasto\/\"]}]},{\"@type\":\"ImageObject\",\"inLanguage\":\"es\",\"@id\":\"https:\/\/pagina10.com\/web\/supuesto-taxi-ferrari-se-convierte-en-atraccion-turistica-en-pasto\/#primaryimage\",\"url\":\"https:\/\/pagina10.com\/web\/wp-content\/uploads\/2023\/06\/Picture2-2.jpg\",\"contentUrl\":\"https:\/\/pagina10.com\/web\/wp-content\/uploads\/2023\/06\/Picture2-2.jpg\",\"width\":978,\"height\":577},{\"@type\":\"BreadcrumbList\",\"@id\":\"https:\/\/pagina10.com\/web\/supuesto-taxi-ferrari-se-convierte-en-atraccion-turistica-en-pasto\/#breadcrumb\",\"itemListElement\":[{\"@type\":\"ListItem\",\"position\":1,\"name\":\"Portada\",\"item\":\"https:\/\/pagina10.com\/web\/\"},{\"@type\":\"ListItem\",\"position\":2,\"name\":\"Supuesto taxi ferrari se convierte en atracci\u00f3n tur\u00edstica en Pasto\"}]},{\"@type\":\"WebSite\",\"@id\":\"https:\/\/pagina10.com\/web\/#website\",\"url\":\"https:\/\/pagina10.com\/web\/\",\"name\":\"P\u00e1gina10\",\"description\":\"Peri\u00f3dico Regional\",\"publisher\":{\"@id\":\"https:\/\/pagina10.com\/web\/#organization\"},\"alternateName\":\"P\u00e1gina10 Peri\u00f3dico Regional\",\"potentialAction\":[{\"@type\":\"SearchAction\",\"target\":{\"@type\":\"EntryPoint\",\"urlTemplate\":\"https:\/\/pagina10.com\/web\/?s={search_term_string}\"},\"query-input\":{\"@type\":\"PropertyValueSpecification\",\"valueRequired\":true,\"valueName\":\"search_term_string\"}}],\"inLanguage\":\"es\"},{\"@type\":\"Organization\",\"@id\":\"https:\/\/pagina10.com\/web\/#organization\",\"name\":\"P\u00e1gina10\",\"alternateName\":\"P\u00e1gina10 Peri\u00f3dico Regional\",\"url\":\"https:\/\/pagina10.com\/web\/\",\"logo\":{\"@type\":\"ImageObject\",\"inLanguage\":\"es\",\"@id\":\"https:\/\/pagina10.com\/web\/#\/schema\/logo\/image\/\",\"url\":\"https:\/\/pagina10.com\/web\/wp-content\/uploads\/2024\/01\/40-pagina-10-periodico-regional-pasto.jpg\",\"contentUrl\":\"https:\/\/pagina10.com\/web\/wp-content\/uploads\/2024\/01\/40-pagina-10-periodico-regional-pasto.jpg\",\"width\":1280,\"height\":720,\"caption\":\"P\u00e1gina10\"},\"image\":{\"@id\":\"https:\/\/pagina10.com\/web\/#\/schema\/logo\/image\/\"},\"sameAs\":[\"https:\/\/www.facebook.com\/pag10com\",\"https:\/\/x.com\/Pag10com\",\"https:\/\/www.instagram.com\/pagina10col\/\",\"https:\/\/youtube.com\/channel\/pag10\",\"https:\/\/www.tiktok.com\/@p10col\"]},{\"@type\":\"Person\",\"@id\":\"https:\/\/pagina10.com\/web\/#\/schema\/person\/2efc4a090d25b667d3bc796798a3a81b\",\"name\":\"P\u00e1gina 10\",\"description\":\"P\u00e1gina 10 es un peri\u00f3dico regional que nace en Colombia, en el departamento de Nari\u00f1o, con un enfoque global, fundamentado en cuatro pilares esenciales: la libertad, el pluralismo, la inclusi\u00f3n y la independencia. P\u00e1gina 10 hace referencia a Nari\u00f1o como el d\u00e9cimo departamento creado en Colombia, despu\u00e9s de un proceso pol\u00edtico liderado por actores y actrices regionales con el fin de obtener la independencia y autonom\u00eda de nuestros territorios. Con la creaci\u00f3n de P\u00e1gina 10 se pretende abrir un escenario para el dialogo, la reflexi\u00f3n y el debate que se extienda a otras geograf\u00edas de Am\u00e9rica Latina y del planeta, en una apuesta por transformar colectivamente los desaf\u00edos de un mundo contempor\u00e1neo, m\u00e1s all\u00e1 de las fronteras impuestas.\",\"url\":\"https:\/\/pagina10.com\/web\/author\/pdiezadmin\/\"}]}<\/script>\n<!-- \/ Yoast SEO plugin. -->","yoast_head_json":{"title":"Supuesto taxi ferrari se convierte en atracci\u00f3n tur\u00edstica en Pasto | P\u00e1gina10","robots":{"index":"index","follow":"follow","max-snippet":"max-snippet:-1","max-image-preview":"max-image-preview:large","max-video-preview":"max-video-preview:-1"},"canonical":"https:\/\/pagina10.com\/web\/supuesto-taxi-ferrari-se-convierte-en-atraccion-turistica-en-pasto\/","og_locale":"es_ES","og_type":"article","og_title":"Supuesto taxi ferrari se convierte en atracci\u00f3n tur\u00edstica en Pasto | P\u00e1gina10","og_description":"Pasto fue testigo en las \u00faltimas semanas de un espect\u00e1culo sin precedentes en sus calles: la circulaci\u00f3n de un taxi Ferrari cautivo la atenci\u00f3n de ciudadanos. Este lujoso veh\u00edculo, de un deslumbrante color amarillo, propiedad de Don Rodrigo, un amante de los autom\u00f3viles, ha sido adaptado para ofrecer un servicio de transporte p\u00fablico como ning\u00fan [&hellip;]","og_url":"https:\/\/pagina10.com\/web\/supuesto-taxi-ferrari-se-convierte-en-atraccion-turistica-en-pasto\/","og_site_name":"P\u00e1gina10","article_publisher":"https:\/\/www.facebook.com\/pag10com","article_published_time":"2023-06-20T00:53:36+00:00","article_modified_time":"2023-06-20T01:02:23+00:00","og_image":[{"width":978,"height":577,"url":"https:\/\/pagina10.com\/web\/wp-content\/uploads\/2023\/06\/Picture2-2.jpg","type":"image\/jpeg"}],"author":"P\u00e1gina 10","twitter_card":"summary_large_image","twitter_creator":"@Pag10com","twitter_site":"@Pag10com","twitter_misc":{"Escrito por":"P\u00e1gina 10","Tiempo de lectura":"1 minuto"},"schema":{"@context":"https:\/\/schema.org","@graph":[{"@type":"Article","@id":"https:\/\/pagina10.com\/web\/supuesto-taxi-ferrari-se-convierte-en-atraccion-turistica-en-pasto\/#article","isPartOf":{"@id":"https:\/\/pagina10.com\/web\/supuesto-taxi-ferrari-se-convierte-en-atraccion-turistica-en-pasto\/"},"author":{"name":"P\u00e1gina 10","@id":"https:\/\/pagina10.com\/web\/#\/schema\/person\/2efc4a090d25b667d3bc796798a3a81b"},"headline":"Supuesto taxi ferrari se convierte en atracci\u00f3n tur\u00edstica en Pasto","datePublished":"2023-06-20T00:53:36+00:00","dateModified":"2023-06-20T01:02:23+00:00","mainEntityOfPage":{"@id":"https:\/\/pagina10.com\/web\/supuesto-taxi-ferrari-se-convierte-en-atraccion-turistica-en-pasto\/"},"wordCount":247,"commentCount":0,"publisher":{"@id":"https:\/\/pagina10.com\/web\/#organization"},"image":{"@id":"https:\/\/pagina10.com\/web\/supuesto-taxi-ferrari-se-convierte-en-atraccion-turistica-en-pasto\/#primaryimage"},"thumbnailUrl":"https:\/\/pagina10.com\/web\/wp-content\/uploads\/2023\/06\/Picture2-2.jpg","articleSection":["Nari\u00f1o Actual"],"inLanguage":"es","potentialAction":[{"@type":"CommentAction","name":"Comment","target":["https:\/\/pagina10.com\/web\/supuesto-taxi-ferrari-se-convierte-en-atraccion-turistica-en-pasto\/#respond"]}]},{"@type":"WebPage","@id":"https:\/\/pagina10.com\/web\/supuesto-taxi-ferrari-se-convierte-en-atraccion-turistica-en-pasto\/","url":"https:\/\/pagina10.com\/web\/supuesto-taxi-ferrari-se-convierte-en-atraccion-turistica-en-pasto\/","name":"Supuesto taxi ferrari se convierte en atracci\u00f3n tur\u00edstica en Pasto | P\u00e1gina10","isPartOf":{"@id":"https:\/\/pagina10.com\/web\/#website"},"primaryImageOfPage":{"@id":"https:\/\/pagina10.com\/web\/supuesto-taxi-ferrari-se-convierte-en-atraccion-turistica-en-pasto\/#primaryimage"},"image":{"@id":"https:\/\/pagina10.com\/web\/supuesto-taxi-ferrari-se-convierte-en-atraccion-turistica-en-pasto\/#primaryimage"},"thumbnailUrl":"https:\/\/pagina10.com\/web\/wp-content\/uploads\/2023\/06\/Picture2-2.jpg","datePublished":"2023-06-20T00:53:36+00:00","dateModified":"2023-06-20T01:02:23+00:00","breadcrumb":{"@id":"https:\/\/pagina10.com\/web\/supuesto-taxi-ferrari-se-convierte-en-atraccion-turistica-en-pasto\/#breadcrumb"},"inLanguage":"es","potentialAction":[{"@type":"ReadAction","target":["https:\/\/pagina10.com\/web\/supuesto-taxi-ferrari-se-convierte-en-atraccion-turistica-en-pasto\/"]}]},{"@type":"ImageObject","inLanguage":"es","@id":"https:\/\/pagina10.com\/web\/supuesto-taxi-ferrari-se-convierte-en-atraccion-turistica-en-pasto\/#primaryimage","url":"https:\/\/pagina10.com\/web\/wp-content\/uploads\/2023\/06\/Picture2-2.jpg","contentUrl":"https:\/\/pagina10.com\/web\/wp-content\/uploads\/2023\/06\/Picture2-2.jpg","width":978,"height":577},{"@type":"BreadcrumbList","@id":"https:\/\/pagina10.com\/web\/supuesto-taxi-ferrari-se-convierte-en-atraccion-turistica-en-pasto\/#breadcrumb","itemListElement":[{"@type":"ListItem","position":1,"name":"Portada","item":"https:\/\/pagina10.com\/web\/"},{"@type":"ListItem","position":2,"name":"Supuesto taxi ferrari se convierte en atracci\u00f3n tur\u00edstica en Pasto"}]},{"@type":"WebSite","@id":"https:\/\/pagina10.com\/web\/#website","url":"https:\/\/pagina10.com\/web\/","name":"P\u00e1gina10","description":"Peri\u00f3dico Regional","publisher":{"@id":"https:\/\/pagina10.com\/web\/#organization"},"alternateName":"P\u00e1gina10 Peri\u00f3dico Regional","potentialAction":[{"@type":"SearchAction","target":{"@type":"EntryPoint","urlTemplate":"https:\/\/pagina10.com\/web\/?s={search_term_string}"},"query-input":{"@type":"PropertyValueSpecification","valueRequired":true,"valueName":"search_term_string"}}],"inLanguage":"es"},{"@type":"Organization","@id":"https:\/\/pagina10.com\/web\/#organization","name":"P\u00e1gina10","alternateName":"P\u00e1gina10 Peri\u00f3dico Regional","url":"https:\/\/pagina10.com\/web\/","logo":{"@type":"ImageObject","inLanguage":"es","@id":"https:\/\/pagina10.com\/web\/#\/schema\/logo\/image\/","url":"https:\/\/pagina10.com\/web\/wp-content\/uploads\/2024\/01\/40-pagina-10-periodico-regional-pasto.jpg","contentUrl":"https:\/\/pagina10.com\/web\/wp-content\/uploads\/2024\/01\/40-pagina-10-periodico-regional-pasto.jpg","width":1280,"height":720,"caption":"P\u00e1gina10"},"image":{"@id":"https:\/\/pagina10.com\/web\/#\/schema\/logo\/image\/"},"sameAs":["https:\/\/www.facebook.com\/pag10com","https:\/\/x.com\/Pag10com","https:\/\/www.instagram.com\/pagina10col\/","https:\/\/youtube.com\/channel\/pag10","https:\/\/www.tiktok.com\/@p10col"]},{"@type":"Person","@id":"https:\/\/pagina10.com\/web\/#\/schema\/person\/2efc4a090d25b667d3bc796798a3a81b","name":"P\u00e1gina 10","description":"P\u00e1gina 10 es un peri\u00f3dico regional que nace en Colombia, en el departamento de Nari\u00f1o, con un enfoque global, fundamentado en cuatro pilares esenciales: la libertad, el pluralismo, la inclusi\u00f3n y la independencia. P\u00e1gina 10 hace referencia a Nari\u00f1o como el d\u00e9cimo departamento creado en Colombia, despu\u00e9s de un proceso pol\u00edtico liderado por actores y actrices regionales con el fin de obtener la independencia y autonom\u00eda de nuestros territorios. Con la creaci\u00f3n de P\u00e1gina 10 se pretende abrir un escenario para el dialogo, la reflexi\u00f3n y el debate que se extienda a otras geograf\u00edas de Am\u00e9rica Latina y del planeta, en una apuesta por transformar colectivamente los desaf\u00edos de un mundo contempor\u00e1neo, m\u00e1s all\u00e1 de las fronteras impuestas.","url":"https:\/\/pagina10.com\/web\/author\/pdiezadmin\/"}]}},"_links":{"self":[{"href":"https:\/\/pagina10.com\/web\/wp-json\/wp\/v2\/posts\/66765","targetHints":{"allow":["GET"]}}],"collection":[{"href":"https:\/\/pagina10.com\/web\/wp-json\/wp\/v2\/posts"}],"about":[{"href":"https:\/\/pagina10.com\/web\/wp-json\/wp\/v2\/types\/post"}],"author":[{"embeddable":true,"href":"https:\/\/pagina10.com\/web\/wp-json\/wp\/v2\/users\/1"}],"replies":[{"embeddable":true,"href":"https:\/\/pagina10.com\/web\/wp-json\/wp\/v2\/comments?post=66765"}],"version-history":[{"count":1,"href":"https:\/\/pagina10.com\/web\/wp-json\/wp\/v2\/posts\/66765\/revisions"}],"predecessor-version":[{"id":66767,"href":"https:\/\/pagina10.com\/web\/wp-json\/wp\/v2\/posts\/66765\/revisions\/66767"}],"wp:featuredmedia":[{"embeddable":true,"href":"https:\/\/pagina10.com\/web\/wp-json\/wp\/v2\/media\/66768"}],"wp:attachment":[{"href":"https:\/\/pagina10.com\/web\/wp-json\/wp\/v2\/media?parent=66765"}],"wp:term":[{"taxonomy":"category","embeddable":true,"href":"https:\/\/pagina10.com\/web\/wp-json\/wp\/v2\/categories?post=66765"},{"taxonomy":"post_tag","embeddable":true,"href":"https:\/\/pagina10.com\/web\/wp-json\/wp\/v2\/tags?post=66765"}],"curies":[{"name":"wp","href":"https:\/\/api.w.org\/{rel}","templated":true}]}}