{"id":66781,"date":"2023-06-20T11:05:37","date_gmt":"2023-06-20T16:05:37","guid":{"rendered":"https:\/\/pagina10.com\/web\/?p=66781"},"modified":"2023-06-20T11:08:54","modified_gmt":"2023-06-20T16:08:54","slug":"gustavo-petro-invito-a-magistrados-a-visitar-zonas-afectadas-por-crisis-de-derechos-humanos","status":"publish","type":"post","link":"https:\/\/pagina10.com\/web\/gustavo-petro-invito-a-magistrados-a-visitar-zonas-afectadas-por-crisis-de-derechos-humanos\/","title":{"rendered":"Gustavo Petro invit\u00f3 a magistrados a visitar zonas afectadas por crisis de derechos humanos"},"content":{"rendered":"<p style=\"text-align: justify;\">Durante la <a href=\"https:\/\/www.youtube.com\/watch?v=szxNIx7UZkU\">posesi\u00f3n del magistrado Carlos Roberto Sol\u00f3rzano<\/a> en la Corte Suprema de Justicia, el presidente Gustavo Petro hizo un llamado a los magistrados de las Altas Cortes para que visiten los territorios de Colombia afectados por violaciones de derechos humanos y la crisis clim\u00e1tica.<\/p>\n<p style=\"text-align: justify;\">\u201cYo creo que debemos prestarles atenci\u00f3n a esos territorios y tratar de solucionar all\u00ed las causas que han desencadenado lo que la Corte Constitucional llama el estado inconstitucional de cosas. Que no es de cosas, es de seres humanos, porque la Constituci\u00f3n realmente aplica sobre todo sobre el ser humano\u201d, enfatiz\u00f3 el mandatario.<\/p>\n<p style=\"text-align: justify;\">Petro resalt\u00f3 la importancia de prestar atenci\u00f3n a estos territorios y abordar las causas subyacentes de la crisis, como la falta de acceso al agua, el poder de las multinacionales del crimen, la trata de personas y las econom\u00edas il\u00edcitas. Adem\u00e1s, reafirm\u00f3 el compromiso de su gobierno con la independencia y autonom\u00eda del poder judicial, ofreciendo garant\u00edas de apoyo presupuestario para fortalecer la justicia en el pa\u00eds.<\/p>\n<p style=\"text-align: justify;\">El presidente enfatiz\u00f3 que sin justicia no puede haber paz y reiter\u00f3 su objetivo de garantizar que la justicia sea accesible y equitativa para todos los ciudadanos de Colombia.<\/p>\n","protected":false},"excerpt":{"rendered":"<p>Durante la posesi\u00f3n del magistrado Carlos Roberto Sol\u00f3rzano en la Corte Suprema de Justicia, el presidente Gustavo Petro hizo un llamado a los magistrados de las Altas Cortes para que visiten los territorios de Colombia afectados por violaciones de derechos humanos y la crisis clim\u00e1tica. \u201cYo creo que debemos prestarles atenci\u00f3n a esos territorios y [&hellip;]<\/p>\n","protected":false},"author":1,"featured_media":66782,"comment_status":"open","ping_status":"open","sticky":false,"template":"","format":"standard","meta":{"footnotes":""},"categories":[94],"tags":[],"class_list":["post-66781","post","type-post","status-publish","format-standard","has-post-thumbnail","hentry","category-nacional-global-2"],"yoast_head":"<!-- This site is optimized with the Yoast SEO plugin v27.1.1 - https:\/\/yoast.com\/product\/yoast-seo-wordpress\/ -->\n<title>Gustavo Petro invit\u00f3 a magistrados a visitar zonas afectadas por crisis de derechos humanos | P\u00e1gina10<\/title>\n<meta name=\"robots\" content=\"index, follow, max-snippet:-1, max-image-preview:large, max-video-preview:-1\" \/>\n<link rel=\"canonical\" href=\"https:\/\/pagina10.com\/web\/gustavo-petro-invito-a-magistrados-a-visitar-zonas-afectadas-por-crisis-de-derechos-humanos\/\" \/>\n<meta property=\"og:locale\" content=\"es_ES\" \/>\n<meta property=\"og:type\" content=\"article\" \/>\n<meta property=\"og:title\" content=\"Gustavo Petro invit\u00f3 a magistrados a visitar zonas afectadas por crisis de derechos humanos | P\u00e1gina10\" \/>\n<meta property=\"og:description\" content=\"Durante la posesi\u00f3n del magistrado Carlos Roberto Sol\u00f3rzano en la Corte Suprema de Justicia, el presidente Gustavo Petro hizo un llamado a los magistrados de las Altas Cortes para que visiten los territorios de Colombia afectados por violaciones de derechos humanos y la crisis clim\u00e1tica. \u201cYo creo que debemos prestarles atenci\u00f3n a esos territorios y [&hellip;]\" \/>\n<meta property=\"og:url\" content=\"https:\/\/pagina10.com\/web\/gustavo-petro-invito-a-magistrados-a-visitar-zonas-afectadas-por-crisis-de-derechos-humanos\/\" \/>\n<meta property=\"og:site_name\" content=\"P\u00e1gina10\" \/>\n<meta property=\"article:publisher\" content=\"https:\/\/www.facebook.com\/pag10com\" \/>\n<meta property=\"article:published_time\" content=\"2023-06-20T16:05:37+00:00\" \/>\n<meta property=\"article:modified_time\" content=\"2023-06-20T16:08:54+00:00\" \/>\n<meta property=\"og:image\" content=\"https:\/\/pagina10.com\/web\/wp-content\/uploads\/2023\/06\/230619-01-Posesion-Magistrado-Corte-Suprema-Carlos-Solorzano-1280.jpg\" \/>\n\t<meta property=\"og:image:width\" content=\"1280\" \/>\n\t<meta property=\"og:image:height\" content=\"720\" \/>\n\t<meta property=\"og:image:type\" content=\"image\/jpeg\" \/>\n<meta name=\"author\" content=\"P\u00e1gina 10\" \/>\n<meta name=\"twitter:card\" content=\"summary_large_image\" \/>\n<meta name=\"twitter:creator\" content=\"@Pag10com\" \/>\n<meta name=\"twitter:site\" content=\"@Pag10com\" \/>\n<meta name=\"twitter:label1\" content=\"Escrito por\" \/>\n\t<meta name=\"twitter:data1\" content=\"P\u00e1gina 10\" \/>\n\t<meta name=\"twitter:label2\" content=\"Tiempo de lectura\" \/>\n\t<meta name=\"twitter:data2\" content=\"1 minuto\" \/>\n<script type=\"application\/ld+json\" class=\"yoast-schema-graph\">{\"@context\":\"https:\/\/schema.org\",\"@graph\":[{\"@type\":\"Article\",\"@id\":\"https:\/\/pagina10.com\/web\/gustavo-petro-invito-a-magistrados-a-visitar-zonas-afectadas-por-crisis-de-derechos-humanos\/#article\",\"isPartOf\":{\"@id\":\"https:\/\/pagina10.com\/web\/gustavo-petro-invito-a-magistrados-a-visitar-zonas-afectadas-por-crisis-de-derechos-humanos\/\"},\"author\":{\"name\":\"P\u00e1gina 10\",\"@id\":\"https:\/\/pagina10.com\/web\/#\/schema\/person\/2efc4a090d25b667d3bc796798a3a81b\"},\"headline\":\"Gustavo Petro invit\u00f3 a magistrados a visitar zonas afectadas por crisis de derechos humanos\",\"datePublished\":\"2023-06-20T16:05:37+00:00\",\"dateModified\":\"2023-06-20T16:08:54+00:00\",\"mainEntityOfPage\":{\"@id\":\"https:\/\/pagina10.com\/web\/gustavo-petro-invito-a-magistrados-a-visitar-zonas-afectadas-por-crisis-de-derechos-humanos\/\"},\"wordCount\":220,\"commentCount\":0,\"publisher\":{\"@id\":\"https:\/\/pagina10.com\/web\/#organization\"},\"image\":{\"@id\":\"https:\/\/pagina10.com\/web\/gustavo-petro-invito-a-magistrados-a-visitar-zonas-afectadas-por-crisis-de-derechos-humanos\/#primaryimage\"},\"thumbnailUrl\":\"https:\/\/pagina10.com\/web\/wp-content\/uploads\/2023\/06\/230619-01-Posesion-Magistrado-Corte-Suprema-Carlos-Solorzano-1280.jpg\",\"articleSection\":[\"Nacional\"],\"inLanguage\":\"es\",\"potentialAction\":[{\"@type\":\"CommentAction\",\"name\":\"Comment\",\"target\":[\"https:\/\/pagina10.com\/web\/gustavo-petro-invito-a-magistrados-a-visitar-zonas-afectadas-por-crisis-de-derechos-humanos\/#respond\"]}]},{\"@type\":\"WebPage\",\"@id\":\"https:\/\/pagina10.com\/web\/gustavo-petro-invito-a-magistrados-a-visitar-zonas-afectadas-por-crisis-de-derechos-humanos\/\",\"url\":\"https:\/\/pagina10.com\/web\/gustavo-petro-invito-a-magistrados-a-visitar-zonas-afectadas-por-crisis-de-derechos-humanos\/\",\"name\":\"Gustavo Petro invit\u00f3 a magistrados a visitar zonas afectadas por crisis de derechos humanos | P\u00e1gina10\",\"isPartOf\":{\"@id\":\"https:\/\/pagina10.com\/web\/#website\"},\"primaryImageOfPage\":{\"@id\":\"https:\/\/pagina10.com\/web\/gustavo-petro-invito-a-magistrados-a-visitar-zonas-afectadas-por-crisis-de-derechos-humanos\/#primaryimage\"},\"image\":{\"@id\":\"https:\/\/pagina10.com\/web\/gustavo-petro-invito-a-magistrados-a-visitar-zonas-afectadas-por-crisis-de-derechos-humanos\/#primaryimage\"},\"thumbnailUrl\":\"https:\/\/pagina10.com\/web\/wp-content\/uploads\/2023\/06\/230619-01-Posesion-Magistrado-Corte-Suprema-Carlos-Solorzano-1280.jpg\",\"datePublished\":\"2023-06-20T16:05:37+00:00\",\"dateModified\":\"2023-06-20T16:08:54+00:00\",\"breadcrumb\":{\"@id\":\"https:\/\/pagina10.com\/web\/gustavo-petro-invito-a-magistrados-a-visitar-zonas-afectadas-por-crisis-de-derechos-humanos\/#breadcrumb\"},\"inLanguage\":\"es\",\"potentialAction\":[{\"@type\":\"ReadAction\",\"target\":[\"https:\/\/pagina10.com\/web\/gustavo-petro-invito-a-magistrados-a-visitar-zonas-afectadas-por-crisis-de-derechos-humanos\/\"]}]},{\"@type\":\"ImageObject\",\"inLanguage\":\"es\",\"@id\":\"https:\/\/pagina10.com\/web\/gustavo-petro-invito-a-magistrados-a-visitar-zonas-afectadas-por-crisis-de-derechos-humanos\/#primaryimage\",\"url\":\"https:\/\/pagina10.com\/web\/wp-content\/uploads\/2023\/06\/230619-01-Posesion-Magistrado-Corte-Suprema-Carlos-Solorzano-1280.jpg\",\"contentUrl\":\"https:\/\/pagina10.com\/web\/wp-content\/uploads\/2023\/06\/230619-01-Posesion-Magistrado-Corte-Suprema-Carlos-Solorzano-1280.jpg\",\"width\":1280,\"height\":720},{\"@type\":\"BreadcrumbList\",\"@id\":\"https:\/\/pagina10.com\/web\/gustavo-petro-invito-a-magistrados-a-visitar-zonas-afectadas-por-crisis-de-derechos-humanos\/#breadcrumb\",\"itemListElement\":[{\"@type\":\"ListItem\",\"position\":1,\"name\":\"Portada\",\"item\":\"https:\/\/pagina10.com\/web\/\"},{\"@type\":\"ListItem\",\"position\":2,\"name\":\"Gustavo Petro invit\u00f3 a magistrados a visitar zonas afectadas por crisis de derechos humanos\"}]},{\"@type\":\"WebSite\",\"@id\":\"https:\/\/pagina10.com\/web\/#website\",\"url\":\"https:\/\/pagina10.com\/web\/\",\"name\":\"P\u00e1gina10\",\"description\":\"Peri\u00f3dico Regional\",\"publisher\":{\"@id\":\"https:\/\/pagina10.com\/web\/#organization\"},\"alternateName\":\"P\u00e1gina10 Peri\u00f3dico Regional\",\"potentialAction\":[{\"@type\":\"SearchAction\",\"target\":{\"@type\":\"EntryPoint\",\"urlTemplate\":\"https:\/\/pagina10.com\/web\/?s={search_term_string}\"},\"query-input\":{\"@type\":\"PropertyValueSpecification\",\"valueRequired\":true,\"valueName\":\"search_term_string\"}}],\"inLanguage\":\"es\"},{\"@type\":\"Organization\",\"@id\":\"https:\/\/pagina10.com\/web\/#organization\",\"name\":\"P\u00e1gina10\",\"alternateName\":\"P\u00e1gina10 Peri\u00f3dico Regional\",\"url\":\"https:\/\/pagina10.com\/web\/\",\"logo\":{\"@type\":\"ImageObject\",\"inLanguage\":\"es\",\"@id\":\"https:\/\/pagina10.com\/web\/#\/schema\/logo\/image\/\",\"url\":\"https:\/\/pagina10.com\/web\/wp-content\/uploads\/2024\/01\/40-pagina-10-periodico-regional-pasto.jpg\",\"contentUrl\":\"https:\/\/pagina10.com\/web\/wp-content\/uploads\/2024\/01\/40-pagina-10-periodico-regional-pasto.jpg\",\"width\":1280,\"height\":720,\"caption\":\"P\u00e1gina10\"},\"image\":{\"@id\":\"https:\/\/pagina10.com\/web\/#\/schema\/logo\/image\/\"},\"sameAs\":[\"https:\/\/www.facebook.com\/pag10com\",\"https:\/\/x.com\/Pag10com\",\"https:\/\/www.instagram.com\/pagina10col\/\",\"https:\/\/youtube.com\/channel\/pag10\",\"https:\/\/www.tiktok.com\/@p10col\"]},{\"@type\":\"Person\",\"@id\":\"https:\/\/pagina10.com\/web\/#\/schema\/person\/2efc4a090d25b667d3bc796798a3a81b\",\"name\":\"P\u00e1gina 10\",\"description\":\"P\u00e1gina 10 es un peri\u00f3dico regional que nace en Colombia, en el departamento de Nari\u00f1o, con un enfoque global, fundamentado en cuatro pilares esenciales: la libertad, el pluralismo, la inclusi\u00f3n y la independencia. P\u00e1gina 10 hace referencia a Nari\u00f1o como el d\u00e9cimo departamento creado en Colombia, despu\u00e9s de un proceso pol\u00edtico liderado por actores y actrices regionales con el fin de obtener la independencia y autonom\u00eda de nuestros territorios. Con la creaci\u00f3n de P\u00e1gina 10 se pretende abrir un escenario para el dialogo, la reflexi\u00f3n y el debate que se extienda a otras geograf\u00edas de Am\u00e9rica Latina y del planeta, en una apuesta por transformar colectivamente los desaf\u00edos de un mundo contempor\u00e1neo, m\u00e1s all\u00e1 de las fronteras impuestas.\",\"url\":\"https:\/\/pagina10.com\/web\/author\/pdiezadmin\/\"}]}<\/script>\n<!-- \/ Yoast SEO plugin. -->","yoast_head_json":{"title":"Gustavo Petro invit\u00f3 a magistrados a visitar zonas afectadas por crisis de derechos humanos | P\u00e1gina10","robots":{"index":"index","follow":"follow","max-snippet":"max-snippet:-1","max-image-preview":"max-image-preview:large","max-video-preview":"max-video-preview:-1"},"canonical":"https:\/\/pagina10.com\/web\/gustavo-petro-invito-a-magistrados-a-visitar-zonas-afectadas-por-crisis-de-derechos-humanos\/","og_locale":"es_ES","og_type":"article","og_title":"Gustavo Petro invit\u00f3 a magistrados a visitar zonas afectadas por crisis de derechos humanos | P\u00e1gina10","og_description":"Durante la posesi\u00f3n del magistrado Carlos Roberto Sol\u00f3rzano en la Corte Suprema de Justicia, el presidente Gustavo Petro hizo un llamado a los magistrados de las Altas Cortes para que visiten los territorios de Colombia afectados por violaciones de derechos humanos y la crisis clim\u00e1tica. \u201cYo creo que debemos prestarles atenci\u00f3n a esos territorios y [&hellip;]","og_url":"https:\/\/pagina10.com\/web\/gustavo-petro-invito-a-magistrados-a-visitar-zonas-afectadas-por-crisis-de-derechos-humanos\/","og_site_name":"P\u00e1gina10","article_publisher":"https:\/\/www.facebook.com\/pag10com","article_published_time":"2023-06-20T16:05:37+00:00","article_modified_time":"2023-06-20T16:08:54+00:00","og_image":[{"width":1280,"height":720,"url":"https:\/\/pagina10.com\/web\/wp-content\/uploads\/2023\/06\/230619-01-Posesion-Magistrado-Corte-Suprema-Carlos-Solorzano-1280.jpg","type":"image\/jpeg"}],"author":"P\u00e1gina 10","twitter_card":"summary_large_image","twitter_creator":"@Pag10com","twitter_site":"@Pag10com","twitter_misc":{"Escrito por":"P\u00e1gina 10","Tiempo de lectura":"1 minuto"},"schema":{"@context":"https:\/\/schema.org","@graph":[{"@type":"Article","@id":"https:\/\/pagina10.com\/web\/gustavo-petro-invito-a-magistrados-a-visitar-zonas-afectadas-por-crisis-de-derechos-humanos\/#article","isPartOf":{"@id":"https:\/\/pagina10.com\/web\/gustavo-petro-invito-a-magistrados-a-visitar-zonas-afectadas-por-crisis-de-derechos-humanos\/"},"author":{"name":"P\u00e1gina 10","@id":"https:\/\/pagina10.com\/web\/#\/schema\/person\/2efc4a090d25b667d3bc796798a3a81b"},"headline":"Gustavo Petro invit\u00f3 a magistrados a visitar zonas afectadas por crisis de derechos humanos","datePublished":"2023-06-20T16:05:37+00:00","dateModified":"2023-06-20T16:08:54+00:00","mainEntityOfPage":{"@id":"https:\/\/pagina10.com\/web\/gustavo-petro-invito-a-magistrados-a-visitar-zonas-afectadas-por-crisis-de-derechos-humanos\/"},"wordCount":220,"commentCount":0,"publisher":{"@id":"https:\/\/pagina10.com\/web\/#organization"},"image":{"@id":"https:\/\/pagina10.com\/web\/gustavo-petro-invito-a-magistrados-a-visitar-zonas-afectadas-por-crisis-de-derechos-humanos\/#primaryimage"},"thumbnailUrl":"https:\/\/pagina10.com\/web\/wp-content\/uploads\/2023\/06\/230619-01-Posesion-Magistrado-Corte-Suprema-Carlos-Solorzano-1280.jpg","articleSection":["Nacional"],"inLanguage":"es","potentialAction":[{"@type":"CommentAction","name":"Comment","target":["https:\/\/pagina10.com\/web\/gustavo-petro-invito-a-magistrados-a-visitar-zonas-afectadas-por-crisis-de-derechos-humanos\/#respond"]}]},{"@type":"WebPage","@id":"https:\/\/pagina10.com\/web\/gustavo-petro-invito-a-magistrados-a-visitar-zonas-afectadas-por-crisis-de-derechos-humanos\/","url":"https:\/\/pagina10.com\/web\/gustavo-petro-invito-a-magistrados-a-visitar-zonas-afectadas-por-crisis-de-derechos-humanos\/","name":"Gustavo Petro invit\u00f3 a magistrados a visitar zonas afectadas por crisis de derechos humanos | P\u00e1gina10","isPartOf":{"@id":"https:\/\/pagina10.com\/web\/#website"},"primaryImageOfPage":{"@id":"https:\/\/pagina10.com\/web\/gustavo-petro-invito-a-magistrados-a-visitar-zonas-afectadas-por-crisis-de-derechos-humanos\/#primaryimage"},"image":{"@id":"https:\/\/pagina10.com\/web\/gustavo-petro-invito-a-magistrados-a-visitar-zonas-afectadas-por-crisis-de-derechos-humanos\/#primaryimage"},"thumbnailUrl":"https:\/\/pagina10.com\/web\/wp-content\/uploads\/2023\/06\/230619-01-Posesion-Magistrado-Corte-Suprema-Carlos-Solorzano-1280.jpg","datePublished":"2023-06-20T16:05:37+00:00","dateModified":"2023-06-20T16:08:54+00:00","breadcrumb":{"@id":"https:\/\/pagina10.com\/web\/gustavo-petro-invito-a-magistrados-a-visitar-zonas-afectadas-por-crisis-de-derechos-humanos\/#breadcrumb"},"inLanguage":"es","potentialAction":[{"@type":"ReadAction","target":["https:\/\/pagina10.com\/web\/gustavo-petro-invito-a-magistrados-a-visitar-zonas-afectadas-por-crisis-de-derechos-humanos\/"]}]},{"@type":"ImageObject","inLanguage":"es","@id":"https:\/\/pagina10.com\/web\/gustavo-petro-invito-a-magistrados-a-visitar-zonas-afectadas-por-crisis-de-derechos-humanos\/#primaryimage","url":"https:\/\/pagina10.com\/web\/wp-content\/uploads\/2023\/06\/230619-01-Posesion-Magistrado-Corte-Suprema-Carlos-Solorzano-1280.jpg","contentUrl":"https:\/\/pagina10.com\/web\/wp-content\/uploads\/2023\/06\/230619-01-Posesion-Magistrado-Corte-Suprema-Carlos-Solorzano-1280.jpg","width":1280,"height":720},{"@type":"BreadcrumbList","@id":"https:\/\/pagina10.com\/web\/gustavo-petro-invito-a-magistrados-a-visitar-zonas-afectadas-por-crisis-de-derechos-humanos\/#breadcrumb","itemListElement":[{"@type":"ListItem","position":1,"name":"Portada","item":"https:\/\/pagina10.com\/web\/"},{"@type":"ListItem","position":2,"name":"Gustavo Petro invit\u00f3 a magistrados a visitar zonas afectadas por crisis de derechos humanos"}]},{"@type":"WebSite","@id":"https:\/\/pagina10.com\/web\/#website","url":"https:\/\/pagina10.com\/web\/","name":"P\u00e1gina10","description":"Peri\u00f3dico Regional","publisher":{"@id":"https:\/\/pagina10.com\/web\/#organization"},"alternateName":"P\u00e1gina10 Peri\u00f3dico Regional","potentialAction":[{"@type":"SearchAction","target":{"@type":"EntryPoint","urlTemplate":"https:\/\/pagina10.com\/web\/?s={search_term_string}"},"query-input":{"@type":"PropertyValueSpecification","valueRequired":true,"valueName":"search_term_string"}}],"inLanguage":"es"},{"@type":"Organization","@id":"https:\/\/pagina10.com\/web\/#organization","name":"P\u00e1gina10","alternateName":"P\u00e1gina10 Peri\u00f3dico Regional","url":"https:\/\/pagina10.com\/web\/","logo":{"@type":"ImageObject","inLanguage":"es","@id":"https:\/\/pagina10.com\/web\/#\/schema\/logo\/image\/","url":"https:\/\/pagina10.com\/web\/wp-content\/uploads\/2024\/01\/40-pagina-10-periodico-regional-pasto.jpg","contentUrl":"https:\/\/pagina10.com\/web\/wp-content\/uploads\/2024\/01\/40-pagina-10-periodico-regional-pasto.jpg","width":1280,"height":720,"caption":"P\u00e1gina10"},"image":{"@id":"https:\/\/pagina10.com\/web\/#\/schema\/logo\/image\/"},"sameAs":["https:\/\/www.facebook.com\/pag10com","https:\/\/x.com\/Pag10com","https:\/\/www.instagram.com\/pagina10col\/","https:\/\/youtube.com\/channel\/pag10","https:\/\/www.tiktok.com\/@p10col"]},{"@type":"Person","@id":"https:\/\/pagina10.com\/web\/#\/schema\/person\/2efc4a090d25b667d3bc796798a3a81b","name":"P\u00e1gina 10","description":"P\u00e1gina 10 es un peri\u00f3dico regional que nace en Colombia, en el departamento de Nari\u00f1o, con un enfoque global, fundamentado en cuatro pilares esenciales: la libertad, el pluralismo, la inclusi\u00f3n y la independencia. P\u00e1gina 10 hace referencia a Nari\u00f1o como el d\u00e9cimo departamento creado en Colombia, despu\u00e9s de un proceso pol\u00edtico liderado por actores y actrices regionales con el fin de obtener la independencia y autonom\u00eda de nuestros territorios. Con la creaci\u00f3n de P\u00e1gina 10 se pretende abrir un escenario para el dialogo, la reflexi\u00f3n y el debate que se extienda a otras geograf\u00edas de Am\u00e9rica Latina y del planeta, en una apuesta por transformar colectivamente los desaf\u00edos de un mundo contempor\u00e1neo, m\u00e1s all\u00e1 de las fronteras impuestas.","url":"https:\/\/pagina10.com\/web\/author\/pdiezadmin\/"}]}},"_links":{"self":[{"href":"https:\/\/pagina10.com\/web\/wp-json\/wp\/v2\/posts\/66781","targetHints":{"allow":["GET"]}}],"collection":[{"href":"https:\/\/pagina10.com\/web\/wp-json\/wp\/v2\/posts"}],"about":[{"href":"https:\/\/pagina10.com\/web\/wp-json\/wp\/v2\/types\/post"}],"author":[{"embeddable":true,"href":"https:\/\/pagina10.com\/web\/wp-json\/wp\/v2\/users\/1"}],"replies":[{"embeddable":true,"href":"https:\/\/pagina10.com\/web\/wp-json\/wp\/v2\/comments?post=66781"}],"version-history":[{"count":3,"href":"https:\/\/pagina10.com\/web\/wp-json\/wp\/v2\/posts\/66781\/revisions"}],"predecessor-version":[{"id":66785,"href":"https:\/\/pagina10.com\/web\/wp-json\/wp\/v2\/posts\/66781\/revisions\/66785"}],"wp:featuredmedia":[{"embeddable":true,"href":"https:\/\/pagina10.com\/web\/wp-json\/wp\/v2\/media\/66782"}],"wp:attachment":[{"href":"https:\/\/pagina10.com\/web\/wp-json\/wp\/v2\/media?parent=66781"}],"wp:term":[{"taxonomy":"category","embeddable":true,"href":"https:\/\/pagina10.com\/web\/wp-json\/wp\/v2\/categories?post=66781"},{"taxonomy":"post_tag","embeddable":true,"href":"https:\/\/pagina10.com\/web\/wp-json\/wp\/v2\/tags?post=66781"}],"curies":[{"name":"wp","href":"https:\/\/api.w.org\/{rel}","templated":true}]}}