{"id":66786,"date":"2023-06-20T11:10:29","date_gmt":"2023-06-20T16:10:29","guid":{"rendered":"https:\/\/pagina10.com\/web\/?p=66786"},"modified":"2023-06-20T11:10:29","modified_gmt":"2023-06-20T16:10:29","slug":"rodolfo-hernandez-aseguro-que-sera-candidato-en-elecciones-locales-a-pesar-de-estar-inhabilitado","status":"publish","type":"post","link":"https:\/\/pagina10.com\/web\/rodolfo-hernandez-aseguro-que-sera-candidato-en-elecciones-locales-a-pesar-de-estar-inhabilitado\/","title":{"rendered":"Rodolfo Hern\u00e1ndez asegur\u00f3 que ser\u00e1 candidato en elecciones locales a pesar de estar inhabilitado"},"content":{"rendered":"<p style=\"text-align: justify;\">A pesar de ser sancionado por la Procuradur\u00eda con una inhabilidad de 14 a\u00f1os para ejercer cargos p\u00fablicos debido al caso Vitalogic, el exalcalde de Bucaramanga y excandidato presidencial, Rodolfo Hern\u00e1ndez, ha anunciado su intenci\u00f3n de participar en las elecciones locales en el mes de octubre.<\/p>\n<p style=\"text-align: justify;\">Aunque el ex candidato presidencial no revel\u00f3 espec\u00edficamente a qu\u00e9 cargo se postular\u00eda, ha surgido el rumor de que buscar\u00eda la Gobernaci\u00f3n de Santander.<\/p>\n<p style=\"text-align: justify;\">Hern\u00e1ndez comparti\u00f3 un video en sus redes sociales en el que menciona su diagn\u00f3stico de c\u00e1ncer de colon, pero enfatiza que su enfermedad no ser\u00e1 un obst\u00e1culo para su participaci\u00f3n en las elecciones regionales.<\/p>\n","protected":false},"excerpt":{"rendered":"<p>A pesar de ser sancionado por la Procuradur\u00eda con una inhabilidad de 14 a\u00f1os para ejercer cargos p\u00fablicos debido al caso Vitalogic, el exalcalde de Bucaramanga y excandidato presidencial, Rodolfo Hern\u00e1ndez, ha anunciado su intenci\u00f3n de participar en las elecciones locales en el mes de octubre. Aunque el ex candidato presidencial no revel\u00f3 espec\u00edficamente a [&hellip;]<\/p>\n","protected":false},"author":1,"featured_media":66787,"comment_status":"open","ping_status":"open","sticky":false,"template":"","format":"standard","meta":{"footnotes":""},"categories":[94],"tags":[],"class_list":["post-66786","post","type-post","status-publish","format-standard","has-post-thumbnail","hentry","category-nacional-global-2"],"yoast_head":"<!-- This site is optimized with the Yoast SEO plugin v27.1.1 - https:\/\/yoast.com\/product\/yoast-seo-wordpress\/ -->\n<title>Rodolfo Hern\u00e1ndez asegur\u00f3 que ser\u00e1 candidato en elecciones locales a pesar de estar inhabilitado | P\u00e1gina10<\/title>\n<meta name=\"robots\" content=\"index, follow, max-snippet:-1, max-image-preview:large, max-video-preview:-1\" \/>\n<link rel=\"canonical\" href=\"https:\/\/pagina10.com\/web\/rodolfo-hernandez-aseguro-que-sera-candidato-en-elecciones-locales-a-pesar-de-estar-inhabilitado\/\" \/>\n<meta property=\"og:locale\" content=\"es_ES\" \/>\n<meta property=\"og:type\" content=\"article\" \/>\n<meta property=\"og:title\" content=\"Rodolfo Hern\u00e1ndez asegur\u00f3 que ser\u00e1 candidato en elecciones locales a pesar de estar inhabilitado | P\u00e1gina10\" \/>\n<meta property=\"og:description\" content=\"A pesar de ser sancionado por la Procuradur\u00eda con una inhabilidad de 14 a\u00f1os para ejercer cargos p\u00fablicos debido al caso Vitalogic, el exalcalde de Bucaramanga y excandidato presidencial, Rodolfo Hern\u00e1ndez, ha anunciado su intenci\u00f3n de participar en las elecciones locales en el mes de octubre. Aunque el ex candidato presidencial no revel\u00f3 espec\u00edficamente a [&hellip;]\" \/>\n<meta property=\"og:url\" content=\"https:\/\/pagina10.com\/web\/rodolfo-hernandez-aseguro-que-sera-candidato-en-elecciones-locales-a-pesar-de-estar-inhabilitado\/\" \/>\n<meta property=\"og:site_name\" content=\"P\u00e1gina10\" \/>\n<meta property=\"article:publisher\" content=\"https:\/\/www.facebook.com\/pag10com\" \/>\n<meta property=\"article:published_time\" content=\"2023-06-20T16:10:29+00:00\" \/>\n<meta property=\"og:image\" content=\"https:\/\/pagina10.com\/web\/wp-content\/uploads\/2023\/06\/R3TE7ZCB2VBVNBQAHNRJ7VSIKM.jpg\" \/>\n\t<meta property=\"og:image:width\" content=\"900\" \/>\n\t<meta property=\"og:image:height\" content=\"600\" \/>\n\t<meta property=\"og:image:type\" content=\"image\/jpeg\" \/>\n<meta name=\"author\" content=\"P\u00e1gina 10\" \/>\n<meta name=\"twitter:card\" content=\"summary_large_image\" \/>\n<meta name=\"twitter:creator\" content=\"@Pag10com\" \/>\n<meta name=\"twitter:site\" content=\"@Pag10com\" \/>\n<meta name=\"twitter:label1\" content=\"Escrito por\" \/>\n\t<meta name=\"twitter:data1\" content=\"P\u00e1gina 10\" \/>\n\t<meta name=\"twitter:label2\" content=\"Tiempo de lectura\" \/>\n\t<meta name=\"twitter:data2\" content=\"1 minuto\" \/>\n<script type=\"application\/ld+json\" class=\"yoast-schema-graph\">{\"@context\":\"https:\/\/schema.org\",\"@graph\":[{\"@type\":\"Article\",\"@id\":\"https:\/\/pagina10.com\/web\/rodolfo-hernandez-aseguro-que-sera-candidato-en-elecciones-locales-a-pesar-de-estar-inhabilitado\/#article\",\"isPartOf\":{\"@id\":\"https:\/\/pagina10.com\/web\/rodolfo-hernandez-aseguro-que-sera-candidato-en-elecciones-locales-a-pesar-de-estar-inhabilitado\/\"},\"author\":{\"name\":\"P\u00e1gina 10\",\"@id\":\"https:\/\/pagina10.com\/web\/#\/schema\/person\/2efc4a090d25b667d3bc796798a3a81b\"},\"headline\":\"Rodolfo Hern\u00e1ndez asegur\u00f3 que ser\u00e1 candidato en elecciones locales a pesar de estar inhabilitado\",\"datePublished\":\"2023-06-20T16:10:29+00:00\",\"mainEntityOfPage\":{\"@id\":\"https:\/\/pagina10.com\/web\/rodolfo-hernandez-aseguro-que-sera-candidato-en-elecciones-locales-a-pesar-de-estar-inhabilitado\/\"},\"wordCount\":132,\"commentCount\":0,\"publisher\":{\"@id\":\"https:\/\/pagina10.com\/web\/#organization\"},\"image\":{\"@id\":\"https:\/\/pagina10.com\/web\/rodolfo-hernandez-aseguro-que-sera-candidato-en-elecciones-locales-a-pesar-de-estar-inhabilitado\/#primaryimage\"},\"thumbnailUrl\":\"https:\/\/pagina10.com\/web\/wp-content\/uploads\/2023\/06\/R3TE7ZCB2VBVNBQAHNRJ7VSIKM.jpg\",\"articleSection\":[\"Nacional\"],\"inLanguage\":\"es\",\"potentialAction\":[{\"@type\":\"CommentAction\",\"name\":\"Comment\",\"target\":[\"https:\/\/pagina10.com\/web\/rodolfo-hernandez-aseguro-que-sera-candidato-en-elecciones-locales-a-pesar-de-estar-inhabilitado\/#respond\"]}]},{\"@type\":\"WebPage\",\"@id\":\"https:\/\/pagina10.com\/web\/rodolfo-hernandez-aseguro-que-sera-candidato-en-elecciones-locales-a-pesar-de-estar-inhabilitado\/\",\"url\":\"https:\/\/pagina10.com\/web\/rodolfo-hernandez-aseguro-que-sera-candidato-en-elecciones-locales-a-pesar-de-estar-inhabilitado\/\",\"name\":\"Rodolfo Hern\u00e1ndez asegur\u00f3 que ser\u00e1 candidato en elecciones locales a pesar de estar inhabilitado | P\u00e1gina10\",\"isPartOf\":{\"@id\":\"https:\/\/pagina10.com\/web\/#website\"},\"primaryImageOfPage\":{\"@id\":\"https:\/\/pagina10.com\/web\/rodolfo-hernandez-aseguro-que-sera-candidato-en-elecciones-locales-a-pesar-de-estar-inhabilitado\/#primaryimage\"},\"image\":{\"@id\":\"https:\/\/pagina10.com\/web\/rodolfo-hernandez-aseguro-que-sera-candidato-en-elecciones-locales-a-pesar-de-estar-inhabilitado\/#primaryimage\"},\"thumbnailUrl\":\"https:\/\/pagina10.com\/web\/wp-content\/uploads\/2023\/06\/R3TE7ZCB2VBVNBQAHNRJ7VSIKM.jpg\",\"datePublished\":\"2023-06-20T16:10:29+00:00\",\"breadcrumb\":{\"@id\":\"https:\/\/pagina10.com\/web\/rodolfo-hernandez-aseguro-que-sera-candidato-en-elecciones-locales-a-pesar-de-estar-inhabilitado\/#breadcrumb\"},\"inLanguage\":\"es\",\"potentialAction\":[{\"@type\":\"ReadAction\",\"target\":[\"https:\/\/pagina10.com\/web\/rodolfo-hernandez-aseguro-que-sera-candidato-en-elecciones-locales-a-pesar-de-estar-inhabilitado\/\"]}]},{\"@type\":\"ImageObject\",\"inLanguage\":\"es\",\"@id\":\"https:\/\/pagina10.com\/web\/rodolfo-hernandez-aseguro-que-sera-candidato-en-elecciones-locales-a-pesar-de-estar-inhabilitado\/#primaryimage\",\"url\":\"https:\/\/pagina10.com\/web\/wp-content\/uploads\/2023\/06\/R3TE7ZCB2VBVNBQAHNRJ7VSIKM.jpg\",\"contentUrl\":\"https:\/\/pagina10.com\/web\/wp-content\/uploads\/2023\/06\/R3TE7ZCB2VBVNBQAHNRJ7VSIKM.jpg\",\"width\":900,\"height\":600},{\"@type\":\"BreadcrumbList\",\"@id\":\"https:\/\/pagina10.com\/web\/rodolfo-hernandez-aseguro-que-sera-candidato-en-elecciones-locales-a-pesar-de-estar-inhabilitado\/#breadcrumb\",\"itemListElement\":[{\"@type\":\"ListItem\",\"position\":1,\"name\":\"Portada\",\"item\":\"https:\/\/pagina10.com\/web\/\"},{\"@type\":\"ListItem\",\"position\":2,\"name\":\"Rodolfo Hern\u00e1ndez asegur\u00f3 que ser\u00e1 candidato en elecciones locales a pesar de estar inhabilitado\"}]},{\"@type\":\"WebSite\",\"@id\":\"https:\/\/pagina10.com\/web\/#website\",\"url\":\"https:\/\/pagina10.com\/web\/\",\"name\":\"P\u00e1gina10\",\"description\":\"Peri\u00f3dico Regional\",\"publisher\":{\"@id\":\"https:\/\/pagina10.com\/web\/#organization\"},\"alternateName\":\"P\u00e1gina10 Peri\u00f3dico Regional\",\"potentialAction\":[{\"@type\":\"SearchAction\",\"target\":{\"@type\":\"EntryPoint\",\"urlTemplate\":\"https:\/\/pagina10.com\/web\/?s={search_term_string}\"},\"query-input\":{\"@type\":\"PropertyValueSpecification\",\"valueRequired\":true,\"valueName\":\"search_term_string\"}}],\"inLanguage\":\"es\"},{\"@type\":\"Organization\",\"@id\":\"https:\/\/pagina10.com\/web\/#organization\",\"name\":\"P\u00e1gina10\",\"alternateName\":\"P\u00e1gina10 Peri\u00f3dico Regional\",\"url\":\"https:\/\/pagina10.com\/web\/\",\"logo\":{\"@type\":\"ImageObject\",\"inLanguage\":\"es\",\"@id\":\"https:\/\/pagina10.com\/web\/#\/schema\/logo\/image\/\",\"url\":\"https:\/\/pagina10.com\/web\/wp-content\/uploads\/2024\/01\/40-pagina-10-periodico-regional-pasto.jpg\",\"contentUrl\":\"https:\/\/pagina10.com\/web\/wp-content\/uploads\/2024\/01\/40-pagina-10-periodico-regional-pasto.jpg\",\"width\":1280,\"height\":720,\"caption\":\"P\u00e1gina10\"},\"image\":{\"@id\":\"https:\/\/pagina10.com\/web\/#\/schema\/logo\/image\/\"},\"sameAs\":[\"https:\/\/www.facebook.com\/pag10com\",\"https:\/\/x.com\/Pag10com\",\"https:\/\/www.instagram.com\/pagina10col\/\",\"https:\/\/youtube.com\/channel\/pag10\",\"https:\/\/www.tiktok.com\/@p10col\"]},{\"@type\":\"Person\",\"@id\":\"https:\/\/pagina10.com\/web\/#\/schema\/person\/2efc4a090d25b667d3bc796798a3a81b\",\"name\":\"P\u00e1gina 10\",\"description\":\"P\u00e1gina 10 es un peri\u00f3dico regional que nace en Colombia, en el departamento de Nari\u00f1o, con un enfoque global, fundamentado en cuatro pilares esenciales: la libertad, el pluralismo, la inclusi\u00f3n y la independencia. P\u00e1gina 10 hace referencia a Nari\u00f1o como el d\u00e9cimo departamento creado en Colombia, despu\u00e9s de un proceso pol\u00edtico liderado por actores y actrices regionales con el fin de obtener la independencia y autonom\u00eda de nuestros territorios. Con la creaci\u00f3n de P\u00e1gina 10 se pretende abrir un escenario para el dialogo, la reflexi\u00f3n y el debate que se extienda a otras geograf\u00edas de Am\u00e9rica Latina y del planeta, en una apuesta por transformar colectivamente los desaf\u00edos de un mundo contempor\u00e1neo, m\u00e1s all\u00e1 de las fronteras impuestas.\",\"url\":\"https:\/\/pagina10.com\/web\/author\/pdiezadmin\/\"}]}<\/script>\n<!-- \/ Yoast SEO plugin. -->","yoast_head_json":{"title":"Rodolfo Hern\u00e1ndez asegur\u00f3 que ser\u00e1 candidato en elecciones locales a pesar de estar inhabilitado | P\u00e1gina10","robots":{"index":"index","follow":"follow","max-snippet":"max-snippet:-1","max-image-preview":"max-image-preview:large","max-video-preview":"max-video-preview:-1"},"canonical":"https:\/\/pagina10.com\/web\/rodolfo-hernandez-aseguro-que-sera-candidato-en-elecciones-locales-a-pesar-de-estar-inhabilitado\/","og_locale":"es_ES","og_type":"article","og_title":"Rodolfo Hern\u00e1ndez asegur\u00f3 que ser\u00e1 candidato en elecciones locales a pesar de estar inhabilitado | P\u00e1gina10","og_description":"A pesar de ser sancionado por la Procuradur\u00eda con una inhabilidad de 14 a\u00f1os para ejercer cargos p\u00fablicos debido al caso Vitalogic, el exalcalde de Bucaramanga y excandidato presidencial, Rodolfo Hern\u00e1ndez, ha anunciado su intenci\u00f3n de participar en las elecciones locales en el mes de octubre. Aunque el ex candidato presidencial no revel\u00f3 espec\u00edficamente a [&hellip;]","og_url":"https:\/\/pagina10.com\/web\/rodolfo-hernandez-aseguro-que-sera-candidato-en-elecciones-locales-a-pesar-de-estar-inhabilitado\/","og_site_name":"P\u00e1gina10","article_publisher":"https:\/\/www.facebook.com\/pag10com","article_published_time":"2023-06-20T16:10:29+00:00","og_image":[{"width":900,"height":600,"url":"https:\/\/pagina10.com\/web\/wp-content\/uploads\/2023\/06\/R3TE7ZCB2VBVNBQAHNRJ7VSIKM.jpg","type":"image\/jpeg"}],"author":"P\u00e1gina 10","twitter_card":"summary_large_image","twitter_creator":"@Pag10com","twitter_site":"@Pag10com","twitter_misc":{"Escrito por":"P\u00e1gina 10","Tiempo de lectura":"1 minuto"},"schema":{"@context":"https:\/\/schema.org","@graph":[{"@type":"Article","@id":"https:\/\/pagina10.com\/web\/rodolfo-hernandez-aseguro-que-sera-candidato-en-elecciones-locales-a-pesar-de-estar-inhabilitado\/#article","isPartOf":{"@id":"https:\/\/pagina10.com\/web\/rodolfo-hernandez-aseguro-que-sera-candidato-en-elecciones-locales-a-pesar-de-estar-inhabilitado\/"},"author":{"name":"P\u00e1gina 10","@id":"https:\/\/pagina10.com\/web\/#\/schema\/person\/2efc4a090d25b667d3bc796798a3a81b"},"headline":"Rodolfo Hern\u00e1ndez asegur\u00f3 que ser\u00e1 candidato en elecciones locales a pesar de estar inhabilitado","datePublished":"2023-06-20T16:10:29+00:00","mainEntityOfPage":{"@id":"https:\/\/pagina10.com\/web\/rodolfo-hernandez-aseguro-que-sera-candidato-en-elecciones-locales-a-pesar-de-estar-inhabilitado\/"},"wordCount":132,"commentCount":0,"publisher":{"@id":"https:\/\/pagina10.com\/web\/#organization"},"image":{"@id":"https:\/\/pagina10.com\/web\/rodolfo-hernandez-aseguro-que-sera-candidato-en-elecciones-locales-a-pesar-de-estar-inhabilitado\/#primaryimage"},"thumbnailUrl":"https:\/\/pagina10.com\/web\/wp-content\/uploads\/2023\/06\/R3TE7ZCB2VBVNBQAHNRJ7VSIKM.jpg","articleSection":["Nacional"],"inLanguage":"es","potentialAction":[{"@type":"CommentAction","name":"Comment","target":["https:\/\/pagina10.com\/web\/rodolfo-hernandez-aseguro-que-sera-candidato-en-elecciones-locales-a-pesar-de-estar-inhabilitado\/#respond"]}]},{"@type":"WebPage","@id":"https:\/\/pagina10.com\/web\/rodolfo-hernandez-aseguro-que-sera-candidato-en-elecciones-locales-a-pesar-de-estar-inhabilitado\/","url":"https:\/\/pagina10.com\/web\/rodolfo-hernandez-aseguro-que-sera-candidato-en-elecciones-locales-a-pesar-de-estar-inhabilitado\/","name":"Rodolfo Hern\u00e1ndez asegur\u00f3 que ser\u00e1 candidato en elecciones locales a pesar de estar inhabilitado | P\u00e1gina10","isPartOf":{"@id":"https:\/\/pagina10.com\/web\/#website"},"primaryImageOfPage":{"@id":"https:\/\/pagina10.com\/web\/rodolfo-hernandez-aseguro-que-sera-candidato-en-elecciones-locales-a-pesar-de-estar-inhabilitado\/#primaryimage"},"image":{"@id":"https:\/\/pagina10.com\/web\/rodolfo-hernandez-aseguro-que-sera-candidato-en-elecciones-locales-a-pesar-de-estar-inhabilitado\/#primaryimage"},"thumbnailUrl":"https:\/\/pagina10.com\/web\/wp-content\/uploads\/2023\/06\/R3TE7ZCB2VBVNBQAHNRJ7VSIKM.jpg","datePublished":"2023-06-20T16:10:29+00:00","breadcrumb":{"@id":"https:\/\/pagina10.com\/web\/rodolfo-hernandez-aseguro-que-sera-candidato-en-elecciones-locales-a-pesar-de-estar-inhabilitado\/#breadcrumb"},"inLanguage":"es","potentialAction":[{"@type":"ReadAction","target":["https:\/\/pagina10.com\/web\/rodolfo-hernandez-aseguro-que-sera-candidato-en-elecciones-locales-a-pesar-de-estar-inhabilitado\/"]}]},{"@type":"ImageObject","inLanguage":"es","@id":"https:\/\/pagina10.com\/web\/rodolfo-hernandez-aseguro-que-sera-candidato-en-elecciones-locales-a-pesar-de-estar-inhabilitado\/#primaryimage","url":"https:\/\/pagina10.com\/web\/wp-content\/uploads\/2023\/06\/R3TE7ZCB2VBVNBQAHNRJ7VSIKM.jpg","contentUrl":"https:\/\/pagina10.com\/web\/wp-content\/uploads\/2023\/06\/R3TE7ZCB2VBVNBQAHNRJ7VSIKM.jpg","width":900,"height":600},{"@type":"BreadcrumbList","@id":"https:\/\/pagina10.com\/web\/rodolfo-hernandez-aseguro-que-sera-candidato-en-elecciones-locales-a-pesar-de-estar-inhabilitado\/#breadcrumb","itemListElement":[{"@type":"ListItem","position":1,"name":"Portada","item":"https:\/\/pagina10.com\/web\/"},{"@type":"ListItem","position":2,"name":"Rodolfo Hern\u00e1ndez asegur\u00f3 que ser\u00e1 candidato en elecciones locales a pesar de estar inhabilitado"}]},{"@type":"WebSite","@id":"https:\/\/pagina10.com\/web\/#website","url":"https:\/\/pagina10.com\/web\/","name":"P\u00e1gina10","description":"Peri\u00f3dico Regional","publisher":{"@id":"https:\/\/pagina10.com\/web\/#organization"},"alternateName":"P\u00e1gina10 Peri\u00f3dico Regional","potentialAction":[{"@type":"SearchAction","target":{"@type":"EntryPoint","urlTemplate":"https:\/\/pagina10.com\/web\/?s={search_term_string}"},"query-input":{"@type":"PropertyValueSpecification","valueRequired":true,"valueName":"search_term_string"}}],"inLanguage":"es"},{"@type":"Organization","@id":"https:\/\/pagina10.com\/web\/#organization","name":"P\u00e1gina10","alternateName":"P\u00e1gina10 Peri\u00f3dico Regional","url":"https:\/\/pagina10.com\/web\/","logo":{"@type":"ImageObject","inLanguage":"es","@id":"https:\/\/pagina10.com\/web\/#\/schema\/logo\/image\/","url":"https:\/\/pagina10.com\/web\/wp-content\/uploads\/2024\/01\/40-pagina-10-periodico-regional-pasto.jpg","contentUrl":"https:\/\/pagina10.com\/web\/wp-content\/uploads\/2024\/01\/40-pagina-10-periodico-regional-pasto.jpg","width":1280,"height":720,"caption":"P\u00e1gina10"},"image":{"@id":"https:\/\/pagina10.com\/web\/#\/schema\/logo\/image\/"},"sameAs":["https:\/\/www.facebook.com\/pag10com","https:\/\/x.com\/Pag10com","https:\/\/www.instagram.com\/pagina10col\/","https:\/\/youtube.com\/channel\/pag10","https:\/\/www.tiktok.com\/@p10col"]},{"@type":"Person","@id":"https:\/\/pagina10.com\/web\/#\/schema\/person\/2efc4a090d25b667d3bc796798a3a81b","name":"P\u00e1gina 10","description":"P\u00e1gina 10 es un peri\u00f3dico regional que nace en Colombia, en el departamento de Nari\u00f1o, con un enfoque global, fundamentado en cuatro pilares esenciales: la libertad, el pluralismo, la inclusi\u00f3n y la independencia. P\u00e1gina 10 hace referencia a Nari\u00f1o como el d\u00e9cimo departamento creado en Colombia, despu\u00e9s de un proceso pol\u00edtico liderado por actores y actrices regionales con el fin de obtener la independencia y autonom\u00eda de nuestros territorios. Con la creaci\u00f3n de P\u00e1gina 10 se pretende abrir un escenario para el dialogo, la reflexi\u00f3n y el debate que se extienda a otras geograf\u00edas de Am\u00e9rica Latina y del planeta, en una apuesta por transformar colectivamente los desaf\u00edos de un mundo contempor\u00e1neo, m\u00e1s all\u00e1 de las fronteras impuestas.","url":"https:\/\/pagina10.com\/web\/author\/pdiezadmin\/"}]}},"_links":{"self":[{"href":"https:\/\/pagina10.com\/web\/wp-json\/wp\/v2\/posts\/66786","targetHints":{"allow":["GET"]}}],"collection":[{"href":"https:\/\/pagina10.com\/web\/wp-json\/wp\/v2\/posts"}],"about":[{"href":"https:\/\/pagina10.com\/web\/wp-json\/wp\/v2\/types\/post"}],"author":[{"embeddable":true,"href":"https:\/\/pagina10.com\/web\/wp-json\/wp\/v2\/users\/1"}],"replies":[{"embeddable":true,"href":"https:\/\/pagina10.com\/web\/wp-json\/wp\/v2\/comments?post=66786"}],"version-history":[{"count":1,"href":"https:\/\/pagina10.com\/web\/wp-json\/wp\/v2\/posts\/66786\/revisions"}],"predecessor-version":[{"id":66788,"href":"https:\/\/pagina10.com\/web\/wp-json\/wp\/v2\/posts\/66786\/revisions\/66788"}],"wp:featuredmedia":[{"embeddable":true,"href":"https:\/\/pagina10.com\/web\/wp-json\/wp\/v2\/media\/66787"}],"wp:attachment":[{"href":"https:\/\/pagina10.com\/web\/wp-json\/wp\/v2\/media?parent=66786"}],"wp:term":[{"taxonomy":"category","embeddable":true,"href":"https:\/\/pagina10.com\/web\/wp-json\/wp\/v2\/categories?post=66786"},{"taxonomy":"post_tag","embeddable":true,"href":"https:\/\/pagina10.com\/web\/wp-json\/wp\/v2\/tags?post=66786"}],"curies":[{"name":"wp","href":"https:\/\/api.w.org\/{rel}","templated":true}]}}